
{"id":14691,"date":"2011-06-04T07:46:28","date_gmt":"2011-06-04T10:46:28","guid":{"rendered":"http:\/\/www.oarcanjo.net\/site\/?p=14691"},"modified":"2011-06-04T08:15:55","modified_gmt":"2011-06-04T11:15:55","slug":"o-estado-nao-pode-lavar-as-maos-diante-de-mortes-anunciadas","status":"publish","type":"post","link":"https:\/\/www.oarcanjo.net\/site\/o-estado-nao-pode-lavar-as-maos-diante-de-mortes-anunciadas\/","title":{"rendered":"O Estado n\u00e3o pode lavar as m\u00e3os diante de mortes anunciadas"},"content":{"rendered":"<p>Nota P\u00fablica da CPT Nacional<\/p>\n<p><a href=\"http:\/\/www.oarcanjo.net\/site\/wp-content\/uploads\/cpt.jpg\"><img loading=\"lazy\" decoding=\"async\" src=\"http:\/\/www.oarcanjo.net\/site\/wp-content\/uploads\/cpt.jpg\" alt=\"\" title=\"CPT - Comiss\u00e3o Pastoral da Terra\" width=\"398\" height=\"50\" class=\"alignnone size-full wp-image-14692\" srcset=\"https:\/\/www.oarcanjo.net\/site\/wp-content\/uploads\/cpt.jpg 398w, https:\/\/www.oarcanjo.net\/site\/wp-content\/uploads\/cpt-300x37.jpg 300w\" sizes=\"(max-width: 398px) 100vw, 398px\" \/><\/a><\/p>\n<p>A Coordena\u00e7\u00e3o Nacional da Comiss\u00e3o Pastoral da Terra \u2013 CPT &#8211; reputa como muito estranhas as afirmativas de representantes da Secretaria Estadual de Seguran\u00e7a P\u00fablica do Par\u00e1, do IBAMA e do INCRA que disseram no dia 25 de maio desconhecer as amea\u00e7as de morte sofridas pelos trabalhadores Jos\u00e9 Claudio Ribeiro da Silva e Maria do Esp\u00edrito Santo da Silva, assassinados a mando de madeireiros no dia 24\/05\/2011, em Nova Ipixuna (PA). O ouvidor agr\u00e1rio nacional, Gercino Jos\u00e9 da Silva Filho, chegou a afirmar que o casal n\u00e3o constava de nenhuma rela\u00e7\u00e3o de amea\u00e7ados em conflitos agr\u00e1rios, elaborada pela Ouvidoria ou pela Comiss\u00e3o Nacional de Combate \u00e0 Viol\u00eancia no Campo.<\/p>\n<p>A CPT, que desde 1985 presta um servi\u00e7o \u00e0 sociedade brasileira registrando e divulgando um relat\u00f3rio anual dos conflitos no campo e das viol\u00eancias sofridas pelos trabalhadores e trabalhadoras, com destaque para os assassinatos e amea\u00e7as de morte, desde 2001 registrou entre os amea\u00e7ados de morte o nome de Jos\u00e9 Claudio. Seu nome aparece nos relat\u00f3rios de 2001, 2002 e 2009. E nos relat\u00f3rios de 2004, 2005 e 2010 constam o nome dele e de sua esposa, Maria do Esp\u00edrito Santo. Pela sua metodologia, a CPT registra a cada ano s\u00f3 as ocorr\u00eancias de novas amea\u00e7as.<\/p>\n<p>Tamb\u00e9m o nome de Adelino Ramos, assassinado no dia 27 de maio, em Vista Alegre do Abun\u00e3, Rond\u00f4nia, constou da lista de amea\u00e7ados de 2008. Em 22 de julho de 2010, o senhor Adelino participou de audi\u00eancia, em Manaus, com o Ouvidor Agr\u00e1rio Nacional, Dr. Gercino Filho, e a Comiss\u00e3o de Combate \u00e0 Viol\u00eancia e Conflitos no Campo e denunciou as amea\u00e7as que vinha sofrendo constantemente, inclusive citando nomes dos respons\u00e1veis pelas amea\u00e7as.<\/p>\n<p>No dia 29 de abril de 2010, a CPT entregou ao ministro da Justi\u00e7a, Luiz Paulo Barreto, os dados dos Conflitos e da Viol\u00eancia no Campo, compilados nos relat\u00f3rios anuais divulgados pela pastoral desde 1985. Um dos documentos entregue foi a rela\u00e7\u00e3o de Assassinatos e Julgamentos de 1985 a 2009. At\u00e9 2010, foram assassinadas 1580 pessoas, em 1186 ocorr\u00eancias. Destas somente 91 foram a julgamento com a condena\u00e7\u00e3o de apenas 21 mandantes e 73 executores. Dos mandantes condenados somente Vitalmiro Bastos de Moura, o Bida, acusado de ser um dos mandantes do assassinato de Irm\u00e3 Dorothy Stang, continua preso.<\/p>\n<p>As mortes no campo podem se intitular de Cr\u00f4nicas de mortes anunciadas. De 2000 a 2011, a CPT tem registrado em seu banco de dados amea\u00e7as de morte no campo, contra 1.855 pessoas. De 207 pessoas h\u00e1 o registro de terem sofrido mais de uma amea\u00e7a. E destas, 42 foram assassinadas e outras 30 sofreram tentativas de assassinato. 102 pessoas, das 207, foram ou s\u00e3o lideran\u00e7as e 27 religiosos ou agentes de pastoral.<\/p>\n<p>O que se assiste em nosso pa\u00eds \u00e9 uma contra-reforma agr\u00e1ria e \u00e9 uma fal\u00e1cia o tal desmatamento zero. O poder do latif\u00fandio, travestido hoje de agroneg\u00f3cio, imp\u00f5e suas regras afrontando o direito dos posseiros, pequenos agricultores, comunidades quilombolas e ind\u00edgenas e outras categorias camponesas. Tamb\u00e9m avan\u00e7a sobre reservas ambientais e reservas extrativistas. O apoio, incentivo e financiamento do Estado ao agroneg\u00f3cio, o fortalece para seguir adiante, acobertado pelo discurso do desenvolvimento econ\u00f4mico que nada mais \u00e9 do que a nega\u00e7\u00e3o dos direitos fundamentais da pessoa, do meio ambiente e da natureza. Isso ficou expl\u00edcito durante a vota\u00e7\u00e3o do novo C\u00f3digo Florestal que melhor poderia se denominar de C\u00f3digo do Desmatamento. Al\u00e9m de flexibilizar as leis, a repugnante atitude dos deputados ruralistas, que vaiaram o an\u00fancio da morte do casal, vem reafirmar que o interesse do grupo est\u00e1 em garantir o avan\u00e7o do capital sobre as florestas, pouco se importando com as diferentes formas de vida que elas sustentam e muito menos com a vida de quem as defende. A viol\u00eancia no campo \u00e9 alimentada, sobretudo, pela impunidade, como se pode concluir dos n\u00fameros dos assassinatos e julgamentos. O poder judici\u00e1rio, sempre \u00e1gil para atender os reclamos do agroneg\u00f3cio, mostra-se pouco ou nada interessado quando as v\u00edtimas s\u00e3o os trabalhadores e trabalhadoras do campo.<\/p>\n<p>A morte \u00e9 uma decorr\u00eancia do modelo de explora\u00e7\u00e3o econ\u00f4mica que se implanta a ferro e fogo. Os que tentam se opor a este modelo devem ser cooptados por migalhas ou promessas, como ocorre em Belo Monte, silenciados ou eliminados.<\/p>\n<p>A Coordena\u00e7\u00e3o Nacional da CPT v\u00ea que na Amaz\u00f4nia matar e desmatar andam juntos. Por isso exige uma a\u00e7\u00e3o forte e eficaz do governo, reconhecendo e titulando os territ\u00f3rios das popula\u00e7\u00f5es e comunidades amaz\u00f4nidas, estabelecendo limites \u00e0 a\u00e7\u00e3o das madeireiras e empresas do agroneg\u00f3cio em sua voracidade sobre os bens da natureza. Tamb\u00e9m exige do judici\u00e1rio medidas concretas que ponham um fim \u00e0 impunidade no campo.<\/p>\n<p>Goi\u00e2nia, 30 de maio de 2011.<\/p>\n<p>A Coordena\u00e7\u00e3o Nacional da CPT<\/p>\n<hr \/>\n<p><em>Assista a um emocionante e prof\u00e9tico depoimento de Jos\u00e9 Cl\u00e1udio que foi assassinato ao lado de sua companheira Maria do Esp\u00edrito Santo (estudante do Curso de Pedagogia do Campo UFPA\/FETAGRI\/PRONERA), ambos l\u00edderes dos assentados do Projeto Agroextratista, no Par\u00e1. Z\u00e9 Cl\u00e1udio e Maria do Esp\u00edrito Santo foram o exemplo daquilo que defendiam como projeto coletivo de vida digna e integrada \u00e0 biodiversidade presente na floresta.<\/em><\/p>\n<p><iframe loading=\"lazy\" width=\"560\" height=\"349\" src=\"http:\/\/www.youtube.com\/embed\/78ViguhyTwQ?rel=0\" frameborder=\"0\" allowfullscreen><\/iframe><\/p>\n<div id=\"themify_builder_content-14691\" data-postid=\"14691\" class=\"themify_builder_content themify_builder_content-14691 themify_builder themify_builder_front\">\n\t<\/div>\n<!-- \/themify_builder_content -->","protected":false},"excerpt":{"rendered":"<p>Nota P\u00fablica da CPT Nacional A Coordena\u00e7\u00e3o Nacional da Comiss\u00e3o Pastoral da Terra \u2013 CPT &#8211; reputa como muito estranhas as afirmativas de representantes da Secretaria Estadual de Seguran\u00e7a P\u00fablica do Par\u00e1, do IBAMA e do INCRA que disseram no dia 25 de maio desconhecer as amea\u00e7as de morte sofridas pelos trabalhadores Jos\u00e9 Claudio Ribeiro [&hellip;]<\/p>\n","protected":false},"author":5,"featured_media":0,"comment_status":"open","ping_status":"open","sticky":false,"template":"","format":"standard","meta":{"ngg_post_thumbnail":0,"footnotes":""},"categories":[8,280],"tags":[1667,264,1153,292,341,293,413],"yoast_head":"<!-- This site is optimized with the Yoast SEO plugin v23.5 - https:\/\/yoast.com\/wordpress\/plugins\/seo\/ -->\n<title>O Estado n\u00e3o pode lavar as m\u00e3os diante de mortes anunciadas - O Arcanjo no ar<\/title>\n<meta name=\"robots\" content=\"index, follow, max-snippet:-1, max-image-preview:large, max-video-preview:-1\" \/>\n<link rel=\"canonical\" href=\"https:\/\/www.oarcanjo.net\/site\/o-estado-nao-pode-lavar-as-maos-diante-de-mortes-anunciadas\/\" \/>\n<meta property=\"og:locale\" content=\"pt_BR\" \/>\n<meta property=\"og:type\" content=\"article\" \/>\n<meta property=\"og:title\" content=\"O Estado n\u00e3o pode lavar as m\u00e3os diante de mortes anunciadas - O Arcanjo no ar\" \/>\n<meta property=\"og:description\" content=\"Nota P\u00fablica da CPT Nacional A Coordena\u00e7\u00e3o Nacional da Comiss\u00e3o Pastoral da Terra \u2013 CPT &#8211; reputa como muito estranhas as afirmativas de representantes da Secretaria Estadual de Seguran\u00e7a P\u00fablica do Par\u00e1, do IBAMA e do INCRA que disseram no dia 25 de maio desconhecer as amea\u00e7as de morte sofridas pelos trabalhadores Jos\u00e9 Claudio Ribeiro [&hellip;]\" \/>\n<meta property=\"og:url\" content=\"https:\/\/www.oarcanjo.net\/site\/o-estado-nao-pode-lavar-as-maos-diante-de-mortes-anunciadas\/\" \/>\n<meta property=\"og:site_name\" content=\"O Arcanjo no ar\" \/>\n<meta property=\"article:publisher\" content=\"https:\/\/www.facebook.com\/OArcanjoNoAr\/\" \/>\n<meta property=\"article:published_time\" content=\"2011-06-04T10:46:28+00:00\" \/>\n<meta property=\"article:modified_time\" content=\"2011-06-04T11:15:55+00:00\" \/>\n<meta property=\"og:image\" content=\"http:\/\/www.oarcanjo.net\/site\/wp-content\/uploads\/cpt.jpg\" \/>\n<meta name=\"author\" content=\"editor\" \/>\n<meta name=\"twitter:card\" content=\"summary_large_image\" \/>\n<meta name=\"twitter:label1\" content=\"Escrito por\" \/>\n\t<meta name=\"twitter:data1\" content=\"editor\" \/>\n\t<meta name=\"twitter:label2\" content=\"Est. tempo de leitura\" \/>\n\t<meta name=\"twitter:data2\" content=\"4 minutos\" \/>\n<script type=\"application\/ld+json\" class=\"yoast-schema-graph\">{\"@context\":\"https:\/\/schema.org\",\"@graph\":[{\"@type\":\"Article\",\"@id\":\"https:\/\/www.oarcanjo.net\/site\/o-estado-nao-pode-lavar-as-maos-diante-de-mortes-anunciadas\/#article\",\"isPartOf\":{\"@id\":\"https:\/\/www.oarcanjo.net\/site\/o-estado-nao-pode-lavar-as-maos-diante-de-mortes-anunciadas\/\"},\"author\":{\"name\":\"editor\",\"@id\":\"https:\/\/www.oarcanjo.net\/site\/#\/schema\/person\/f7024d007863202483a31326673a0838\"},\"headline\":\"O Estado n\u00e3o pode lavar as m\u00e3os diante de mortes anunciadas\",\"datePublished\":\"2011-06-04T10:46:28+00:00\",\"dateModified\":\"2011-06-04T11:15:55+00:00\",\"mainEntityOfPage\":{\"@id\":\"https:\/\/www.oarcanjo.net\/site\/o-estado-nao-pode-lavar-as-maos-diante-de-mortes-anunciadas\/\"},\"wordCount\":909,\"commentCount\":0,\"publisher\":{\"@id\":\"https:\/\/www.oarcanjo.net\/site\/#organization\"},\"image\":{\"@id\":\"https:\/\/www.oarcanjo.net\/site\/o-estado-nao-pode-lavar-as-maos-diante-de-mortes-anunciadas\/#primaryimage\"},\"thumbnailUrl\":\"http:\/\/www.oarcanjo.net\/site\/wp-content\/uploads\/cpt.jpg\",\"keywords\":[\"C\u00f3digo Florestal\",\"CPT\",\"luta pela terra\",\"MST\",\"Pastoral da Terra\",\"Reforma agr\u00e1ria\",\"viol\u00eancia no campo\"],\"articleSection\":[\"Not\u00edcias\",\"V\u00eddeos\"],\"inLanguage\":\"pt-BR\",\"potentialAction\":[{\"@type\":\"CommentAction\",\"name\":\"Comment\",\"target\":[\"https:\/\/www.oarcanjo.net\/site\/o-estado-nao-pode-lavar-as-maos-diante-de-mortes-anunciadas\/#respond\"]}]},{\"@type\":\"WebPage\",\"@id\":\"https:\/\/www.oarcanjo.net\/site\/o-estado-nao-pode-lavar-as-maos-diante-de-mortes-anunciadas\/\",\"url\":\"https:\/\/www.oarcanjo.net\/site\/o-estado-nao-pode-lavar-as-maos-diante-de-mortes-anunciadas\/\",\"name\":\"O Estado n\u00e3o pode lavar as m\u00e3os diante de mortes anunciadas - O Arcanjo no ar\",\"isPartOf\":{\"@id\":\"https:\/\/www.oarcanjo.net\/site\/#website\"},\"primaryImageOfPage\":{\"@id\":\"https:\/\/www.oarcanjo.net\/site\/o-estado-nao-pode-lavar-as-maos-diante-de-mortes-anunciadas\/#primaryimage\"},\"image\":{\"@id\":\"https:\/\/www.oarcanjo.net\/site\/o-estado-nao-pode-lavar-as-maos-diante-de-mortes-anunciadas\/#primaryimage\"},\"thumbnailUrl\":\"http:\/\/www.oarcanjo.net\/site\/wp-content\/uploads\/cpt.jpg\",\"datePublished\":\"2011-06-04T10:46:28+00:00\",\"dateModified\":\"2011-06-04T11:15:55+00:00\",\"breadcrumb\":{\"@id\":\"https:\/\/www.oarcanjo.net\/site\/o-estado-nao-pode-lavar-as-maos-diante-de-mortes-anunciadas\/#breadcrumb\"},\"inLanguage\":\"pt-BR\",\"potentialAction\":[{\"@type\":\"ReadAction\",\"target\":[\"https:\/\/www.oarcanjo.net\/site\/o-estado-nao-pode-lavar-as-maos-diante-de-mortes-anunciadas\/\"]}]},{\"@type\":\"ImageObject\",\"inLanguage\":\"pt-BR\",\"@id\":\"https:\/\/www.oarcanjo.net\/site\/o-estado-nao-pode-lavar-as-maos-diante-de-mortes-anunciadas\/#primaryimage\",\"url\":\"http:\/\/www.oarcanjo.net\/site\/wp-content\/uploads\/cpt.jpg\",\"contentUrl\":\"http:\/\/www.oarcanjo.net\/site\/wp-content\/uploads\/cpt.jpg\"},{\"@type\":\"BreadcrumbList\",\"@id\":\"https:\/\/www.oarcanjo.net\/site\/o-estado-nao-pode-lavar-as-maos-diante-de-mortes-anunciadas\/#breadcrumb\",\"itemListElement\":[{\"@type\":\"ListItem\",\"position\":1,\"name\":\"In\u00edcio\",\"item\":\"https:\/\/www.oarcanjo.net\/site\/\"},{\"@type\":\"ListItem\",\"position\":2,\"name\":\"O Estado n\u00e3o pode lavar as m\u00e3os diante de mortes anunciadas\"}]},{\"@type\":\"WebSite\",\"@id\":\"https:\/\/www.oarcanjo.net\/site\/#website\",\"url\":\"https:\/\/www.oarcanjo.net\/site\/\",\"name\":\"O Arcanjo no ar\",\"description\":\"Site da Par\u00f3quia S\u00e3o Miguel Arcanjo (Arquidiocese de SP)\",\"publisher\":{\"@id\":\"https:\/\/www.oarcanjo.net\/site\/#organization\"},\"potentialAction\":[{\"@type\":\"SearchAction\",\"target\":{\"@type\":\"EntryPoint\",\"urlTemplate\":\"https:\/\/www.oarcanjo.net\/site\/?s={search_term_string}\"},\"query-input\":{\"@type\":\"PropertyValueSpecification\",\"valueRequired\":true,\"valueName\":\"search_term_string\"}}],\"inLanguage\":\"pt-BR\"},{\"@type\":\"Organization\",\"@id\":\"https:\/\/www.oarcanjo.net\/site\/#organization\",\"name\":\"Par\u00f3quia S\u00e3o Miguel Arcanjo\",\"url\":\"https:\/\/www.oarcanjo.net\/site\/\",\"logo\":{\"@type\":\"ImageObject\",\"inLanguage\":\"pt-BR\",\"@id\":\"https:\/\/www.oarcanjo.net\/site\/#\/schema\/logo\/image\/\",\"url\":\"https:\/\/www.oarcanjo.net\/site\/wp-content\/uploads\/LogoOArcanjo.png\",\"contentUrl\":\"https:\/\/www.oarcanjo.net\/site\/wp-content\/uploads\/LogoOArcanjo.png\",\"width\":319,\"height\":99,\"caption\":\"Par\u00f3quia S\u00e3o Miguel Arcanjo\"},\"image\":{\"@id\":\"https:\/\/www.oarcanjo.net\/site\/#\/schema\/logo\/image\/\"},\"sameAs\":[\"https:\/\/www.facebook.com\/OArcanjoNoAr\/\"]},{\"@type\":\"Person\",\"@id\":\"https:\/\/www.oarcanjo.net\/site\/#\/schema\/person\/f7024d007863202483a31326673a0838\",\"name\":\"editor\",\"sameAs\":[\"http:\/\/www.oarcanjo.net\"]}]}<\/script>\n<!-- \/ Yoast SEO plugin. -->","yoast_head_json":{"title":"O Estado n\u00e3o pode lavar as m\u00e3os diante de mortes anunciadas - O Arcanjo no ar","robots":{"index":"index","follow":"follow","max-snippet":"max-snippet:-1","max-image-preview":"max-image-preview:large","max-video-preview":"max-video-preview:-1"},"canonical":"https:\/\/www.oarcanjo.net\/site\/o-estado-nao-pode-lavar-as-maos-diante-de-mortes-anunciadas\/","og_locale":"pt_BR","og_type":"article","og_title":"O Estado n\u00e3o pode lavar as m\u00e3os diante de mortes anunciadas - O Arcanjo no ar","og_description":"Nota P\u00fablica da CPT Nacional A Coordena\u00e7\u00e3o Nacional da Comiss\u00e3o Pastoral da Terra \u2013 CPT &#8211; reputa como muito estranhas as afirmativas de representantes da Secretaria Estadual de Seguran\u00e7a P\u00fablica do Par\u00e1, do IBAMA e do INCRA que disseram no dia 25 de maio desconhecer as amea\u00e7as de morte sofridas pelos trabalhadores Jos\u00e9 Claudio Ribeiro [&hellip;]","og_url":"https:\/\/www.oarcanjo.net\/site\/o-estado-nao-pode-lavar-as-maos-diante-de-mortes-anunciadas\/","og_site_name":"O Arcanjo no ar","article_publisher":"https:\/\/www.facebook.com\/OArcanjoNoAr\/","article_published_time":"2011-06-04T10:46:28+00:00","article_modified_time":"2011-06-04T11:15:55+00:00","og_image":[{"url":"http:\/\/www.oarcanjo.net\/site\/wp-content\/uploads\/cpt.jpg"}],"author":"editor","twitter_card":"summary_large_image","twitter_misc":{"Escrito por":"editor","Est. tempo de leitura":"4 minutos"},"schema":{"@context":"https:\/\/schema.org","@graph":[{"@type":"Article","@id":"https:\/\/www.oarcanjo.net\/site\/o-estado-nao-pode-lavar-as-maos-diante-de-mortes-anunciadas\/#article","isPartOf":{"@id":"https:\/\/www.oarcanjo.net\/site\/o-estado-nao-pode-lavar-as-maos-diante-de-mortes-anunciadas\/"},"author":{"name":"editor","@id":"https:\/\/www.oarcanjo.net\/site\/#\/schema\/person\/f7024d007863202483a31326673a0838"},"headline":"O Estado n\u00e3o pode lavar as m\u00e3os diante de mortes anunciadas","datePublished":"2011-06-04T10:46:28+00:00","dateModified":"2011-06-04T11:15:55+00:00","mainEntityOfPage":{"@id":"https:\/\/www.oarcanjo.net\/site\/o-estado-nao-pode-lavar-as-maos-diante-de-mortes-anunciadas\/"},"wordCount":909,"commentCount":0,"publisher":{"@id":"https:\/\/www.oarcanjo.net\/site\/#organization"},"image":{"@id":"https:\/\/www.oarcanjo.net\/site\/o-estado-nao-pode-lavar-as-maos-diante-de-mortes-anunciadas\/#primaryimage"},"thumbnailUrl":"http:\/\/www.oarcanjo.net\/site\/wp-content\/uploads\/cpt.jpg","keywords":["C\u00f3digo Florestal","CPT","luta pela terra","MST","Pastoral da Terra","Reforma agr\u00e1ria","viol\u00eancia no campo"],"articleSection":["Not\u00edcias","V\u00eddeos"],"inLanguage":"pt-BR","potentialAction":[{"@type":"CommentAction","name":"Comment","target":["https:\/\/www.oarcanjo.net\/site\/o-estado-nao-pode-lavar-as-maos-diante-de-mortes-anunciadas\/#respond"]}]},{"@type":"WebPage","@id":"https:\/\/www.oarcanjo.net\/site\/o-estado-nao-pode-lavar-as-maos-diante-de-mortes-anunciadas\/","url":"https:\/\/www.oarcanjo.net\/site\/o-estado-nao-pode-lavar-as-maos-diante-de-mortes-anunciadas\/","name":"O Estado n\u00e3o pode lavar as m\u00e3os diante de mortes anunciadas - O Arcanjo no ar","isPartOf":{"@id":"https:\/\/www.oarcanjo.net\/site\/#website"},"primaryImageOfPage":{"@id":"https:\/\/www.oarcanjo.net\/site\/o-estado-nao-pode-lavar-as-maos-diante-de-mortes-anunciadas\/#primaryimage"},"image":{"@id":"https:\/\/www.oarcanjo.net\/site\/o-estado-nao-pode-lavar-as-maos-diante-de-mortes-anunciadas\/#primaryimage"},"thumbnailUrl":"http:\/\/www.oarcanjo.net\/site\/wp-content\/uploads\/cpt.jpg","datePublished":"2011-06-04T10:46:28+00:00","dateModified":"2011-06-04T11:15:55+00:00","breadcrumb":{"@id":"https:\/\/www.oarcanjo.net\/site\/o-estado-nao-pode-lavar-as-maos-diante-de-mortes-anunciadas\/#breadcrumb"},"inLanguage":"pt-BR","potentialAction":[{"@type":"ReadAction","target":["https:\/\/www.oarcanjo.net\/site\/o-estado-nao-pode-lavar-as-maos-diante-de-mortes-anunciadas\/"]}]},{"@type":"ImageObject","inLanguage":"pt-BR","@id":"https:\/\/www.oarcanjo.net\/site\/o-estado-nao-pode-lavar-as-maos-diante-de-mortes-anunciadas\/#primaryimage","url":"http:\/\/www.oarcanjo.net\/site\/wp-content\/uploads\/cpt.jpg","contentUrl":"http:\/\/www.oarcanjo.net\/site\/wp-content\/uploads\/cpt.jpg"},{"@type":"BreadcrumbList","@id":"https:\/\/www.oarcanjo.net\/site\/o-estado-nao-pode-lavar-as-maos-diante-de-mortes-anunciadas\/#breadcrumb","itemListElement":[{"@type":"ListItem","position":1,"name":"In\u00edcio","item":"https:\/\/www.oarcanjo.net\/site\/"},{"@type":"ListItem","position":2,"name":"O Estado n\u00e3o pode lavar as m\u00e3os diante de mortes anunciadas"}]},{"@type":"WebSite","@id":"https:\/\/www.oarcanjo.net\/site\/#website","url":"https:\/\/www.oarcanjo.net\/site\/","name":"O Arcanjo no ar","description":"Site da Par\u00f3quia S\u00e3o Miguel Arcanjo (Arquidiocese de SP)","publisher":{"@id":"https:\/\/www.oarcanjo.net\/site\/#organization"},"potentialAction":[{"@type":"SearchAction","target":{"@type":"EntryPoint","urlTemplate":"https:\/\/www.oarcanjo.net\/site\/?s={search_term_string}"},"query-input":{"@type":"PropertyValueSpecification","valueRequired":true,"valueName":"search_term_string"}}],"inLanguage":"pt-BR"},{"@type":"Organization","@id":"https:\/\/www.oarcanjo.net\/site\/#organization","name":"Par\u00f3quia S\u00e3o Miguel Arcanjo","url":"https:\/\/www.oarcanjo.net\/site\/","logo":{"@type":"ImageObject","inLanguage":"pt-BR","@id":"https:\/\/www.oarcanjo.net\/site\/#\/schema\/logo\/image\/","url":"https:\/\/www.oarcanjo.net\/site\/wp-content\/uploads\/LogoOArcanjo.png","contentUrl":"https:\/\/www.oarcanjo.net\/site\/wp-content\/uploads\/LogoOArcanjo.png","width":319,"height":99,"caption":"Par\u00f3quia S\u00e3o Miguel Arcanjo"},"image":{"@id":"https:\/\/www.oarcanjo.net\/site\/#\/schema\/logo\/image\/"},"sameAs":["https:\/\/www.facebook.com\/OArcanjoNoAr\/"]},{"@type":"Person","@id":"https:\/\/www.oarcanjo.net\/site\/#\/schema\/person\/f7024d007863202483a31326673a0838","name":"editor","sameAs":["http:\/\/www.oarcanjo.net"]}]}},"publishpress_future_action":{"enabled":false,"date":"2026-05-07 09:49:52","action":"category","newStatus":"draft","terms":[],"taxonomy":"category"},"publishpress_future_workflow_manual_trigger":{"enabledWorkflows":[]},"_links":{"self":[{"href":"https:\/\/www.oarcanjo.net\/site\/wp-json\/wp\/v2\/posts\/14691"}],"collection":[{"href":"https:\/\/www.oarcanjo.net\/site\/wp-json\/wp\/v2\/posts"}],"about":[{"href":"https:\/\/www.oarcanjo.net\/site\/wp-json\/wp\/v2\/types\/post"}],"author":[{"embeddable":true,"href":"https:\/\/www.oarcanjo.net\/site\/wp-json\/wp\/v2\/users\/5"}],"replies":[{"embeddable":true,"href":"https:\/\/www.oarcanjo.net\/site\/wp-json\/wp\/v2\/comments?post=14691"}],"version-history":[{"count":0,"href":"https:\/\/www.oarcanjo.net\/site\/wp-json\/wp\/v2\/posts\/14691\/revisions"}],"wp:attachment":[{"href":"https:\/\/www.oarcanjo.net\/site\/wp-json\/wp\/v2\/media?parent=14691"}],"wp:term":[{"taxonomy":"category","embeddable":true,"href":"https:\/\/www.oarcanjo.net\/site\/wp-json\/wp\/v2\/categories?post=14691"},{"taxonomy":"post_tag","embeddable":true,"href":"https:\/\/www.oarcanjo.net\/site\/wp-json\/wp\/v2\/tags?post=14691"}],"curies":[{"name":"wp","href":"https:\/\/api.w.org\/{rel}","templated":true}]}}