
{"id":14729,"date":"2011-06-05T22:18:36","date_gmt":"2011-06-06T01:18:36","guid":{"rendered":"http:\/\/www.oarcanjo.net\/site\/?p=14729"},"modified":"2011-06-06T07:06:11","modified_gmt":"2011-06-06T10:06:11","slug":"festa-junina-brigada-de-incendio","status":"publish","type":"post","link":"https:\/\/www.oarcanjo.net\/site\/festa-junina-brigada-de-incendio\/","title":{"rendered":"Comunidade faz treinamento para Brigada de Inc\u00eandio"},"content":{"rendered":"<p>No s\u00e1bado, 04\/06\/11, os paroquianos Ricardo Tanaka e Aldo Diniz doaram seus conhecimentos e tempo, formando a Brigada de Inc\u00eandio que ir\u00e1 estar de prontid\u00e3o na Festa Junina. As preocupa\u00e7\u00f5es, primeiro com a preven\u00e7\u00e3o e depois\u00a0com um eventual princ\u00edpio de inc\u00eandio.<\/p>\n<p>Como orienta\u00e7\u00e3o geral, a preven\u00e7\u00e3o. Os cuidados para evitar um inc\u00eandio ou qualquer acidente. As quest\u00f5es ressaltadas foram aquelas envolvendo as mangueiras de g\u00e1s, \u00f3leo de cozinha quente, o sistema de ilumina\u00e7\u00e3o, pontos exaustivamente tratados.<\/p>\n<p>Os nossos orientadores asseveraram que inc\u00eandio \u00e9 combatido pelo Corpo de Bombeiros, que tem um quartel aqui pertinho (Av. Cassandoca), e podem ser chamados pelo 193. Mas o principal \u00e9 a preven\u00e7\u00e3o e, caso tenhamos uma situa\u00e7\u00e3o de princ\u00edpio de inc\u00eandio, o uso adequado do equipamento para o primeiro combate. Demonstraram os v\u00e1rios tipos de inc\u00eandio e o extintor apropriado, considerando as poss\u00edveis situa\u00e7\u00f5es numa festa como a da Comunidade S\u00e3o Miguel Arcanjo.<\/p>\n<p><a href=\"http:\/\/www.oarcanjo.net\/site\/wp-content\/uploads\/Brigada-.jpg\"><img loading=\"lazy\" decoding=\"async\" class=\"alignright size-medium wp-image-14730\" title=\"Brigada\" src=\"http:\/\/www.oarcanjo.net\/site\/wp-content\/uploads\/Brigada--300x214.jpg\" alt=\"\" width=\"300\" height=\"214\" srcset=\"https:\/\/www.oarcanjo.net\/site\/wp-content\/uploads\/Brigada--300x214.jpg 300w, https:\/\/www.oarcanjo.net\/site\/wp-content\/uploads\/Brigada-.jpg 604w\" sizes=\"(max-width: 300px) 100vw, 300px\" \/><\/a><\/p>\n<p>A exposi\u00e7\u00e3o, inclusive, contou com apresenta\u00e7\u00e3o audiovisual.<\/p>\n<p>Foto do Ricardo Tanaka e mat\u00e9ria por Carlos Alberto Beatriz<\/p>\n<div id=\"themify_builder_content-14729\" data-postid=\"14729\" class=\"themify_builder_content themify_builder_content-14729 themify_builder themify_builder_front\">\n\t<\/div>\n<!-- \/themify_builder_content -->","protected":false},"excerpt":{"rendered":"<p>No s\u00e1bado, 04\/06\/11, os paroquianos Ricardo Tanaka e Aldo Diniz doaram seus conhecimentos e tempo, formando a Brigada de Inc\u00eandio que ir\u00e1 estar de prontid\u00e3o na Festa Junina. As preocupa\u00e7\u00f5es, primeiro com a preven\u00e7\u00e3o e depois\u00a0com um eventual princ\u00edpio de inc\u00eandio. Como orienta\u00e7\u00e3o geral, a preven\u00e7\u00e3o. Os cuidados para evitar um inc\u00eandio ou qualquer acidente. [&hellip;]<\/p>\n","protected":false},"author":10,"featured_media":0,"comment_status":"open","ping_status":"open","sticky":false,"template":"","format":"standard","meta":{"ngg_post_thumbnail":0,"footnotes":""},"categories":[8,7],"tags":[1951,766],"yoast_head":"<!-- This site is optimized with the Yoast SEO plugin v23.5 - https:\/\/yoast.com\/wordpress\/plugins\/seo\/ -->\n<title>Comunidade faz treinamento para Brigada de Inc\u00eandio - O Arcanjo no ar<\/title>\n<meta name=\"robots\" content=\"index, follow, max-snippet:-1, max-image-preview:large, max-video-preview:-1\" \/>\n<link rel=\"canonical\" href=\"https:\/\/www.oarcanjo.net\/site\/festa-junina-brigada-de-incendio\/\" \/>\n<meta property=\"og:locale\" content=\"pt_BR\" \/>\n<meta property=\"og:type\" content=\"article\" \/>\n<meta property=\"og:title\" content=\"Comunidade faz treinamento para Brigada de Inc\u00eandio - O Arcanjo no ar\" \/>\n<meta property=\"og:description\" content=\"No s\u00e1bado, 04\/06\/11, os paroquianos Ricardo Tanaka e Aldo Diniz doaram seus conhecimentos e tempo, formando a Brigada de Inc\u00eandio que ir\u00e1 estar de prontid\u00e3o na Festa Junina. As preocupa\u00e7\u00f5es, primeiro com a preven\u00e7\u00e3o e depois\u00a0com um eventual princ\u00edpio de inc\u00eandio. Como orienta\u00e7\u00e3o geral, a preven\u00e7\u00e3o. Os cuidados para evitar um inc\u00eandio ou qualquer acidente. [&hellip;]\" \/>\n<meta property=\"og:url\" content=\"https:\/\/www.oarcanjo.net\/site\/festa-junina-brigada-de-incendio\/\" \/>\n<meta property=\"og:site_name\" content=\"O Arcanjo no ar\" \/>\n<meta property=\"article:publisher\" content=\"https:\/\/www.facebook.com\/OArcanjoNoAr\/\" \/>\n<meta property=\"article:published_time\" content=\"2011-06-06T01:18:36+00:00\" \/>\n<meta property=\"article:modified_time\" content=\"2011-06-06T10:06:11+00:00\" \/>\n<meta property=\"og:image\" content=\"http:\/\/www.oarcanjo.net\/site\/wp-content\/uploads\/Brigada--300x214.jpg\" \/>\n<meta name=\"author\" content=\"carlos\" \/>\n<meta name=\"twitter:card\" content=\"summary_large_image\" \/>\n<meta name=\"twitter:label1\" content=\"Escrito por\" \/>\n\t<meta name=\"twitter:data1\" content=\"carlos\" \/>\n\t<meta name=\"twitter:label2\" content=\"Est. tempo de leitura\" \/>\n\t<meta name=\"twitter:data2\" content=\"1 minuto\" \/>\n<script type=\"application\/ld+json\" class=\"yoast-schema-graph\">{\"@context\":\"https:\/\/schema.org\",\"@graph\":[{\"@type\":\"Article\",\"@id\":\"https:\/\/www.oarcanjo.net\/site\/festa-junina-brigada-de-incendio\/#article\",\"isPartOf\":{\"@id\":\"https:\/\/www.oarcanjo.net\/site\/festa-junina-brigada-de-incendio\/\"},\"author\":{\"name\":\"carlos\",\"@id\":\"https:\/\/www.oarcanjo.net\/site\/#\/schema\/person\/f7870e710d8c8c30673de3a0ac2e451d\"},\"headline\":\"Comunidade faz treinamento para Brigada de Inc\u00eandio\",\"datePublished\":\"2011-06-06T01:18:36+00:00\",\"dateModified\":\"2011-06-06T10:06:11+00:00\",\"mainEntityOfPage\":{\"@id\":\"https:\/\/www.oarcanjo.net\/site\/festa-junina-brigada-de-incendio\/\"},\"wordCount\":197,\"commentCount\":1,\"publisher\":{\"@id\":\"https:\/\/www.oarcanjo.net\/site\/#organization\"},\"image\":{\"@id\":\"https:\/\/www.oarcanjo.net\/site\/festa-junina-brigada-de-incendio\/#primaryimage\"},\"thumbnailUrl\":\"http:\/\/www.oarcanjo.net\/site\/wp-content\/uploads\/Brigada--300x214.jpg\",\"keywords\":[\"Brigada de Inc\u00eandio\",\"festa junina\"],\"articleSection\":[\"Not\u00edcias\",\"Rosto da comunidade\"],\"inLanguage\":\"pt-BR\",\"potentialAction\":[{\"@type\":\"CommentAction\",\"name\":\"Comment\",\"target\":[\"https:\/\/www.oarcanjo.net\/site\/festa-junina-brigada-de-incendio\/#respond\"]}]},{\"@type\":\"WebPage\",\"@id\":\"https:\/\/www.oarcanjo.net\/site\/festa-junina-brigada-de-incendio\/\",\"url\":\"https:\/\/www.oarcanjo.net\/site\/festa-junina-brigada-de-incendio\/\",\"name\":\"Comunidade faz treinamento para Brigada de Inc\u00eandio - O Arcanjo no ar\",\"isPartOf\":{\"@id\":\"https:\/\/www.oarcanjo.net\/site\/#website\"},\"primaryImageOfPage\":{\"@id\":\"https:\/\/www.oarcanjo.net\/site\/festa-junina-brigada-de-incendio\/#primaryimage\"},\"image\":{\"@id\":\"https:\/\/www.oarcanjo.net\/site\/festa-junina-brigada-de-incendio\/#primaryimage\"},\"thumbnailUrl\":\"http:\/\/www.oarcanjo.net\/site\/wp-content\/uploads\/Brigada--300x214.jpg\",\"datePublished\":\"2011-06-06T01:18:36+00:00\",\"dateModified\":\"2011-06-06T10:06:11+00:00\",\"breadcrumb\":{\"@id\":\"https:\/\/www.oarcanjo.net\/site\/festa-junina-brigada-de-incendio\/#breadcrumb\"},\"inLanguage\":\"pt-BR\",\"potentialAction\":[{\"@type\":\"ReadAction\",\"target\":[\"https:\/\/www.oarcanjo.net\/site\/festa-junina-brigada-de-incendio\/\"]}]},{\"@type\":\"ImageObject\",\"inLanguage\":\"pt-BR\",\"@id\":\"https:\/\/www.oarcanjo.net\/site\/festa-junina-brigada-de-incendio\/#primaryimage\",\"url\":\"https:\/\/www.oarcanjo.net\/site\/wp-content\/uploads\/Brigada-.jpg\",\"contentUrl\":\"https:\/\/www.oarcanjo.net\/site\/wp-content\/uploads\/Brigada-.jpg\",\"width\":\"604\",\"height\":\"431\"},{\"@type\":\"BreadcrumbList\",\"@id\":\"https:\/\/www.oarcanjo.net\/site\/festa-junina-brigada-de-incendio\/#breadcrumb\",\"itemListElement\":[{\"@type\":\"ListItem\",\"position\":1,\"name\":\"In\u00edcio\",\"item\":\"https:\/\/www.oarcanjo.net\/site\/\"},{\"@type\":\"ListItem\",\"position\":2,\"name\":\"Comunidade faz treinamento para Brigada de Inc\u00eandio\"}]},{\"@type\":\"WebSite\",\"@id\":\"https:\/\/www.oarcanjo.net\/site\/#website\",\"url\":\"https:\/\/www.oarcanjo.net\/site\/\",\"name\":\"O Arcanjo no ar\",\"description\":\"Site da Par\u00f3quia S\u00e3o Miguel Arcanjo (Arquidiocese de SP)\",\"publisher\":{\"@id\":\"https:\/\/www.oarcanjo.net\/site\/#organization\"},\"potentialAction\":[{\"@type\":\"SearchAction\",\"target\":{\"@type\":\"EntryPoint\",\"urlTemplate\":\"https:\/\/www.oarcanjo.net\/site\/?s={search_term_string}\"},\"query-input\":{\"@type\":\"PropertyValueSpecification\",\"valueRequired\":true,\"valueName\":\"search_term_string\"}}],\"inLanguage\":\"pt-BR\"},{\"@type\":\"Organization\",\"@id\":\"https:\/\/www.oarcanjo.net\/site\/#organization\",\"name\":\"Par\u00f3quia S\u00e3o Miguel Arcanjo\",\"url\":\"https:\/\/www.oarcanjo.net\/site\/\",\"logo\":{\"@type\":\"ImageObject\",\"inLanguage\":\"pt-BR\",\"@id\":\"https:\/\/www.oarcanjo.net\/site\/#\/schema\/logo\/image\/\",\"url\":\"https:\/\/www.oarcanjo.net\/site\/wp-content\/uploads\/LogoOArcanjo.png\",\"contentUrl\":\"https:\/\/www.oarcanjo.net\/site\/wp-content\/uploads\/LogoOArcanjo.png\",\"width\":319,\"height\":99,\"caption\":\"Par\u00f3quia S\u00e3o Miguel Arcanjo\"},\"image\":{\"@id\":\"https:\/\/www.oarcanjo.net\/site\/#\/schema\/logo\/image\/\"},\"sameAs\":[\"https:\/\/www.facebook.com\/OArcanjoNoAr\/\"]},{\"@type\":\"Person\",\"@id\":\"https:\/\/www.oarcanjo.net\/site\/#\/schema\/person\/f7870e710d8c8c30673de3a0ac2e451d\",\"name\":\"carlos\"}]}<\/script>\n<!-- \/ Yoast SEO plugin. -->","yoast_head_json":{"title":"Comunidade faz treinamento para Brigada de Inc\u00eandio - O Arcanjo no ar","robots":{"index":"index","follow":"follow","max-snippet":"max-snippet:-1","max-image-preview":"max-image-preview:large","max-video-preview":"max-video-preview:-1"},"canonical":"https:\/\/www.oarcanjo.net\/site\/festa-junina-brigada-de-incendio\/","og_locale":"pt_BR","og_type":"article","og_title":"Comunidade faz treinamento para Brigada de Inc\u00eandio - O Arcanjo no ar","og_description":"No s\u00e1bado, 04\/06\/11, os paroquianos Ricardo Tanaka e Aldo Diniz doaram seus conhecimentos e tempo, formando a Brigada de Inc\u00eandio que ir\u00e1 estar de prontid\u00e3o na Festa Junina. As preocupa\u00e7\u00f5es, primeiro com a preven\u00e7\u00e3o e depois\u00a0com um eventual princ\u00edpio de inc\u00eandio. Como orienta\u00e7\u00e3o geral, a preven\u00e7\u00e3o. Os cuidados para evitar um inc\u00eandio ou qualquer acidente. [&hellip;]","og_url":"https:\/\/www.oarcanjo.net\/site\/festa-junina-brigada-de-incendio\/","og_site_name":"O Arcanjo no ar","article_publisher":"https:\/\/www.facebook.com\/OArcanjoNoAr\/","article_published_time":"2011-06-06T01:18:36+00:00","article_modified_time":"2011-06-06T10:06:11+00:00","og_image":[{"url":"http:\/\/www.oarcanjo.net\/site\/wp-content\/uploads\/Brigada--300x214.jpg"}],"author":"carlos","twitter_card":"summary_large_image","twitter_misc":{"Escrito por":"carlos","Est. tempo de leitura":"1 minuto"},"schema":{"@context":"https:\/\/schema.org","@graph":[{"@type":"Article","@id":"https:\/\/www.oarcanjo.net\/site\/festa-junina-brigada-de-incendio\/#article","isPartOf":{"@id":"https:\/\/www.oarcanjo.net\/site\/festa-junina-brigada-de-incendio\/"},"author":{"name":"carlos","@id":"https:\/\/www.oarcanjo.net\/site\/#\/schema\/person\/f7870e710d8c8c30673de3a0ac2e451d"},"headline":"Comunidade faz treinamento para Brigada de Inc\u00eandio","datePublished":"2011-06-06T01:18:36+00:00","dateModified":"2011-06-06T10:06:11+00:00","mainEntityOfPage":{"@id":"https:\/\/www.oarcanjo.net\/site\/festa-junina-brigada-de-incendio\/"},"wordCount":197,"commentCount":1,"publisher":{"@id":"https:\/\/www.oarcanjo.net\/site\/#organization"},"image":{"@id":"https:\/\/www.oarcanjo.net\/site\/festa-junina-brigada-de-incendio\/#primaryimage"},"thumbnailUrl":"http:\/\/www.oarcanjo.net\/site\/wp-content\/uploads\/Brigada--300x214.jpg","keywords":["Brigada de Inc\u00eandio","festa junina"],"articleSection":["Not\u00edcias","Rosto da comunidade"],"inLanguage":"pt-BR","potentialAction":[{"@type":"CommentAction","name":"Comment","target":["https:\/\/www.oarcanjo.net\/site\/festa-junina-brigada-de-incendio\/#respond"]}]},{"@type":"WebPage","@id":"https:\/\/www.oarcanjo.net\/site\/festa-junina-brigada-de-incendio\/","url":"https:\/\/www.oarcanjo.net\/site\/festa-junina-brigada-de-incendio\/","name":"Comunidade faz treinamento para Brigada de Inc\u00eandio - O Arcanjo no ar","isPartOf":{"@id":"https:\/\/www.oarcanjo.net\/site\/#website"},"primaryImageOfPage":{"@id":"https:\/\/www.oarcanjo.net\/site\/festa-junina-brigada-de-incendio\/#primaryimage"},"image":{"@id":"https:\/\/www.oarcanjo.net\/site\/festa-junina-brigada-de-incendio\/#primaryimage"},"thumbnailUrl":"http:\/\/www.oarcanjo.net\/site\/wp-content\/uploads\/Brigada--300x214.jpg","datePublished":"2011-06-06T01:18:36+00:00","dateModified":"2011-06-06T10:06:11+00:00","breadcrumb":{"@id":"https:\/\/www.oarcanjo.net\/site\/festa-junina-brigada-de-incendio\/#breadcrumb"},"inLanguage":"pt-BR","potentialAction":[{"@type":"ReadAction","target":["https:\/\/www.oarcanjo.net\/site\/festa-junina-brigada-de-incendio\/"]}]},{"@type":"ImageObject","inLanguage":"pt-BR","@id":"https:\/\/www.oarcanjo.net\/site\/festa-junina-brigada-de-incendio\/#primaryimage","url":"https:\/\/www.oarcanjo.net\/site\/wp-content\/uploads\/Brigada-.jpg","contentUrl":"https:\/\/www.oarcanjo.net\/site\/wp-content\/uploads\/Brigada-.jpg","width":"604","height":"431"},{"@type":"BreadcrumbList","@id":"https:\/\/www.oarcanjo.net\/site\/festa-junina-brigada-de-incendio\/#breadcrumb","itemListElement":[{"@type":"ListItem","position":1,"name":"In\u00edcio","item":"https:\/\/www.oarcanjo.net\/site\/"},{"@type":"ListItem","position":2,"name":"Comunidade faz treinamento para Brigada de Inc\u00eandio"}]},{"@type":"WebSite","@id":"https:\/\/www.oarcanjo.net\/site\/#website","url":"https:\/\/www.oarcanjo.net\/site\/","name":"O Arcanjo no ar","description":"Site da Par\u00f3quia S\u00e3o Miguel Arcanjo (Arquidiocese de SP)","publisher":{"@id":"https:\/\/www.oarcanjo.net\/site\/#organization"},"potentialAction":[{"@type":"SearchAction","target":{"@type":"EntryPoint","urlTemplate":"https:\/\/www.oarcanjo.net\/site\/?s={search_term_string}"},"query-input":{"@type":"PropertyValueSpecification","valueRequired":true,"valueName":"search_term_string"}}],"inLanguage":"pt-BR"},{"@type":"Organization","@id":"https:\/\/www.oarcanjo.net\/site\/#organization","name":"Par\u00f3quia S\u00e3o Miguel Arcanjo","url":"https:\/\/www.oarcanjo.net\/site\/","logo":{"@type":"ImageObject","inLanguage":"pt-BR","@id":"https:\/\/www.oarcanjo.net\/site\/#\/schema\/logo\/image\/","url":"https:\/\/www.oarcanjo.net\/site\/wp-content\/uploads\/LogoOArcanjo.png","contentUrl":"https:\/\/www.oarcanjo.net\/site\/wp-content\/uploads\/LogoOArcanjo.png","width":319,"height":99,"caption":"Par\u00f3quia S\u00e3o Miguel Arcanjo"},"image":{"@id":"https:\/\/www.oarcanjo.net\/site\/#\/schema\/logo\/image\/"},"sameAs":["https:\/\/www.facebook.com\/OArcanjoNoAr\/"]},{"@type":"Person","@id":"https:\/\/www.oarcanjo.net\/site\/#\/schema\/person\/f7870e710d8c8c30673de3a0ac2e451d","name":"carlos"}]}},"publishpress_future_action":{"enabled":false,"date":"2026-05-07 11:20:31","action":"category","newStatus":"draft","terms":[],"taxonomy":"category"},"publishpress_future_workflow_manual_trigger":{"enabledWorkflows":[]},"_links":{"self":[{"href":"https:\/\/www.oarcanjo.net\/site\/wp-json\/wp\/v2\/posts\/14729"}],"collection":[{"href":"https:\/\/www.oarcanjo.net\/site\/wp-json\/wp\/v2\/posts"}],"about":[{"href":"https:\/\/www.oarcanjo.net\/site\/wp-json\/wp\/v2\/types\/post"}],"author":[{"embeddable":true,"href":"https:\/\/www.oarcanjo.net\/site\/wp-json\/wp\/v2\/users\/10"}],"replies":[{"embeddable":true,"href":"https:\/\/www.oarcanjo.net\/site\/wp-json\/wp\/v2\/comments?post=14729"}],"version-history":[{"count":0,"href":"https:\/\/www.oarcanjo.net\/site\/wp-json\/wp\/v2\/posts\/14729\/revisions"}],"wp:attachment":[{"href":"https:\/\/www.oarcanjo.net\/site\/wp-json\/wp\/v2\/media?parent=14729"}],"wp:term":[{"taxonomy":"category","embeddable":true,"href":"https:\/\/www.oarcanjo.net\/site\/wp-json\/wp\/v2\/categories?post=14729"},{"taxonomy":"post_tag","embeddable":true,"href":"https:\/\/www.oarcanjo.net\/site\/wp-json\/wp\/v2\/tags?post=14729"}],"curies":[{"name":"wp","href":"https:\/\/api.w.org\/{rel}","templated":true}]}}