
{"id":14742,"date":"2011-06-06T14:57:20","date_gmt":"2011-06-06T17:57:20","guid":{"rendered":"http:\/\/www.oarcanjo.net\/site\/?p=14742"},"modified":"2011-06-07T23:41:22","modified_gmt":"2011-06-08T02:41:22","slug":"seminario-arquidiocesano-das-pastorais-sociais","status":"publish","type":"post","link":"https:\/\/www.oarcanjo.net\/site\/seminario-arquidiocesano-das-pastorais-sociais\/","title":{"rendered":"Semin\u00e1rio Arquidiocesano das Pastorais Sociais"},"content":{"rendered":"<p style=\"text-align: justify;\">Roberval Freire<\/p>\n<p style=\"text-align: justify;\">Com o lema \u201cEu vim para servir\u201d , aconteceu o Semin\u00e1rio das Pastorais Sociais da Arquidiocese de S\u00e3o Paulo, dia 04 de junho, na FAPCOM, Vila Mariana, com cerca de 140 participantes. Pelo SPM estiveram 9 pessoas, inclusive de dioceses vizinhas (Rosa, de Campo Limpo, Ilda e Marcos, imigrantes, Ir. Isabel, do Cami, Dora, Roberval, Maria do Carmo \u2013 Carapicu\u00edba, Joaquim, Nelson \u2013Graja\u00fa, Francisca &#8211; Rinc\u00e3o. Na m\u00edstica inicial, coordenada pela Pastoral da Juventude, os quadros de Dom Luciano e Dom Oscar Romero entraram juntamente com os cartazes de cada pastoral ali presente. O avental simbolizou o servi\u00e7o das Pastorais na cidade de S\u00e3o Paulo, junto ao povo exclu\u00eddo. Dom Milton, bispo da Regi\u00e3o Brasil\u00e2ndia e respons\u00e1vel pelas Pastorais Sociais, lembrou que a par\u00f3quia deve ser espa\u00e7o de acolhida de todos, como \u201ccomunidade de comunidades\u201d, sobretudo dos que sofrem.<\/p>\n<p style=\"text-align: justify;\">O assessor do semin\u00e1rio, Pe. Alfredinho, j\u00e1 conhecido por atuar no Setor Social da CNBB, apontou cinco janelas que \u201cdescortinam horizontes\u201d: 1. A <em>Pastoral Social<\/em> como uma dimens\u00e3o s\u00f3cio-pol\u00edtica do Evangelho, de responsabilidade de toda a Igreja, e as <em>Pastorais Sociais,<\/em> no plural, <em> <\/em>que s\u00e3o respostas espec\u00edficas a situa\u00e7\u00f5es espec\u00edficas de grupos amea\u00e7ados na vida ou na dignidade; 2. A mem\u00f3ria da Pastoral Social na Arquidiocese de S\u00e3o Paulo nos \u00faltimos 30 anos. Lembrou o tempo das mobiliza\u00e7\u00f5es populares, quando nasceram algumas pastorais a partir de desafios bem concretos. Lembrou a cria\u00e7\u00e3o do PT e CUT que, no poder, trouxeram melhoras mas n\u00e3o mudan\u00e7as, se enredando em \u00a0v\u00edcios pol\u00edticos j\u00e1 conhecidos. Elegemos um presidente da senzala mas a nave brasileira entrou no piloto autom\u00e1tico do capital; 3. Encruzilhada \u2013 \u00e9 o lado positivo da crise. Paramos de lamentar o passado para nos lan\u00e7armos \u00e0 fronteira. Percebemos que n\u00e3o d\u00e1 para jogar todas as nossas energias num partido ou igreja. O Reino \u00e9 mais amplo. Cada pastoral n\u00e3o pode se fechar em torno de si. \u00c9 preciso fortalecer as organiza\u00e7\u00f5es para al\u00e9m dos partidos e elei\u00e7\u00f5es; 4. A grande metr\u00f3pole \u00e9 uma multid\u00e3o solit\u00e1ria no mundo urbano, marcado pelo individualismo. Jesus n\u00e3o apenas transmitiu uma boa not\u00edcia. Ele era a Boa Not\u00edcia. Como as Pastorais Sociais s\u00e3o ou podem ser esta Boa Not\u00edcia hoje? As Pastorais possibilitam espa\u00e7os para que as pessoas sejam de fato acolhidas, atrav\u00e9s de pequenas comunidades onde elas se organizam. Pessoas com nome, hist\u00f3ria, dignidade. Acolher \u00e9 tamb\u00e9m \u201cir ao encontro\u201d do pobre. A pastoral de Jesus \u00e9 itinerante e n\u00e3o feita de espet\u00e1culos. As verdadeiras mudan\u00e7as tem suas ra\u00edzes nas dores e sofrimentos do povo. Estamos na encruzilhada: \u00e9\u00a0 tempo de semear. Quem semeia nem sempre \u00e9 o que colhe. As mudan\u00e7as ocorrer\u00e3o do ac\u00famulo de gestos solid\u00e1rios e nenhum destes gestos se perdem na hist\u00f3ria; 5. O Avental, s\u00edmbolo do servi\u00e7o. A caridade na b\u00edblia est\u00e1 associada \u00e0 justi\u00e7a e a pol\u00edtica \u00e9 a melhor forma de fazer caridade. A sociedade nos conhece pelos gestos e n\u00e3o pelos discursos. A caridade \u00e9 a ponte entre Deus e o pobre. \u00c9 a linguagem das primeiras comunidades crist\u00e3s: \u201cvejam como eles se amam\u201d. Jesus usa a linguagem do toque. Ele toca e se deixa tocar. Esta \u00e9 a linguagem de quem muito sofre e quem muito ama. Caridade \u00e9 descer aos infernos do sofrimento humano para o contato amigo. Boa Nova \u00e9 marcar presen\u00e7a. Montanha e Rua s\u00e3o as duas dimens\u00f5es desta pr\u00e1tica. Ora\u00e7\u00e3o e a\u00e7\u00e3o. Uma sem a outra pode comprometer a proposta do Evangelho.<\/p>\n<p style=\"text-align: justify;\">Ap\u00f3s estas reflex\u00f5es, aconteceu o trabalho em grupos, com o levantamento de \u201cdesafios e perspectivas da encruzilhada\u201d. V\u00e1rios compromissos foram elencados para a Comiss\u00e3o da Caridade, Justi\u00e7a e Paz. Ap\u00f3s o almo\u00e7o, duas experi\u00eancias de atua\u00e7\u00e3o junto aos pobres foram trazidas: a da Igreja da Achirupita, da Bela Vista e a do Vicariato do Povo da Rua. Em seguida, o Cardeal Dom Odilo SCherer, fez uma reflex\u00e3o resgatando um conjunto de documentos que integram a Doutrina Social da Igreja e deu palavra de \u00e2nimo ao trabalho que est\u00e1 sendo fei to e desafiando as pastorais e entidades para ampliar sua\u00a0 a\u00e7\u00e3o no social. Em breve ser\u00e1 divulgada a s\u00edntese das propostas elencadas pelos grupos. No final, no palco, num momento emocionante, dezenas de pessoas levaram os cartazes\u00a0 e s\u00edmbolos de suas pastorais, e Dom Milton, tomando em suas m\u00e3os a imagem de Nossa Senhora Aparecida, convidou a todos para um minuto de sil\u00eancio em mem\u00f3ria das cinco lideran\u00e7as rurais assassinadas no norte do pais e, em seguida, invocou a ben\u00e7\u00e3o final.<\/p>\n<p style=\"text-align: justify;\">Publicado em <a href=\"http:\/\/www.provinciasaopaulo.com\" target=\"_blank\">www.provinciasaopaulo.com<\/a><\/p>\n<div id=\"themify_builder_content-14742\" data-postid=\"14742\" class=\"themify_builder_content themify_builder_content-14742 themify_builder themify_builder_front\">\n\t<\/div>\n<!-- \/themify_builder_content -->","protected":false},"excerpt":{"rendered":"<p>Roberval Freire Com o lema \u201cEu vim para servir\u201d , aconteceu o Semin\u00e1rio das Pastorais Sociais da Arquidiocese de S\u00e3o Paulo, dia 04 de junho, na FAPCOM, Vila Mariana, com cerca de 140 participantes. Pelo SPM estiveram 9 pessoas, inclusive de dioceses vizinhas (Rosa, de Campo Limpo, Ilda e Marcos, imigrantes, Ir. Isabel, do Cami, [&hellip;]<\/p>\n","protected":false},"author":15,"featured_media":0,"comment_status":"open","ping_status":"open","sticky":false,"template":"","format":"standard","meta":{"ngg_post_thumbnail":0,"footnotes":""},"categories":[8],"tags":[],"yoast_head":"<!-- This site is optimized with the Yoast SEO plugin v23.5 - https:\/\/yoast.com\/wordpress\/plugins\/seo\/ -->\n<title>Semin\u00e1rio Arquidiocesano das Pastorais Sociais - O Arcanjo no ar<\/title>\n<meta name=\"robots\" content=\"index, follow, max-snippet:-1, max-image-preview:large, max-video-preview:-1\" \/>\n<link rel=\"canonical\" href=\"https:\/\/www.oarcanjo.net\/site\/seminario-arquidiocesano-das-pastorais-sociais\/\" \/>\n<meta property=\"og:locale\" content=\"pt_BR\" \/>\n<meta property=\"og:type\" content=\"article\" \/>\n<meta property=\"og:title\" content=\"Semin\u00e1rio Arquidiocesano das Pastorais Sociais - O Arcanjo no ar\" \/>\n<meta property=\"og:description\" content=\"Roberval Freire Com o lema \u201cEu vim para servir\u201d , aconteceu o Semin\u00e1rio das Pastorais Sociais da Arquidiocese de S\u00e3o Paulo, dia 04 de junho, na FAPCOM, Vila Mariana, com cerca de 140 participantes. Pelo SPM estiveram 9 pessoas, inclusive de dioceses vizinhas (Rosa, de Campo Limpo, Ilda e Marcos, imigrantes, Ir. Isabel, do Cami, [&hellip;]\" \/>\n<meta property=\"og:url\" content=\"https:\/\/www.oarcanjo.net\/site\/seminario-arquidiocesano-das-pastorais-sociais\/\" \/>\n<meta property=\"og:site_name\" content=\"O Arcanjo no ar\" \/>\n<meta property=\"article:publisher\" content=\"https:\/\/www.facebook.com\/OArcanjoNoAr\/\" \/>\n<meta property=\"article:published_time\" content=\"2011-06-06T17:57:20+00:00\" \/>\n<meta property=\"article:modified_time\" content=\"2011-06-08T02:41:22+00:00\" \/>\n<meta property=\"og:image\" content=\"https:\/\/www.oarcanjo.net\/site\/wp-content\/uploads\/logo-o-arcanjo-no-ar-facebook.png\" \/>\n\t<meta property=\"og:image:width\" content=\"300\" \/>\n\t<meta property=\"og:image:height\" content=\"300\" \/>\n\t<meta property=\"og:image:type\" content=\"image\/png\" \/>\n<meta name=\"author\" content=\"Alexandre Nunes\" \/>\n<meta name=\"twitter:card\" content=\"summary_large_image\" \/>\n<meta name=\"twitter:label1\" content=\"Escrito por\" \/>\n\t<meta name=\"twitter:data1\" content=\"Alexandre Nunes\" \/>\n\t<meta name=\"twitter:label2\" content=\"Est. tempo de leitura\" \/>\n\t<meta name=\"twitter:data2\" content=\"4 minutos\" \/>\n<script type=\"application\/ld+json\" class=\"yoast-schema-graph\">{\"@context\":\"https:\/\/schema.org\",\"@graph\":[{\"@type\":\"Article\",\"@id\":\"https:\/\/www.oarcanjo.net\/site\/seminario-arquidiocesano-das-pastorais-sociais\/#article\",\"isPartOf\":{\"@id\":\"https:\/\/www.oarcanjo.net\/site\/seminario-arquidiocesano-das-pastorais-sociais\/\"},\"author\":{\"name\":\"Alexandre Nunes\",\"@id\":\"https:\/\/www.oarcanjo.net\/site\/#\/schema\/person\/0a2ae077c1a09b69d29928e3b9f1c0d1\"},\"headline\":\"Semin\u00e1rio Arquidiocesano das Pastorais Sociais\",\"datePublished\":\"2011-06-06T17:57:20+00:00\",\"dateModified\":\"2011-06-08T02:41:22+00:00\",\"mainEntityOfPage\":{\"@id\":\"https:\/\/www.oarcanjo.net\/site\/seminario-arquidiocesano-das-pastorais-sociais\/\"},\"wordCount\":813,\"commentCount\":0,\"publisher\":{\"@id\":\"https:\/\/www.oarcanjo.net\/site\/#organization\"},\"articleSection\":[\"Not\u00edcias\"],\"inLanguage\":\"pt-BR\",\"potentialAction\":[{\"@type\":\"CommentAction\",\"name\":\"Comment\",\"target\":[\"https:\/\/www.oarcanjo.net\/site\/seminario-arquidiocesano-das-pastorais-sociais\/#respond\"]}]},{\"@type\":\"WebPage\",\"@id\":\"https:\/\/www.oarcanjo.net\/site\/seminario-arquidiocesano-das-pastorais-sociais\/\",\"url\":\"https:\/\/www.oarcanjo.net\/site\/seminario-arquidiocesano-das-pastorais-sociais\/\",\"name\":\"Semin\u00e1rio Arquidiocesano das Pastorais Sociais - O Arcanjo no ar\",\"isPartOf\":{\"@id\":\"https:\/\/www.oarcanjo.net\/site\/#website\"},\"datePublished\":\"2011-06-06T17:57:20+00:00\",\"dateModified\":\"2011-06-08T02:41:22+00:00\",\"breadcrumb\":{\"@id\":\"https:\/\/www.oarcanjo.net\/site\/seminario-arquidiocesano-das-pastorais-sociais\/#breadcrumb\"},\"inLanguage\":\"pt-BR\",\"potentialAction\":[{\"@type\":\"ReadAction\",\"target\":[\"https:\/\/www.oarcanjo.net\/site\/seminario-arquidiocesano-das-pastorais-sociais\/\"]}]},{\"@type\":\"BreadcrumbList\",\"@id\":\"https:\/\/www.oarcanjo.net\/site\/seminario-arquidiocesano-das-pastorais-sociais\/#breadcrumb\",\"itemListElement\":[{\"@type\":\"ListItem\",\"position\":1,\"name\":\"In\u00edcio\",\"item\":\"https:\/\/www.oarcanjo.net\/site\/\"},{\"@type\":\"ListItem\",\"position\":2,\"name\":\"Semin\u00e1rio Arquidiocesano das Pastorais Sociais\"}]},{\"@type\":\"WebSite\",\"@id\":\"https:\/\/www.oarcanjo.net\/site\/#website\",\"url\":\"https:\/\/www.oarcanjo.net\/site\/\",\"name\":\"O Arcanjo no ar\",\"description\":\"Site da Par\u00f3quia S\u00e3o Miguel Arcanjo (Arquidiocese de SP)\",\"publisher\":{\"@id\":\"https:\/\/www.oarcanjo.net\/site\/#organization\"},\"potentialAction\":[{\"@type\":\"SearchAction\",\"target\":{\"@type\":\"EntryPoint\",\"urlTemplate\":\"https:\/\/www.oarcanjo.net\/site\/?s={search_term_string}\"},\"query-input\":{\"@type\":\"PropertyValueSpecification\",\"valueRequired\":true,\"valueName\":\"search_term_string\"}}],\"inLanguage\":\"pt-BR\"},{\"@type\":\"Organization\",\"@id\":\"https:\/\/www.oarcanjo.net\/site\/#organization\",\"name\":\"Par\u00f3quia S\u00e3o Miguel Arcanjo\",\"url\":\"https:\/\/www.oarcanjo.net\/site\/\",\"logo\":{\"@type\":\"ImageObject\",\"inLanguage\":\"pt-BR\",\"@id\":\"https:\/\/www.oarcanjo.net\/site\/#\/schema\/logo\/image\/\",\"url\":\"https:\/\/www.oarcanjo.net\/site\/wp-content\/uploads\/LogoOArcanjo.png\",\"contentUrl\":\"https:\/\/www.oarcanjo.net\/site\/wp-content\/uploads\/LogoOArcanjo.png\",\"width\":319,\"height\":99,\"caption\":\"Par\u00f3quia S\u00e3o Miguel Arcanjo\"},\"image\":{\"@id\":\"https:\/\/www.oarcanjo.net\/site\/#\/schema\/logo\/image\/\"},\"sameAs\":[\"https:\/\/www.facebook.com\/OArcanjoNoAr\/\"]},{\"@type\":\"Person\",\"@id\":\"https:\/\/www.oarcanjo.net\/site\/#\/schema\/person\/0a2ae077c1a09b69d29928e3b9f1c0d1\",\"name\":\"Alexandre Nunes\",\"sameAs\":[\"http:\/\/alexandrenu.com\"]}]}<\/script>\n<!-- \/ Yoast SEO plugin. -->","yoast_head_json":{"title":"Semin\u00e1rio Arquidiocesano das Pastorais Sociais - O Arcanjo no ar","robots":{"index":"index","follow":"follow","max-snippet":"max-snippet:-1","max-image-preview":"max-image-preview:large","max-video-preview":"max-video-preview:-1"},"canonical":"https:\/\/www.oarcanjo.net\/site\/seminario-arquidiocesano-das-pastorais-sociais\/","og_locale":"pt_BR","og_type":"article","og_title":"Semin\u00e1rio Arquidiocesano das Pastorais Sociais - O Arcanjo no ar","og_description":"Roberval Freire Com o lema \u201cEu vim para servir\u201d , aconteceu o Semin\u00e1rio das Pastorais Sociais da Arquidiocese de S\u00e3o Paulo, dia 04 de junho, na FAPCOM, Vila Mariana, com cerca de 140 participantes. Pelo SPM estiveram 9 pessoas, inclusive de dioceses vizinhas (Rosa, de Campo Limpo, Ilda e Marcos, imigrantes, Ir. Isabel, do Cami, [&hellip;]","og_url":"https:\/\/www.oarcanjo.net\/site\/seminario-arquidiocesano-das-pastorais-sociais\/","og_site_name":"O Arcanjo no ar","article_publisher":"https:\/\/www.facebook.com\/OArcanjoNoAr\/","article_published_time":"2011-06-06T17:57:20+00:00","article_modified_time":"2011-06-08T02:41:22+00:00","og_image":[{"width":300,"height":300,"url":"https:\/\/www.oarcanjo.net\/site\/wp-content\/uploads\/logo-o-arcanjo-no-ar-facebook.png","type":"image\/png"}],"author":"Alexandre Nunes","twitter_card":"summary_large_image","twitter_misc":{"Escrito por":"Alexandre Nunes","Est. tempo de leitura":"4 minutos"},"schema":{"@context":"https:\/\/schema.org","@graph":[{"@type":"Article","@id":"https:\/\/www.oarcanjo.net\/site\/seminario-arquidiocesano-das-pastorais-sociais\/#article","isPartOf":{"@id":"https:\/\/www.oarcanjo.net\/site\/seminario-arquidiocesano-das-pastorais-sociais\/"},"author":{"name":"Alexandre Nunes","@id":"https:\/\/www.oarcanjo.net\/site\/#\/schema\/person\/0a2ae077c1a09b69d29928e3b9f1c0d1"},"headline":"Semin\u00e1rio Arquidiocesano das Pastorais Sociais","datePublished":"2011-06-06T17:57:20+00:00","dateModified":"2011-06-08T02:41:22+00:00","mainEntityOfPage":{"@id":"https:\/\/www.oarcanjo.net\/site\/seminario-arquidiocesano-das-pastorais-sociais\/"},"wordCount":813,"commentCount":0,"publisher":{"@id":"https:\/\/www.oarcanjo.net\/site\/#organization"},"articleSection":["Not\u00edcias"],"inLanguage":"pt-BR","potentialAction":[{"@type":"CommentAction","name":"Comment","target":["https:\/\/www.oarcanjo.net\/site\/seminario-arquidiocesano-das-pastorais-sociais\/#respond"]}]},{"@type":"WebPage","@id":"https:\/\/www.oarcanjo.net\/site\/seminario-arquidiocesano-das-pastorais-sociais\/","url":"https:\/\/www.oarcanjo.net\/site\/seminario-arquidiocesano-das-pastorais-sociais\/","name":"Semin\u00e1rio Arquidiocesano das Pastorais Sociais - O Arcanjo no ar","isPartOf":{"@id":"https:\/\/www.oarcanjo.net\/site\/#website"},"datePublished":"2011-06-06T17:57:20+00:00","dateModified":"2011-06-08T02:41:22+00:00","breadcrumb":{"@id":"https:\/\/www.oarcanjo.net\/site\/seminario-arquidiocesano-das-pastorais-sociais\/#breadcrumb"},"inLanguage":"pt-BR","potentialAction":[{"@type":"ReadAction","target":["https:\/\/www.oarcanjo.net\/site\/seminario-arquidiocesano-das-pastorais-sociais\/"]}]},{"@type":"BreadcrumbList","@id":"https:\/\/www.oarcanjo.net\/site\/seminario-arquidiocesano-das-pastorais-sociais\/#breadcrumb","itemListElement":[{"@type":"ListItem","position":1,"name":"In\u00edcio","item":"https:\/\/www.oarcanjo.net\/site\/"},{"@type":"ListItem","position":2,"name":"Semin\u00e1rio Arquidiocesano das Pastorais Sociais"}]},{"@type":"WebSite","@id":"https:\/\/www.oarcanjo.net\/site\/#website","url":"https:\/\/www.oarcanjo.net\/site\/","name":"O Arcanjo no ar","description":"Site da Par\u00f3quia S\u00e3o Miguel Arcanjo (Arquidiocese de SP)","publisher":{"@id":"https:\/\/www.oarcanjo.net\/site\/#organization"},"potentialAction":[{"@type":"SearchAction","target":{"@type":"EntryPoint","urlTemplate":"https:\/\/www.oarcanjo.net\/site\/?s={search_term_string}"},"query-input":{"@type":"PropertyValueSpecification","valueRequired":true,"valueName":"search_term_string"}}],"inLanguage":"pt-BR"},{"@type":"Organization","@id":"https:\/\/www.oarcanjo.net\/site\/#organization","name":"Par\u00f3quia S\u00e3o Miguel Arcanjo","url":"https:\/\/www.oarcanjo.net\/site\/","logo":{"@type":"ImageObject","inLanguage":"pt-BR","@id":"https:\/\/www.oarcanjo.net\/site\/#\/schema\/logo\/image\/","url":"https:\/\/www.oarcanjo.net\/site\/wp-content\/uploads\/LogoOArcanjo.png","contentUrl":"https:\/\/www.oarcanjo.net\/site\/wp-content\/uploads\/LogoOArcanjo.png","width":319,"height":99,"caption":"Par\u00f3quia S\u00e3o Miguel Arcanjo"},"image":{"@id":"https:\/\/www.oarcanjo.net\/site\/#\/schema\/logo\/image\/"},"sameAs":["https:\/\/www.facebook.com\/OArcanjoNoAr\/"]},{"@type":"Person","@id":"https:\/\/www.oarcanjo.net\/site\/#\/schema\/person\/0a2ae077c1a09b69d29928e3b9f1c0d1","name":"Alexandre Nunes","sameAs":["http:\/\/alexandrenu.com"]}]}},"publishpress_future_action":{"enabled":false,"date":"2026-05-07 09:56:40","action":"category","newStatus":"draft","terms":[],"taxonomy":"category"},"publishpress_future_workflow_manual_trigger":{"enabledWorkflows":[]},"_links":{"self":[{"href":"https:\/\/www.oarcanjo.net\/site\/wp-json\/wp\/v2\/posts\/14742"}],"collection":[{"href":"https:\/\/www.oarcanjo.net\/site\/wp-json\/wp\/v2\/posts"}],"about":[{"href":"https:\/\/www.oarcanjo.net\/site\/wp-json\/wp\/v2\/types\/post"}],"author":[{"embeddable":true,"href":"https:\/\/www.oarcanjo.net\/site\/wp-json\/wp\/v2\/users\/15"}],"replies":[{"embeddable":true,"href":"https:\/\/www.oarcanjo.net\/site\/wp-json\/wp\/v2\/comments?post=14742"}],"version-history":[{"count":0,"href":"https:\/\/www.oarcanjo.net\/site\/wp-json\/wp\/v2\/posts\/14742\/revisions"}],"wp:attachment":[{"href":"https:\/\/www.oarcanjo.net\/site\/wp-json\/wp\/v2\/media?parent=14742"}],"wp:term":[{"taxonomy":"category","embeddable":true,"href":"https:\/\/www.oarcanjo.net\/site\/wp-json\/wp\/v2\/categories?post=14742"},{"taxonomy":"post_tag","embeddable":true,"href":"https:\/\/www.oarcanjo.net\/site\/wp-json\/wp\/v2\/tags?post=14742"}],"curies":[{"name":"wp","href":"https:\/\/api.w.org\/{rel}","templated":true}]}}