
{"id":14750,"date":"2011-06-07T00:29:52","date_gmt":"2011-06-07T03:29:52","guid":{"rendered":"http:\/\/www.oarcanjo.net\/site\/?p=14750"},"modified":"2011-06-28T02:12:26","modified_gmt":"2011-06-28T05:12:26","slug":"crisma-2011","status":"publish","type":"post","link":"https:\/\/www.oarcanjo.net\/site\/crisma-2011\/","title":{"rendered":"Crisma 2011"},"content":{"rendered":"<p style=\"text-align: justify;\">Com a celebra\u00e7\u00e3o da \u00a0Crisma neste domingo, 05\/06\/11, a Comunidade S\u00e3o Miguel Arcanjo, por seus jovens, confirma sua f\u00e9. A celebra\u00e7\u00e3o foi presidida por Dom Celso Queiroz. O Padre Julio estava muito feliz.\u00a0<\/p>\n<p style=\"text-align: justify;\">Par\u00e1bens aos crismandos: Jo\u00e3o Lu\u00eds Lopes Cardoso, Andr\u00e9 da Silveira, Fl\u00e1via Maria Lustosa Ribeiro, Paula de Souza Pineo, Vict\u00f3ria Torres Leo, Teresa Norma Tadeu Castellani, Let\u00edcia de Oliveira Aio, Anna Mel Alves Asseiros, Diego Teixeira Concei\u00e7\u00e3o, Mariana Rizzuto do Nascimento, Raquel de F\u00e1tima M. Diniz, Aldo Roberto Silva Diniz, \u00a0Lenice Rodrigues Rocha, Renan Silva Taplete, Lucas Silva Alencar, Rafael Silva Taplete, Renata Rodrigues Machado, V\u00e2nia Maria do Amaral Santos, Rinalda Candido Ten\u00f3rio da Silva, Miriam de F\u00e1tima Augusto Meyer, \u00a0Gabriela Jurisson Cavalcante, Beatriz Lettieri, Sueli Lopes, Alexandre Leone, Giane Batista da Silva, Josefa Maria de Aguiar, Ailton dos Santos Silva, Luiza Bezerra de Carvalho, Daniele dos Santos Silva, Ileide Baran, Alex Nascimento de Almeida, Fernanda V. de Souza Alves, Elineide V. de Souza Alves, Edinalva Moreira Franco, Jusiara Santana e Rafaela Val\u00e9ria Ferreira dos Santos.<\/p>\n<p style=\"text-align: justify;\">Pedimos que os Crismados deixem um coment\u00e1rio (apenas com o nome), para que possamos oportunamente enviar por e-mail as fotos individuais.<\/p>\n<p style=\"text-align: justify;\"><a href=\"http:\/\/www.oarcanjo.net\/site\/wp-content\/uploads\/Crisma-001.jpg\"><img loading=\"lazy\" decoding=\"async\" class=\"alignright size-medium wp-image-14751\" title=\"Crisma 001\" src=\"http:\/\/www.oarcanjo.net\/site\/wp-content\/uploads\/Crisma-001-300x195.jpg\" alt=\"\" width=\"300\" height=\"195\" srcset=\"https:\/\/www.oarcanjo.net\/site\/wp-content\/uploads\/Crisma-001-300x195.jpg 300w, https:\/\/www.oarcanjo.net\/site\/wp-content\/uploads\/Crisma-001.jpg 645w\" sizes=\"(max-width: 300px) 100vw, 300px\" \/><\/a><\/p>\n<p style=\"text-align: justify;\"><a href=\"http:\/\/www.oarcanjo.net\/site\/wp-content\/uploads\/Crisma-053.jpg\"><img loading=\"lazy\" decoding=\"async\" class=\"size-medium wp-image-14754\" title=\"Crisma 053\" src=\"http:\/\/www.oarcanjo.net\/site\/wp-content\/uploads\/Crisma-053-300x200.jpg\" alt=\"\" width=\"300\" height=\"200\" srcset=\"https:\/\/www.oarcanjo.net\/site\/wp-content\/uploads\/Crisma-053-300x200.jpg 300w, https:\/\/www.oarcanjo.net\/site\/wp-content\/uploads\/Crisma-053.jpg 645w\" sizes=\"(max-width: 300px) 100vw, 300px\" \/><\/a><\/p>\n<p><a href=\"http:\/\/www.oarcanjo.net\/site\/wp-content\/uploads\/Crisma-172.jpg\"><img loading=\"lazy\" decoding=\"async\" class=\"alignright size-medium wp-image-14755\" title=\"Crisma 172\" src=\"http:\/\/www.oarcanjo.net\/site\/wp-content\/uploads\/Crisma-172-300x200.jpg\" alt=\"\" width=\"300\" height=\"200\" srcset=\"https:\/\/www.oarcanjo.net\/site\/wp-content\/uploads\/Crisma-172-300x200.jpg 300w, https:\/\/www.oarcanjo.net\/site\/wp-content\/uploads\/Crisma-172.jpg 645w\" sizes=\"(max-width: 300px) 100vw, 300px\" \/><\/a><\/p>\n<p>Fotos por Carlos Alberto Beatriz<\/p>\nngg_shortcode_0_placeholder\n<p>Mais fotos da Crisma 2011<\/p>\nngg_shortcode_1_placeholder\n<div id=\"themify_builder_content-14750\" data-postid=\"14750\" class=\"themify_builder_content themify_builder_content-14750 themify_builder themify_builder_front\">\n\t<\/div>\n<!-- \/themify_builder_content -->","protected":false},"excerpt":{"rendered":"<p>Com a celebra\u00e7\u00e3o da \u00a0Crisma neste domingo, 05\/06\/11, a Comunidade S\u00e3o Miguel Arcanjo, por seus jovens, confirma sua f\u00e9. A celebra\u00e7\u00e3o foi presidida por Dom Celso Queiroz. O Padre Julio estava muito feliz.\u00a0 Par\u00e1bens aos crismandos: Jo\u00e3o Lu\u00eds Lopes Cardoso, Andr\u00e9 da Silveira, Fl\u00e1via Maria Lustosa Ribeiro, Paula de Souza Pineo, Vict\u00f3ria Torres Leo, Teresa [&hellip;]<\/p>\n","protected":false},"author":10,"featured_media":0,"comment_status":"open","ping_status":"open","sticky":false,"template":"","format":"standard","meta":{"ngg_post_thumbnail":0,"footnotes":""},"categories":[3,395,8,7],"tags":[1954],"yoast_head":"<!-- This site is optimized with the Yoast SEO plugin v23.5 - https:\/\/yoast.com\/wordpress\/plugins\/seo\/ -->\n<title>Crisma 2011 - O Arcanjo no ar<\/title>\n<meta name=\"robots\" content=\"index, follow, max-snippet:-1, max-image-preview:large, max-video-preview:-1\" \/>\n<link rel=\"canonical\" href=\"https:\/\/www.oarcanjo.net\/site\/crisma-2011\/\" \/>\n<meta property=\"og:locale\" content=\"pt_BR\" \/>\n<meta property=\"og:type\" content=\"article\" \/>\n<meta property=\"og:title\" content=\"Crisma 2011 - O Arcanjo no ar\" \/>\n<meta property=\"og:description\" content=\"Com a celebra\u00e7\u00e3o da \u00a0Crisma neste domingo, 05\/06\/11, a Comunidade S\u00e3o Miguel Arcanjo, por seus jovens, confirma sua f\u00e9. A celebra\u00e7\u00e3o foi presidida por Dom Celso Queiroz. O Padre Julio estava muito feliz.\u00a0 Par\u00e1bens aos crismandos: Jo\u00e3o Lu\u00eds Lopes Cardoso, Andr\u00e9 da Silveira, Fl\u00e1via Maria Lustosa Ribeiro, Paula de Souza Pineo, Vict\u00f3ria Torres Leo, Teresa [&hellip;]\" \/>\n<meta property=\"og:url\" content=\"https:\/\/www.oarcanjo.net\/site\/crisma-2011\/\" \/>\n<meta property=\"og:site_name\" content=\"O Arcanjo no ar\" \/>\n<meta property=\"article:publisher\" content=\"https:\/\/www.facebook.com\/OArcanjoNoAr\/\" \/>\n<meta property=\"article:published_time\" content=\"2011-06-07T03:29:52+00:00\" \/>\n<meta property=\"article:modified_time\" content=\"2011-06-28T05:12:26+00:00\" \/>\n<meta property=\"og:image\" content=\"http:\/\/www.oarcanjo.net\/site\/wp-content\/uploads\/Crisma-001-300x195.jpg\" \/>\n<meta name=\"author\" content=\"carlos\" \/>\n<meta name=\"twitter:card\" content=\"summary_large_image\" \/>\n<meta name=\"twitter:label1\" content=\"Escrito por\" \/>\n\t<meta name=\"twitter:data1\" content=\"carlos\" \/>\n\t<meta name=\"twitter:label2\" content=\"Est. tempo de leitura\" \/>\n\t<meta name=\"twitter:data2\" content=\"1 minuto\" \/>\n<script type=\"application\/ld+json\" class=\"yoast-schema-graph\">{\"@context\":\"https:\/\/schema.org\",\"@graph\":[{\"@type\":\"Article\",\"@id\":\"https:\/\/www.oarcanjo.net\/site\/crisma-2011\/#article\",\"isPartOf\":{\"@id\":\"https:\/\/www.oarcanjo.net\/site\/crisma-2011\/\"},\"author\":{\"name\":\"carlos\",\"@id\":\"https:\/\/www.oarcanjo.net\/site\/#\/schema\/person\/f7870e710d8c8c30673de3a0ac2e451d\"},\"headline\":\"Crisma 2011\",\"datePublished\":\"2011-06-07T03:29:52+00:00\",\"dateModified\":\"2011-06-28T05:12:26+00:00\",\"mainEntityOfPage\":{\"@id\":\"https:\/\/www.oarcanjo.net\/site\/crisma-2011\/\"},\"wordCount\":218,\"commentCount\":9,\"publisher\":{\"@id\":\"https:\/\/www.oarcanjo.net\/site\/#organization\"},\"image\":{\"@id\":\"https:\/\/www.oarcanjo.net\/site\/crisma-2011\/#primaryimage\"},\"thumbnailUrl\":\"http:\/\/www.oarcanjo.net\/site\/wp-content\/uploads\/Crisma-001-300x195.jpg\",\"keywords\":[\"Crisma 2011\"],\"articleSection\":[\"Destaques\",\"Jovens\",\"Not\u00edcias\",\"Rosto da comunidade\"],\"inLanguage\":\"pt-BR\",\"potentialAction\":[{\"@type\":\"CommentAction\",\"name\":\"Comment\",\"target\":[\"https:\/\/www.oarcanjo.net\/site\/crisma-2011\/#respond\"]}]},{\"@type\":\"WebPage\",\"@id\":\"https:\/\/www.oarcanjo.net\/site\/crisma-2011\/\",\"url\":\"https:\/\/www.oarcanjo.net\/site\/crisma-2011\/\",\"name\":\"Crisma 2011 - O Arcanjo no ar\",\"isPartOf\":{\"@id\":\"https:\/\/www.oarcanjo.net\/site\/#website\"},\"primaryImageOfPage\":{\"@id\":\"https:\/\/www.oarcanjo.net\/site\/crisma-2011\/#primaryimage\"},\"image\":{\"@id\":\"https:\/\/www.oarcanjo.net\/site\/crisma-2011\/#primaryimage\"},\"thumbnailUrl\":\"http:\/\/www.oarcanjo.net\/site\/wp-content\/uploads\/Crisma-001-300x195.jpg\",\"datePublished\":\"2011-06-07T03:29:52+00:00\",\"dateModified\":\"2011-06-28T05:12:26+00:00\",\"breadcrumb\":{\"@id\":\"https:\/\/www.oarcanjo.net\/site\/crisma-2011\/#breadcrumb\"},\"inLanguage\":\"pt-BR\",\"potentialAction\":[{\"@type\":\"ReadAction\",\"target\":[\"https:\/\/www.oarcanjo.net\/site\/crisma-2011\/\"]}]},{\"@type\":\"ImageObject\",\"inLanguage\":\"pt-BR\",\"@id\":\"https:\/\/www.oarcanjo.net\/site\/crisma-2011\/#primaryimage\",\"url\":\"https:\/\/www.oarcanjo.net\/site\/wp-content\/uploads\/Crisma-001.jpg\",\"contentUrl\":\"https:\/\/www.oarcanjo.net\/site\/wp-content\/uploads\/Crisma-001.jpg\",\"width\":\"645\",\"height\":\"421\"},{\"@type\":\"BreadcrumbList\",\"@id\":\"https:\/\/www.oarcanjo.net\/site\/crisma-2011\/#breadcrumb\",\"itemListElement\":[{\"@type\":\"ListItem\",\"position\":1,\"name\":\"In\u00edcio\",\"item\":\"https:\/\/www.oarcanjo.net\/site\/\"},{\"@type\":\"ListItem\",\"position\":2,\"name\":\"Crisma 2011\"}]},{\"@type\":\"WebSite\",\"@id\":\"https:\/\/www.oarcanjo.net\/site\/#website\",\"url\":\"https:\/\/www.oarcanjo.net\/site\/\",\"name\":\"O Arcanjo no ar\",\"description\":\"Site da Par\u00f3quia S\u00e3o Miguel Arcanjo (Arquidiocese de SP)\",\"publisher\":{\"@id\":\"https:\/\/www.oarcanjo.net\/site\/#organization\"},\"potentialAction\":[{\"@type\":\"SearchAction\",\"target\":{\"@type\":\"EntryPoint\",\"urlTemplate\":\"https:\/\/www.oarcanjo.net\/site\/?s={search_term_string}\"},\"query-input\":{\"@type\":\"PropertyValueSpecification\",\"valueRequired\":true,\"valueName\":\"search_term_string\"}}],\"inLanguage\":\"pt-BR\"},{\"@type\":\"Organization\",\"@id\":\"https:\/\/www.oarcanjo.net\/site\/#organization\",\"name\":\"Par\u00f3quia S\u00e3o Miguel Arcanjo\",\"url\":\"https:\/\/www.oarcanjo.net\/site\/\",\"logo\":{\"@type\":\"ImageObject\",\"inLanguage\":\"pt-BR\",\"@id\":\"https:\/\/www.oarcanjo.net\/site\/#\/schema\/logo\/image\/\",\"url\":\"https:\/\/www.oarcanjo.net\/site\/wp-content\/uploads\/LogoOArcanjo.png\",\"contentUrl\":\"https:\/\/www.oarcanjo.net\/site\/wp-content\/uploads\/LogoOArcanjo.png\",\"width\":319,\"height\":99,\"caption\":\"Par\u00f3quia S\u00e3o Miguel Arcanjo\"},\"image\":{\"@id\":\"https:\/\/www.oarcanjo.net\/site\/#\/schema\/logo\/image\/\"},\"sameAs\":[\"https:\/\/www.facebook.com\/OArcanjoNoAr\/\"]},{\"@type\":\"Person\",\"@id\":\"https:\/\/www.oarcanjo.net\/site\/#\/schema\/person\/f7870e710d8c8c30673de3a0ac2e451d\",\"name\":\"carlos\"}]}<\/script>\n<!-- \/ Yoast SEO plugin. -->","yoast_head_json":{"title":"Crisma 2011 - O Arcanjo no ar","robots":{"index":"index","follow":"follow","max-snippet":"max-snippet:-1","max-image-preview":"max-image-preview:large","max-video-preview":"max-video-preview:-1"},"canonical":"https:\/\/www.oarcanjo.net\/site\/crisma-2011\/","og_locale":"pt_BR","og_type":"article","og_title":"Crisma 2011 - O Arcanjo no ar","og_description":"Com a celebra\u00e7\u00e3o da \u00a0Crisma neste domingo, 05\/06\/11, a Comunidade S\u00e3o Miguel Arcanjo, por seus jovens, confirma sua f\u00e9. A celebra\u00e7\u00e3o foi presidida por Dom Celso Queiroz. O Padre Julio estava muito feliz.\u00a0 Par\u00e1bens aos crismandos: Jo\u00e3o Lu\u00eds Lopes Cardoso, Andr\u00e9 da Silveira, Fl\u00e1via Maria Lustosa Ribeiro, Paula de Souza Pineo, Vict\u00f3ria Torres Leo, Teresa [&hellip;]","og_url":"https:\/\/www.oarcanjo.net\/site\/crisma-2011\/","og_site_name":"O Arcanjo no ar","article_publisher":"https:\/\/www.facebook.com\/OArcanjoNoAr\/","article_published_time":"2011-06-07T03:29:52+00:00","article_modified_time":"2011-06-28T05:12:26+00:00","og_image":[{"url":"http:\/\/www.oarcanjo.net\/site\/wp-content\/uploads\/Crisma-001-300x195.jpg"}],"author":"carlos","twitter_card":"summary_large_image","twitter_misc":{"Escrito por":"carlos","Est. tempo de leitura":"1 minuto"},"schema":{"@context":"https:\/\/schema.org","@graph":[{"@type":"Article","@id":"https:\/\/www.oarcanjo.net\/site\/crisma-2011\/#article","isPartOf":{"@id":"https:\/\/www.oarcanjo.net\/site\/crisma-2011\/"},"author":{"name":"carlos","@id":"https:\/\/www.oarcanjo.net\/site\/#\/schema\/person\/f7870e710d8c8c30673de3a0ac2e451d"},"headline":"Crisma 2011","datePublished":"2011-06-07T03:29:52+00:00","dateModified":"2011-06-28T05:12:26+00:00","mainEntityOfPage":{"@id":"https:\/\/www.oarcanjo.net\/site\/crisma-2011\/"},"wordCount":218,"commentCount":9,"publisher":{"@id":"https:\/\/www.oarcanjo.net\/site\/#organization"},"image":{"@id":"https:\/\/www.oarcanjo.net\/site\/crisma-2011\/#primaryimage"},"thumbnailUrl":"http:\/\/www.oarcanjo.net\/site\/wp-content\/uploads\/Crisma-001-300x195.jpg","keywords":["Crisma 2011"],"articleSection":["Destaques","Jovens","Not\u00edcias","Rosto da comunidade"],"inLanguage":"pt-BR","potentialAction":[{"@type":"CommentAction","name":"Comment","target":["https:\/\/www.oarcanjo.net\/site\/crisma-2011\/#respond"]}]},{"@type":"WebPage","@id":"https:\/\/www.oarcanjo.net\/site\/crisma-2011\/","url":"https:\/\/www.oarcanjo.net\/site\/crisma-2011\/","name":"Crisma 2011 - O Arcanjo no ar","isPartOf":{"@id":"https:\/\/www.oarcanjo.net\/site\/#website"},"primaryImageOfPage":{"@id":"https:\/\/www.oarcanjo.net\/site\/crisma-2011\/#primaryimage"},"image":{"@id":"https:\/\/www.oarcanjo.net\/site\/crisma-2011\/#primaryimage"},"thumbnailUrl":"http:\/\/www.oarcanjo.net\/site\/wp-content\/uploads\/Crisma-001-300x195.jpg","datePublished":"2011-06-07T03:29:52+00:00","dateModified":"2011-06-28T05:12:26+00:00","breadcrumb":{"@id":"https:\/\/www.oarcanjo.net\/site\/crisma-2011\/#breadcrumb"},"inLanguage":"pt-BR","potentialAction":[{"@type":"ReadAction","target":["https:\/\/www.oarcanjo.net\/site\/crisma-2011\/"]}]},{"@type":"ImageObject","inLanguage":"pt-BR","@id":"https:\/\/www.oarcanjo.net\/site\/crisma-2011\/#primaryimage","url":"https:\/\/www.oarcanjo.net\/site\/wp-content\/uploads\/Crisma-001.jpg","contentUrl":"https:\/\/www.oarcanjo.net\/site\/wp-content\/uploads\/Crisma-001.jpg","width":"645","height":"421"},{"@type":"BreadcrumbList","@id":"https:\/\/www.oarcanjo.net\/site\/crisma-2011\/#breadcrumb","itemListElement":[{"@type":"ListItem","position":1,"name":"In\u00edcio","item":"https:\/\/www.oarcanjo.net\/site\/"},{"@type":"ListItem","position":2,"name":"Crisma 2011"}]},{"@type":"WebSite","@id":"https:\/\/www.oarcanjo.net\/site\/#website","url":"https:\/\/www.oarcanjo.net\/site\/","name":"O Arcanjo no ar","description":"Site da Par\u00f3quia S\u00e3o Miguel Arcanjo (Arquidiocese de SP)","publisher":{"@id":"https:\/\/www.oarcanjo.net\/site\/#organization"},"potentialAction":[{"@type":"SearchAction","target":{"@type":"EntryPoint","urlTemplate":"https:\/\/www.oarcanjo.net\/site\/?s={search_term_string}"},"query-input":{"@type":"PropertyValueSpecification","valueRequired":true,"valueName":"search_term_string"}}],"inLanguage":"pt-BR"},{"@type":"Organization","@id":"https:\/\/www.oarcanjo.net\/site\/#organization","name":"Par\u00f3quia S\u00e3o Miguel Arcanjo","url":"https:\/\/www.oarcanjo.net\/site\/","logo":{"@type":"ImageObject","inLanguage":"pt-BR","@id":"https:\/\/www.oarcanjo.net\/site\/#\/schema\/logo\/image\/","url":"https:\/\/www.oarcanjo.net\/site\/wp-content\/uploads\/LogoOArcanjo.png","contentUrl":"https:\/\/www.oarcanjo.net\/site\/wp-content\/uploads\/LogoOArcanjo.png","width":319,"height":99,"caption":"Par\u00f3quia S\u00e3o Miguel Arcanjo"},"image":{"@id":"https:\/\/www.oarcanjo.net\/site\/#\/schema\/logo\/image\/"},"sameAs":["https:\/\/www.facebook.com\/OArcanjoNoAr\/"]},{"@type":"Person","@id":"https:\/\/www.oarcanjo.net\/site\/#\/schema\/person\/f7870e710d8c8c30673de3a0ac2e451d","name":"carlos"}]}},"publishpress_future_action":{"enabled":false,"date":"2026-05-07 06:14:43","action":"category","newStatus":"draft","terms":[],"taxonomy":"category"},"publishpress_future_workflow_manual_trigger":{"enabledWorkflows":[]},"_links":{"self":[{"href":"https:\/\/www.oarcanjo.net\/site\/wp-json\/wp\/v2\/posts\/14750"}],"collection":[{"href":"https:\/\/www.oarcanjo.net\/site\/wp-json\/wp\/v2\/posts"}],"about":[{"href":"https:\/\/www.oarcanjo.net\/site\/wp-json\/wp\/v2\/types\/post"}],"author":[{"embeddable":true,"href":"https:\/\/www.oarcanjo.net\/site\/wp-json\/wp\/v2\/users\/10"}],"replies":[{"embeddable":true,"href":"https:\/\/www.oarcanjo.net\/site\/wp-json\/wp\/v2\/comments?post=14750"}],"version-history":[{"count":0,"href":"https:\/\/www.oarcanjo.net\/site\/wp-json\/wp\/v2\/posts\/14750\/revisions"}],"wp:attachment":[{"href":"https:\/\/www.oarcanjo.net\/site\/wp-json\/wp\/v2\/media?parent=14750"}],"wp:term":[{"taxonomy":"category","embeddable":true,"href":"https:\/\/www.oarcanjo.net\/site\/wp-json\/wp\/v2\/categories?post=14750"},{"taxonomy":"post_tag","embeddable":true,"href":"https:\/\/www.oarcanjo.net\/site\/wp-json\/wp\/v2\/tags?post=14750"}],"curies":[{"name":"wp","href":"https:\/\/api.w.org\/{rel}","templated":true}]}}