
{"id":14758,"date":"2011-06-01T01:26:06","date_gmt":"2011-06-01T04:26:06","guid":{"rendered":"http:\/\/www.oarcanjo.net\/site\/?p=14758"},"modified":"2011-06-07T02:49:00","modified_gmt":"2011-06-07T05:49:00","slug":"leituras-do-domingo-05062011","status":"publish","type":"post","link":"https:\/\/www.oarcanjo.net\/site\/leituras-do-domingo-05062011\/","title":{"rendered":"Leituras do domingo 05\/06\/2011"},"content":{"rendered":"<div>\n<h4>Ascens\u00e3o do Senhor<\/h4>\n<p><strong>Primeira leitura (Atos dos Ap\u00f3stolos 1,1-11)<\/strong><\/p>\n<p>Leitura dos Atos dos Ap\u00f3stolos:<\/p>\n<p><sup>1<\/sup>No meu primeiro livro, \u00f3 Te\u00f3filo, j\u00e1 tratei de tudo o que Jesus fez e ensinou, desde o come\u00e7o,\u00a0<sup>2<\/sup>at\u00e9 o dia em que foi levado para o c\u00e9u, depois de ter dado instru\u00e7\u00f5es pelo Esp\u00edrito Santo, aos ap\u00f3stolos que tinha escolhido.\u00a0<sup>3<\/sup>Foi a eles que Jesus se mostrou vivo, depois de sua paix\u00e3o, com numerosas provas. Durante quarenta dias apareceu-lhes falando do Reino de Deus.<br \/>\n<sup>4<\/sup>Durante uma refei\u00e7\u00e3o, deu-lhes esta ordem: \u201cN\u00e3o vos afasteis de Jerusal\u00e9m, mas esperai a realiza\u00e7\u00e3o da promessa do Pai, da qual v\u00f3s me ouvistes falar:\u00a0<sup>5<\/sup>\u2018Jo\u00e3o batizou com \u00e1gua; v\u00f3s, por\u00e9m, sereis batizados com o Esp\u00edrito Santo, dentro de poucos dias\u2019\u201d.<br \/>\n<sup>6<\/sup>Ent\u00e3o os que estavam reunidos perguntaram a Jesus: \u201cSenhor, \u00e9 agora que vais restaurar o Reino de Israel?\u201d<br \/>\n<sup>7<\/sup>Jesus respondeu: \u201cN\u00e3o vos cabe saber os tempos e os momentos que o Pai determinou com a sua pr\u00f3pria autoridade.\u00a0<sup>8<\/sup>Mas recebereis o poder do Esp\u00edrito Santo que descer\u00e1 sobre v\u00f3s, para serdes minhas testemunhas em Jerusal\u00e9m, em toda a Judeia e na Samaria, e at\u00e9 os confins da terra\u201d.<br \/>\n<sup>9<\/sup>Depois de dizer isso, Jesus foi levado ao c\u00e9u, \u00e0 vista deles. Uma nuvem o encobriu, de forma que seus olhos n\u00e3o podiam mais v\u00ea-lo.<br \/>\n<sup>10<\/sup>Os ap\u00f3stolos continuavam olhando para o c\u00e9u, enquanto Jesus subia. Apareceram ent\u00e3o dois homens vestidos de branco,\u00a0<sup>11<\/sup>que lhes disseram: \u201cHomens da Galileia, por que ficais aqui parados, olhando para o c\u00e9u? Esse Jesus que vos foi levado para o c\u00e9u vir\u00e1 do mesmo modo como o vistes partir para o c\u00e9u\u201d.<\/p>\n<p><strong>Salmo (Salmos 46)<\/strong><\/p>\n<p>\u2014 Por entre aclama\u00e7\u00f5es Deus se elevou,\/ o Senhor subiu ao toque da trombeta.<br \/>\n<strong>\u2014 Por entre aclama\u00e7\u00f5es Deus se elevou,\/ o Senhor subiu ao toque da trombeta.<\/strong><\/p>\n<p>\u2014 Povos todos do universo, batei palmas,\/ gritai a Deus aclama\u00e7\u00f5es de alegria!\/ Porque sublime \u00e9 o Senhor, o Deus Alt\u00edssimo,\/ o soberano que domina toda a terra.<br \/>\n\u2014 Por entre aclama\u00e7\u00f5es Deus se elevou,\/ o Senhor subiu ao toque da trombeta.\/ Salmodiai ao nosso Deus ao som da harpa,\/ salmodiai ao som da harpa ao nosso Rei!<br \/>\n\u2014 Porque Deus \u00e9 o grande Rei de toda a terra,\/ ao som da harpa acompanhai os seus louvores!\/ Deus reina sobre todas as na\u00e7\u00f5es,\/ est\u00e1 sentado no seu trono glorioso.<\/p>\n<p><strong>Segunda leitura (Ef\u00e9sios 1,17-23)<\/strong><\/p>\n<p>Leitura da Carta de S\u00e3o Paulo aos Ef\u00e9sios:<\/p>\n<p>Irm\u00e3os:\u00a0<sup>17<\/sup>O Deus de nosso Senhor Jesus Cristo, o Pai a quem pertence a gl\u00f3ria, vos d\u00ea um esp\u00edrito de sabedoria que vo-lo revele e fa\u00e7a verdadeiramente conhecer.\u00a0<sup>18<\/sup>Que ele abra o vosso cora\u00e7\u00e3o \u00e0 sua luz, para que saibais qual a esperan\u00e7a que o seu chamamento vos d\u00e1; qual a riqueza da gl\u00f3ria que est\u00e1 na vossa heran\u00e7a com os santos,<sup>19<\/sup>e que imenso poder ele exerceu em favor de n\u00f3s que cremos, de acordo com a sua a\u00e7\u00e3o e for\u00e7a onipotente.<br \/>\n<sup>20<\/sup>Ele manifestou sua for\u00e7a em Cristo, quando o ressuscitou dos mortos e o fez sentar-se \u00e0 sua direita nos c\u00e9us,\u00a0<sup>21<\/sup>bem acima de toda a autoridade, poder, pot\u00eancia, soberania, ou qualquer t\u00edtulo que se possa mencionar, n\u00e3o somente neste mundo, mas ainda no mundo futuro.\u00a0<sup>22<\/sup>Sim, ele p\u00f4s tudo sob seus p\u00e9s e fez dele, que est\u00e1 acima de tudo, a Cabe\u00e7a da Igreja,\u00a0<sup>23<\/sup>que \u00e9 o seu corpo, a plenitude daquele que possui a plenitude universal.<\/p>\n<p><strong>Evangelho (Mateus 28,16-20)<\/strong><\/p>\n<p>Naquele tempo,\u00a0<sup>16<\/sup>os onze disc\u00edpulos foram para a Galileia, ao monte que Jesus lhes tinha indicado.\u00a0<sup>17<\/sup>Quando viram Jesus, prostraram-se diante dele. Ainda assim alguns duvidaram.<br \/>\n<sup>18<\/sup>Ent\u00e3o Jesus aproximou-se e falou: \u201cToda a autoridade me foi dada no c\u00e9u e sobre a terra.\u00a0<sup>19<\/sup>Portanto, ide e fazei disc\u00edpulos meus todos os povos, batizando-os em nome do Pai e do Filho e do Esp\u00edrito Santo,\u00a0<sup>20<\/sup>e ensinando-os a observar tudo o que vos ordenei! Eis que estarei convosco todos os dias, at\u00e9 o fim do mundo\u201d.<\/p>\n<\/div>\n<div id=\"themify_builder_content-14758\" data-postid=\"14758\" class=\"themify_builder_content themify_builder_content-14758 themify_builder themify_builder_front\">\n\t<\/div>\n<!-- \/themify_builder_content -->","protected":false},"excerpt":{"rendered":"<p>Ascens\u00e3o do Senhor Primeira leitura (Atos dos Ap\u00f3stolos 1,1-11) Leitura dos Atos dos Ap\u00f3stolos: 1No meu primeiro livro, \u00f3 Te\u00f3filo, j\u00e1 tratei de tudo o que Jesus fez e ensinou, desde o come\u00e7o,\u00a02at\u00e9 o dia em que foi levado para o c\u00e9u, depois de ter dado instru\u00e7\u00f5es pelo Esp\u00edrito Santo, aos ap\u00f3stolos que tinha escolhido.\u00a03Foi [&hellip;]<\/p>\n","protected":false},"author":5,"featured_media":0,"comment_status":"open","ping_status":"open","sticky":false,"template":"","format":"standard","meta":{"ngg_post_thumbnail":0,"footnotes":""},"categories":[109],"tags":[3204],"yoast_head":"<!-- This site is optimized with the Yoast SEO plugin v23.5 - https:\/\/yoast.com\/wordpress\/plugins\/seo\/ -->\n<title>Leituras do domingo 05\/06\/2011  - O Arcanjo no ar<\/title>\n<meta name=\"robots\" content=\"index, follow, max-snippet:-1, max-image-preview:large, max-video-preview:-1\" \/>\n<link rel=\"canonical\" href=\"https:\/\/www.oarcanjo.net\/site\/leituras-do-domingo-05062011\/\" \/>\n<meta property=\"og:locale\" content=\"pt_BR\" \/>\n<meta property=\"og:type\" content=\"article\" \/>\n<meta property=\"og:title\" content=\"Leituras do domingo 05\/06\/2011  - O Arcanjo no ar\" \/>\n<meta property=\"og:description\" content=\"Ascens\u00e3o do Senhor Primeira leitura (Atos dos Ap\u00f3stolos 1,1-11) Leitura dos Atos dos Ap\u00f3stolos: 1No meu primeiro livro, \u00f3 Te\u00f3filo, j\u00e1 tratei de tudo o que Jesus fez e ensinou, desde o come\u00e7o,\u00a02at\u00e9 o dia em que foi levado para o c\u00e9u, depois de ter dado instru\u00e7\u00f5es pelo Esp\u00edrito Santo, aos ap\u00f3stolos que tinha escolhido.\u00a03Foi [&hellip;]\" \/>\n<meta property=\"og:url\" content=\"https:\/\/www.oarcanjo.net\/site\/leituras-do-domingo-05062011\/\" \/>\n<meta property=\"og:site_name\" content=\"O Arcanjo no ar\" \/>\n<meta property=\"article:publisher\" content=\"https:\/\/www.facebook.com\/OArcanjoNoAr\/\" \/>\n<meta property=\"article:published_time\" content=\"2011-06-01T04:26:06+00:00\" \/>\n<meta property=\"article:modified_time\" content=\"2011-06-07T05:49:00+00:00\" \/>\n<meta property=\"og:image\" content=\"https:\/\/www.oarcanjo.net\/site\/wp-content\/uploads\/logo-o-arcanjo-no-ar-facebook.png\" \/>\n\t<meta property=\"og:image:width\" content=\"300\" \/>\n\t<meta property=\"og:image:height\" content=\"300\" \/>\n\t<meta property=\"og:image:type\" content=\"image\/png\" \/>\n<meta name=\"author\" content=\"editor\" \/>\n<meta name=\"twitter:card\" content=\"summary_large_image\" \/>\n<meta name=\"twitter:label1\" content=\"Escrito por\" \/>\n\t<meta name=\"twitter:data1\" content=\"editor\" \/>\n\t<meta name=\"twitter:label2\" content=\"Est. tempo de leitura\" \/>\n\t<meta name=\"twitter:data2\" content=\"3 minutos\" \/>\n<script type=\"application\/ld+json\" class=\"yoast-schema-graph\">{\"@context\":\"https:\/\/schema.org\",\"@graph\":[{\"@type\":\"Article\",\"@id\":\"https:\/\/www.oarcanjo.net\/site\/leituras-do-domingo-05062011\/#article\",\"isPartOf\":{\"@id\":\"https:\/\/www.oarcanjo.net\/site\/leituras-do-domingo-05062011\/\"},\"author\":{\"name\":\"editor\",\"@id\":\"https:\/\/www.oarcanjo.net\/site\/#\/schema\/person\/f7024d007863202483a31326673a0838\"},\"headline\":\"Leituras do domingo 05\/06\/2011\",\"datePublished\":\"2011-06-01T04:26:06+00:00\",\"dateModified\":\"2011-06-07T05:49:00+00:00\",\"mainEntityOfPage\":{\"@id\":\"https:\/\/www.oarcanjo.net\/site\/leituras-do-domingo-05062011\/\"},\"wordCount\":702,\"commentCount\":0,\"publisher\":{\"@id\":\"https:\/\/www.oarcanjo.net\/site\/#organization\"},\"keywords\":[\"Liturgia\"],\"articleSection\":[\"Liturgia\"],\"inLanguage\":\"pt-BR\",\"potentialAction\":[{\"@type\":\"CommentAction\",\"name\":\"Comment\",\"target\":[\"https:\/\/www.oarcanjo.net\/site\/leituras-do-domingo-05062011\/#respond\"]}]},{\"@type\":\"WebPage\",\"@id\":\"https:\/\/www.oarcanjo.net\/site\/leituras-do-domingo-05062011\/\",\"url\":\"https:\/\/www.oarcanjo.net\/site\/leituras-do-domingo-05062011\/\",\"name\":\"Leituras do domingo 05\/06\/2011 - O Arcanjo no ar\",\"isPartOf\":{\"@id\":\"https:\/\/www.oarcanjo.net\/site\/#website\"},\"datePublished\":\"2011-06-01T04:26:06+00:00\",\"dateModified\":\"2011-06-07T05:49:00+00:00\",\"breadcrumb\":{\"@id\":\"https:\/\/www.oarcanjo.net\/site\/leituras-do-domingo-05062011\/#breadcrumb\"},\"inLanguage\":\"pt-BR\",\"potentialAction\":[{\"@type\":\"ReadAction\",\"target\":[\"https:\/\/www.oarcanjo.net\/site\/leituras-do-domingo-05062011\/\"]}]},{\"@type\":\"BreadcrumbList\",\"@id\":\"https:\/\/www.oarcanjo.net\/site\/leituras-do-domingo-05062011\/#breadcrumb\",\"itemListElement\":[{\"@type\":\"ListItem\",\"position\":1,\"name\":\"In\u00edcio\",\"item\":\"https:\/\/www.oarcanjo.net\/site\/\"},{\"@type\":\"ListItem\",\"position\":2,\"name\":\"Leituras do domingo 05\/06\/2011\"}]},{\"@type\":\"WebSite\",\"@id\":\"https:\/\/www.oarcanjo.net\/site\/#website\",\"url\":\"https:\/\/www.oarcanjo.net\/site\/\",\"name\":\"O Arcanjo no ar\",\"description\":\"Site da Par\u00f3quia S\u00e3o Miguel Arcanjo (Arquidiocese de SP)\",\"publisher\":{\"@id\":\"https:\/\/www.oarcanjo.net\/site\/#organization\"},\"potentialAction\":[{\"@type\":\"SearchAction\",\"target\":{\"@type\":\"EntryPoint\",\"urlTemplate\":\"https:\/\/www.oarcanjo.net\/site\/?s={search_term_string}\"},\"query-input\":{\"@type\":\"PropertyValueSpecification\",\"valueRequired\":true,\"valueName\":\"search_term_string\"}}],\"inLanguage\":\"pt-BR\"},{\"@type\":\"Organization\",\"@id\":\"https:\/\/www.oarcanjo.net\/site\/#organization\",\"name\":\"Par\u00f3quia S\u00e3o Miguel Arcanjo\",\"url\":\"https:\/\/www.oarcanjo.net\/site\/\",\"logo\":{\"@type\":\"ImageObject\",\"inLanguage\":\"pt-BR\",\"@id\":\"https:\/\/www.oarcanjo.net\/site\/#\/schema\/logo\/image\/\",\"url\":\"https:\/\/www.oarcanjo.net\/site\/wp-content\/uploads\/LogoOArcanjo.png\",\"contentUrl\":\"https:\/\/www.oarcanjo.net\/site\/wp-content\/uploads\/LogoOArcanjo.png\",\"width\":319,\"height\":99,\"caption\":\"Par\u00f3quia S\u00e3o Miguel Arcanjo\"},\"image\":{\"@id\":\"https:\/\/www.oarcanjo.net\/site\/#\/schema\/logo\/image\/\"},\"sameAs\":[\"https:\/\/www.facebook.com\/OArcanjoNoAr\/\"]},{\"@type\":\"Person\",\"@id\":\"https:\/\/www.oarcanjo.net\/site\/#\/schema\/person\/f7024d007863202483a31326673a0838\",\"name\":\"editor\",\"sameAs\":[\"http:\/\/www.oarcanjo.net\"]}]}<\/script>\n<!-- \/ Yoast SEO plugin. -->","yoast_head_json":{"title":"Leituras do domingo 05\/06\/2011  - O Arcanjo no ar","robots":{"index":"index","follow":"follow","max-snippet":"max-snippet:-1","max-image-preview":"max-image-preview:large","max-video-preview":"max-video-preview:-1"},"canonical":"https:\/\/www.oarcanjo.net\/site\/leituras-do-domingo-05062011\/","og_locale":"pt_BR","og_type":"article","og_title":"Leituras do domingo 05\/06\/2011  - O Arcanjo no ar","og_description":"Ascens\u00e3o do Senhor Primeira leitura (Atos dos Ap\u00f3stolos 1,1-11) Leitura dos Atos dos Ap\u00f3stolos: 1No meu primeiro livro, \u00f3 Te\u00f3filo, j\u00e1 tratei de tudo o que Jesus fez e ensinou, desde o come\u00e7o,\u00a02at\u00e9 o dia em que foi levado para o c\u00e9u, depois de ter dado instru\u00e7\u00f5es pelo Esp\u00edrito Santo, aos ap\u00f3stolos que tinha escolhido.\u00a03Foi [&hellip;]","og_url":"https:\/\/www.oarcanjo.net\/site\/leituras-do-domingo-05062011\/","og_site_name":"O Arcanjo no ar","article_publisher":"https:\/\/www.facebook.com\/OArcanjoNoAr\/","article_published_time":"2011-06-01T04:26:06+00:00","article_modified_time":"2011-06-07T05:49:00+00:00","og_image":[{"width":300,"height":300,"url":"https:\/\/www.oarcanjo.net\/site\/wp-content\/uploads\/logo-o-arcanjo-no-ar-facebook.png","type":"image\/png"}],"author":"editor","twitter_card":"summary_large_image","twitter_misc":{"Escrito por":"editor","Est. tempo de leitura":"3 minutos"},"schema":{"@context":"https:\/\/schema.org","@graph":[{"@type":"Article","@id":"https:\/\/www.oarcanjo.net\/site\/leituras-do-domingo-05062011\/#article","isPartOf":{"@id":"https:\/\/www.oarcanjo.net\/site\/leituras-do-domingo-05062011\/"},"author":{"name":"editor","@id":"https:\/\/www.oarcanjo.net\/site\/#\/schema\/person\/f7024d007863202483a31326673a0838"},"headline":"Leituras do domingo 05\/06\/2011","datePublished":"2011-06-01T04:26:06+00:00","dateModified":"2011-06-07T05:49:00+00:00","mainEntityOfPage":{"@id":"https:\/\/www.oarcanjo.net\/site\/leituras-do-domingo-05062011\/"},"wordCount":702,"commentCount":0,"publisher":{"@id":"https:\/\/www.oarcanjo.net\/site\/#organization"},"keywords":["Liturgia"],"articleSection":["Liturgia"],"inLanguage":"pt-BR","potentialAction":[{"@type":"CommentAction","name":"Comment","target":["https:\/\/www.oarcanjo.net\/site\/leituras-do-domingo-05062011\/#respond"]}]},{"@type":"WebPage","@id":"https:\/\/www.oarcanjo.net\/site\/leituras-do-domingo-05062011\/","url":"https:\/\/www.oarcanjo.net\/site\/leituras-do-domingo-05062011\/","name":"Leituras do domingo 05\/06\/2011 - O Arcanjo no ar","isPartOf":{"@id":"https:\/\/www.oarcanjo.net\/site\/#website"},"datePublished":"2011-06-01T04:26:06+00:00","dateModified":"2011-06-07T05:49:00+00:00","breadcrumb":{"@id":"https:\/\/www.oarcanjo.net\/site\/leituras-do-domingo-05062011\/#breadcrumb"},"inLanguage":"pt-BR","potentialAction":[{"@type":"ReadAction","target":["https:\/\/www.oarcanjo.net\/site\/leituras-do-domingo-05062011\/"]}]},{"@type":"BreadcrumbList","@id":"https:\/\/www.oarcanjo.net\/site\/leituras-do-domingo-05062011\/#breadcrumb","itemListElement":[{"@type":"ListItem","position":1,"name":"In\u00edcio","item":"https:\/\/www.oarcanjo.net\/site\/"},{"@type":"ListItem","position":2,"name":"Leituras do domingo 05\/06\/2011"}]},{"@type":"WebSite","@id":"https:\/\/www.oarcanjo.net\/site\/#website","url":"https:\/\/www.oarcanjo.net\/site\/","name":"O Arcanjo no ar","description":"Site da Par\u00f3quia S\u00e3o Miguel Arcanjo (Arquidiocese de SP)","publisher":{"@id":"https:\/\/www.oarcanjo.net\/site\/#organization"},"potentialAction":[{"@type":"SearchAction","target":{"@type":"EntryPoint","urlTemplate":"https:\/\/www.oarcanjo.net\/site\/?s={search_term_string}"},"query-input":{"@type":"PropertyValueSpecification","valueRequired":true,"valueName":"search_term_string"}}],"inLanguage":"pt-BR"},{"@type":"Organization","@id":"https:\/\/www.oarcanjo.net\/site\/#organization","name":"Par\u00f3quia S\u00e3o Miguel Arcanjo","url":"https:\/\/www.oarcanjo.net\/site\/","logo":{"@type":"ImageObject","inLanguage":"pt-BR","@id":"https:\/\/www.oarcanjo.net\/site\/#\/schema\/logo\/image\/","url":"https:\/\/www.oarcanjo.net\/site\/wp-content\/uploads\/LogoOArcanjo.png","contentUrl":"https:\/\/www.oarcanjo.net\/site\/wp-content\/uploads\/LogoOArcanjo.png","width":319,"height":99,"caption":"Par\u00f3quia S\u00e3o Miguel Arcanjo"},"image":{"@id":"https:\/\/www.oarcanjo.net\/site\/#\/schema\/logo\/image\/"},"sameAs":["https:\/\/www.facebook.com\/OArcanjoNoAr\/"]},{"@type":"Person","@id":"https:\/\/www.oarcanjo.net\/site\/#\/schema\/person\/f7024d007863202483a31326673a0838","name":"editor","sameAs":["http:\/\/www.oarcanjo.net"]}]}},"publishpress_future_action":{"enabled":false,"date":"2026-05-09 00:30:03","action":"category","newStatus":"draft","terms":[],"taxonomy":"category"},"publishpress_future_workflow_manual_trigger":{"enabledWorkflows":[]},"_links":{"self":[{"href":"https:\/\/www.oarcanjo.net\/site\/wp-json\/wp\/v2\/posts\/14758"}],"collection":[{"href":"https:\/\/www.oarcanjo.net\/site\/wp-json\/wp\/v2\/posts"}],"about":[{"href":"https:\/\/www.oarcanjo.net\/site\/wp-json\/wp\/v2\/types\/post"}],"author":[{"embeddable":true,"href":"https:\/\/www.oarcanjo.net\/site\/wp-json\/wp\/v2\/users\/5"}],"replies":[{"embeddable":true,"href":"https:\/\/www.oarcanjo.net\/site\/wp-json\/wp\/v2\/comments?post=14758"}],"version-history":[{"count":0,"href":"https:\/\/www.oarcanjo.net\/site\/wp-json\/wp\/v2\/posts\/14758\/revisions"}],"wp:attachment":[{"href":"https:\/\/www.oarcanjo.net\/site\/wp-json\/wp\/v2\/media?parent=14758"}],"wp:term":[{"taxonomy":"category","embeddable":true,"href":"https:\/\/www.oarcanjo.net\/site\/wp-json\/wp\/v2\/categories?post=14758"},{"taxonomy":"post_tag","embeddable":true,"href":"https:\/\/www.oarcanjo.net\/site\/wp-json\/wp\/v2\/tags?post=14758"}],"curies":[{"name":"wp","href":"https:\/\/api.w.org\/{rel}","templated":true}]}}