
{"id":14778,"date":"2011-06-08T06:31:14","date_gmt":"2011-06-08T09:31:14","guid":{"rendered":"http:\/\/www.oarcanjo.net\/site\/?p=14778"},"modified":"2011-06-20T08:54:31","modified_gmt":"2011-06-20T11:54:31","slug":"a-festa-junina-da-sao-miguel-vai-ter-muita-animacao","status":"publish","type":"post","link":"https:\/\/www.oarcanjo.net\/site\/a-festa-junina-da-sao-miguel-vai-ter-muita-animacao\/","title":{"rendered":"A Festa Junina da S\u00e3o Miguel vai ter muita anima\u00e7\u00e3o"},"content":{"rendered":"<p><a href=\"http:\/\/www.oarcanjo.net\/site\/wp-content\/uploads\/CARTAZ-FESTA-JUNINA2011-SHOW12.jpg\"><img loading=\"lazy\" decoding=\"async\" class=\"alignleft size-medium wp-image-14790\" title=\"CARTAZ FESTA JUNINA 2011 \" src=\"http:\/\/www.oarcanjo.net\/site\/wp-content\/uploads\/CARTAZ-FESTA-JUNINA2011-SHOW12-212x300.jpg\" alt=\"\" hspace=\"6\" width=\"212\" height=\"300\" align=\"left\" srcset=\"https:\/\/www.oarcanjo.net\/site\/wp-content\/uploads\/CARTAZ-FESTA-JUNINA2011-SHOW12-212x300.jpg 212w, https:\/\/www.oarcanjo.net\/site\/wp-content\/uploads\/CARTAZ-FESTA-JUNINA2011-SHOW12.jpg 453w\" sizes=\"(max-width: 212px) 100vw, 212px\" \/><\/a>A Par\u00f3quia S\u00e3o Miguel Arcanjo realiza a tradicional festa junina nos dias 18 e 19 de junho, na Mooca.<\/p>\n<p>A festa promover\u00e1 a integra\u00e7\u00e3o dos antigos e novos moradores do bairro.<\/p>\n<p>Os tradicionais pratos, como pernil, fogazza, churrasco, crepe, pizza, batata frita al\u00e9m de doces e salgados prometem fazer sucesso. O p\u00fablico poder\u00e1 conferir de perto o sabor inigual\u00e1vel do caldo verde, vinho quente e quent\u00e3o.<\/p>\n<p>Haver\u00e1 tamb\u00e9m apresenta\u00e7\u00f5es de dan\u00e7as e shows.<\/p>\n<p><span style=\"color: #ff0000;\"><strong>N\u00e3o perca! Show especial do Carlos Pitty s\u00e1bado, dia 18, \u00e0s 21h<\/strong><\/span><\/p>\n<p><span style=\"color: #ff0000;\"><span style=\"color: #000000;\">Venha ver tamb\u00e9m a Banda B\u00e1lsamo, o Coral Arsenal da Esperan\u00e7a entre outros.<\/span><strong><br \/>\n<\/strong><\/span><\/p>\n<p>Toda a verba arrecadada durante a festa ser\u00e1 revertida para obras assistenciais da igreja.<\/p>\n<p><\/p>\n<p><iframe loading=\"lazy\" width=\"425\" height=\"349\" src=\"http:\/\/www.youtube.com\/embed\/_hMGBvYKwBU\" frameborder=\"0\" allowfullscreen><\/iframe><\/p>\n<p><strong>Servi\u00e7o:<\/strong><\/p>\n<p><strong>Endere\u00e7o:<\/strong> Rua Sapucaia, na altura do n\u00ba 172, ao lado da igreja<br \/>\n<strong>Tel.:<\/strong> (11) 2692-6798<br \/>\n<strong>Hor\u00e1rios:<\/strong> S\u00e1bado 18 de junho: das 17h \u00e0s 23h<br \/>\nDomingo 19 de junho: das 12h \u00e0s 21h<\/p>\n<p><strong>\u00a0<\/strong><\/p>\n<p><span style=\"color: #ff0000;\"><strong><br \/>\n<\/strong><\/span><\/p>\n<div id=\"themify_builder_content-14778\" data-postid=\"14778\" class=\"themify_builder_content themify_builder_content-14778 themify_builder themify_builder_front\">\n\t<\/div>\n<!-- \/themify_builder_content -->","protected":false},"excerpt":{"rendered":"<p>Show do Carlos Pitty, Banda B\u00e1lsamo, Coral Arsenal da Esperan\u00e7a e outros<\/p>\n","protected":false},"author":5,"featured_media":0,"comment_status":"open","ping_status":"open","sticky":false,"template":"","format":"standard","meta":{"ngg_post_thumbnail":0,"footnotes":""},"categories":[8],"tags":[1953,766,803],"yoast_head":"<!-- This site is optimized with the Yoast SEO plugin v23.5 - https:\/\/yoast.com\/wordpress\/plugins\/seo\/ -->\n<title>A Festa Junina da S\u00e3o Miguel vai ter muita anima\u00e7\u00e3o - O Arcanjo no ar<\/title>\n<meta name=\"robots\" content=\"index, follow, max-snippet:-1, max-image-preview:large, max-video-preview:-1\" \/>\n<link rel=\"canonical\" href=\"https:\/\/www.oarcanjo.net\/site\/a-festa-junina-da-sao-miguel-vai-ter-muita-animacao\/\" \/>\n<meta property=\"og:locale\" content=\"pt_BR\" \/>\n<meta property=\"og:type\" content=\"article\" \/>\n<meta property=\"og:title\" content=\"A Festa Junina da S\u00e3o Miguel vai ter muita anima\u00e7\u00e3o - O Arcanjo no ar\" \/>\n<meta property=\"og:description\" content=\"Show do Carlos Pitty, Banda B\u00e1lsamo, Coral Arsenal da Esperan\u00e7a e outros\" \/>\n<meta property=\"og:url\" content=\"https:\/\/www.oarcanjo.net\/site\/a-festa-junina-da-sao-miguel-vai-ter-muita-animacao\/\" \/>\n<meta property=\"og:site_name\" content=\"O Arcanjo no ar\" \/>\n<meta property=\"article:publisher\" content=\"https:\/\/www.facebook.com\/OArcanjoNoAr\/\" \/>\n<meta property=\"article:published_time\" content=\"2011-06-08T09:31:14+00:00\" \/>\n<meta property=\"article:modified_time\" content=\"2011-06-20T11:54:31+00:00\" \/>\n<meta property=\"og:image\" content=\"http:\/\/www.oarcanjo.net\/site\/wp-content\/uploads\/CARTAZ-FESTA-JUNINA2011-SHOW12-212x300.jpg\" \/>\n<meta name=\"author\" content=\"editor\" \/>\n<meta name=\"twitter:card\" content=\"summary_large_image\" \/>\n<meta name=\"twitter:label1\" content=\"Escrito por\" \/>\n\t<meta name=\"twitter:data1\" content=\"editor\" \/>\n\t<meta name=\"twitter:label2\" content=\"Est. tempo de leitura\" \/>\n\t<meta name=\"twitter:data2\" content=\"1 minuto\" \/>\n<script type=\"application\/ld+json\" class=\"yoast-schema-graph\">{\"@context\":\"https:\/\/schema.org\",\"@graph\":[{\"@type\":\"Article\",\"@id\":\"https:\/\/www.oarcanjo.net\/site\/a-festa-junina-da-sao-miguel-vai-ter-muita-animacao\/#article\",\"isPartOf\":{\"@id\":\"https:\/\/www.oarcanjo.net\/site\/a-festa-junina-da-sao-miguel-vai-ter-muita-animacao\/\"},\"author\":{\"name\":\"editor\",\"@id\":\"https:\/\/www.oarcanjo.net\/site\/#\/schema\/person\/f7024d007863202483a31326673a0838\"},\"headline\":\"A Festa Junina da S\u00e3o Miguel vai ter muita anima\u00e7\u00e3o\",\"datePublished\":\"2011-06-08T09:31:14+00:00\",\"dateModified\":\"2011-06-20T11:54:31+00:00\",\"mainEntityOfPage\":{\"@id\":\"https:\/\/www.oarcanjo.net\/site\/a-festa-junina-da-sao-miguel-vai-ter-muita-animacao\/\"},\"wordCount\":169,\"commentCount\":2,\"publisher\":{\"@id\":\"https:\/\/www.oarcanjo.net\/site\/#organization\"},\"image\":{\"@id\":\"https:\/\/www.oarcanjo.net\/site\/a-festa-junina-da-sao-miguel-vai-ter-muita-animacao\/#primaryimage\"},\"thumbnailUrl\":\"http:\/\/www.oarcanjo.net\/site\/wp-content\/uploads\/CARTAZ-FESTA-JUNINA2011-SHOW12-212x300.jpg\",\"keywords\":[\"Carlos Pitty\",\"festa junina\",\"show\"],\"articleSection\":[\"Not\u00edcias\"],\"inLanguage\":\"pt-BR\",\"potentialAction\":[{\"@type\":\"CommentAction\",\"name\":\"Comment\",\"target\":[\"https:\/\/www.oarcanjo.net\/site\/a-festa-junina-da-sao-miguel-vai-ter-muita-animacao\/#respond\"]}]},{\"@type\":\"WebPage\",\"@id\":\"https:\/\/www.oarcanjo.net\/site\/a-festa-junina-da-sao-miguel-vai-ter-muita-animacao\/\",\"url\":\"https:\/\/www.oarcanjo.net\/site\/a-festa-junina-da-sao-miguel-vai-ter-muita-animacao\/\",\"name\":\"A Festa Junina da S\u00e3o Miguel vai ter muita anima\u00e7\u00e3o - O Arcanjo no ar\",\"isPartOf\":{\"@id\":\"https:\/\/www.oarcanjo.net\/site\/#website\"},\"primaryImageOfPage\":{\"@id\":\"https:\/\/www.oarcanjo.net\/site\/a-festa-junina-da-sao-miguel-vai-ter-muita-animacao\/#primaryimage\"},\"image\":{\"@id\":\"https:\/\/www.oarcanjo.net\/site\/a-festa-junina-da-sao-miguel-vai-ter-muita-animacao\/#primaryimage\"},\"thumbnailUrl\":\"http:\/\/www.oarcanjo.net\/site\/wp-content\/uploads\/CARTAZ-FESTA-JUNINA2011-SHOW12-212x300.jpg\",\"datePublished\":\"2011-06-08T09:31:14+00:00\",\"dateModified\":\"2011-06-20T11:54:31+00:00\",\"breadcrumb\":{\"@id\":\"https:\/\/www.oarcanjo.net\/site\/a-festa-junina-da-sao-miguel-vai-ter-muita-animacao\/#breadcrumb\"},\"inLanguage\":\"pt-BR\",\"potentialAction\":[{\"@type\":\"ReadAction\",\"target\":[\"https:\/\/www.oarcanjo.net\/site\/a-festa-junina-da-sao-miguel-vai-ter-muita-animacao\/\"]}]},{\"@type\":\"ImageObject\",\"inLanguage\":\"pt-BR\",\"@id\":\"https:\/\/www.oarcanjo.net\/site\/a-festa-junina-da-sao-miguel-vai-ter-muita-animacao\/#primaryimage\",\"url\":\"https:\/\/www.oarcanjo.net\/site\/wp-content\/uploads\/CARTAZ-FESTA-JUNINA2011-SHOW12.jpg\",\"contentUrl\":\"https:\/\/www.oarcanjo.net\/site\/wp-content\/uploads\/CARTAZ-FESTA-JUNINA2011-SHOW12.jpg\",\"width\":\"453\",\"height\":\"640\"},{\"@type\":\"BreadcrumbList\",\"@id\":\"https:\/\/www.oarcanjo.net\/site\/a-festa-junina-da-sao-miguel-vai-ter-muita-animacao\/#breadcrumb\",\"itemListElement\":[{\"@type\":\"ListItem\",\"position\":1,\"name\":\"In\u00edcio\",\"item\":\"https:\/\/www.oarcanjo.net\/site\/\"},{\"@type\":\"ListItem\",\"position\":2,\"name\":\"A Festa Junina da S\u00e3o Miguel vai ter muita anima\u00e7\u00e3o\"}]},{\"@type\":\"WebSite\",\"@id\":\"https:\/\/www.oarcanjo.net\/site\/#website\",\"url\":\"https:\/\/www.oarcanjo.net\/site\/\",\"name\":\"O Arcanjo no ar\",\"description\":\"Site da Par\u00f3quia S\u00e3o Miguel Arcanjo (Arquidiocese de SP)\",\"publisher\":{\"@id\":\"https:\/\/www.oarcanjo.net\/site\/#organization\"},\"potentialAction\":[{\"@type\":\"SearchAction\",\"target\":{\"@type\":\"EntryPoint\",\"urlTemplate\":\"https:\/\/www.oarcanjo.net\/site\/?s={search_term_string}\"},\"query-input\":{\"@type\":\"PropertyValueSpecification\",\"valueRequired\":true,\"valueName\":\"search_term_string\"}}],\"inLanguage\":\"pt-BR\"},{\"@type\":\"Organization\",\"@id\":\"https:\/\/www.oarcanjo.net\/site\/#organization\",\"name\":\"Par\u00f3quia S\u00e3o Miguel Arcanjo\",\"url\":\"https:\/\/www.oarcanjo.net\/site\/\",\"logo\":{\"@type\":\"ImageObject\",\"inLanguage\":\"pt-BR\",\"@id\":\"https:\/\/www.oarcanjo.net\/site\/#\/schema\/logo\/image\/\",\"url\":\"https:\/\/www.oarcanjo.net\/site\/wp-content\/uploads\/LogoOArcanjo.png\",\"contentUrl\":\"https:\/\/www.oarcanjo.net\/site\/wp-content\/uploads\/LogoOArcanjo.png\",\"width\":319,\"height\":99,\"caption\":\"Par\u00f3quia S\u00e3o Miguel Arcanjo\"},\"image\":{\"@id\":\"https:\/\/www.oarcanjo.net\/site\/#\/schema\/logo\/image\/\"},\"sameAs\":[\"https:\/\/www.facebook.com\/OArcanjoNoAr\/\"]},{\"@type\":\"Person\",\"@id\":\"https:\/\/www.oarcanjo.net\/site\/#\/schema\/person\/f7024d007863202483a31326673a0838\",\"name\":\"editor\",\"sameAs\":[\"http:\/\/www.oarcanjo.net\"]}]}<\/script>\n<!-- \/ Yoast SEO plugin. -->","yoast_head_json":{"title":"A Festa Junina da S\u00e3o Miguel vai ter muita anima\u00e7\u00e3o - O Arcanjo no ar","robots":{"index":"index","follow":"follow","max-snippet":"max-snippet:-1","max-image-preview":"max-image-preview:large","max-video-preview":"max-video-preview:-1"},"canonical":"https:\/\/www.oarcanjo.net\/site\/a-festa-junina-da-sao-miguel-vai-ter-muita-animacao\/","og_locale":"pt_BR","og_type":"article","og_title":"A Festa Junina da S\u00e3o Miguel vai ter muita anima\u00e7\u00e3o - O Arcanjo no ar","og_description":"Show do Carlos Pitty, Banda B\u00e1lsamo, Coral Arsenal da Esperan\u00e7a e outros","og_url":"https:\/\/www.oarcanjo.net\/site\/a-festa-junina-da-sao-miguel-vai-ter-muita-animacao\/","og_site_name":"O Arcanjo no ar","article_publisher":"https:\/\/www.facebook.com\/OArcanjoNoAr\/","article_published_time":"2011-06-08T09:31:14+00:00","article_modified_time":"2011-06-20T11:54:31+00:00","og_image":[{"url":"http:\/\/www.oarcanjo.net\/site\/wp-content\/uploads\/CARTAZ-FESTA-JUNINA2011-SHOW12-212x300.jpg"}],"author":"editor","twitter_card":"summary_large_image","twitter_misc":{"Escrito por":"editor","Est. tempo de leitura":"1 minuto"},"schema":{"@context":"https:\/\/schema.org","@graph":[{"@type":"Article","@id":"https:\/\/www.oarcanjo.net\/site\/a-festa-junina-da-sao-miguel-vai-ter-muita-animacao\/#article","isPartOf":{"@id":"https:\/\/www.oarcanjo.net\/site\/a-festa-junina-da-sao-miguel-vai-ter-muita-animacao\/"},"author":{"name":"editor","@id":"https:\/\/www.oarcanjo.net\/site\/#\/schema\/person\/f7024d007863202483a31326673a0838"},"headline":"A Festa Junina da S\u00e3o Miguel vai ter muita anima\u00e7\u00e3o","datePublished":"2011-06-08T09:31:14+00:00","dateModified":"2011-06-20T11:54:31+00:00","mainEntityOfPage":{"@id":"https:\/\/www.oarcanjo.net\/site\/a-festa-junina-da-sao-miguel-vai-ter-muita-animacao\/"},"wordCount":169,"commentCount":2,"publisher":{"@id":"https:\/\/www.oarcanjo.net\/site\/#organization"},"image":{"@id":"https:\/\/www.oarcanjo.net\/site\/a-festa-junina-da-sao-miguel-vai-ter-muita-animacao\/#primaryimage"},"thumbnailUrl":"http:\/\/www.oarcanjo.net\/site\/wp-content\/uploads\/CARTAZ-FESTA-JUNINA2011-SHOW12-212x300.jpg","keywords":["Carlos Pitty","festa junina","show"],"articleSection":["Not\u00edcias"],"inLanguage":"pt-BR","potentialAction":[{"@type":"CommentAction","name":"Comment","target":["https:\/\/www.oarcanjo.net\/site\/a-festa-junina-da-sao-miguel-vai-ter-muita-animacao\/#respond"]}]},{"@type":"WebPage","@id":"https:\/\/www.oarcanjo.net\/site\/a-festa-junina-da-sao-miguel-vai-ter-muita-animacao\/","url":"https:\/\/www.oarcanjo.net\/site\/a-festa-junina-da-sao-miguel-vai-ter-muita-animacao\/","name":"A Festa Junina da S\u00e3o Miguel vai ter muita anima\u00e7\u00e3o - O Arcanjo no ar","isPartOf":{"@id":"https:\/\/www.oarcanjo.net\/site\/#website"},"primaryImageOfPage":{"@id":"https:\/\/www.oarcanjo.net\/site\/a-festa-junina-da-sao-miguel-vai-ter-muita-animacao\/#primaryimage"},"image":{"@id":"https:\/\/www.oarcanjo.net\/site\/a-festa-junina-da-sao-miguel-vai-ter-muita-animacao\/#primaryimage"},"thumbnailUrl":"http:\/\/www.oarcanjo.net\/site\/wp-content\/uploads\/CARTAZ-FESTA-JUNINA2011-SHOW12-212x300.jpg","datePublished":"2011-06-08T09:31:14+00:00","dateModified":"2011-06-20T11:54:31+00:00","breadcrumb":{"@id":"https:\/\/www.oarcanjo.net\/site\/a-festa-junina-da-sao-miguel-vai-ter-muita-animacao\/#breadcrumb"},"inLanguage":"pt-BR","potentialAction":[{"@type":"ReadAction","target":["https:\/\/www.oarcanjo.net\/site\/a-festa-junina-da-sao-miguel-vai-ter-muita-animacao\/"]}]},{"@type":"ImageObject","inLanguage":"pt-BR","@id":"https:\/\/www.oarcanjo.net\/site\/a-festa-junina-da-sao-miguel-vai-ter-muita-animacao\/#primaryimage","url":"https:\/\/www.oarcanjo.net\/site\/wp-content\/uploads\/CARTAZ-FESTA-JUNINA2011-SHOW12.jpg","contentUrl":"https:\/\/www.oarcanjo.net\/site\/wp-content\/uploads\/CARTAZ-FESTA-JUNINA2011-SHOW12.jpg","width":"453","height":"640"},{"@type":"BreadcrumbList","@id":"https:\/\/www.oarcanjo.net\/site\/a-festa-junina-da-sao-miguel-vai-ter-muita-animacao\/#breadcrumb","itemListElement":[{"@type":"ListItem","position":1,"name":"In\u00edcio","item":"https:\/\/www.oarcanjo.net\/site\/"},{"@type":"ListItem","position":2,"name":"A Festa Junina da S\u00e3o Miguel vai ter muita anima\u00e7\u00e3o"}]},{"@type":"WebSite","@id":"https:\/\/www.oarcanjo.net\/site\/#website","url":"https:\/\/www.oarcanjo.net\/site\/","name":"O Arcanjo no ar","description":"Site da Par\u00f3quia S\u00e3o Miguel Arcanjo (Arquidiocese de SP)","publisher":{"@id":"https:\/\/www.oarcanjo.net\/site\/#organization"},"potentialAction":[{"@type":"SearchAction","target":{"@type":"EntryPoint","urlTemplate":"https:\/\/www.oarcanjo.net\/site\/?s={search_term_string}"},"query-input":{"@type":"PropertyValueSpecification","valueRequired":true,"valueName":"search_term_string"}}],"inLanguage":"pt-BR"},{"@type":"Organization","@id":"https:\/\/www.oarcanjo.net\/site\/#organization","name":"Par\u00f3quia S\u00e3o Miguel Arcanjo","url":"https:\/\/www.oarcanjo.net\/site\/","logo":{"@type":"ImageObject","inLanguage":"pt-BR","@id":"https:\/\/www.oarcanjo.net\/site\/#\/schema\/logo\/image\/","url":"https:\/\/www.oarcanjo.net\/site\/wp-content\/uploads\/LogoOArcanjo.png","contentUrl":"https:\/\/www.oarcanjo.net\/site\/wp-content\/uploads\/LogoOArcanjo.png","width":319,"height":99,"caption":"Par\u00f3quia S\u00e3o Miguel Arcanjo"},"image":{"@id":"https:\/\/www.oarcanjo.net\/site\/#\/schema\/logo\/image\/"},"sameAs":["https:\/\/www.facebook.com\/OArcanjoNoAr\/"]},{"@type":"Person","@id":"https:\/\/www.oarcanjo.net\/site\/#\/schema\/person\/f7024d007863202483a31326673a0838","name":"editor","sameAs":["http:\/\/www.oarcanjo.net"]}]}},"publishpress_future_action":{"enabled":false,"date":"2026-05-07 09:48:33","action":"category","newStatus":"draft","terms":[],"taxonomy":"category"},"publishpress_future_workflow_manual_trigger":{"enabledWorkflows":[]},"_links":{"self":[{"href":"https:\/\/www.oarcanjo.net\/site\/wp-json\/wp\/v2\/posts\/14778"}],"collection":[{"href":"https:\/\/www.oarcanjo.net\/site\/wp-json\/wp\/v2\/posts"}],"about":[{"href":"https:\/\/www.oarcanjo.net\/site\/wp-json\/wp\/v2\/types\/post"}],"author":[{"embeddable":true,"href":"https:\/\/www.oarcanjo.net\/site\/wp-json\/wp\/v2\/users\/5"}],"replies":[{"embeddable":true,"href":"https:\/\/www.oarcanjo.net\/site\/wp-json\/wp\/v2\/comments?post=14778"}],"version-history":[{"count":0,"href":"https:\/\/www.oarcanjo.net\/site\/wp-json\/wp\/v2\/posts\/14778\/revisions"}],"wp:attachment":[{"href":"https:\/\/www.oarcanjo.net\/site\/wp-json\/wp\/v2\/media?parent=14778"}],"wp:term":[{"taxonomy":"category","embeddable":true,"href":"https:\/\/www.oarcanjo.net\/site\/wp-json\/wp\/v2\/categories?post=14778"},{"taxonomy":"post_tag","embeddable":true,"href":"https:\/\/www.oarcanjo.net\/site\/wp-json\/wp\/v2\/tags?post=14778"}],"curies":[{"name":"wp","href":"https:\/\/api.w.org\/{rel}","templated":true}]}}