
{"id":14799,"date":"2011-06-08T23:50:46","date_gmt":"2011-06-09T02:50:46","guid":{"rendered":"http:\/\/www.oarcanjo.net\/site\/?p=14799"},"modified":"2011-06-08T23:50:46","modified_gmt":"2011-06-09T02:50:46","slug":"manifesto-do-comite-brasil-em-defesa-das-florestas-e-do-desenvolvimento-sustentavel-do-brasil","status":"publish","type":"post","link":"https:\/\/www.oarcanjo.net\/site\/manifesto-do-comite-brasil-em-defesa-das-florestas-e-do-desenvolvimento-sustentavel-do-brasil\/","title":{"rendered":"Manifesto do Comit\u00ea Brasil em Defesa das Florestas e do Desenvolvimento Sustent\u00e1vel do Brasil"},"content":{"rendered":"<p>Por que tanta pol\u00eamica em torno da manuten\u00e7\u00e3o do que resta das nossas  florestas? Ser\u00e1 poss\u00edvel que ambientalistas, cientistas, religiosos, empres\u00e1rios, representantes de comunidades, movimentos sociais e tantos cidad\u00e3os e cidad\u00e3s manifestem sua indigna\u00e7\u00e3o diante do texto do C\u00f3digo Florestal, aprovado pela C\u00e2mara dos Deputados, apenas por um suposto radicalismo ou desejo de conflito sem cabimento? Ser\u00e1 justo afirmar que os defensores das florestas n\u00e3o levam em conta as pessoas e suas necessidades de produzir e consumir alimentos? Do que se trata, afinal? O que importa para todos os brasileiros?<\/p>\n<p>Importa, em primeiro lugar, esclarecer a grande confus\u00e3o sob a qual se criam tantas desinforma\u00e7\u00f5es: n\u00e3o est\u00e1 se fazendo a defesa pura e simples das florestas. Elas s\u00e3o parte dos sonhos de um pa\u00eds com mais sa\u00fade, menos injusti\u00e7a, no qual a qualidade de vida de todos seja um crit\u00e9rio levado em conta.  Um Brasil no qual os mais pobres n\u00e3o sejam relegados a lugares destru\u00eddos, perigosos e insalubres. No qual a natureza seja respeitada para que continue sendo a nossa principal fonte de vida e n\u00e3o a mensageira de nossas doen\u00e7as e de cat\u00e1strofes.<\/p>\n<p>A Constitui\u00e7\u00e3o Brasileira afirma com enorme clareza esses ideais, no seu artigo 225, quando estabelece que o meio ambiente saud\u00e1vel e equilibrado \u00e9 um direito da coletividade e todos \u2013 Poder P\u00fablico e sociedade \u2013 t\u00eam o dever de defend\u00ea-lo para seu pr\u00f3prio usufruto e para as futuras gera\u00e7\u00f5es.<\/p>\n<p>Esse \u00e9 o princ\u00edpio fundamental sob ataque agora no Congresso Nacional, com a aprova\u00e7\u00e3o do projeto de lei que altera o C\u00f3digo Florestal. 23 anos ap\u00f3s a vig\u00eancia de nossa Constitui\u00e7\u00e3o quer-se abrir m\u00e3o de suas conquistas e provocar enorme retrocesso.<\/p>\n<p>H\u00e1 d\u00e9cadas se fala que o destino do Brasil \u00e9 ser pot\u00eancia mundial. E muitos ainda n\u00e3o perceberam que o grande trunfo do Brasil para chegar a ser pot\u00eancia \u00e9 a sua condi\u00e7\u00e3o ambiental diferenciada, nesses tempos em que o aquecimento global leva a previs\u00f5es sombrias e em que o acesso \u00e0 \u00e1gua transforma-se numa necessidade mais estrat\u00e9gica do que a posse de petr\u00f3leo. \u00c1gua depende de florestas. Temos o direito de destru\u00ed-las ainda mais? A qualidade do solo, para produzir alimentos, depende das florestas. Elas tamb\u00e9m s\u00e3o fundamentais para o equil\u00edbrio clim\u00e1tico, objetivo de todas as na\u00e7\u00f5es do planeta. Sua retirada irrespons\u00e1vel est\u00e1 ainda no centro das causas de desastres ocorridos em \u00e1reas de risco, que tantas mortes t\u00eam causado, no Brasil e no mundo.<\/p>\n<p>Tudo o que aqui foi dito pode ser resumido numa frase: vamos usar, sim, nossos recursos naturais, mas de maneira sustent\u00e1vel. Ou seja, com o conhecimento, os cuidados e as t\u00e9cnicas que evitam sua destrui\u00e7\u00e3o pura e simples.<\/p>\n<p>\u00c9 mais do que hora de o Pa\u00eds atualizar sua vis\u00e3o de desenvolvimento para incorporar essa atitude e essa vis\u00e3o sustent\u00e1vel em todas as suas dimens\u00f5es. Tal como a Constitui\u00e7\u00e3o reconhece a manuten\u00e7\u00e3o das florestas como parte do projeto nacional de desenvolvimento, cabe ao poder p\u00fablico e n\u00f3s, cidad\u00e3os brasileiros, garantir que isso aconte\u00e7a.<\/p>\n<p>Devemos aproveitar a discuss\u00e3o do C\u00f3digo Florestal para avan\u00e7ar na constru\u00e7\u00e3o do desenvolvimento sustent\u00e1vel. Para isso, \u00e9 de extrema import\u00e2ncia que o Senado e o governo federal ou\u00e7am a sociedade brasileira e jamais esque\u00e7am que seus mandatos cont\u00eam, na origem, compromisso democr\u00e1tico inalien\u00e1vel de respeitar e dialogar com a sociedade para construir nossos caminhos.<\/p>\n<p>O Comit\u00ea Brasil em Defesa das Florestas e do Desenvolvimento Sustent\u00e1vel, criado pelas institui\u00e7\u00f5es abaixo assinadas, convoca a sociedade brasileira a se unir a esse desafio, contribuindo para a  promo\u00e7\u00e3o do debate e a apresenta\u00e7\u00e3o de propostas, de modo que o Senado tenha a seu alcance elementos para aprovar uma lei \u00e0 altura do Brasil.<\/p>\n<p>Bras\u00edlia, 7 de junho de 2011<\/p>\n<p>Ordem dos Advogados do Brasil (OAB)<br \/>\nConfer\u00eancia Nacional dos Bispos do Brasil (CNBB)<br \/>\nAssocia\u00e7\u00e3o Brasileira de Imprensa (ABI)<br \/>\nCentral \u00danica dos Trabalhadores (CUT)<br \/>\nForum de ex-ministros de meio ambiente<br \/>\nInstituto Ethos de Empresas e Responsabilidade Social,<br \/>\nMovimento SOS Florestas<br \/>\nVia Campesina<br \/>\nFedera\u00e7\u00e3o de Trabalhadores na Agricultura Familiar (Fetraf Brasil)<br \/>\nGrupo de Trabalho Amaz\u00f4nico (GTA)<br \/>\nComit\u00ea Intertribal da Rio+20<br \/>\nAssocia\u00e7\u00e3o Brasileira das ONGs (ABONG),<br \/>\nConselho Nacional das Igrejas Crist\u00e3s do Brasil (CONIC)<br \/>\nRede de Juventude Pelo Meio Ambiente (REJUMA)<br \/>\nMovimento Amaz\u00f4nia para Sempre<br \/>\nMovimento Humanos Direitos (MUDH)<br \/>\nInstituto Democracia e Sustentabiliade (IDS)<br \/>\nGreenpeace Brasil<br \/>\nInstituto Socioambiental (ISA)<br \/>\nMovimentos dos Trabalhadores Sem Terra (MST)<br \/>\nMovimento de Mulheres Camponesas (MMC)<br \/>\nMovimento dos Pequenos Agricultores (MPA)<br \/>\nMovimento dos Atingidos por Barragens (MAB)<br \/>\nAssocia\u00e7\u00e3o (Apremavi)<br \/>\nImaflora<br \/>\nInstituto Centro de Vida (ICV)<br \/>\nInstituto de Pesquisa Ambiental da Amaz\u00f4nia (IPAM)<br \/>\nWWF Brasil<br \/>\nSOS MATA ATL\u00c2NTICA<br \/>\nAssocia\u00e7\u00e3o Alternativa Terrazul<br \/>\nVitae Civilis<br \/>\nFedera\u00e7\u00e3o de \u00d3rg\u00e3os para a Assist\u00eancia Social e Educacional (FASE)<br \/>\nIBASE<br \/>\nSinpaf \u2013 Sindicato Nacional dos Trabalhadores de Pesquisa e Desenvolvimento Agropecu\u00e1rio<br \/>\nF\u00f3rum Nacional de Reforma Urbana<br \/>\nRede Ecum\u00eanica da Juventude (REJU)<br \/>\nInstituto Sociedade Popula\u00e7\u00e3o e Natureza (ISPN)<br \/>\nInstituto de Estudos Socioecon\u00f4micos (INESC)<br \/>\nSOS Clima Terra<br \/>\nMovimento Inova\u00e7\u00e3o Brasil (MIB)<br \/>\nInstituto Pol\u00edticas Alternativas para o Cone Sul (PACS)<\/p>\n<div id=\"themify_builder_content-14799\" data-postid=\"14799\" class=\"themify_builder_content themify_builder_content-14799 themify_builder themify_builder_front\">\n\t<\/div>\n<!-- \/themify_builder_content -->","protected":false},"excerpt":{"rendered":"<p>Por que tanta pol\u00eamica em torno da manuten\u00e7\u00e3o do que resta das nossas florestas? Ser\u00e1 poss\u00edvel que ambientalistas, cientistas, religiosos, empres\u00e1rios, representantes de comunidades, movimentos sociais e tantos cidad\u00e3os e cidad\u00e3s manifestem sua indigna\u00e7\u00e3o diante do texto do C\u00f3digo Florestal, aprovado pela C\u00e2mara dos Deputados, apenas por um suposto radicalismo ou desejo de conflito sem [&hellip;]<\/p>\n","protected":false},"author":5,"featured_media":0,"comment_status":"open","ping_status":"open","sticky":false,"template":"","format":"standard","meta":{"ngg_post_thumbnail":0,"footnotes":""},"categories":[8],"tags":[1955,1667,1956,1153,468],"yoast_head":"<!-- This site is optimized with the Yoast SEO plugin v23.5 - https:\/\/yoast.com\/wordpress\/plugins\/seo\/ -->\n<title>Manifesto do Comit\u00ea Brasil em Defesa das Florestas e do Desenvolvimento Sustent\u00e1vel do Brasil - O Arcanjo no ar<\/title>\n<meta name=\"robots\" content=\"index, follow, max-snippet:-1, max-image-preview:large, max-video-preview:-1\" \/>\n<link rel=\"canonical\" href=\"https:\/\/www.oarcanjo.net\/site\/manifesto-do-comite-brasil-em-defesa-das-florestas-e-do-desenvolvimento-sustentavel-do-brasil\/\" \/>\n<meta property=\"og:locale\" content=\"pt_BR\" \/>\n<meta property=\"og:type\" content=\"article\" \/>\n<meta property=\"og:title\" content=\"Manifesto do Comit\u00ea Brasil em Defesa das Florestas e do Desenvolvimento Sustent\u00e1vel do Brasil - O Arcanjo no ar\" \/>\n<meta property=\"og:description\" content=\"Por que tanta pol\u00eamica em torno da manuten\u00e7\u00e3o do que resta das nossas florestas? Ser\u00e1 poss\u00edvel que ambientalistas, cientistas, religiosos, empres\u00e1rios, representantes de comunidades, movimentos sociais e tantos cidad\u00e3os e cidad\u00e3s manifestem sua indigna\u00e7\u00e3o diante do texto do C\u00f3digo Florestal, aprovado pela C\u00e2mara dos Deputados, apenas por um suposto radicalismo ou desejo de conflito sem [&hellip;]\" \/>\n<meta property=\"og:url\" content=\"https:\/\/www.oarcanjo.net\/site\/manifesto-do-comite-brasil-em-defesa-das-florestas-e-do-desenvolvimento-sustentavel-do-brasil\/\" \/>\n<meta property=\"og:site_name\" content=\"O Arcanjo no ar\" \/>\n<meta property=\"article:publisher\" content=\"https:\/\/www.facebook.com\/OArcanjoNoAr\/\" \/>\n<meta property=\"article:published_time\" content=\"2011-06-09T02:50:46+00:00\" \/>\n<meta property=\"og:image\" content=\"https:\/\/www.oarcanjo.net\/site\/wp-content\/uploads\/logo-o-arcanjo-no-ar-facebook.png\" \/>\n\t<meta property=\"og:image:width\" content=\"300\" \/>\n\t<meta property=\"og:image:height\" content=\"300\" \/>\n\t<meta property=\"og:image:type\" content=\"image\/png\" \/>\n<meta name=\"author\" content=\"editor\" \/>\n<meta name=\"twitter:card\" content=\"summary_large_image\" \/>\n<meta name=\"twitter:label1\" content=\"Escrito por\" \/>\n\t<meta name=\"twitter:data1\" content=\"editor\" \/>\n\t<meta name=\"twitter:label2\" content=\"Est. tempo de leitura\" \/>\n\t<meta name=\"twitter:data2\" content=\"4 minutos\" \/>\n<script type=\"application\/ld+json\" class=\"yoast-schema-graph\">{\"@context\":\"https:\/\/schema.org\",\"@graph\":[{\"@type\":\"Article\",\"@id\":\"https:\/\/www.oarcanjo.net\/site\/manifesto-do-comite-brasil-em-defesa-das-florestas-e-do-desenvolvimento-sustentavel-do-brasil\/#article\",\"isPartOf\":{\"@id\":\"https:\/\/www.oarcanjo.net\/site\/manifesto-do-comite-brasil-em-defesa-das-florestas-e-do-desenvolvimento-sustentavel-do-brasil\/\"},\"author\":{\"name\":\"editor\",\"@id\":\"https:\/\/www.oarcanjo.net\/site\/#\/schema\/person\/f7024d007863202483a31326673a0838\"},\"headline\":\"Manifesto do Comit\u00ea Brasil em Defesa das Florestas e do Desenvolvimento Sustent\u00e1vel do Brasil\",\"datePublished\":\"2011-06-09T02:50:46+00:00\",\"dateModified\":\"2011-06-09T02:50:46+00:00\",\"mainEntityOfPage\":{\"@id\":\"https:\/\/www.oarcanjo.net\/site\/manifesto-do-comite-brasil-em-defesa-das-florestas-e-do-desenvolvimento-sustentavel-do-brasil\/\"},\"wordCount\":913,\"commentCount\":0,\"publisher\":{\"@id\":\"https:\/\/www.oarcanjo.net\/site\/#organization\"},\"keywords\":[\"ambientalistas\",\"C\u00f3digo Florestal\",\"floresta\",\"luta pela terra\",\"meio ambiente\"],\"articleSection\":[\"Not\u00edcias\"],\"inLanguage\":\"pt-BR\",\"potentialAction\":[{\"@type\":\"CommentAction\",\"name\":\"Comment\",\"target\":[\"https:\/\/www.oarcanjo.net\/site\/manifesto-do-comite-brasil-em-defesa-das-florestas-e-do-desenvolvimento-sustentavel-do-brasil\/#respond\"]}]},{\"@type\":\"WebPage\",\"@id\":\"https:\/\/www.oarcanjo.net\/site\/manifesto-do-comite-brasil-em-defesa-das-florestas-e-do-desenvolvimento-sustentavel-do-brasil\/\",\"url\":\"https:\/\/www.oarcanjo.net\/site\/manifesto-do-comite-brasil-em-defesa-das-florestas-e-do-desenvolvimento-sustentavel-do-brasil\/\",\"name\":\"Manifesto do Comit\u00ea Brasil em Defesa das Florestas e do Desenvolvimento Sustent\u00e1vel do Brasil - O Arcanjo no ar\",\"isPartOf\":{\"@id\":\"https:\/\/www.oarcanjo.net\/site\/#website\"},\"datePublished\":\"2011-06-09T02:50:46+00:00\",\"dateModified\":\"2011-06-09T02:50:46+00:00\",\"breadcrumb\":{\"@id\":\"https:\/\/www.oarcanjo.net\/site\/manifesto-do-comite-brasil-em-defesa-das-florestas-e-do-desenvolvimento-sustentavel-do-brasil\/#breadcrumb\"},\"inLanguage\":\"pt-BR\",\"potentialAction\":[{\"@type\":\"ReadAction\",\"target\":[\"https:\/\/www.oarcanjo.net\/site\/manifesto-do-comite-brasil-em-defesa-das-florestas-e-do-desenvolvimento-sustentavel-do-brasil\/\"]}]},{\"@type\":\"BreadcrumbList\",\"@id\":\"https:\/\/www.oarcanjo.net\/site\/manifesto-do-comite-brasil-em-defesa-das-florestas-e-do-desenvolvimento-sustentavel-do-brasil\/#breadcrumb\",\"itemListElement\":[{\"@type\":\"ListItem\",\"position\":1,\"name\":\"In\u00edcio\",\"item\":\"https:\/\/www.oarcanjo.net\/site\/\"},{\"@type\":\"ListItem\",\"position\":2,\"name\":\"Manifesto do Comit\u00ea Brasil em Defesa das Florestas e do Desenvolvimento Sustent\u00e1vel do Brasil\"}]},{\"@type\":\"WebSite\",\"@id\":\"https:\/\/www.oarcanjo.net\/site\/#website\",\"url\":\"https:\/\/www.oarcanjo.net\/site\/\",\"name\":\"O Arcanjo no ar\",\"description\":\"Site da Par\u00f3quia S\u00e3o Miguel Arcanjo (Arquidiocese de SP)\",\"publisher\":{\"@id\":\"https:\/\/www.oarcanjo.net\/site\/#organization\"},\"potentialAction\":[{\"@type\":\"SearchAction\",\"target\":{\"@type\":\"EntryPoint\",\"urlTemplate\":\"https:\/\/www.oarcanjo.net\/site\/?s={search_term_string}\"},\"query-input\":{\"@type\":\"PropertyValueSpecification\",\"valueRequired\":true,\"valueName\":\"search_term_string\"}}],\"inLanguage\":\"pt-BR\"},{\"@type\":\"Organization\",\"@id\":\"https:\/\/www.oarcanjo.net\/site\/#organization\",\"name\":\"Par\u00f3quia S\u00e3o Miguel Arcanjo\",\"url\":\"https:\/\/www.oarcanjo.net\/site\/\",\"logo\":{\"@type\":\"ImageObject\",\"inLanguage\":\"pt-BR\",\"@id\":\"https:\/\/www.oarcanjo.net\/site\/#\/schema\/logo\/image\/\",\"url\":\"https:\/\/www.oarcanjo.net\/site\/wp-content\/uploads\/LogoOArcanjo.png\",\"contentUrl\":\"https:\/\/www.oarcanjo.net\/site\/wp-content\/uploads\/LogoOArcanjo.png\",\"width\":319,\"height\":99,\"caption\":\"Par\u00f3quia S\u00e3o Miguel Arcanjo\"},\"image\":{\"@id\":\"https:\/\/www.oarcanjo.net\/site\/#\/schema\/logo\/image\/\"},\"sameAs\":[\"https:\/\/www.facebook.com\/OArcanjoNoAr\/\"]},{\"@type\":\"Person\",\"@id\":\"https:\/\/www.oarcanjo.net\/site\/#\/schema\/person\/f7024d007863202483a31326673a0838\",\"name\":\"editor\",\"sameAs\":[\"http:\/\/www.oarcanjo.net\"]}]}<\/script>\n<!-- \/ Yoast SEO plugin. -->","yoast_head_json":{"title":"Manifesto do Comit\u00ea Brasil em Defesa das Florestas e do Desenvolvimento Sustent\u00e1vel do Brasil - O Arcanjo no ar","robots":{"index":"index","follow":"follow","max-snippet":"max-snippet:-1","max-image-preview":"max-image-preview:large","max-video-preview":"max-video-preview:-1"},"canonical":"https:\/\/www.oarcanjo.net\/site\/manifesto-do-comite-brasil-em-defesa-das-florestas-e-do-desenvolvimento-sustentavel-do-brasil\/","og_locale":"pt_BR","og_type":"article","og_title":"Manifesto do Comit\u00ea Brasil em Defesa das Florestas e do Desenvolvimento Sustent\u00e1vel do Brasil - O Arcanjo no ar","og_description":"Por que tanta pol\u00eamica em torno da manuten\u00e7\u00e3o do que resta das nossas florestas? Ser\u00e1 poss\u00edvel que ambientalistas, cientistas, religiosos, empres\u00e1rios, representantes de comunidades, movimentos sociais e tantos cidad\u00e3os e cidad\u00e3s manifestem sua indigna\u00e7\u00e3o diante do texto do C\u00f3digo Florestal, aprovado pela C\u00e2mara dos Deputados, apenas por um suposto radicalismo ou desejo de conflito sem [&hellip;]","og_url":"https:\/\/www.oarcanjo.net\/site\/manifesto-do-comite-brasil-em-defesa-das-florestas-e-do-desenvolvimento-sustentavel-do-brasil\/","og_site_name":"O Arcanjo no ar","article_publisher":"https:\/\/www.facebook.com\/OArcanjoNoAr\/","article_published_time":"2011-06-09T02:50:46+00:00","og_image":[{"width":300,"height":300,"url":"https:\/\/www.oarcanjo.net\/site\/wp-content\/uploads\/logo-o-arcanjo-no-ar-facebook.png","type":"image\/png"}],"author":"editor","twitter_card":"summary_large_image","twitter_misc":{"Escrito por":"editor","Est. tempo de leitura":"4 minutos"},"schema":{"@context":"https:\/\/schema.org","@graph":[{"@type":"Article","@id":"https:\/\/www.oarcanjo.net\/site\/manifesto-do-comite-brasil-em-defesa-das-florestas-e-do-desenvolvimento-sustentavel-do-brasil\/#article","isPartOf":{"@id":"https:\/\/www.oarcanjo.net\/site\/manifesto-do-comite-brasil-em-defesa-das-florestas-e-do-desenvolvimento-sustentavel-do-brasil\/"},"author":{"name":"editor","@id":"https:\/\/www.oarcanjo.net\/site\/#\/schema\/person\/f7024d007863202483a31326673a0838"},"headline":"Manifesto do Comit\u00ea Brasil em Defesa das Florestas e do Desenvolvimento Sustent\u00e1vel do Brasil","datePublished":"2011-06-09T02:50:46+00:00","dateModified":"2011-06-09T02:50:46+00:00","mainEntityOfPage":{"@id":"https:\/\/www.oarcanjo.net\/site\/manifesto-do-comite-brasil-em-defesa-das-florestas-e-do-desenvolvimento-sustentavel-do-brasil\/"},"wordCount":913,"commentCount":0,"publisher":{"@id":"https:\/\/www.oarcanjo.net\/site\/#organization"},"keywords":["ambientalistas","C\u00f3digo Florestal","floresta","luta pela terra","meio ambiente"],"articleSection":["Not\u00edcias"],"inLanguage":"pt-BR","potentialAction":[{"@type":"CommentAction","name":"Comment","target":["https:\/\/www.oarcanjo.net\/site\/manifesto-do-comite-brasil-em-defesa-das-florestas-e-do-desenvolvimento-sustentavel-do-brasil\/#respond"]}]},{"@type":"WebPage","@id":"https:\/\/www.oarcanjo.net\/site\/manifesto-do-comite-brasil-em-defesa-das-florestas-e-do-desenvolvimento-sustentavel-do-brasil\/","url":"https:\/\/www.oarcanjo.net\/site\/manifesto-do-comite-brasil-em-defesa-das-florestas-e-do-desenvolvimento-sustentavel-do-brasil\/","name":"Manifesto do Comit\u00ea Brasil em Defesa das Florestas e do Desenvolvimento Sustent\u00e1vel do Brasil - O Arcanjo no ar","isPartOf":{"@id":"https:\/\/www.oarcanjo.net\/site\/#website"},"datePublished":"2011-06-09T02:50:46+00:00","dateModified":"2011-06-09T02:50:46+00:00","breadcrumb":{"@id":"https:\/\/www.oarcanjo.net\/site\/manifesto-do-comite-brasil-em-defesa-das-florestas-e-do-desenvolvimento-sustentavel-do-brasil\/#breadcrumb"},"inLanguage":"pt-BR","potentialAction":[{"@type":"ReadAction","target":["https:\/\/www.oarcanjo.net\/site\/manifesto-do-comite-brasil-em-defesa-das-florestas-e-do-desenvolvimento-sustentavel-do-brasil\/"]}]},{"@type":"BreadcrumbList","@id":"https:\/\/www.oarcanjo.net\/site\/manifesto-do-comite-brasil-em-defesa-das-florestas-e-do-desenvolvimento-sustentavel-do-brasil\/#breadcrumb","itemListElement":[{"@type":"ListItem","position":1,"name":"In\u00edcio","item":"https:\/\/www.oarcanjo.net\/site\/"},{"@type":"ListItem","position":2,"name":"Manifesto do Comit\u00ea Brasil em Defesa das Florestas e do Desenvolvimento Sustent\u00e1vel do Brasil"}]},{"@type":"WebSite","@id":"https:\/\/www.oarcanjo.net\/site\/#website","url":"https:\/\/www.oarcanjo.net\/site\/","name":"O Arcanjo no ar","description":"Site da Par\u00f3quia S\u00e3o Miguel Arcanjo (Arquidiocese de SP)","publisher":{"@id":"https:\/\/www.oarcanjo.net\/site\/#organization"},"potentialAction":[{"@type":"SearchAction","target":{"@type":"EntryPoint","urlTemplate":"https:\/\/www.oarcanjo.net\/site\/?s={search_term_string}"},"query-input":{"@type":"PropertyValueSpecification","valueRequired":true,"valueName":"search_term_string"}}],"inLanguage":"pt-BR"},{"@type":"Organization","@id":"https:\/\/www.oarcanjo.net\/site\/#organization","name":"Par\u00f3quia S\u00e3o Miguel Arcanjo","url":"https:\/\/www.oarcanjo.net\/site\/","logo":{"@type":"ImageObject","inLanguage":"pt-BR","@id":"https:\/\/www.oarcanjo.net\/site\/#\/schema\/logo\/image\/","url":"https:\/\/www.oarcanjo.net\/site\/wp-content\/uploads\/LogoOArcanjo.png","contentUrl":"https:\/\/www.oarcanjo.net\/site\/wp-content\/uploads\/LogoOArcanjo.png","width":319,"height":99,"caption":"Par\u00f3quia S\u00e3o Miguel Arcanjo"},"image":{"@id":"https:\/\/www.oarcanjo.net\/site\/#\/schema\/logo\/image\/"},"sameAs":["https:\/\/www.facebook.com\/OArcanjoNoAr\/"]},{"@type":"Person","@id":"https:\/\/www.oarcanjo.net\/site\/#\/schema\/person\/f7024d007863202483a31326673a0838","name":"editor","sameAs":["http:\/\/www.oarcanjo.net"]}]}},"publishpress_future_action":{"enabled":false,"date":"2026-05-07 10:07:59","action":"category","newStatus":"draft","terms":[],"taxonomy":"category"},"publishpress_future_workflow_manual_trigger":{"enabledWorkflows":[]},"_links":{"self":[{"href":"https:\/\/www.oarcanjo.net\/site\/wp-json\/wp\/v2\/posts\/14799"}],"collection":[{"href":"https:\/\/www.oarcanjo.net\/site\/wp-json\/wp\/v2\/posts"}],"about":[{"href":"https:\/\/www.oarcanjo.net\/site\/wp-json\/wp\/v2\/types\/post"}],"author":[{"embeddable":true,"href":"https:\/\/www.oarcanjo.net\/site\/wp-json\/wp\/v2\/users\/5"}],"replies":[{"embeddable":true,"href":"https:\/\/www.oarcanjo.net\/site\/wp-json\/wp\/v2\/comments?post=14799"}],"version-history":[{"count":0,"href":"https:\/\/www.oarcanjo.net\/site\/wp-json\/wp\/v2\/posts\/14799\/revisions"}],"wp:attachment":[{"href":"https:\/\/www.oarcanjo.net\/site\/wp-json\/wp\/v2\/media?parent=14799"}],"wp:term":[{"taxonomy":"category","embeddable":true,"href":"https:\/\/www.oarcanjo.net\/site\/wp-json\/wp\/v2\/categories?post=14799"},{"taxonomy":"post_tag","embeddable":true,"href":"https:\/\/www.oarcanjo.net\/site\/wp-json\/wp\/v2\/tags?post=14799"}],"curies":[{"name":"wp","href":"https:\/\/api.w.org\/{rel}","templated":true}]}}