
{"id":1486,"date":"2009-01-20T22:08:08","date_gmt":"2009-01-21T00:08:08","guid":{"rendered":"http:\/\/www.oarcanjo.net\/site\/?p=1486"},"modified":"2009-01-20T22:08:51","modified_gmt":"2009-01-21T00:08:51","slug":"agua-terra-e-teologia-para-outro-mundo-possivel","status":"publish","type":"post","link":"https:\/\/www.oarcanjo.net\/site\/agua-terra-e-teologia-para-outro-mundo-possivel\/","title":{"rendered":"\u00c1gua, terra e teologia para outro mundo poss\u00edvel"},"content":{"rendered":"<p>Claudemiro Godoy do Nascimento<\/p>\n<p>Com o tema &#8220;\u00c1gua, Terra e Teologia para outro Mundo poss\u00edvel&#8221; realizar-se-\u00e1 em Bel\u00e9m, estado do Par\u00e1, na Amaz\u00f4nia brasileira o III F\u00f3rum Mundial de Teologia e Liberta\u00e7\u00e3o, entre os dias 21 a 25 de janeiro. Este evento antecede a realiza\u00e7\u00e3o do F\u00f3rum Social Mundial que tamb\u00e9m se realizar\u00e1 em Bel\u00e9m de 27 de janeiro a 01 de fevereiro de 2009.<\/p>\n<p>Esperamos um momento de profunda reflex\u00e3o e trocas de experi\u00eancias sobre o papel da Teologia da Liberta\u00e7\u00e3o no s\u00e9culo XXI. A tem\u00e1tica indica-nos que o evento ter\u00e1 como eixo norteador a quest\u00e3o ecol\u00f3gica e as perspectivas de outro mundo poss\u00edvel, sustent\u00e1vel e que afirme a soberania dos povos. A \u00e1gua e a terra se tornam lugares teol\u00f3gicos de reflex\u00e3o e de constru\u00e7\u00e3o de alternativas que venham superar a l\u00f3gica desenvolvimentista irracional com seu mito do progresso que se encontra a servi\u00e7o do deus capital. Portanto, nestes dias, mais de 400 pessoas do mundo todo estar\u00e3o reunidas em torno de um \u00fanico objetivo: fazer a utopia necess\u00e1ria de outro mundo que possibilite o respeito com a vida amea\u00e7ada no planeta devido \u00e0 gan\u00e2ncia da humanidade que aprendeu a destruir em nome do crescimento econ\u00f4mico irrespons\u00e1vel.<\/p>\n<p>Com seu car\u00e1ter interdisciplinar, muitas atividades est\u00e3o programadas, a saber: confer\u00eancias, plen\u00e1rias, oficinas, comunica\u00e7\u00f5es, rituais matutinos, celebra\u00e7\u00f5es e confraterniza\u00e7\u00f5es, visitas a projetos de desenvolvimento e pastorais em contexto de vulnerabilidade, caf\u00e9 teol\u00f3gico e o painel de encerramento. Todas essas atividades estar\u00e3o sendo realizadas com o intuito de promover a intera\u00e7\u00e3o dos participantes em diversos espa\u00e7os de constru\u00e7\u00e3o desse mundo, tendo como eixo teol\u00f3gico: a \u00e1gua e a terra. Dentre os rituais matutinos, ter-se-\u00e1 tr\u00eas momentos: o ritual da \u00e1gua, o ritual da terra e o ritual do corpo.<\/p>\n<p>Ser\u00e3o tr\u00eas confer\u00eancias que ter\u00e3o como fun\u00e7\u00e3o apresentar teologicamente o tema geral sob v\u00e1rios \u00e2ngulos de an\u00e1lise, considerando os aspectos regionais da Amaz\u00f4nia como lugar socioespacial de import\u00e2ncia planet\u00e1ria para o futuro do planeta. S\u00e3o elas: a primeira, com o te\u00f3logo Leonardo Boff (Brasil) que ir\u00e1 abordar o tema &#8220;\u00c1gua, Terra, Teologia: rumo a um paradigma ecol\u00f3gico&#8221;; a segunda, com Emilie Townes (Estados Unidos) e Steve DeGruchy (\u00c1frica do Sul) que abordar\u00e3o o tema &#8220;Espiritualidade e \u00c9tica na Agenda da Sustentabilidade&#8221;; a terceira, com Chung Hyun Kyung (Estados Unidos), Mary Hunt (Estados Unidos) e Michel Dubois (Fran\u00e7a) com o tema &#8220;Dimens\u00e3o Eco-Teol\u00f3gica da corporalidade&#8221;. Al\u00e9m dessas tr\u00eas confer\u00eancias, uma quarta merece especial aten\u00e7\u00e3o. Trata-se da Confer\u00eancia com a Senadora Marina Silva que abordar\u00e1 o tema &#8220;A vida no Planeta desde a Amaz\u00f4nia&#8221; e como debatedor o te\u00f3logo Leonardo Boff. Por fim, uma quinta confer\u00eancia chamada pelos organizadores de p\u00fablica que ser\u00e1 com Patrick Viveret (Fran\u00e7a) com o tema &#8220;Futuro da Terra&#8221;.<br \/>\nOutros dois momentos importantes dar-se-\u00e1 com a realiza\u00e7\u00e3o das Oficinas e com as Comunica\u00e7\u00f5es que est\u00e3o organizadas a partir de 11 eixos tem\u00e1ticos, a saber: 1) Religi\u00f5es, ecumenismo e di\u00e1logo inter-religioso; 2) Culturas, etnias e teologia; 3) Pol\u00edtica, economia e teologia; 4) Direitos Humanos, democracia e teologia; 5) Paz, alternativa \u00e0 viol\u00eancia e teologia; 6) Textos sagrados e teologia; 7) Ecologia, corporeidade e teologia; 8 ) G\u00eanero, feminismos e teologia; 9) Op\u00e7\u00e3o pelos pobres e teologia; 10) Arte, comunica\u00e7\u00e3o e teologia; 11) Novas Tecnologias e Teologia. Tanto oficinas como as comunica\u00e7\u00f5es possuem os mesmos eixos tem\u00e1ticos.<\/p>\n<p>Algumas tem\u00e1ticas que ser\u00e3o abordadas nas oficinas nos chamam a aten\u00e7\u00e3o. Destaco em primeiro lugar, a oficina que ser\u00e1 coordenada por Daniela Cordovil (UEPA) sobre &#8220;Pluralismo religioso na Amaz\u00f4nia: di\u00e1logos entre cultos de origem africana, pajelan\u00e7a, catolicismo e pentecostalismo&#8221; (Eixo 1). A quest\u00e3o da crise financeira tamb\u00e9m ser\u00e1 abordada com profundidade por Vitor Galdino Feller e Klaus da Silva Raupp, ambos do ITESC, sobre &#8220;Verdades e mitos sobre o deus capital: reflex\u00f5es a partir da crise financeira de 2008&#8221; (Eixo 3). Chamou-nos a aten\u00e7\u00e3o tamb\u00e9m a oficina que ser\u00e1 desenvolvida por Luc\u00ed Faria Pinheiro (UFF) sobre as &#8220;Estrat\u00e9gias dos movimentos sociais em face \u00e0 conjuntura neoliberal. O MST e o Cristianismo da Liberta\u00e7\u00e3o&#8221; (Eixo 7) que tamb\u00e9m apresentar\u00e1 o mesmo tema na sess\u00e3o de comunica\u00e7\u00f5es.<\/p>\n<p>As comunica\u00e7\u00f5es ser\u00e1 um momento importante tamb\u00e9m para que se conhe\u00e7am os estudos teol\u00f3gicos e interdisciplinares que est\u00e3o sendo produzidos na academia ou fora dela, at\u00e9 mesmo, nos pr\u00f3prios movimentos sociais. No primeiro momento, chamou-me a aten\u00e7\u00e3o o trabalho que ser\u00e1 abordado por Antonio Carlos Teles da Silva com o tema: &#8220;Uma Teologia das \u00c1guas Amaz\u00f4nicas&#8221;, bem como &#8220;Identidade Quilombola e Territ\u00f3rio&#8221; que ser\u00e1 apresentado por Maria Albenize Farias Malcher, ambos os trabalhos inseridos no Eixo 2. No eixo 3, destaco o trabalho de Geraldo Ant\u00f4nio da Rosa sobre &#8220;Contestado: movimento social e seu desdobramento na atual situa\u00e7\u00e3o educacional da regi\u00e3o&#8221;, um resgate hist\u00f3rico importante do ponto de vista da educa\u00e7\u00e3o que poder\u00e1 nos ajudar a compreender melhor este importante movimento messi\u00e2nico do campo. Mayra Cristina Faro e Francisca Glena Barbosa ir\u00e3o abordar a seguinte tem\u00e1tica &#8220;Natureza Sagrada: a ecoespiritualidade na sociedade atual&#8221; (Eixo 7). E a mesma Mayra Cristina Faro abordar\u00e1 um tema novo e que me causa muita expectativa, agora no eixo 8 com o seguinte tema: &#8220;Mist\u00e9rios de Patu-Anu: um estudo sobre a pajelan\u00e7a e as mulheres paj\u00e9s em Soure (Ilha do Maraj\u00f3)&#8221;. No eixo 9, Jairo Cardoso da Costa nos brindar\u00e1 com uma tem\u00e1tica pedagogicamente sempre atual, com o tema: &#8220;A Pedagogia do Oprimido e a Teologia da Liberta\u00e7\u00e3o: as contribui\u00e7\u00f5es de Paulo Freire e Leonardo Boff&#8221; e no eixo 10 abordar\u00e1 &#8220;O conceito de Pedagogia e Teologia em Comenius&#8221;; Tamb\u00e9m no mesmo eixo, Leon\u00edzia Izabel da Silva abordar\u00e1 sobre as &#8220;CEBs, teimosia e resist\u00eancia no contexto eclesial e social&#8221;.<\/p>\n<p>Irei abordar uma comunica\u00e7\u00e3o no eixo 9 com o seguinte tema: &#8220;Emancipa\u00e7\u00e3o e Liberta\u00e7\u00e3o: a op\u00e7\u00e3o pelos pobres em tempos de p\u00f3s-neoliberalismo&#8221; onde buscamos Queremos refletir acerca da dial\u00e9tica emancipa\u00e7\u00e3o-liberta\u00e7\u00e3o em tempos de p\u00f3s-neoliberalismo. Emancipar para libertar e libertar para emancipar \u00e0 luz da op\u00e7\u00e3o preferencial pelos pobres hoje \u00e9 tema de ecologia. A teologia da liberta\u00e7\u00e3o se torna a fundamenta\u00e7\u00e3o epistemol\u00f3gica para militantes dos movimentos sociais organizados. Neste sentido, como emancipar e libertar na perspectiva de outro mundo poss\u00edvel? Como pensar a irrup\u00e7\u00e3o dos pobres hoje diante da l\u00f3gica do capital em crise? As experi\u00eancias s\u00e3o locais e globais. Por isso, queremos possibilitar uma reflex\u00e3o s\u00f3cio-educativa de tr\u00eas segmentos da sociedade civil, a saber: trabalhadores rurais, quilombolas e ind\u00edgenas localizados no Estado do Tocantins que ousam em continuar a teimosia evang\u00e9lica de liberta\u00e7\u00e3o e emancipa\u00e7\u00e3o.<\/p>\n<p>Apontamos de forma subjetiva algumas tem\u00e1ticas de oficinas e comunica\u00e7\u00f5es, mas outras ser\u00e3o abordadas com suas import\u00e2ncias e riquezas. Al\u00e9m disso, o espa\u00e7o do caf\u00e9 teol\u00f3gico, as celebra\u00e7\u00f5es e confraterniza\u00e7\u00f5es possibilitar\u00e3o o encontros dos sujeitos participantes que buscam tamb\u00e9m momentos de m\u00edstica para que possamos nos animar na caminhada dura e \u00e1rdua em defesa da \u00c1gua, da Terra e da constru\u00e7\u00e3o desse mundo poss\u00edvel a todos e todas.<\/p>\n<div id=\"themify_builder_content-1486\" data-postid=\"1486\" class=\"themify_builder_content themify_builder_content-1486 themify_builder themify_builder_front\">\n\t<\/div>\n<!-- \/themify_builder_content -->","protected":false},"excerpt":{"rendered":"<p>Claudemiro Godoy do Nascimento Com o tema &#8220;\u00c1gua, Terra e Teologia para outro Mundo poss\u00edvel&#8221; realizar-se-\u00e1 em Bel\u00e9m, estado do Par\u00e1, na Amaz\u00f4nia brasileira o III F\u00f3rum Mundial de Teologia e Liberta\u00e7\u00e3o, entre os dias 21 a 25 de janeiro. Este evento antecede a realiza\u00e7\u00e3o do F\u00f3rum Social Mundial que tamb\u00e9m se realizar\u00e1 em Bel\u00e9m [&hellip;]<\/p>\n","protected":false},"author":2,"featured_media":0,"comment_status":"open","ping_status":"open","sticky":false,"template":"","format":"standard","meta":{"ngg_post_thumbnail":0,"footnotes":""},"categories":[8],"tags":[105,104,77],"yoast_head":"<!-- This site is optimized with the Yoast SEO plugin v23.5 - https:\/\/yoast.com\/wordpress\/plugins\/seo\/ -->\n<title>\u00c1gua, terra e teologia para outro mundo poss\u00edvel - O Arcanjo no ar<\/title>\n<meta name=\"robots\" content=\"index, follow, max-snippet:-1, max-image-preview:large, max-video-preview:-1\" \/>\n<link rel=\"canonical\" href=\"https:\/\/www.oarcanjo.net\/site\/agua-terra-e-teologia-para-outro-mundo-possivel\/\" \/>\n<meta property=\"og:locale\" content=\"pt_BR\" \/>\n<meta property=\"og:type\" content=\"article\" \/>\n<meta property=\"og:title\" content=\"\u00c1gua, terra e teologia para outro mundo poss\u00edvel - O Arcanjo no ar\" \/>\n<meta property=\"og:description\" content=\"Claudemiro Godoy do Nascimento Com o tema &#8220;\u00c1gua, Terra e Teologia para outro Mundo poss\u00edvel&#8221; realizar-se-\u00e1 em Bel\u00e9m, estado do Par\u00e1, na Amaz\u00f4nia brasileira o III F\u00f3rum Mundial de Teologia e Liberta\u00e7\u00e3o, entre os dias 21 a 25 de janeiro. Este evento antecede a realiza\u00e7\u00e3o do F\u00f3rum Social Mundial que tamb\u00e9m se realizar\u00e1 em Bel\u00e9m [&hellip;]\" \/>\n<meta property=\"og:url\" content=\"https:\/\/www.oarcanjo.net\/site\/agua-terra-e-teologia-para-outro-mundo-possivel\/\" \/>\n<meta property=\"og:site_name\" content=\"O Arcanjo no ar\" \/>\n<meta property=\"article:publisher\" content=\"https:\/\/www.facebook.com\/OArcanjoNoAr\/\" \/>\n<meta property=\"article:published_time\" content=\"2009-01-21T00:08:08+00:00\" \/>\n<meta property=\"article:modified_time\" content=\"2009-01-21T00:08:51+00:00\" \/>\n<meta property=\"og:image\" content=\"https:\/\/www.oarcanjo.net\/site\/wp-content\/uploads\/logo-o-arcanjo-no-ar-facebook.png\" \/>\n\t<meta property=\"og:image:width\" content=\"300\" \/>\n\t<meta property=\"og:image:height\" content=\"300\" \/>\n\t<meta property=\"og:image:type\" content=\"image\/png\" \/>\n<meta name=\"author\" content=\"rubens.meyer\" \/>\n<meta name=\"twitter:card\" content=\"summary_large_image\" \/>\n<meta name=\"twitter:label1\" content=\"Escrito por\" \/>\n\t<meta name=\"twitter:data1\" content=\"rubens.meyer\" \/>\n\t<meta name=\"twitter:label2\" content=\"Est. tempo de leitura\" \/>\n\t<meta name=\"twitter:data2\" content=\"6 minutos\" \/>\n<script type=\"application\/ld+json\" class=\"yoast-schema-graph\">{\"@context\":\"https:\/\/schema.org\",\"@graph\":[{\"@type\":\"Article\",\"@id\":\"https:\/\/www.oarcanjo.net\/site\/agua-terra-e-teologia-para-outro-mundo-possivel\/#article\",\"isPartOf\":{\"@id\":\"https:\/\/www.oarcanjo.net\/site\/agua-terra-e-teologia-para-outro-mundo-possivel\/\"},\"author\":{\"name\":\"rubens.meyer\",\"@id\":\"https:\/\/www.oarcanjo.net\/site\/#\/schema\/person\/8f702af457b0cfb4ac1a7228ee23f026\"},\"headline\":\"\u00c1gua, terra e teologia para outro mundo poss\u00edvel\",\"datePublished\":\"2009-01-21T00:08:08+00:00\",\"dateModified\":\"2009-01-21T00:08:51+00:00\",\"mainEntityOfPage\":{\"@id\":\"https:\/\/www.oarcanjo.net\/site\/agua-terra-e-teologia-para-outro-mundo-possivel\/\"},\"wordCount\":1265,\"commentCount\":0,\"publisher\":{\"@id\":\"https:\/\/www.oarcanjo.net\/site\/#organization\"},\"keywords\":[\"ambiente\",\"ecologia\",\"teologia\"],\"articleSection\":[\"Not\u00edcias\"],\"inLanguage\":\"pt-BR\",\"potentialAction\":[{\"@type\":\"CommentAction\",\"name\":\"Comment\",\"target\":[\"https:\/\/www.oarcanjo.net\/site\/agua-terra-e-teologia-para-outro-mundo-possivel\/#respond\"]}]},{\"@type\":\"WebPage\",\"@id\":\"https:\/\/www.oarcanjo.net\/site\/agua-terra-e-teologia-para-outro-mundo-possivel\/\",\"url\":\"https:\/\/www.oarcanjo.net\/site\/agua-terra-e-teologia-para-outro-mundo-possivel\/\",\"name\":\"\u00c1gua, terra e teologia para outro mundo poss\u00edvel - O Arcanjo no ar\",\"isPartOf\":{\"@id\":\"https:\/\/www.oarcanjo.net\/site\/#website\"},\"datePublished\":\"2009-01-21T00:08:08+00:00\",\"dateModified\":\"2009-01-21T00:08:51+00:00\",\"breadcrumb\":{\"@id\":\"https:\/\/www.oarcanjo.net\/site\/agua-terra-e-teologia-para-outro-mundo-possivel\/#breadcrumb\"},\"inLanguage\":\"pt-BR\",\"potentialAction\":[{\"@type\":\"ReadAction\",\"target\":[\"https:\/\/www.oarcanjo.net\/site\/agua-terra-e-teologia-para-outro-mundo-possivel\/\"]}]},{\"@type\":\"BreadcrumbList\",\"@id\":\"https:\/\/www.oarcanjo.net\/site\/agua-terra-e-teologia-para-outro-mundo-possivel\/#breadcrumb\",\"itemListElement\":[{\"@type\":\"ListItem\",\"position\":1,\"name\":\"In\u00edcio\",\"item\":\"https:\/\/www.oarcanjo.net\/site\/\"},{\"@type\":\"ListItem\",\"position\":2,\"name\":\"\u00c1gua, terra e teologia para outro mundo poss\u00edvel\"}]},{\"@type\":\"WebSite\",\"@id\":\"https:\/\/www.oarcanjo.net\/site\/#website\",\"url\":\"https:\/\/www.oarcanjo.net\/site\/\",\"name\":\"O Arcanjo no ar\",\"description\":\"Site da Par\u00f3quia S\u00e3o Miguel Arcanjo (Arquidiocese de SP)\",\"publisher\":{\"@id\":\"https:\/\/www.oarcanjo.net\/site\/#organization\"},\"potentialAction\":[{\"@type\":\"SearchAction\",\"target\":{\"@type\":\"EntryPoint\",\"urlTemplate\":\"https:\/\/www.oarcanjo.net\/site\/?s={search_term_string}\"},\"query-input\":{\"@type\":\"PropertyValueSpecification\",\"valueRequired\":true,\"valueName\":\"search_term_string\"}}],\"inLanguage\":\"pt-BR\"},{\"@type\":\"Organization\",\"@id\":\"https:\/\/www.oarcanjo.net\/site\/#organization\",\"name\":\"Par\u00f3quia S\u00e3o Miguel Arcanjo\",\"url\":\"https:\/\/www.oarcanjo.net\/site\/\",\"logo\":{\"@type\":\"ImageObject\",\"inLanguage\":\"pt-BR\",\"@id\":\"https:\/\/www.oarcanjo.net\/site\/#\/schema\/logo\/image\/\",\"url\":\"https:\/\/www.oarcanjo.net\/site\/wp-content\/uploads\/LogoOArcanjo.png\",\"contentUrl\":\"https:\/\/www.oarcanjo.net\/site\/wp-content\/uploads\/LogoOArcanjo.png\",\"width\":319,\"height\":99,\"caption\":\"Par\u00f3quia S\u00e3o Miguel Arcanjo\"},\"image\":{\"@id\":\"https:\/\/www.oarcanjo.net\/site\/#\/schema\/logo\/image\/\"},\"sameAs\":[\"https:\/\/www.facebook.com\/OArcanjoNoAr\/\"]},{\"@type\":\"Person\",\"@id\":\"https:\/\/www.oarcanjo.net\/site\/#\/schema\/person\/8f702af457b0cfb4ac1a7228ee23f026\",\"name\":\"rubens.meyer\"}]}<\/script>\n<!-- \/ Yoast SEO plugin. -->","yoast_head_json":{"title":"\u00c1gua, terra e teologia para outro mundo poss\u00edvel - O Arcanjo no ar","robots":{"index":"index","follow":"follow","max-snippet":"max-snippet:-1","max-image-preview":"max-image-preview:large","max-video-preview":"max-video-preview:-1"},"canonical":"https:\/\/www.oarcanjo.net\/site\/agua-terra-e-teologia-para-outro-mundo-possivel\/","og_locale":"pt_BR","og_type":"article","og_title":"\u00c1gua, terra e teologia para outro mundo poss\u00edvel - O Arcanjo no ar","og_description":"Claudemiro Godoy do Nascimento Com o tema &#8220;\u00c1gua, Terra e Teologia para outro Mundo poss\u00edvel&#8221; realizar-se-\u00e1 em Bel\u00e9m, estado do Par\u00e1, na Amaz\u00f4nia brasileira o III F\u00f3rum Mundial de Teologia e Liberta\u00e7\u00e3o, entre os dias 21 a 25 de janeiro. Este evento antecede a realiza\u00e7\u00e3o do F\u00f3rum Social Mundial que tamb\u00e9m se realizar\u00e1 em Bel\u00e9m [&hellip;]","og_url":"https:\/\/www.oarcanjo.net\/site\/agua-terra-e-teologia-para-outro-mundo-possivel\/","og_site_name":"O Arcanjo no ar","article_publisher":"https:\/\/www.facebook.com\/OArcanjoNoAr\/","article_published_time":"2009-01-21T00:08:08+00:00","article_modified_time":"2009-01-21T00:08:51+00:00","og_image":[{"width":300,"height":300,"url":"https:\/\/www.oarcanjo.net\/site\/wp-content\/uploads\/logo-o-arcanjo-no-ar-facebook.png","type":"image\/png"}],"author":"rubens.meyer","twitter_card":"summary_large_image","twitter_misc":{"Escrito por":"rubens.meyer","Est. tempo de leitura":"6 minutos"},"schema":{"@context":"https:\/\/schema.org","@graph":[{"@type":"Article","@id":"https:\/\/www.oarcanjo.net\/site\/agua-terra-e-teologia-para-outro-mundo-possivel\/#article","isPartOf":{"@id":"https:\/\/www.oarcanjo.net\/site\/agua-terra-e-teologia-para-outro-mundo-possivel\/"},"author":{"name":"rubens.meyer","@id":"https:\/\/www.oarcanjo.net\/site\/#\/schema\/person\/8f702af457b0cfb4ac1a7228ee23f026"},"headline":"\u00c1gua, terra e teologia para outro mundo poss\u00edvel","datePublished":"2009-01-21T00:08:08+00:00","dateModified":"2009-01-21T00:08:51+00:00","mainEntityOfPage":{"@id":"https:\/\/www.oarcanjo.net\/site\/agua-terra-e-teologia-para-outro-mundo-possivel\/"},"wordCount":1265,"commentCount":0,"publisher":{"@id":"https:\/\/www.oarcanjo.net\/site\/#organization"},"keywords":["ambiente","ecologia","teologia"],"articleSection":["Not\u00edcias"],"inLanguage":"pt-BR","potentialAction":[{"@type":"CommentAction","name":"Comment","target":["https:\/\/www.oarcanjo.net\/site\/agua-terra-e-teologia-para-outro-mundo-possivel\/#respond"]}]},{"@type":"WebPage","@id":"https:\/\/www.oarcanjo.net\/site\/agua-terra-e-teologia-para-outro-mundo-possivel\/","url":"https:\/\/www.oarcanjo.net\/site\/agua-terra-e-teologia-para-outro-mundo-possivel\/","name":"\u00c1gua, terra e teologia para outro mundo poss\u00edvel - O Arcanjo no ar","isPartOf":{"@id":"https:\/\/www.oarcanjo.net\/site\/#website"},"datePublished":"2009-01-21T00:08:08+00:00","dateModified":"2009-01-21T00:08:51+00:00","breadcrumb":{"@id":"https:\/\/www.oarcanjo.net\/site\/agua-terra-e-teologia-para-outro-mundo-possivel\/#breadcrumb"},"inLanguage":"pt-BR","potentialAction":[{"@type":"ReadAction","target":["https:\/\/www.oarcanjo.net\/site\/agua-terra-e-teologia-para-outro-mundo-possivel\/"]}]},{"@type":"BreadcrumbList","@id":"https:\/\/www.oarcanjo.net\/site\/agua-terra-e-teologia-para-outro-mundo-possivel\/#breadcrumb","itemListElement":[{"@type":"ListItem","position":1,"name":"In\u00edcio","item":"https:\/\/www.oarcanjo.net\/site\/"},{"@type":"ListItem","position":2,"name":"\u00c1gua, terra e teologia para outro mundo poss\u00edvel"}]},{"@type":"WebSite","@id":"https:\/\/www.oarcanjo.net\/site\/#website","url":"https:\/\/www.oarcanjo.net\/site\/","name":"O Arcanjo no ar","description":"Site da Par\u00f3quia S\u00e3o Miguel Arcanjo (Arquidiocese de SP)","publisher":{"@id":"https:\/\/www.oarcanjo.net\/site\/#organization"},"potentialAction":[{"@type":"SearchAction","target":{"@type":"EntryPoint","urlTemplate":"https:\/\/www.oarcanjo.net\/site\/?s={search_term_string}"},"query-input":{"@type":"PropertyValueSpecification","valueRequired":true,"valueName":"search_term_string"}}],"inLanguage":"pt-BR"},{"@type":"Organization","@id":"https:\/\/www.oarcanjo.net\/site\/#organization","name":"Par\u00f3quia S\u00e3o Miguel Arcanjo","url":"https:\/\/www.oarcanjo.net\/site\/","logo":{"@type":"ImageObject","inLanguage":"pt-BR","@id":"https:\/\/www.oarcanjo.net\/site\/#\/schema\/logo\/image\/","url":"https:\/\/www.oarcanjo.net\/site\/wp-content\/uploads\/LogoOArcanjo.png","contentUrl":"https:\/\/www.oarcanjo.net\/site\/wp-content\/uploads\/LogoOArcanjo.png","width":319,"height":99,"caption":"Par\u00f3quia S\u00e3o Miguel Arcanjo"},"image":{"@id":"https:\/\/www.oarcanjo.net\/site\/#\/schema\/logo\/image\/"},"sameAs":["https:\/\/www.facebook.com\/OArcanjoNoAr\/"]},{"@type":"Person","@id":"https:\/\/www.oarcanjo.net\/site\/#\/schema\/person\/8f702af457b0cfb4ac1a7228ee23f026","name":"rubens.meyer"}]}},"publishpress_future_action":{"enabled":false,"date":"2026-05-08 18:11:18","action":"category","newStatus":"draft","terms":[],"taxonomy":"category"},"publishpress_future_workflow_manual_trigger":{"enabledWorkflows":[]},"_links":{"self":[{"href":"https:\/\/www.oarcanjo.net\/site\/wp-json\/wp\/v2\/posts\/1486"}],"collection":[{"href":"https:\/\/www.oarcanjo.net\/site\/wp-json\/wp\/v2\/posts"}],"about":[{"href":"https:\/\/www.oarcanjo.net\/site\/wp-json\/wp\/v2\/types\/post"}],"author":[{"embeddable":true,"href":"https:\/\/www.oarcanjo.net\/site\/wp-json\/wp\/v2\/users\/2"}],"replies":[{"embeddable":true,"href":"https:\/\/www.oarcanjo.net\/site\/wp-json\/wp\/v2\/comments?post=1486"}],"version-history":[{"count":0,"href":"https:\/\/www.oarcanjo.net\/site\/wp-json\/wp\/v2\/posts\/1486\/revisions"}],"wp:attachment":[{"href":"https:\/\/www.oarcanjo.net\/site\/wp-json\/wp\/v2\/media?parent=1486"}],"wp:term":[{"taxonomy":"category","embeddable":true,"href":"https:\/\/www.oarcanjo.net\/site\/wp-json\/wp\/v2\/categories?post=1486"},{"taxonomy":"post_tag","embeddable":true,"href":"https:\/\/www.oarcanjo.net\/site\/wp-json\/wp\/v2\/tags?post=1486"}],"curies":[{"name":"wp","href":"https:\/\/api.w.org\/{rel}","templated":true}]}}