
{"id":14875,"date":"2011-06-21T21:09:52","date_gmt":"2011-06-22T00:09:52","guid":{"rendered":"http:\/\/www.oarcanjo.net\/site\/?p=14875"},"modified":"2011-06-28T01:04:15","modified_gmt":"2011-06-28T04:04:15","slug":"a-festa-junina-de-2011-foi-um-sucesso","status":"publish","type":"post","link":"https:\/\/www.oarcanjo.net\/site\/a-festa-junina-de-2011-foi-um-sucesso\/","title":{"rendered":"A Festa Junina de 2011 foi um sucesso"},"content":{"rendered":"<p>O sucesso da festa junina de 2011 da Par\u00f3quia S\u00e3o Miguel Arcanjo certamente n\u00e3o pode ser medido por n\u00fameros, mas sim pela alegria das pessoas, pela participa\u00e7\u00e3o, pelo voluntariado. Servi\u00e7o, doa\u00e7\u00e3o, carinho, lembran\u00e7as, sorrisos, comunh\u00e3o, amor, participa\u00e7\u00e3o. Brincadeiras, doces, salgados, roupas de beb\u00ea, m\u00fasicas, dan\u00e7a. Lembran\u00e7as e atualidades. Muito mais. Tudo num s\u00e1bado e domingo. Festa Junina tamb\u00e9m com os moradores dos novos pr\u00e9dios.<\/p>\n<p>Agradecimentos. H\u00e1 uma lista enorme,\u00a0 dos an\u00f4nimos, passando pela Prefeitura de S\u00e3o Paulo, Subprefeitura da Mooca,\u00a0 SP TURIS, Universidade S\u00e3o Judas Tadeu,\u00a0 m\u00fasicos, comerciantes e at\u00e9 o\u00a0 S\u00e3o Crist\u00f3v\u00e3o Sa\u00fade.<\/p>\n<p style=\"text-align: justify;\">Se os an\u00f4nimos e os volunt\u00e1rios merecem destaque, os m\u00fasicos j\u00e1 se destacam naturalmente pelo seu talento, que nesta festa junina emprestaram a toda Comunidade. Foi muito bom ouvir\u00a0a Banda B\u00e1lsamo, os Beatles Cover, Carlos Pitty, Bianca e Marcelo Villa, Coral Arsenal da Esperan\u00e7a,\u00a0Pik Massaru, Paulo Nascimento, Ricardo Ferrara, Fl\u00e1vio &amp; Thiago. Tamb\u00e9m\u00a0o Alessandro e a Liliana do nosso Grupo de Canto. O\u00a0Carlos Pitty, juntamente com a Carla e a Miriam\u00a0fizeram as honras\u00a0apresentando\u00a0esses\u00a0m\u00fasicos\u00a0t\u00e3o brilhantes.\u00a0<\/p>\n<p style=\"text-align: justify;\">No pr\u00f3ximo post vamos nominar mais\u00a0 colaboradores e trazer outros detalhes da festa, com mais fotos e informa\u00e7\u00f5es.<\/p>\n<p style=\"text-align: justify;\">A Rua Sapucaia ficou pequena, j\u00e1 que tinha muita gente e vieram novos moradores dos pr\u00e9dios do entorno. Filas nas barracas, mas o mais importante, a feliz conviv\u00eancia de dois dias maravilhosos e Santo Antonio, S\u00e3o Jo\u00e3o e S\u00e3o Pedro bem comemorados.<\/p>\n<p style=\"text-align: justify;\">Aqui vamos postar alguns momentos da Festa Junina (fotos e texto por Carlos Alberto Beatriz)<\/p>\nngg_shortcode_0_placeholder\n<div id=\"themify_builder_content-14875\" data-postid=\"14875\" class=\"themify_builder_content themify_builder_content-14875 themify_builder themify_builder_front\">\n\t<\/div>\n<!-- \/themify_builder_content -->","protected":false},"excerpt":{"rendered":"<p>O sucesso da festa junina de 2011 da Par\u00f3quia S\u00e3o Miguel Arcanjo certamente n\u00e3o pode ser medido por n\u00fameros, mas sim pela alegria das pessoas, pela participa\u00e7\u00e3o, pelo voluntariado. Servi\u00e7o, doa\u00e7\u00e3o, carinho, lembran\u00e7as, sorrisos, comunh\u00e3o, amor, participa\u00e7\u00e3o. Brincadeiras, doces, salgados, roupas de beb\u00ea, m\u00fasicas, dan\u00e7a. Lembran\u00e7as e atualidades. Muito mais. Tudo num s\u00e1bado e domingo. [&hellip;]<\/p>\n","protected":false},"author":10,"featured_media":0,"comment_status":"open","ping_status":"open","sticky":false,"template":"","format":"standard","meta":{"ngg_post_thumbnail":0,"footnotes":""},"categories":[3,8,7],"tags":[1962,1961,1953,1965,1963,1964],"yoast_head":"<!-- This site is optimized with the Yoast SEO plugin v23.5 - https:\/\/yoast.com\/wordpress\/plugins\/seo\/ -->\n<title>A Festa Junina de 2011 foi um sucesso - O Arcanjo no ar<\/title>\n<meta name=\"robots\" content=\"index, follow, max-snippet:-1, max-image-preview:large, max-video-preview:-1\" \/>\n<link rel=\"canonical\" href=\"https:\/\/www.oarcanjo.net\/site\/a-festa-junina-de-2011-foi-um-sucesso\/\" \/>\n<meta property=\"og:locale\" content=\"pt_BR\" \/>\n<meta property=\"og:type\" content=\"article\" \/>\n<meta property=\"og:title\" content=\"A Festa Junina de 2011 foi um sucesso - O Arcanjo no ar\" \/>\n<meta property=\"og:description\" content=\"O sucesso da festa junina de 2011 da Par\u00f3quia S\u00e3o Miguel Arcanjo certamente n\u00e3o pode ser medido por n\u00fameros, mas sim pela alegria das pessoas, pela participa\u00e7\u00e3o, pelo voluntariado. Servi\u00e7o, doa\u00e7\u00e3o, carinho, lembran\u00e7as, sorrisos, comunh\u00e3o, amor, participa\u00e7\u00e3o. Brincadeiras, doces, salgados, roupas de beb\u00ea, m\u00fasicas, dan\u00e7a. Lembran\u00e7as e atualidades. Muito mais. Tudo num s\u00e1bado e domingo. [&hellip;]\" \/>\n<meta property=\"og:url\" content=\"https:\/\/www.oarcanjo.net\/site\/a-festa-junina-de-2011-foi-um-sucesso\/\" \/>\n<meta property=\"og:site_name\" content=\"O Arcanjo no ar\" \/>\n<meta property=\"article:publisher\" content=\"https:\/\/www.facebook.com\/OArcanjoNoAr\/\" \/>\n<meta property=\"article:published_time\" content=\"2011-06-22T00:09:52+00:00\" \/>\n<meta property=\"article:modified_time\" content=\"2011-06-28T04:04:15+00:00\" \/>\n<meta property=\"og:image\" content=\"https:\/\/www.oarcanjo.net\/site\/wp-content\/uploads\/logo-o-arcanjo-no-ar-facebook.png\" \/>\n\t<meta property=\"og:image:width\" content=\"300\" \/>\n\t<meta property=\"og:image:height\" content=\"300\" \/>\n\t<meta property=\"og:image:type\" content=\"image\/png\" \/>\n<meta name=\"author\" content=\"carlos\" \/>\n<meta name=\"twitter:card\" content=\"summary_large_image\" \/>\n<meta name=\"twitter:label1\" content=\"Escrito por\" \/>\n\t<meta name=\"twitter:data1\" content=\"carlos\" \/>\n\t<meta name=\"twitter:label2\" content=\"Est. tempo de leitura\" \/>\n\t<meta name=\"twitter:data2\" content=\"1 minuto\" \/>\n<script type=\"application\/ld+json\" class=\"yoast-schema-graph\">{\"@context\":\"https:\/\/schema.org\",\"@graph\":[{\"@type\":\"Article\",\"@id\":\"https:\/\/www.oarcanjo.net\/site\/a-festa-junina-de-2011-foi-um-sucesso\/#article\",\"isPartOf\":{\"@id\":\"https:\/\/www.oarcanjo.net\/site\/a-festa-junina-de-2011-foi-um-sucesso\/\"},\"author\":{\"name\":\"carlos\",\"@id\":\"https:\/\/www.oarcanjo.net\/site\/#\/schema\/person\/f7870e710d8c8c30673de3a0ac2e451d\"},\"headline\":\"A Festa Junina de 2011 foi um sucesso\",\"datePublished\":\"2011-06-22T00:09:52+00:00\",\"dateModified\":\"2011-06-28T04:04:15+00:00\",\"mainEntityOfPage\":{\"@id\":\"https:\/\/www.oarcanjo.net\/site\/a-festa-junina-de-2011-foi-um-sucesso\/\"},\"wordCount\":300,\"commentCount\":2,\"publisher\":{\"@id\":\"https:\/\/www.oarcanjo.net\/site\/#organization\"},\"keywords\":[\"Alessandro e Lilliana\",\"Beatles Cover\",\"Carlos Pitty\",\"Coral Arsenal da esperan\u00e7a\",\"Fl\u00e1vio &amp; Thiago\",\"Pik Massaru\"],\"articleSection\":[\"Destaques\",\"Not\u00edcias\",\"Rosto da comunidade\"],\"inLanguage\":\"pt-BR\",\"potentialAction\":[{\"@type\":\"CommentAction\",\"name\":\"Comment\",\"target\":[\"https:\/\/www.oarcanjo.net\/site\/a-festa-junina-de-2011-foi-um-sucesso\/#respond\"]}]},{\"@type\":\"WebPage\",\"@id\":\"https:\/\/www.oarcanjo.net\/site\/a-festa-junina-de-2011-foi-um-sucesso\/\",\"url\":\"https:\/\/www.oarcanjo.net\/site\/a-festa-junina-de-2011-foi-um-sucesso\/\",\"name\":\"A Festa Junina de 2011 foi um sucesso - O Arcanjo no ar\",\"isPartOf\":{\"@id\":\"https:\/\/www.oarcanjo.net\/site\/#website\"},\"datePublished\":\"2011-06-22T00:09:52+00:00\",\"dateModified\":\"2011-06-28T04:04:15+00:00\",\"breadcrumb\":{\"@id\":\"https:\/\/www.oarcanjo.net\/site\/a-festa-junina-de-2011-foi-um-sucesso\/#breadcrumb\"},\"inLanguage\":\"pt-BR\",\"potentialAction\":[{\"@type\":\"ReadAction\",\"target\":[\"https:\/\/www.oarcanjo.net\/site\/a-festa-junina-de-2011-foi-um-sucesso\/\"]}]},{\"@type\":\"BreadcrumbList\",\"@id\":\"https:\/\/www.oarcanjo.net\/site\/a-festa-junina-de-2011-foi-um-sucesso\/#breadcrumb\",\"itemListElement\":[{\"@type\":\"ListItem\",\"position\":1,\"name\":\"In\u00edcio\",\"item\":\"https:\/\/www.oarcanjo.net\/site\/\"},{\"@type\":\"ListItem\",\"position\":2,\"name\":\"A Festa Junina de 2011 foi um sucesso\"}]},{\"@type\":\"WebSite\",\"@id\":\"https:\/\/www.oarcanjo.net\/site\/#website\",\"url\":\"https:\/\/www.oarcanjo.net\/site\/\",\"name\":\"O Arcanjo no ar\",\"description\":\"Site da Par\u00f3quia S\u00e3o Miguel Arcanjo (Arquidiocese de SP)\",\"publisher\":{\"@id\":\"https:\/\/www.oarcanjo.net\/site\/#organization\"},\"potentialAction\":[{\"@type\":\"SearchAction\",\"target\":{\"@type\":\"EntryPoint\",\"urlTemplate\":\"https:\/\/www.oarcanjo.net\/site\/?s={search_term_string}\"},\"query-input\":{\"@type\":\"PropertyValueSpecification\",\"valueRequired\":true,\"valueName\":\"search_term_string\"}}],\"inLanguage\":\"pt-BR\"},{\"@type\":\"Organization\",\"@id\":\"https:\/\/www.oarcanjo.net\/site\/#organization\",\"name\":\"Par\u00f3quia S\u00e3o Miguel Arcanjo\",\"url\":\"https:\/\/www.oarcanjo.net\/site\/\",\"logo\":{\"@type\":\"ImageObject\",\"inLanguage\":\"pt-BR\",\"@id\":\"https:\/\/www.oarcanjo.net\/site\/#\/schema\/logo\/image\/\",\"url\":\"https:\/\/www.oarcanjo.net\/site\/wp-content\/uploads\/LogoOArcanjo.png\",\"contentUrl\":\"https:\/\/www.oarcanjo.net\/site\/wp-content\/uploads\/LogoOArcanjo.png\",\"width\":319,\"height\":99,\"caption\":\"Par\u00f3quia S\u00e3o Miguel Arcanjo\"},\"image\":{\"@id\":\"https:\/\/www.oarcanjo.net\/site\/#\/schema\/logo\/image\/\"},\"sameAs\":[\"https:\/\/www.facebook.com\/OArcanjoNoAr\/\"]},{\"@type\":\"Person\",\"@id\":\"https:\/\/www.oarcanjo.net\/site\/#\/schema\/person\/f7870e710d8c8c30673de3a0ac2e451d\",\"name\":\"carlos\"}]}<\/script>\n<!-- \/ Yoast SEO plugin. -->","yoast_head_json":{"title":"A Festa Junina de 2011 foi um sucesso - O Arcanjo no ar","robots":{"index":"index","follow":"follow","max-snippet":"max-snippet:-1","max-image-preview":"max-image-preview:large","max-video-preview":"max-video-preview:-1"},"canonical":"https:\/\/www.oarcanjo.net\/site\/a-festa-junina-de-2011-foi-um-sucesso\/","og_locale":"pt_BR","og_type":"article","og_title":"A Festa Junina de 2011 foi um sucesso - O Arcanjo no ar","og_description":"O sucesso da festa junina de 2011 da Par\u00f3quia S\u00e3o Miguel Arcanjo certamente n\u00e3o pode ser medido por n\u00fameros, mas sim pela alegria das pessoas, pela participa\u00e7\u00e3o, pelo voluntariado. Servi\u00e7o, doa\u00e7\u00e3o, carinho, lembran\u00e7as, sorrisos, comunh\u00e3o, amor, participa\u00e7\u00e3o. Brincadeiras, doces, salgados, roupas de beb\u00ea, m\u00fasicas, dan\u00e7a. Lembran\u00e7as e atualidades. Muito mais. Tudo num s\u00e1bado e domingo. [&hellip;]","og_url":"https:\/\/www.oarcanjo.net\/site\/a-festa-junina-de-2011-foi-um-sucesso\/","og_site_name":"O Arcanjo no ar","article_publisher":"https:\/\/www.facebook.com\/OArcanjoNoAr\/","article_published_time":"2011-06-22T00:09:52+00:00","article_modified_time":"2011-06-28T04:04:15+00:00","og_image":[{"width":300,"height":300,"url":"https:\/\/www.oarcanjo.net\/site\/wp-content\/uploads\/logo-o-arcanjo-no-ar-facebook.png","type":"image\/png"}],"author":"carlos","twitter_card":"summary_large_image","twitter_misc":{"Escrito por":"carlos","Est. tempo de leitura":"1 minuto"},"schema":{"@context":"https:\/\/schema.org","@graph":[{"@type":"Article","@id":"https:\/\/www.oarcanjo.net\/site\/a-festa-junina-de-2011-foi-um-sucesso\/#article","isPartOf":{"@id":"https:\/\/www.oarcanjo.net\/site\/a-festa-junina-de-2011-foi-um-sucesso\/"},"author":{"name":"carlos","@id":"https:\/\/www.oarcanjo.net\/site\/#\/schema\/person\/f7870e710d8c8c30673de3a0ac2e451d"},"headline":"A Festa Junina de 2011 foi um sucesso","datePublished":"2011-06-22T00:09:52+00:00","dateModified":"2011-06-28T04:04:15+00:00","mainEntityOfPage":{"@id":"https:\/\/www.oarcanjo.net\/site\/a-festa-junina-de-2011-foi-um-sucesso\/"},"wordCount":300,"commentCount":2,"publisher":{"@id":"https:\/\/www.oarcanjo.net\/site\/#organization"},"keywords":["Alessandro e Lilliana","Beatles Cover","Carlos Pitty","Coral Arsenal da esperan\u00e7a","Fl\u00e1vio &amp; Thiago","Pik Massaru"],"articleSection":["Destaques","Not\u00edcias","Rosto da comunidade"],"inLanguage":"pt-BR","potentialAction":[{"@type":"CommentAction","name":"Comment","target":["https:\/\/www.oarcanjo.net\/site\/a-festa-junina-de-2011-foi-um-sucesso\/#respond"]}]},{"@type":"WebPage","@id":"https:\/\/www.oarcanjo.net\/site\/a-festa-junina-de-2011-foi-um-sucesso\/","url":"https:\/\/www.oarcanjo.net\/site\/a-festa-junina-de-2011-foi-um-sucesso\/","name":"A Festa Junina de 2011 foi um sucesso - O Arcanjo no ar","isPartOf":{"@id":"https:\/\/www.oarcanjo.net\/site\/#website"},"datePublished":"2011-06-22T00:09:52+00:00","dateModified":"2011-06-28T04:04:15+00:00","breadcrumb":{"@id":"https:\/\/www.oarcanjo.net\/site\/a-festa-junina-de-2011-foi-um-sucesso\/#breadcrumb"},"inLanguage":"pt-BR","potentialAction":[{"@type":"ReadAction","target":["https:\/\/www.oarcanjo.net\/site\/a-festa-junina-de-2011-foi-um-sucesso\/"]}]},{"@type":"BreadcrumbList","@id":"https:\/\/www.oarcanjo.net\/site\/a-festa-junina-de-2011-foi-um-sucesso\/#breadcrumb","itemListElement":[{"@type":"ListItem","position":1,"name":"In\u00edcio","item":"https:\/\/www.oarcanjo.net\/site\/"},{"@type":"ListItem","position":2,"name":"A Festa Junina de 2011 foi um sucesso"}]},{"@type":"WebSite","@id":"https:\/\/www.oarcanjo.net\/site\/#website","url":"https:\/\/www.oarcanjo.net\/site\/","name":"O Arcanjo no ar","description":"Site da Par\u00f3quia S\u00e3o Miguel Arcanjo (Arquidiocese de SP)","publisher":{"@id":"https:\/\/www.oarcanjo.net\/site\/#organization"},"potentialAction":[{"@type":"SearchAction","target":{"@type":"EntryPoint","urlTemplate":"https:\/\/www.oarcanjo.net\/site\/?s={search_term_string}"},"query-input":{"@type":"PropertyValueSpecification","valueRequired":true,"valueName":"search_term_string"}}],"inLanguage":"pt-BR"},{"@type":"Organization","@id":"https:\/\/www.oarcanjo.net\/site\/#organization","name":"Par\u00f3quia S\u00e3o Miguel Arcanjo","url":"https:\/\/www.oarcanjo.net\/site\/","logo":{"@type":"ImageObject","inLanguage":"pt-BR","@id":"https:\/\/www.oarcanjo.net\/site\/#\/schema\/logo\/image\/","url":"https:\/\/www.oarcanjo.net\/site\/wp-content\/uploads\/LogoOArcanjo.png","contentUrl":"https:\/\/www.oarcanjo.net\/site\/wp-content\/uploads\/LogoOArcanjo.png","width":319,"height":99,"caption":"Par\u00f3quia S\u00e3o Miguel Arcanjo"},"image":{"@id":"https:\/\/www.oarcanjo.net\/site\/#\/schema\/logo\/image\/"},"sameAs":["https:\/\/www.facebook.com\/OArcanjoNoAr\/"]},{"@type":"Person","@id":"https:\/\/www.oarcanjo.net\/site\/#\/schema\/person\/f7870e710d8c8c30673de3a0ac2e451d","name":"carlos"}]}},"publishpress_future_action":{"enabled":false,"date":"2026-05-09 07:55:18","action":"category","newStatus":"draft","terms":[],"taxonomy":"category"},"publishpress_future_workflow_manual_trigger":{"enabledWorkflows":[]},"_links":{"self":[{"href":"https:\/\/www.oarcanjo.net\/site\/wp-json\/wp\/v2\/posts\/14875"}],"collection":[{"href":"https:\/\/www.oarcanjo.net\/site\/wp-json\/wp\/v2\/posts"}],"about":[{"href":"https:\/\/www.oarcanjo.net\/site\/wp-json\/wp\/v2\/types\/post"}],"author":[{"embeddable":true,"href":"https:\/\/www.oarcanjo.net\/site\/wp-json\/wp\/v2\/users\/10"}],"replies":[{"embeddable":true,"href":"https:\/\/www.oarcanjo.net\/site\/wp-json\/wp\/v2\/comments?post=14875"}],"version-history":[{"count":0,"href":"https:\/\/www.oarcanjo.net\/site\/wp-json\/wp\/v2\/posts\/14875\/revisions"}],"wp:attachment":[{"href":"https:\/\/www.oarcanjo.net\/site\/wp-json\/wp\/v2\/media?parent=14875"}],"wp:term":[{"taxonomy":"category","embeddable":true,"href":"https:\/\/www.oarcanjo.net\/site\/wp-json\/wp\/v2\/categories?post=14875"},{"taxonomy":"post_tag","embeddable":true,"href":"https:\/\/www.oarcanjo.net\/site\/wp-json\/wp\/v2\/tags?post=14875"}],"curies":[{"name":"wp","href":"https:\/\/api.w.org\/{rel}","templated":true}]}}