
{"id":14894,"date":"2011-06-23T23:08:34","date_gmt":"2011-06-24T02:08:34","guid":{"rendered":"http:\/\/www.oarcanjo.net\/site\/?p=14894"},"modified":"2011-06-27T22:20:35","modified_gmt":"2011-06-28T01:20:35","slug":"corpus-christi-em-2011","status":"publish","type":"post","link":"https:\/\/www.oarcanjo.net\/site\/corpus-christi-em-2011\/","title":{"rendered":"Corpus Christi em 2011 (com homilia do Pe. Julio)"},"content":{"rendered":"<p style=\"text-align: justify;\">httpv:\/\/www.youtube.com\/watch?v=kek5yzx6FBo<\/p>\n<p style=\"text-align: justify;\">Corpus Christi foi celebrado pela comunidade, com missa na capela da Universidade S\u00e3o Judas Tadeu, seguida de prociss\u00e3o pelas ruas do bairro, passando pelo bonito tapete no Conjunto Residencial IAPI.<\/p>\n<p style=\"text-align: justify;\">Solenidade do Sant\u00edssimo Corpo e Sangue de Cristo. Jesus disse \u201cEu sou o p\u00e3o vivo descido do c\u00e9u. Quem comer deste p\u00e3o viver\u00e1 eternamente. E o p\u00e3o que eu darei \u00e9 a minha carne dada para a vida do mundo\u201d. Neste dia celebramos o mist\u00e9rio da Eurcaristia e enaltecemos a presen\u00e7a de Cristo no P\u00e3o e no Vinho consagrados.<\/p>\n<p style=\"text-align: justify;\">O\u00a0tapete decorado com os temas de Corpus Christi, na Rua Jer\u00f4nimo de Mendon\u00e7a &#8211; IAPI, come\u00e7ou a ser montado pela manh\u00e3. Muitos volunt\u00e1rios participaram, incluindo as crian\u00e7as. A comunidade sensibilizada pelo epis\u00f3dio do inc\u00eandio que ocorreu na casa do Pe J\u00falio, destinou a ele\u00a0os\u00a0quatro primeiros tapetes, escrevendo: Pe J\u00falio, for\u00e7a, coragem, conte conosco.\u00a0 A prociss\u00e3o chegou com m\u00fasicas e o Sant\u00edssimo sendo carregado pelo Pe J\u00falio,\u00a0que caminhou sobre o tapete,\u00a0com a humildade de sempre, descal\u00e7o. Muitos fogos, ora\u00e7\u00f5es, pedidos,\u00a0\u00a0partilha do p\u00e3o, carinho. Fez-se um bel\u00edssimo momento de ora\u00e7\u00e3o.\u00a0\u00a0Na sequ\u00eancia a prociss\u00e3o parou novamente na frente da casa da fam\u00edlia Fabretti, que igualmente preparou um bonito altar e mais fogos e muita ora\u00e7\u00e3o.<\/p>\n<p style=\"text-align: justify;\">A chegada aconteceu na Igreja S\u00e3o Miguel Arcanjo no in\u00edcio da noite.\u00a0 Uma caminhada de f\u00e9.<\/p>\n<p style=\"text-align: justify;\">Vejam as fotos\u00a0 por Carlos A. Beatriz e Wanderley Oliveira:<\/p>\n<p style=\"text-align: justify;\">ngg_shortcode_0_placeholder<\/p>\n<div id=\"themify_builder_content-14894\" data-postid=\"14894\" class=\"themify_builder_content themify_builder_content-14894 themify_builder themify_builder_front\">\n\t<\/div>\n<!-- \/themify_builder_content -->","protected":false},"excerpt":{"rendered":"<p>httpv:\/\/www.youtube.com\/watch?v=kek5yzx6FBo Corpus Christi foi celebrado pela comunidade, com missa na capela da Universidade S\u00e3o Judas Tadeu, seguida de prociss\u00e3o pelas ruas do bairro, passando pelo bonito tapete no Conjunto Residencial IAPI. Solenidade do Sant\u00edssimo Corpo e Sangue de Cristo. Jesus disse \u201cEu sou o p\u00e3o vivo descido do c\u00e9u. Quem comer deste p\u00e3o viver\u00e1 eternamente. [&hellip;]<\/p>\n","protected":false},"author":10,"featured_media":0,"comment_status":"open","ping_status":"open","sticky":false,"template":"","format":"standard","meta":{"ngg_post_thumbnail":0,"footnotes":""},"categories":[3,475,8],"tags":[1967,755,1966,13,10],"yoast_head":"<!-- This site is optimized with the Yoast SEO plugin v23.5 - https:\/\/yoast.com\/wordpress\/plugins\/seo\/ -->\n<title>Corpus Christi em 2011 (com homilia do Pe. Julio) - O Arcanjo no ar<\/title>\n<meta name=\"robots\" content=\"index, follow, max-snippet:-1, max-image-preview:large, max-video-preview:-1\" \/>\n<link rel=\"canonical\" href=\"https:\/\/www.oarcanjo.net\/site\/corpus-christi-em-2011\/\" \/>\n<meta property=\"og:locale\" content=\"pt_BR\" \/>\n<meta property=\"og:type\" content=\"article\" \/>\n<meta property=\"og:title\" content=\"Corpus Christi em 2011 (com homilia do Pe. Julio) - O Arcanjo no ar\" \/>\n<meta property=\"og:description\" content=\"httpv:\/\/www.youtube.com\/watch?v=kek5yzx6FBo Corpus Christi foi celebrado pela comunidade, com missa na capela da Universidade S\u00e3o Judas Tadeu, seguida de prociss\u00e3o pelas ruas do bairro, passando pelo bonito tapete no Conjunto Residencial IAPI. Solenidade do Sant\u00edssimo Corpo e Sangue de Cristo. Jesus disse \u201cEu sou o p\u00e3o vivo descido do c\u00e9u. Quem comer deste p\u00e3o viver\u00e1 eternamente. [&hellip;]\" \/>\n<meta property=\"og:url\" content=\"https:\/\/www.oarcanjo.net\/site\/corpus-christi-em-2011\/\" \/>\n<meta property=\"og:site_name\" content=\"O Arcanjo no ar\" \/>\n<meta property=\"article:publisher\" content=\"https:\/\/www.facebook.com\/OArcanjoNoAr\/\" \/>\n<meta property=\"article:published_time\" content=\"2011-06-24T02:08:34+00:00\" \/>\n<meta property=\"article:modified_time\" content=\"2011-06-28T01:20:35+00:00\" \/>\n<meta property=\"og:image\" content=\"https:\/\/www.oarcanjo.net\/site\/wp-content\/uploads\/logo-o-arcanjo-no-ar-facebook.png\" \/>\n\t<meta property=\"og:image:width\" content=\"300\" \/>\n\t<meta property=\"og:image:height\" content=\"300\" \/>\n\t<meta property=\"og:image:type\" content=\"image\/png\" \/>\n<meta name=\"author\" content=\"carlos\" \/>\n<meta name=\"twitter:card\" content=\"summary_large_image\" \/>\n<meta name=\"twitter:label1\" content=\"Escrito por\" \/>\n\t<meta name=\"twitter:data1\" content=\"carlos\" \/>\n\t<meta name=\"twitter:label2\" content=\"Est. tempo de leitura\" \/>\n\t<meta name=\"twitter:data2\" content=\"1 minuto\" \/>\n<script type=\"application\/ld+json\" class=\"yoast-schema-graph\">{\"@context\":\"https:\/\/schema.org\",\"@graph\":[{\"@type\":\"Article\",\"@id\":\"https:\/\/www.oarcanjo.net\/site\/corpus-christi-em-2011\/#article\",\"isPartOf\":{\"@id\":\"https:\/\/www.oarcanjo.net\/site\/corpus-christi-em-2011\/\"},\"author\":{\"name\":\"carlos\",\"@id\":\"https:\/\/www.oarcanjo.net\/site\/#\/schema\/person\/f7870e710d8c8c30673de3a0ac2e451d\"},\"headline\":\"Corpus Christi em 2011 (com homilia do Pe. Julio)\",\"datePublished\":\"2011-06-24T02:08:34+00:00\",\"dateModified\":\"2011-06-28T01:20:35+00:00\",\"mainEntityOfPage\":{\"@id\":\"https:\/\/www.oarcanjo.net\/site\/corpus-christi-em-2011\/\"},\"wordCount\":287,\"commentCount\":1,\"publisher\":{\"@id\":\"https:\/\/www.oarcanjo.net\/site\/#organization\"},\"keywords\":[\"corpo e sangue de Cristo\",\"Corpus Christi\",\"Sant\u00edssimo Sacramento\",\"S\u00e3o Judas Tadeu\",\"S\u00e3o Miguel Arcanjo\"],\"articleSection\":[\"Destaques\",\"Homilias\",\"Not\u00edcias\"],\"inLanguage\":\"pt-BR\",\"potentialAction\":[{\"@type\":\"CommentAction\",\"name\":\"Comment\",\"target\":[\"https:\/\/www.oarcanjo.net\/site\/corpus-christi-em-2011\/#respond\"]}]},{\"@type\":\"WebPage\",\"@id\":\"https:\/\/www.oarcanjo.net\/site\/corpus-christi-em-2011\/\",\"url\":\"https:\/\/www.oarcanjo.net\/site\/corpus-christi-em-2011\/\",\"name\":\"Corpus Christi em 2011 (com homilia do Pe. Julio) - O Arcanjo no ar\",\"isPartOf\":{\"@id\":\"https:\/\/www.oarcanjo.net\/site\/#website\"},\"datePublished\":\"2011-06-24T02:08:34+00:00\",\"dateModified\":\"2011-06-28T01:20:35+00:00\",\"breadcrumb\":{\"@id\":\"https:\/\/www.oarcanjo.net\/site\/corpus-christi-em-2011\/#breadcrumb\"},\"inLanguage\":\"pt-BR\",\"potentialAction\":[{\"@type\":\"ReadAction\",\"target\":[\"https:\/\/www.oarcanjo.net\/site\/corpus-christi-em-2011\/\"]}]},{\"@type\":\"BreadcrumbList\",\"@id\":\"https:\/\/www.oarcanjo.net\/site\/corpus-christi-em-2011\/#breadcrumb\",\"itemListElement\":[{\"@type\":\"ListItem\",\"position\":1,\"name\":\"In\u00edcio\",\"item\":\"https:\/\/www.oarcanjo.net\/site\/\"},{\"@type\":\"ListItem\",\"position\":2,\"name\":\"Corpus Christi em 2011 (com homilia do Pe. Julio)\"}]},{\"@type\":\"WebSite\",\"@id\":\"https:\/\/www.oarcanjo.net\/site\/#website\",\"url\":\"https:\/\/www.oarcanjo.net\/site\/\",\"name\":\"O Arcanjo no ar\",\"description\":\"Site da Par\u00f3quia S\u00e3o Miguel Arcanjo (Arquidiocese de SP)\",\"publisher\":{\"@id\":\"https:\/\/www.oarcanjo.net\/site\/#organization\"},\"potentialAction\":[{\"@type\":\"SearchAction\",\"target\":{\"@type\":\"EntryPoint\",\"urlTemplate\":\"https:\/\/www.oarcanjo.net\/site\/?s={search_term_string}\"},\"query-input\":{\"@type\":\"PropertyValueSpecification\",\"valueRequired\":true,\"valueName\":\"search_term_string\"}}],\"inLanguage\":\"pt-BR\"},{\"@type\":\"Organization\",\"@id\":\"https:\/\/www.oarcanjo.net\/site\/#organization\",\"name\":\"Par\u00f3quia S\u00e3o Miguel Arcanjo\",\"url\":\"https:\/\/www.oarcanjo.net\/site\/\",\"logo\":{\"@type\":\"ImageObject\",\"inLanguage\":\"pt-BR\",\"@id\":\"https:\/\/www.oarcanjo.net\/site\/#\/schema\/logo\/image\/\",\"url\":\"https:\/\/www.oarcanjo.net\/site\/wp-content\/uploads\/LogoOArcanjo.png\",\"contentUrl\":\"https:\/\/www.oarcanjo.net\/site\/wp-content\/uploads\/LogoOArcanjo.png\",\"width\":319,\"height\":99,\"caption\":\"Par\u00f3quia S\u00e3o Miguel Arcanjo\"},\"image\":{\"@id\":\"https:\/\/www.oarcanjo.net\/site\/#\/schema\/logo\/image\/\"},\"sameAs\":[\"https:\/\/www.facebook.com\/OArcanjoNoAr\/\"]},{\"@type\":\"Person\",\"@id\":\"https:\/\/www.oarcanjo.net\/site\/#\/schema\/person\/f7870e710d8c8c30673de3a0ac2e451d\",\"name\":\"carlos\"}]}<\/script>\n<!-- \/ Yoast SEO plugin. -->","yoast_head_json":{"title":"Corpus Christi em 2011 (com homilia do Pe. Julio) - O Arcanjo no ar","robots":{"index":"index","follow":"follow","max-snippet":"max-snippet:-1","max-image-preview":"max-image-preview:large","max-video-preview":"max-video-preview:-1"},"canonical":"https:\/\/www.oarcanjo.net\/site\/corpus-christi-em-2011\/","og_locale":"pt_BR","og_type":"article","og_title":"Corpus Christi em 2011 (com homilia do Pe. Julio) - O Arcanjo no ar","og_description":"httpv:\/\/www.youtube.com\/watch?v=kek5yzx6FBo Corpus Christi foi celebrado pela comunidade, com missa na capela da Universidade S\u00e3o Judas Tadeu, seguida de prociss\u00e3o pelas ruas do bairro, passando pelo bonito tapete no Conjunto Residencial IAPI. Solenidade do Sant\u00edssimo Corpo e Sangue de Cristo. Jesus disse \u201cEu sou o p\u00e3o vivo descido do c\u00e9u. Quem comer deste p\u00e3o viver\u00e1 eternamente. [&hellip;]","og_url":"https:\/\/www.oarcanjo.net\/site\/corpus-christi-em-2011\/","og_site_name":"O Arcanjo no ar","article_publisher":"https:\/\/www.facebook.com\/OArcanjoNoAr\/","article_published_time":"2011-06-24T02:08:34+00:00","article_modified_time":"2011-06-28T01:20:35+00:00","og_image":[{"width":300,"height":300,"url":"https:\/\/www.oarcanjo.net\/site\/wp-content\/uploads\/logo-o-arcanjo-no-ar-facebook.png","type":"image\/png"}],"author":"carlos","twitter_card":"summary_large_image","twitter_misc":{"Escrito por":"carlos","Est. tempo de leitura":"1 minuto"},"schema":{"@context":"https:\/\/schema.org","@graph":[{"@type":"Article","@id":"https:\/\/www.oarcanjo.net\/site\/corpus-christi-em-2011\/#article","isPartOf":{"@id":"https:\/\/www.oarcanjo.net\/site\/corpus-christi-em-2011\/"},"author":{"name":"carlos","@id":"https:\/\/www.oarcanjo.net\/site\/#\/schema\/person\/f7870e710d8c8c30673de3a0ac2e451d"},"headline":"Corpus Christi em 2011 (com homilia do Pe. Julio)","datePublished":"2011-06-24T02:08:34+00:00","dateModified":"2011-06-28T01:20:35+00:00","mainEntityOfPage":{"@id":"https:\/\/www.oarcanjo.net\/site\/corpus-christi-em-2011\/"},"wordCount":287,"commentCount":1,"publisher":{"@id":"https:\/\/www.oarcanjo.net\/site\/#organization"},"keywords":["corpo e sangue de Cristo","Corpus Christi","Sant\u00edssimo Sacramento","S\u00e3o Judas Tadeu","S\u00e3o Miguel Arcanjo"],"articleSection":["Destaques","Homilias","Not\u00edcias"],"inLanguage":"pt-BR","potentialAction":[{"@type":"CommentAction","name":"Comment","target":["https:\/\/www.oarcanjo.net\/site\/corpus-christi-em-2011\/#respond"]}]},{"@type":"WebPage","@id":"https:\/\/www.oarcanjo.net\/site\/corpus-christi-em-2011\/","url":"https:\/\/www.oarcanjo.net\/site\/corpus-christi-em-2011\/","name":"Corpus Christi em 2011 (com homilia do Pe. Julio) - O Arcanjo no ar","isPartOf":{"@id":"https:\/\/www.oarcanjo.net\/site\/#website"},"datePublished":"2011-06-24T02:08:34+00:00","dateModified":"2011-06-28T01:20:35+00:00","breadcrumb":{"@id":"https:\/\/www.oarcanjo.net\/site\/corpus-christi-em-2011\/#breadcrumb"},"inLanguage":"pt-BR","potentialAction":[{"@type":"ReadAction","target":["https:\/\/www.oarcanjo.net\/site\/corpus-christi-em-2011\/"]}]},{"@type":"BreadcrumbList","@id":"https:\/\/www.oarcanjo.net\/site\/corpus-christi-em-2011\/#breadcrumb","itemListElement":[{"@type":"ListItem","position":1,"name":"In\u00edcio","item":"https:\/\/www.oarcanjo.net\/site\/"},{"@type":"ListItem","position":2,"name":"Corpus Christi em 2011 (com homilia do Pe. Julio)"}]},{"@type":"WebSite","@id":"https:\/\/www.oarcanjo.net\/site\/#website","url":"https:\/\/www.oarcanjo.net\/site\/","name":"O Arcanjo no ar","description":"Site da Par\u00f3quia S\u00e3o Miguel Arcanjo (Arquidiocese de SP)","publisher":{"@id":"https:\/\/www.oarcanjo.net\/site\/#organization"},"potentialAction":[{"@type":"SearchAction","target":{"@type":"EntryPoint","urlTemplate":"https:\/\/www.oarcanjo.net\/site\/?s={search_term_string}"},"query-input":{"@type":"PropertyValueSpecification","valueRequired":true,"valueName":"search_term_string"}}],"inLanguage":"pt-BR"},{"@type":"Organization","@id":"https:\/\/www.oarcanjo.net\/site\/#organization","name":"Par\u00f3quia S\u00e3o Miguel Arcanjo","url":"https:\/\/www.oarcanjo.net\/site\/","logo":{"@type":"ImageObject","inLanguage":"pt-BR","@id":"https:\/\/www.oarcanjo.net\/site\/#\/schema\/logo\/image\/","url":"https:\/\/www.oarcanjo.net\/site\/wp-content\/uploads\/LogoOArcanjo.png","contentUrl":"https:\/\/www.oarcanjo.net\/site\/wp-content\/uploads\/LogoOArcanjo.png","width":319,"height":99,"caption":"Par\u00f3quia S\u00e3o Miguel Arcanjo"},"image":{"@id":"https:\/\/www.oarcanjo.net\/site\/#\/schema\/logo\/image\/"},"sameAs":["https:\/\/www.facebook.com\/OArcanjoNoAr\/"]},{"@type":"Person","@id":"https:\/\/www.oarcanjo.net\/site\/#\/schema\/person\/f7870e710d8c8c30673de3a0ac2e451d","name":"carlos"}]}},"publishpress_future_action":{"enabled":false,"date":"2026-05-09 07:57:11","action":"category","newStatus":"draft","terms":[],"taxonomy":"category"},"publishpress_future_workflow_manual_trigger":{"enabledWorkflows":[]},"_links":{"self":[{"href":"https:\/\/www.oarcanjo.net\/site\/wp-json\/wp\/v2\/posts\/14894"}],"collection":[{"href":"https:\/\/www.oarcanjo.net\/site\/wp-json\/wp\/v2\/posts"}],"about":[{"href":"https:\/\/www.oarcanjo.net\/site\/wp-json\/wp\/v2\/types\/post"}],"author":[{"embeddable":true,"href":"https:\/\/www.oarcanjo.net\/site\/wp-json\/wp\/v2\/users\/10"}],"replies":[{"embeddable":true,"href":"https:\/\/www.oarcanjo.net\/site\/wp-json\/wp\/v2\/comments?post=14894"}],"version-history":[{"count":0,"href":"https:\/\/www.oarcanjo.net\/site\/wp-json\/wp\/v2\/posts\/14894\/revisions"}],"wp:attachment":[{"href":"https:\/\/www.oarcanjo.net\/site\/wp-json\/wp\/v2\/media?parent=14894"}],"wp:term":[{"taxonomy":"category","embeddable":true,"href":"https:\/\/www.oarcanjo.net\/site\/wp-json\/wp\/v2\/categories?post=14894"},{"taxonomy":"post_tag","embeddable":true,"href":"https:\/\/www.oarcanjo.net\/site\/wp-json\/wp\/v2\/tags?post=14894"}],"curies":[{"name":"wp","href":"https:\/\/api.w.org\/{rel}","templated":true}]}}