
{"id":14909,"date":"2011-06-25T17:45:03","date_gmt":"2011-06-25T20:45:03","guid":{"rendered":"http:\/\/www.oarcanjo.net\/site\/?p=14909"},"modified":"2011-06-27T21:53:21","modified_gmt":"2011-06-28T00:53:21","slug":"a-solidaridade-radical","status":"publish","type":"post","link":"https:\/\/www.oarcanjo.net\/site\/a-solidaridade-radical\/","title":{"rendered":"A solidariedade radical!"},"content":{"rendered":"<p>httpv:\/\/www.youtube.com\/watch?v=XT1T_9sqJS8<\/p>\n<p>O Evangelho deste XIII Domingo do tempo Comum retoma o discurso da miss\u00e3o.<br \/>\nO texto deixa claro que ser disc\u00edpulo mission\u00e1rio de Jesus sup\u00f5e conflitos e escolhas. Perseverar no seguimento leva ao rompimento de certas tradi\u00e7\u00f5es muito familiares.<\/p>\n<p>N\u00e3o se trata de romper la\u00e7os e afetos familiares mas de romper la\u00e7os que nos paralisam e fecham para os irm\u00e3os.<\/p>\n<p>Este texto deixa claro que certos la\u00e7os familiares podem nos levar a interesses ego\u00edstas, com seus crit\u00e9rios de amor e \u00f3dio, interesses mesquinhos ligados a um pequeno grupo n\u00e3o se importando com os demais.<\/p>\n<p>Jesus nos pede que nenhum bem seja maior que o amor maior. Nos prop\u00f5e uma nova maneira de ser pai, m\u00e3e, filho, irm\u00e3o. N\u00e3o desestabiliza a fam\u00edlia mas prop\u00f5e uma nova maneira de ser fam\u00edlia na radicalidade do amor.<\/p>\n<p>O seguimento de Jesus est\u00e1 pleno de radicalidades. As coisas radicais s\u00e3o aquelas que nos enraizam e nos d\u00e3o crt\u00e9rio de fidelidade.<\/p>\n<p>A Cruz no seguimento de Jesus nos leva a ver o mundo de maneira diferente sem indiferen\u00e7a ao sofrimento dos pequenos e exclu\u00eddos. Sejam amigos ou inimigos.<br \/>\nO seguidor de Jesus deve amar ao pai, a m\u00e3e, ao irm\u00e3o, por\u00e9m n\u00e3o deve por causa disso, ceder ao \u00f3dio, ao rancor, \u00e0 viol\u00eancia e \u00e0 vingan\u00e7a.<\/p>\n<p>A Radicalidade, por mais dif\u00edcil que pare\u00e7a \u00e9 quest\u00e3o de coer\u00eancia e sentido de viver.<br \/>\nA radicalidade vem do amor vivido e ceito com liberdade que humaniza e tranforma a vida.<\/p>\n<div id=\"themify_builder_content-14909\" data-postid=\"14909\" class=\"themify_builder_content themify_builder_content-14909 themify_builder themify_builder_front\">\n\t<\/div>\n<!-- \/themify_builder_content -->","protected":false},"excerpt":{"rendered":"<p>httpv:\/\/www.youtube.com\/watch?v=XT1T_9sqJS8 O Evangelho deste XIII Domingo do tempo Comum retoma o discurso da miss\u00e3o. O texto deixa claro que ser disc\u00edpulo mission\u00e1rio de Jesus sup\u00f5e conflitos e escolhas. Perseverar no seguimento leva ao rompimento de certas tradi\u00e7\u00f5es muito familiares. N\u00e3o se trata de romper la\u00e7os e afetos familiares mas de romper la\u00e7os que nos paralisam [&hellip;]<\/p>\n","protected":false},"author":4,"featured_media":0,"comment_status":"open","ping_status":"open","sticky":false,"template":"","format":"standard","meta":{"ngg_post_thumbnail":0,"footnotes":""},"categories":[4,475],"tags":[],"yoast_head":"<!-- This site is optimized with the Yoast SEO plugin v23.5 - https:\/\/yoast.com\/wordpress\/plugins\/seo\/ -->\n<title>A solidariedade radical! - O Arcanjo no ar<\/title>\n<meta name=\"robots\" content=\"index, follow, max-snippet:-1, max-image-preview:large, max-video-preview:-1\" \/>\n<link rel=\"canonical\" href=\"https:\/\/www.oarcanjo.net\/site\/a-solidaridade-radical\/\" \/>\n<meta property=\"og:locale\" content=\"pt_BR\" \/>\n<meta property=\"og:type\" content=\"article\" \/>\n<meta property=\"og:title\" content=\"A solidariedade radical! - O Arcanjo no ar\" \/>\n<meta property=\"og:description\" content=\"httpv:\/\/www.youtube.com\/watch?v=XT1T_9sqJS8 O Evangelho deste XIII Domingo do tempo Comum retoma o discurso da miss\u00e3o. O texto deixa claro que ser disc\u00edpulo mission\u00e1rio de Jesus sup\u00f5e conflitos e escolhas. Perseverar no seguimento leva ao rompimento de certas tradi\u00e7\u00f5es muito familiares. N\u00e3o se trata de romper la\u00e7os e afetos familiares mas de romper la\u00e7os que nos paralisam [&hellip;]\" \/>\n<meta property=\"og:url\" content=\"https:\/\/www.oarcanjo.net\/site\/a-solidaridade-radical\/\" \/>\n<meta property=\"og:site_name\" content=\"O Arcanjo no ar\" \/>\n<meta property=\"article:publisher\" content=\"https:\/\/www.facebook.com\/OArcanjoNoAr\/\" \/>\n<meta property=\"article:published_time\" content=\"2011-06-25T20:45:03+00:00\" \/>\n<meta property=\"article:modified_time\" content=\"2011-06-28T00:53:21+00:00\" \/>\n<meta property=\"og:image\" content=\"https:\/\/www.oarcanjo.net\/site\/wp-content\/uploads\/logo-o-arcanjo-no-ar-facebook.png\" \/>\n\t<meta property=\"og:image:width\" content=\"300\" \/>\n\t<meta property=\"og:image:height\" content=\"300\" \/>\n\t<meta property=\"og:image:type\" content=\"image\/png\" \/>\n<meta name=\"author\" content=\"julio\" \/>\n<meta name=\"twitter:card\" content=\"summary_large_image\" \/>\n<meta name=\"twitter:label1\" content=\"Escrito por\" \/>\n\t<meta name=\"twitter:data1\" content=\"julio\" \/>\n\t<meta name=\"twitter:label2\" content=\"Est. tempo de leitura\" \/>\n\t<meta name=\"twitter:data2\" content=\"1 minuto\" \/>\n<script type=\"application\/ld+json\" class=\"yoast-schema-graph\">{\"@context\":\"https:\/\/schema.org\",\"@graph\":[{\"@type\":\"Article\",\"@id\":\"https:\/\/www.oarcanjo.net\/site\/a-solidaridade-radical\/#article\",\"isPartOf\":{\"@id\":\"https:\/\/www.oarcanjo.net\/site\/a-solidaridade-radical\/\"},\"author\":{\"name\":\"julio\",\"@id\":\"https:\/\/www.oarcanjo.net\/site\/#\/schema\/person\/d78ea01c648c91e29c364b516767079e\"},\"headline\":\"A solidariedade radical!\",\"datePublished\":\"2011-06-25T20:45:03+00:00\",\"dateModified\":\"2011-06-28T00:53:21+00:00\",\"mainEntityOfPage\":{\"@id\":\"https:\/\/www.oarcanjo.net\/site\/a-solidaridade-radical\/\"},\"wordCount\":284,\"commentCount\":1,\"publisher\":{\"@id\":\"https:\/\/www.oarcanjo.net\/site\/#organization\"},\"articleSection\":[\"Blog\",\"Homilias\"],\"inLanguage\":\"pt-BR\",\"potentialAction\":[{\"@type\":\"CommentAction\",\"name\":\"Comment\",\"target\":[\"https:\/\/www.oarcanjo.net\/site\/a-solidaridade-radical\/#respond\"]}]},{\"@type\":\"WebPage\",\"@id\":\"https:\/\/www.oarcanjo.net\/site\/a-solidaridade-radical\/\",\"url\":\"https:\/\/www.oarcanjo.net\/site\/a-solidaridade-radical\/\",\"name\":\"A solidariedade radical! - O Arcanjo no ar\",\"isPartOf\":{\"@id\":\"https:\/\/www.oarcanjo.net\/site\/#website\"},\"datePublished\":\"2011-06-25T20:45:03+00:00\",\"dateModified\":\"2011-06-28T00:53:21+00:00\",\"breadcrumb\":{\"@id\":\"https:\/\/www.oarcanjo.net\/site\/a-solidaridade-radical\/#breadcrumb\"},\"inLanguage\":\"pt-BR\",\"potentialAction\":[{\"@type\":\"ReadAction\",\"target\":[\"https:\/\/www.oarcanjo.net\/site\/a-solidaridade-radical\/\"]}]},{\"@type\":\"BreadcrumbList\",\"@id\":\"https:\/\/www.oarcanjo.net\/site\/a-solidaridade-radical\/#breadcrumb\",\"itemListElement\":[{\"@type\":\"ListItem\",\"position\":1,\"name\":\"In\u00edcio\",\"item\":\"https:\/\/www.oarcanjo.net\/site\/\"},{\"@type\":\"ListItem\",\"position\":2,\"name\":\"A solidariedade radical!\"}]},{\"@type\":\"WebSite\",\"@id\":\"https:\/\/www.oarcanjo.net\/site\/#website\",\"url\":\"https:\/\/www.oarcanjo.net\/site\/\",\"name\":\"O Arcanjo no ar\",\"description\":\"Site da Par\u00f3quia S\u00e3o Miguel Arcanjo (Arquidiocese de SP)\",\"publisher\":{\"@id\":\"https:\/\/www.oarcanjo.net\/site\/#organization\"},\"potentialAction\":[{\"@type\":\"SearchAction\",\"target\":{\"@type\":\"EntryPoint\",\"urlTemplate\":\"https:\/\/www.oarcanjo.net\/site\/?s={search_term_string}\"},\"query-input\":{\"@type\":\"PropertyValueSpecification\",\"valueRequired\":true,\"valueName\":\"search_term_string\"}}],\"inLanguage\":\"pt-BR\"},{\"@type\":\"Organization\",\"@id\":\"https:\/\/www.oarcanjo.net\/site\/#organization\",\"name\":\"Par\u00f3quia S\u00e3o Miguel Arcanjo\",\"url\":\"https:\/\/www.oarcanjo.net\/site\/\",\"logo\":{\"@type\":\"ImageObject\",\"inLanguage\":\"pt-BR\",\"@id\":\"https:\/\/www.oarcanjo.net\/site\/#\/schema\/logo\/image\/\",\"url\":\"https:\/\/www.oarcanjo.net\/site\/wp-content\/uploads\/LogoOArcanjo.png\",\"contentUrl\":\"https:\/\/www.oarcanjo.net\/site\/wp-content\/uploads\/LogoOArcanjo.png\",\"width\":319,\"height\":99,\"caption\":\"Par\u00f3quia S\u00e3o Miguel Arcanjo\"},\"image\":{\"@id\":\"https:\/\/www.oarcanjo.net\/site\/#\/schema\/logo\/image\/\"},\"sameAs\":[\"https:\/\/www.facebook.com\/OArcanjoNoAr\/\"]},{\"@type\":\"Person\",\"@id\":\"https:\/\/www.oarcanjo.net\/site\/#\/schema\/person\/d78ea01c648c91e29c364b516767079e\",\"name\":\"julio\",\"sameAs\":[\"http:\/\/www.oarcanjo.net\"]}]}<\/script>\n<!-- \/ Yoast SEO plugin. -->","yoast_head_json":{"title":"A solidariedade radical! - O Arcanjo no ar","robots":{"index":"index","follow":"follow","max-snippet":"max-snippet:-1","max-image-preview":"max-image-preview:large","max-video-preview":"max-video-preview:-1"},"canonical":"https:\/\/www.oarcanjo.net\/site\/a-solidaridade-radical\/","og_locale":"pt_BR","og_type":"article","og_title":"A solidariedade radical! - O Arcanjo no ar","og_description":"httpv:\/\/www.youtube.com\/watch?v=XT1T_9sqJS8 O Evangelho deste XIII Domingo do tempo Comum retoma o discurso da miss\u00e3o. O texto deixa claro que ser disc\u00edpulo mission\u00e1rio de Jesus sup\u00f5e conflitos e escolhas. Perseverar no seguimento leva ao rompimento de certas tradi\u00e7\u00f5es muito familiares. N\u00e3o se trata de romper la\u00e7os e afetos familiares mas de romper la\u00e7os que nos paralisam [&hellip;]","og_url":"https:\/\/www.oarcanjo.net\/site\/a-solidaridade-radical\/","og_site_name":"O Arcanjo no ar","article_publisher":"https:\/\/www.facebook.com\/OArcanjoNoAr\/","article_published_time":"2011-06-25T20:45:03+00:00","article_modified_time":"2011-06-28T00:53:21+00:00","og_image":[{"width":300,"height":300,"url":"https:\/\/www.oarcanjo.net\/site\/wp-content\/uploads\/logo-o-arcanjo-no-ar-facebook.png","type":"image\/png"}],"author":"julio","twitter_card":"summary_large_image","twitter_misc":{"Escrito por":"julio","Est. tempo de leitura":"1 minuto"},"schema":{"@context":"https:\/\/schema.org","@graph":[{"@type":"Article","@id":"https:\/\/www.oarcanjo.net\/site\/a-solidaridade-radical\/#article","isPartOf":{"@id":"https:\/\/www.oarcanjo.net\/site\/a-solidaridade-radical\/"},"author":{"name":"julio","@id":"https:\/\/www.oarcanjo.net\/site\/#\/schema\/person\/d78ea01c648c91e29c364b516767079e"},"headline":"A solidariedade radical!","datePublished":"2011-06-25T20:45:03+00:00","dateModified":"2011-06-28T00:53:21+00:00","mainEntityOfPage":{"@id":"https:\/\/www.oarcanjo.net\/site\/a-solidaridade-radical\/"},"wordCount":284,"commentCount":1,"publisher":{"@id":"https:\/\/www.oarcanjo.net\/site\/#organization"},"articleSection":["Blog","Homilias"],"inLanguage":"pt-BR","potentialAction":[{"@type":"CommentAction","name":"Comment","target":["https:\/\/www.oarcanjo.net\/site\/a-solidaridade-radical\/#respond"]}]},{"@type":"WebPage","@id":"https:\/\/www.oarcanjo.net\/site\/a-solidaridade-radical\/","url":"https:\/\/www.oarcanjo.net\/site\/a-solidaridade-radical\/","name":"A solidariedade radical! - O Arcanjo no ar","isPartOf":{"@id":"https:\/\/www.oarcanjo.net\/site\/#website"},"datePublished":"2011-06-25T20:45:03+00:00","dateModified":"2011-06-28T00:53:21+00:00","breadcrumb":{"@id":"https:\/\/www.oarcanjo.net\/site\/a-solidaridade-radical\/#breadcrumb"},"inLanguage":"pt-BR","potentialAction":[{"@type":"ReadAction","target":["https:\/\/www.oarcanjo.net\/site\/a-solidaridade-radical\/"]}]},{"@type":"BreadcrumbList","@id":"https:\/\/www.oarcanjo.net\/site\/a-solidaridade-radical\/#breadcrumb","itemListElement":[{"@type":"ListItem","position":1,"name":"In\u00edcio","item":"https:\/\/www.oarcanjo.net\/site\/"},{"@type":"ListItem","position":2,"name":"A solidariedade radical!"}]},{"@type":"WebSite","@id":"https:\/\/www.oarcanjo.net\/site\/#website","url":"https:\/\/www.oarcanjo.net\/site\/","name":"O Arcanjo no ar","description":"Site da Par\u00f3quia S\u00e3o Miguel Arcanjo (Arquidiocese de SP)","publisher":{"@id":"https:\/\/www.oarcanjo.net\/site\/#organization"},"potentialAction":[{"@type":"SearchAction","target":{"@type":"EntryPoint","urlTemplate":"https:\/\/www.oarcanjo.net\/site\/?s={search_term_string}"},"query-input":{"@type":"PropertyValueSpecification","valueRequired":true,"valueName":"search_term_string"}}],"inLanguage":"pt-BR"},{"@type":"Organization","@id":"https:\/\/www.oarcanjo.net\/site\/#organization","name":"Par\u00f3quia S\u00e3o Miguel Arcanjo","url":"https:\/\/www.oarcanjo.net\/site\/","logo":{"@type":"ImageObject","inLanguage":"pt-BR","@id":"https:\/\/www.oarcanjo.net\/site\/#\/schema\/logo\/image\/","url":"https:\/\/www.oarcanjo.net\/site\/wp-content\/uploads\/LogoOArcanjo.png","contentUrl":"https:\/\/www.oarcanjo.net\/site\/wp-content\/uploads\/LogoOArcanjo.png","width":319,"height":99,"caption":"Par\u00f3quia S\u00e3o Miguel Arcanjo"},"image":{"@id":"https:\/\/www.oarcanjo.net\/site\/#\/schema\/logo\/image\/"},"sameAs":["https:\/\/www.facebook.com\/OArcanjoNoAr\/"]},{"@type":"Person","@id":"https:\/\/www.oarcanjo.net\/site\/#\/schema\/person\/d78ea01c648c91e29c364b516767079e","name":"julio","sameAs":["http:\/\/www.oarcanjo.net"]}]}},"publishpress_future_action":{"enabled":false,"date":"2026-05-09 09:18:43","action":"category","newStatus":"draft","terms":[],"taxonomy":"category"},"publishpress_future_workflow_manual_trigger":{"enabledWorkflows":[]},"_links":{"self":[{"href":"https:\/\/www.oarcanjo.net\/site\/wp-json\/wp\/v2\/posts\/14909"}],"collection":[{"href":"https:\/\/www.oarcanjo.net\/site\/wp-json\/wp\/v2\/posts"}],"about":[{"href":"https:\/\/www.oarcanjo.net\/site\/wp-json\/wp\/v2\/types\/post"}],"author":[{"embeddable":true,"href":"https:\/\/www.oarcanjo.net\/site\/wp-json\/wp\/v2\/users\/4"}],"replies":[{"embeddable":true,"href":"https:\/\/www.oarcanjo.net\/site\/wp-json\/wp\/v2\/comments?post=14909"}],"version-history":[{"count":0,"href":"https:\/\/www.oarcanjo.net\/site\/wp-json\/wp\/v2\/posts\/14909\/revisions"}],"wp:attachment":[{"href":"https:\/\/www.oarcanjo.net\/site\/wp-json\/wp\/v2\/media?parent=14909"}],"wp:term":[{"taxonomy":"category","embeddable":true,"href":"https:\/\/www.oarcanjo.net\/site\/wp-json\/wp\/v2\/categories?post=14909"},{"taxonomy":"post_tag","embeddable":true,"href":"https:\/\/www.oarcanjo.net\/site\/wp-json\/wp\/v2\/tags?post=14909"}],"curies":[{"name":"wp","href":"https:\/\/api.w.org\/{rel}","templated":true}]}}