
{"id":1514,"date":"2009-01-22T08:52:32","date_gmt":"2009-01-22T10:52:32","guid":{"rendered":"http:\/\/www.oarcanjo.net\/site\/?p=1514"},"modified":"2009-01-25T02:31:36","modified_gmt":"2009-01-25T04:31:36","slug":"deus-escolheu-paulo","status":"publish","type":"post","link":"https:\/\/www.oarcanjo.net\/site\/deus-escolheu-paulo\/","title":{"rendered":"Deus escolheu Paulo!"},"content":{"rendered":"<p>O primeiro dia do Tr\u00edduo para a festa  de S\u00e3o Paulo nos traz \u00e0 reflex\u00e3o: Deus escolheu Paulo para anunciar o Evangelho, para anunciar a mensagem da salva\u00e7\u00e3o, a Boa Nova de JESUS, a todos os Povos. Paulo rompeu a fronteira dos povos e a separa\u00e7\u00e3o, deixou para tr\u00e1s a restri\u00e7\u00e3o do an\u00fancio somente ao povo judeu. Andou e viajou por toda parte da Europa \u00e0 \u00c1sia Menor. Passou por Antioquia, Chipre, \u00c9feso, Listra, Derbe, Corinto, Filipos, Tessal\u00f4nica, Jerusal\u00e9m, Roma e muitas outras cidades. A mensagem de Paulo: N\u00e3o existe mais a diferen\u00e7a entre judeus e gregos, escravos e livres, pois Deus \u00e9 o Pai de todos e em Jesus Cristo chama a todos para o seu Reino.<\/p>\n<p>O que tudo isso significa para n\u00f3s hoje? Em nossas vidas e em nossa cidade? O reino de Deus, a igualdade e a fraternidade n\u00e3o s\u00e3o exclusividade de alguns mas dom para todos. Que a festa de S\u00e3o Paulo o Apost\u00f3lo e a Cidade nos ajudem a viver o compromisso da constru\u00e7\u00e3o de uma conviv\u00eancia mais humana e fraterna num tempo de tanta competi\u00e7\u00e3o e individualismo.<\/p>\n<p>S\u00e3o Paulo , rogai por n\u00f3s !<\/p>\n<div id=\"themify_builder_content-1514\" data-postid=\"1514\" class=\"themify_builder_content themify_builder_content-1514 themify_builder themify_builder_front\">\n\t<\/div>\n<!-- \/themify_builder_content -->","protected":false},"excerpt":{"rendered":"<p>O primeiro dia do Tr\u00edduo para a festa de S\u00e3o Paulo nos traz \u00e0 reflex\u00e3o: Deus escolheu Paulo para anunciar o Evangelho, para anunciar a mensagem da salva\u00e7\u00e3o, a Boa Nova de JESUS, a todos os Povos. Paulo rompeu a fronteira dos povos e a separa\u00e7\u00e3o, deixou para tr\u00e1s a restri\u00e7\u00e3o do an\u00fancio somente ao [&hellip;]<\/p>\n","protected":false},"author":4,"featured_media":0,"comment_status":"open","ping_status":"open","sticky":false,"template":"","format":"standard","meta":{"ngg_post_thumbnail":0,"footnotes":""},"categories":[4],"tags":[198,11],"yoast_head":"<!-- This site is optimized with the Yoast SEO plugin v23.5 - https:\/\/yoast.com\/wordpress\/plugins\/seo\/ -->\n<title>Deus escolheu Paulo! - O Arcanjo no ar<\/title>\n<meta name=\"robots\" content=\"index, follow, max-snippet:-1, max-image-preview:large, max-video-preview:-1\" \/>\n<link rel=\"canonical\" href=\"https:\/\/www.oarcanjo.net\/site\/deus-escolheu-paulo\/\" \/>\n<meta property=\"og:locale\" content=\"pt_BR\" \/>\n<meta property=\"og:type\" content=\"article\" \/>\n<meta property=\"og:title\" content=\"Deus escolheu Paulo! - O Arcanjo no ar\" \/>\n<meta property=\"og:description\" content=\"O primeiro dia do Tr\u00edduo para a festa de S\u00e3o Paulo nos traz \u00e0 reflex\u00e3o: Deus escolheu Paulo para anunciar o Evangelho, para anunciar a mensagem da salva\u00e7\u00e3o, a Boa Nova de JESUS, a todos os Povos. Paulo rompeu a fronteira dos povos e a separa\u00e7\u00e3o, deixou para tr\u00e1s a restri\u00e7\u00e3o do an\u00fancio somente ao [&hellip;]\" \/>\n<meta property=\"og:url\" content=\"https:\/\/www.oarcanjo.net\/site\/deus-escolheu-paulo\/\" \/>\n<meta property=\"og:site_name\" content=\"O Arcanjo no ar\" \/>\n<meta property=\"article:publisher\" content=\"https:\/\/www.facebook.com\/OArcanjoNoAr\/\" \/>\n<meta property=\"article:published_time\" content=\"2009-01-22T10:52:32+00:00\" \/>\n<meta property=\"article:modified_time\" content=\"2009-01-25T04:31:36+00:00\" \/>\n<meta property=\"og:image\" content=\"https:\/\/www.oarcanjo.net\/site\/wp-content\/uploads\/logo-o-arcanjo-no-ar-facebook.png\" \/>\n\t<meta property=\"og:image:width\" content=\"300\" \/>\n\t<meta property=\"og:image:height\" content=\"300\" \/>\n\t<meta property=\"og:image:type\" content=\"image\/png\" \/>\n<meta name=\"author\" content=\"julio\" \/>\n<meta name=\"twitter:card\" content=\"summary_large_image\" \/>\n<meta name=\"twitter:label1\" content=\"Escrito por\" \/>\n\t<meta name=\"twitter:data1\" content=\"julio\" \/>\n\t<meta name=\"twitter:label2\" content=\"Est. tempo de leitura\" \/>\n\t<meta name=\"twitter:data2\" content=\"1 minuto\" \/>\n<script type=\"application\/ld+json\" class=\"yoast-schema-graph\">{\"@context\":\"https:\/\/schema.org\",\"@graph\":[{\"@type\":\"Article\",\"@id\":\"https:\/\/www.oarcanjo.net\/site\/deus-escolheu-paulo\/#article\",\"isPartOf\":{\"@id\":\"https:\/\/www.oarcanjo.net\/site\/deus-escolheu-paulo\/\"},\"author\":{\"name\":\"julio\",\"@id\":\"https:\/\/www.oarcanjo.net\/site\/#\/schema\/person\/d78ea01c648c91e29c364b516767079e\"},\"headline\":\"Deus escolheu Paulo!\",\"datePublished\":\"2009-01-22T10:52:32+00:00\",\"dateModified\":\"2009-01-25T04:31:36+00:00\",\"mainEntityOfPage\":{\"@id\":\"https:\/\/www.oarcanjo.net\/site\/deus-escolheu-paulo\/\"},\"wordCount\":211,\"commentCount\":1,\"publisher\":{\"@id\":\"https:\/\/www.oarcanjo.net\/site\/#organization\"},\"keywords\":[\"ap\u00f3stolo\",\"S\u00e3o Paulo\"],\"articleSection\":[\"Blog\"],\"inLanguage\":\"pt-BR\",\"potentialAction\":[{\"@type\":\"CommentAction\",\"name\":\"Comment\",\"target\":[\"https:\/\/www.oarcanjo.net\/site\/deus-escolheu-paulo\/#respond\"]}]},{\"@type\":\"WebPage\",\"@id\":\"https:\/\/www.oarcanjo.net\/site\/deus-escolheu-paulo\/\",\"url\":\"https:\/\/www.oarcanjo.net\/site\/deus-escolheu-paulo\/\",\"name\":\"Deus escolheu Paulo! - O Arcanjo no ar\",\"isPartOf\":{\"@id\":\"https:\/\/www.oarcanjo.net\/site\/#website\"},\"datePublished\":\"2009-01-22T10:52:32+00:00\",\"dateModified\":\"2009-01-25T04:31:36+00:00\",\"breadcrumb\":{\"@id\":\"https:\/\/www.oarcanjo.net\/site\/deus-escolheu-paulo\/#breadcrumb\"},\"inLanguage\":\"pt-BR\",\"potentialAction\":[{\"@type\":\"ReadAction\",\"target\":[\"https:\/\/www.oarcanjo.net\/site\/deus-escolheu-paulo\/\"]}]},{\"@type\":\"BreadcrumbList\",\"@id\":\"https:\/\/www.oarcanjo.net\/site\/deus-escolheu-paulo\/#breadcrumb\",\"itemListElement\":[{\"@type\":\"ListItem\",\"position\":1,\"name\":\"In\u00edcio\",\"item\":\"https:\/\/www.oarcanjo.net\/site\/\"},{\"@type\":\"ListItem\",\"position\":2,\"name\":\"Deus escolheu Paulo!\"}]},{\"@type\":\"WebSite\",\"@id\":\"https:\/\/www.oarcanjo.net\/site\/#website\",\"url\":\"https:\/\/www.oarcanjo.net\/site\/\",\"name\":\"O Arcanjo no ar\",\"description\":\"Site da Par\u00f3quia S\u00e3o Miguel Arcanjo (Arquidiocese de SP)\",\"publisher\":{\"@id\":\"https:\/\/www.oarcanjo.net\/site\/#organization\"},\"potentialAction\":[{\"@type\":\"SearchAction\",\"target\":{\"@type\":\"EntryPoint\",\"urlTemplate\":\"https:\/\/www.oarcanjo.net\/site\/?s={search_term_string}\"},\"query-input\":{\"@type\":\"PropertyValueSpecification\",\"valueRequired\":true,\"valueName\":\"search_term_string\"}}],\"inLanguage\":\"pt-BR\"},{\"@type\":\"Organization\",\"@id\":\"https:\/\/www.oarcanjo.net\/site\/#organization\",\"name\":\"Par\u00f3quia S\u00e3o Miguel Arcanjo\",\"url\":\"https:\/\/www.oarcanjo.net\/site\/\",\"logo\":{\"@type\":\"ImageObject\",\"inLanguage\":\"pt-BR\",\"@id\":\"https:\/\/www.oarcanjo.net\/site\/#\/schema\/logo\/image\/\",\"url\":\"https:\/\/www.oarcanjo.net\/site\/wp-content\/uploads\/LogoOArcanjo.png\",\"contentUrl\":\"https:\/\/www.oarcanjo.net\/site\/wp-content\/uploads\/LogoOArcanjo.png\",\"width\":319,\"height\":99,\"caption\":\"Par\u00f3quia S\u00e3o Miguel Arcanjo\"},\"image\":{\"@id\":\"https:\/\/www.oarcanjo.net\/site\/#\/schema\/logo\/image\/\"},\"sameAs\":[\"https:\/\/www.facebook.com\/OArcanjoNoAr\/\"]},{\"@type\":\"Person\",\"@id\":\"https:\/\/www.oarcanjo.net\/site\/#\/schema\/person\/d78ea01c648c91e29c364b516767079e\",\"name\":\"julio\",\"sameAs\":[\"http:\/\/www.oarcanjo.net\"]}]}<\/script>\n<!-- \/ Yoast SEO plugin. -->","yoast_head_json":{"title":"Deus escolheu Paulo! - O Arcanjo no ar","robots":{"index":"index","follow":"follow","max-snippet":"max-snippet:-1","max-image-preview":"max-image-preview:large","max-video-preview":"max-video-preview:-1"},"canonical":"https:\/\/www.oarcanjo.net\/site\/deus-escolheu-paulo\/","og_locale":"pt_BR","og_type":"article","og_title":"Deus escolheu Paulo! - O Arcanjo no ar","og_description":"O primeiro dia do Tr\u00edduo para a festa de S\u00e3o Paulo nos traz \u00e0 reflex\u00e3o: Deus escolheu Paulo para anunciar o Evangelho, para anunciar a mensagem da salva\u00e7\u00e3o, a Boa Nova de JESUS, a todos os Povos. Paulo rompeu a fronteira dos povos e a separa\u00e7\u00e3o, deixou para tr\u00e1s a restri\u00e7\u00e3o do an\u00fancio somente ao [&hellip;]","og_url":"https:\/\/www.oarcanjo.net\/site\/deus-escolheu-paulo\/","og_site_name":"O Arcanjo no ar","article_publisher":"https:\/\/www.facebook.com\/OArcanjoNoAr\/","article_published_time":"2009-01-22T10:52:32+00:00","article_modified_time":"2009-01-25T04:31:36+00:00","og_image":[{"width":300,"height":300,"url":"https:\/\/www.oarcanjo.net\/site\/wp-content\/uploads\/logo-o-arcanjo-no-ar-facebook.png","type":"image\/png"}],"author":"julio","twitter_card":"summary_large_image","twitter_misc":{"Escrito por":"julio","Est. tempo de leitura":"1 minuto"},"schema":{"@context":"https:\/\/schema.org","@graph":[{"@type":"Article","@id":"https:\/\/www.oarcanjo.net\/site\/deus-escolheu-paulo\/#article","isPartOf":{"@id":"https:\/\/www.oarcanjo.net\/site\/deus-escolheu-paulo\/"},"author":{"name":"julio","@id":"https:\/\/www.oarcanjo.net\/site\/#\/schema\/person\/d78ea01c648c91e29c364b516767079e"},"headline":"Deus escolheu Paulo!","datePublished":"2009-01-22T10:52:32+00:00","dateModified":"2009-01-25T04:31:36+00:00","mainEntityOfPage":{"@id":"https:\/\/www.oarcanjo.net\/site\/deus-escolheu-paulo\/"},"wordCount":211,"commentCount":1,"publisher":{"@id":"https:\/\/www.oarcanjo.net\/site\/#organization"},"keywords":["ap\u00f3stolo","S\u00e3o Paulo"],"articleSection":["Blog"],"inLanguage":"pt-BR","potentialAction":[{"@type":"CommentAction","name":"Comment","target":["https:\/\/www.oarcanjo.net\/site\/deus-escolheu-paulo\/#respond"]}]},{"@type":"WebPage","@id":"https:\/\/www.oarcanjo.net\/site\/deus-escolheu-paulo\/","url":"https:\/\/www.oarcanjo.net\/site\/deus-escolheu-paulo\/","name":"Deus escolheu Paulo! - O Arcanjo no ar","isPartOf":{"@id":"https:\/\/www.oarcanjo.net\/site\/#website"},"datePublished":"2009-01-22T10:52:32+00:00","dateModified":"2009-01-25T04:31:36+00:00","breadcrumb":{"@id":"https:\/\/www.oarcanjo.net\/site\/deus-escolheu-paulo\/#breadcrumb"},"inLanguage":"pt-BR","potentialAction":[{"@type":"ReadAction","target":["https:\/\/www.oarcanjo.net\/site\/deus-escolheu-paulo\/"]}]},{"@type":"BreadcrumbList","@id":"https:\/\/www.oarcanjo.net\/site\/deus-escolheu-paulo\/#breadcrumb","itemListElement":[{"@type":"ListItem","position":1,"name":"In\u00edcio","item":"https:\/\/www.oarcanjo.net\/site\/"},{"@type":"ListItem","position":2,"name":"Deus escolheu Paulo!"}]},{"@type":"WebSite","@id":"https:\/\/www.oarcanjo.net\/site\/#website","url":"https:\/\/www.oarcanjo.net\/site\/","name":"O Arcanjo no ar","description":"Site da Par\u00f3quia S\u00e3o Miguel Arcanjo (Arquidiocese de SP)","publisher":{"@id":"https:\/\/www.oarcanjo.net\/site\/#organization"},"potentialAction":[{"@type":"SearchAction","target":{"@type":"EntryPoint","urlTemplate":"https:\/\/www.oarcanjo.net\/site\/?s={search_term_string}"},"query-input":{"@type":"PropertyValueSpecification","valueRequired":true,"valueName":"search_term_string"}}],"inLanguage":"pt-BR"},{"@type":"Organization","@id":"https:\/\/www.oarcanjo.net\/site\/#organization","name":"Par\u00f3quia S\u00e3o Miguel Arcanjo","url":"https:\/\/www.oarcanjo.net\/site\/","logo":{"@type":"ImageObject","inLanguage":"pt-BR","@id":"https:\/\/www.oarcanjo.net\/site\/#\/schema\/logo\/image\/","url":"https:\/\/www.oarcanjo.net\/site\/wp-content\/uploads\/LogoOArcanjo.png","contentUrl":"https:\/\/www.oarcanjo.net\/site\/wp-content\/uploads\/LogoOArcanjo.png","width":319,"height":99,"caption":"Par\u00f3quia S\u00e3o Miguel Arcanjo"},"image":{"@id":"https:\/\/www.oarcanjo.net\/site\/#\/schema\/logo\/image\/"},"sameAs":["https:\/\/www.facebook.com\/OArcanjoNoAr\/"]},{"@type":"Person","@id":"https:\/\/www.oarcanjo.net\/site\/#\/schema\/person\/d78ea01c648c91e29c364b516767079e","name":"julio","sameAs":["http:\/\/www.oarcanjo.net"]}]}},"publishpress_future_action":{"enabled":false,"date":"2026-05-07 12:43:52","action":"category","newStatus":"draft","terms":[],"taxonomy":"category"},"publishpress_future_workflow_manual_trigger":{"enabledWorkflows":[]},"_links":{"self":[{"href":"https:\/\/www.oarcanjo.net\/site\/wp-json\/wp\/v2\/posts\/1514"}],"collection":[{"href":"https:\/\/www.oarcanjo.net\/site\/wp-json\/wp\/v2\/posts"}],"about":[{"href":"https:\/\/www.oarcanjo.net\/site\/wp-json\/wp\/v2\/types\/post"}],"author":[{"embeddable":true,"href":"https:\/\/www.oarcanjo.net\/site\/wp-json\/wp\/v2\/users\/4"}],"replies":[{"embeddable":true,"href":"https:\/\/www.oarcanjo.net\/site\/wp-json\/wp\/v2\/comments?post=1514"}],"version-history":[{"count":0,"href":"https:\/\/www.oarcanjo.net\/site\/wp-json\/wp\/v2\/posts\/1514\/revisions"}],"wp:attachment":[{"href":"https:\/\/www.oarcanjo.net\/site\/wp-json\/wp\/v2\/media?parent=1514"}],"wp:term":[{"taxonomy":"category","embeddable":true,"href":"https:\/\/www.oarcanjo.net\/site\/wp-json\/wp\/v2\/categories?post=1514"},{"taxonomy":"post_tag","embeddable":true,"href":"https:\/\/www.oarcanjo.net\/site\/wp-json\/wp\/v2\/tags?post=1514"}],"curies":[{"name":"wp","href":"https:\/\/api.w.org\/{rel}","templated":true}]}}