
{"id":15195,"date":"2011-07-25T10:29:06","date_gmt":"2011-07-25T13:29:06","guid":{"rendered":"http:\/\/www.oarcanjo.net\/site\/?p=15195"},"modified":"2011-07-25T10:29:06","modified_gmt":"2011-07-25T13:29:06","slug":"25-de-julho-dia-de-quem-cultiva-a-terra-e-luta-pela-vida","status":"publish","type":"post","link":"https:\/\/www.oarcanjo.net\/site\/25-de-julho-dia-de-quem-cultiva-a-terra-e-luta-pela-vida\/","title":{"rendered":"25 de Julho: Dia de quem cultiva a terra e luta pela vida"},"content":{"rendered":"<p>Pilato Pereira &#8211; CPT\/RS<\/p>\n<p>Popularmente se diz que o 25 de Julho \u00e9 o &#8220;Dia do Agricultor&#8221;, mas em muitos locais se diz &#8220;Dia do Colono&#8221; e ultimamente se recupera um sentido mais original para quem trabalha no campo e se diz que \u00e9 o &#8220;Dia do Campon\u00eas&#8221;. Na verdade o &#8220;Dia do Agricultor&#8221; \u00e9 28 de Julho, data institu\u00edda a partir do centen\u00e1rio da cria\u00e7\u00e3o do Minist\u00e9rio da Agricultura, em 1960, por decreto do presidente Juscelino Kubitschek. J\u00e1 a data de 25 de Julho, como &#8220;Dia do Colono&#8221; \u00e9 uma homenagem aos &#8220;colonos&#8221; estrangeiros que imigraram ao Brasil no final do s\u00e9culo 19 in\u00edcio do s\u00e9culo 20.<\/p>\n<p>Mas, hoje, quando se fala em agricultor, colono ou campon\u00eas, j\u00e1 se sabe que se refere ao pequeno agricultor, o homem e a mulher que trabalham na agricultura familiar e camponesa. E quando se refere aos grandes, os latifundi\u00e1rios e ruralistas, eles gostam de serem chamados de &#8220;produtores rurais&#8221;. E a imprensa frisa muito bem esta terminologia. De fato eles produzem e muito. Produzem, em primeiro lugar, a fome e a mis\u00e9ria porque roubam a terra de quem dela precisa. Produzem riqueza para eles. Os grandes n\u00e3o cultivam a terra, simplesmente arrancam dela o lucro.<\/p>\n<p>Enquanto o pequeno agricultor, o colono, o campon\u00eas cultiva a terra, semeando a boa semente para colher o p\u00e3o de cada dia que alimenta sua fam\u00edlia e nutre o Brasil, o dito produtor rural trabalha com dinheiro e na terra p\u00f5e o transg\u00eanico e o veneno e colhe muito mais dinheiro. Voc\u00ea j\u00e1 viu um produtor rural produzir sem dinheiro? Ele usa dinheiro p\u00fablico para arrancar da terra mais riqueza para ele pr\u00f3prio. Mas o pequeno agricultor, que nem sempre tem recursos para cultivar a terra, trabalha na f\u00e9, na coragem e no amor.<\/p>\n<p>Mas, a mulher e o homem que, com simplicidade, cultivam a terra, tamb\u00e9m s\u00e3o cultivados por ela e aprendem a lutar pela sua dignidade e pelo respeito a vida. Quando pessoas simples e humildes se levantam do ch\u00e3o como plantas que querem florir, \u00e9 porque a terra cultivou seus cora\u00e7\u00f5es e mentes e aprenderam na vida que \u00e9 preciso lutar para viver. Por isso, nesta data, \u00e9 preciso enaltecer mulheres e homens que, cultivando a terra, aprendem a lutar.<\/p>\n<p>25 de Julho deve ser um dia para celebrar e lutar, porque a vida do pequeno agricultor, colono ou campon\u00eas \u00e9 marcada pela luta, mas com muita mistica e amor \u00e0 terra.<\/p>\n<div id=\"themify_builder_content-15195\" data-postid=\"15195\" class=\"themify_builder_content themify_builder_content-15195 themify_builder themify_builder_front\">\n\t<\/div>\n<!-- \/themify_builder_content -->","protected":false},"excerpt":{"rendered":"<p>Pilato Pereira &#8211; CPT\/RS Popularmente se diz que o 25 de Julho \u00e9 o &#8220;Dia do Agricultor&#8221;, mas em muitos locais se diz &#8220;Dia do Colono&#8221; e ultimamente se recupera um sentido mais original para quem trabalha no campo e se diz que \u00e9 o &#8220;Dia do Campon\u00eas&#8221;. Na verdade o &#8220;Dia do Agricultor&#8221; \u00e9 [&hellip;]<\/p>\n","protected":false},"author":5,"featured_media":0,"comment_status":"open","ping_status":"open","sticky":false,"template":"","format":"standard","meta":{"ngg_post_thumbnail":0,"footnotes":""},"categories":[8],"tags":[1994,1996,1997,1995,1153,293,483],"yoast_head":"<!-- This site is optimized with the Yoast SEO plugin v23.5 - https:\/\/yoast.com\/wordpress\/plugins\/seo\/ -->\n<title>25 de Julho: Dia de quem cultiva a terra e luta pela vida - O Arcanjo no ar<\/title>\n<meta name=\"robots\" content=\"index, follow, max-snippet:-1, max-image-preview:large, max-video-preview:-1\" \/>\n<link rel=\"canonical\" href=\"https:\/\/www.oarcanjo.net\/site\/25-de-julho-dia-de-quem-cultiva-a-terra-e-luta-pela-vida\/\" \/>\n<meta property=\"og:locale\" content=\"pt_BR\" \/>\n<meta property=\"og:type\" content=\"article\" \/>\n<meta property=\"og:title\" content=\"25 de Julho: Dia de quem cultiva a terra e luta pela vida - O Arcanjo no ar\" \/>\n<meta property=\"og:description\" content=\"Pilato Pereira &#8211; CPT\/RS Popularmente se diz que o 25 de Julho \u00e9 o &#8220;Dia do Agricultor&#8221;, mas em muitos locais se diz &#8220;Dia do Colono&#8221; e ultimamente se recupera um sentido mais original para quem trabalha no campo e se diz que \u00e9 o &#8220;Dia do Campon\u00eas&#8221;. Na verdade o &#8220;Dia do Agricultor&#8221; \u00e9 [&hellip;]\" \/>\n<meta property=\"og:url\" content=\"https:\/\/www.oarcanjo.net\/site\/25-de-julho-dia-de-quem-cultiva-a-terra-e-luta-pela-vida\/\" \/>\n<meta property=\"og:site_name\" content=\"O Arcanjo no ar\" \/>\n<meta property=\"article:publisher\" content=\"https:\/\/www.facebook.com\/OArcanjoNoAr\/\" \/>\n<meta property=\"article:published_time\" content=\"2011-07-25T13:29:06+00:00\" \/>\n<meta property=\"og:image\" content=\"https:\/\/www.oarcanjo.net\/site\/wp-content\/uploads\/logo-o-arcanjo-no-ar-facebook.png\" \/>\n\t<meta property=\"og:image:width\" content=\"300\" \/>\n\t<meta property=\"og:image:height\" content=\"300\" \/>\n\t<meta property=\"og:image:type\" content=\"image\/png\" \/>\n<meta name=\"author\" content=\"editor\" \/>\n<meta name=\"twitter:card\" content=\"summary_large_image\" \/>\n<meta name=\"twitter:label1\" content=\"Escrito por\" \/>\n\t<meta name=\"twitter:data1\" content=\"editor\" \/>\n\t<meta name=\"twitter:label2\" content=\"Est. tempo de leitura\" \/>\n\t<meta name=\"twitter:data2\" content=\"2 minutos\" \/>\n<script type=\"application\/ld+json\" class=\"yoast-schema-graph\">{\"@context\":\"https:\/\/schema.org\",\"@graph\":[{\"@type\":\"Article\",\"@id\":\"https:\/\/www.oarcanjo.net\/site\/25-de-julho-dia-de-quem-cultiva-a-terra-e-luta-pela-vida\/#article\",\"isPartOf\":{\"@id\":\"https:\/\/www.oarcanjo.net\/site\/25-de-julho-dia-de-quem-cultiva-a-terra-e-luta-pela-vida\/\"},\"author\":{\"name\":\"editor\",\"@id\":\"https:\/\/www.oarcanjo.net\/site\/#\/schema\/person\/f7024d007863202483a31326673a0838\"},\"headline\":\"25 de Julho: Dia de quem cultiva a terra e luta pela vida\",\"datePublished\":\"2011-07-25T13:29:06+00:00\",\"dateModified\":\"2011-07-25T13:29:06+00:00\",\"mainEntityOfPage\":{\"@id\":\"https:\/\/www.oarcanjo.net\/site\/25-de-julho-dia-de-quem-cultiva-a-terra-e-luta-pela-vida\/\"},\"wordCount\":429,\"commentCount\":0,\"publisher\":{\"@id\":\"https:\/\/www.oarcanjo.net\/site\/#organization\"},\"keywords\":[\"agricultor\",\"agricultura\",\"campon\u00eas\",\"colono\",\"luta pela terra\",\"Reforma agr\u00e1ria\",\"sem terra\"],\"articleSection\":[\"Not\u00edcias\"],\"inLanguage\":\"pt-BR\",\"potentialAction\":[{\"@type\":\"CommentAction\",\"name\":\"Comment\",\"target\":[\"https:\/\/www.oarcanjo.net\/site\/25-de-julho-dia-de-quem-cultiva-a-terra-e-luta-pela-vida\/#respond\"]}]},{\"@type\":\"WebPage\",\"@id\":\"https:\/\/www.oarcanjo.net\/site\/25-de-julho-dia-de-quem-cultiva-a-terra-e-luta-pela-vida\/\",\"url\":\"https:\/\/www.oarcanjo.net\/site\/25-de-julho-dia-de-quem-cultiva-a-terra-e-luta-pela-vida\/\",\"name\":\"25 de Julho: Dia de quem cultiva a terra e luta pela vida - O Arcanjo no ar\",\"isPartOf\":{\"@id\":\"https:\/\/www.oarcanjo.net\/site\/#website\"},\"datePublished\":\"2011-07-25T13:29:06+00:00\",\"dateModified\":\"2011-07-25T13:29:06+00:00\",\"breadcrumb\":{\"@id\":\"https:\/\/www.oarcanjo.net\/site\/25-de-julho-dia-de-quem-cultiva-a-terra-e-luta-pela-vida\/#breadcrumb\"},\"inLanguage\":\"pt-BR\",\"potentialAction\":[{\"@type\":\"ReadAction\",\"target\":[\"https:\/\/www.oarcanjo.net\/site\/25-de-julho-dia-de-quem-cultiva-a-terra-e-luta-pela-vida\/\"]}]},{\"@type\":\"BreadcrumbList\",\"@id\":\"https:\/\/www.oarcanjo.net\/site\/25-de-julho-dia-de-quem-cultiva-a-terra-e-luta-pela-vida\/#breadcrumb\",\"itemListElement\":[{\"@type\":\"ListItem\",\"position\":1,\"name\":\"In\u00edcio\",\"item\":\"https:\/\/www.oarcanjo.net\/site\/\"},{\"@type\":\"ListItem\",\"position\":2,\"name\":\"25 de Julho: Dia de quem cultiva a terra e luta pela vida\"}]},{\"@type\":\"WebSite\",\"@id\":\"https:\/\/www.oarcanjo.net\/site\/#website\",\"url\":\"https:\/\/www.oarcanjo.net\/site\/\",\"name\":\"O Arcanjo no ar\",\"description\":\"Site da Par\u00f3quia S\u00e3o Miguel Arcanjo (Arquidiocese de SP)\",\"publisher\":{\"@id\":\"https:\/\/www.oarcanjo.net\/site\/#organization\"},\"potentialAction\":[{\"@type\":\"SearchAction\",\"target\":{\"@type\":\"EntryPoint\",\"urlTemplate\":\"https:\/\/www.oarcanjo.net\/site\/?s={search_term_string}\"},\"query-input\":{\"@type\":\"PropertyValueSpecification\",\"valueRequired\":true,\"valueName\":\"search_term_string\"}}],\"inLanguage\":\"pt-BR\"},{\"@type\":\"Organization\",\"@id\":\"https:\/\/www.oarcanjo.net\/site\/#organization\",\"name\":\"Par\u00f3quia S\u00e3o Miguel Arcanjo\",\"url\":\"https:\/\/www.oarcanjo.net\/site\/\",\"logo\":{\"@type\":\"ImageObject\",\"inLanguage\":\"pt-BR\",\"@id\":\"https:\/\/www.oarcanjo.net\/site\/#\/schema\/logo\/image\/\",\"url\":\"https:\/\/www.oarcanjo.net\/site\/wp-content\/uploads\/LogoOArcanjo.png\",\"contentUrl\":\"https:\/\/www.oarcanjo.net\/site\/wp-content\/uploads\/LogoOArcanjo.png\",\"width\":319,\"height\":99,\"caption\":\"Par\u00f3quia S\u00e3o Miguel Arcanjo\"},\"image\":{\"@id\":\"https:\/\/www.oarcanjo.net\/site\/#\/schema\/logo\/image\/\"},\"sameAs\":[\"https:\/\/www.facebook.com\/OArcanjoNoAr\/\"]},{\"@type\":\"Person\",\"@id\":\"https:\/\/www.oarcanjo.net\/site\/#\/schema\/person\/f7024d007863202483a31326673a0838\",\"name\":\"editor\",\"sameAs\":[\"http:\/\/www.oarcanjo.net\"]}]}<\/script>\n<!-- \/ Yoast SEO plugin. -->","yoast_head_json":{"title":"25 de Julho: Dia de quem cultiva a terra e luta pela vida - O Arcanjo no ar","robots":{"index":"index","follow":"follow","max-snippet":"max-snippet:-1","max-image-preview":"max-image-preview:large","max-video-preview":"max-video-preview:-1"},"canonical":"https:\/\/www.oarcanjo.net\/site\/25-de-julho-dia-de-quem-cultiva-a-terra-e-luta-pela-vida\/","og_locale":"pt_BR","og_type":"article","og_title":"25 de Julho: Dia de quem cultiva a terra e luta pela vida - O Arcanjo no ar","og_description":"Pilato Pereira &#8211; CPT\/RS Popularmente se diz que o 25 de Julho \u00e9 o &#8220;Dia do Agricultor&#8221;, mas em muitos locais se diz &#8220;Dia do Colono&#8221; e ultimamente se recupera um sentido mais original para quem trabalha no campo e se diz que \u00e9 o &#8220;Dia do Campon\u00eas&#8221;. Na verdade o &#8220;Dia do Agricultor&#8221; \u00e9 [&hellip;]","og_url":"https:\/\/www.oarcanjo.net\/site\/25-de-julho-dia-de-quem-cultiva-a-terra-e-luta-pela-vida\/","og_site_name":"O Arcanjo no ar","article_publisher":"https:\/\/www.facebook.com\/OArcanjoNoAr\/","article_published_time":"2011-07-25T13:29:06+00:00","og_image":[{"width":300,"height":300,"url":"https:\/\/www.oarcanjo.net\/site\/wp-content\/uploads\/logo-o-arcanjo-no-ar-facebook.png","type":"image\/png"}],"author":"editor","twitter_card":"summary_large_image","twitter_misc":{"Escrito por":"editor","Est. tempo de leitura":"2 minutos"},"schema":{"@context":"https:\/\/schema.org","@graph":[{"@type":"Article","@id":"https:\/\/www.oarcanjo.net\/site\/25-de-julho-dia-de-quem-cultiva-a-terra-e-luta-pela-vida\/#article","isPartOf":{"@id":"https:\/\/www.oarcanjo.net\/site\/25-de-julho-dia-de-quem-cultiva-a-terra-e-luta-pela-vida\/"},"author":{"name":"editor","@id":"https:\/\/www.oarcanjo.net\/site\/#\/schema\/person\/f7024d007863202483a31326673a0838"},"headline":"25 de Julho: Dia de quem cultiva a terra e luta pela vida","datePublished":"2011-07-25T13:29:06+00:00","dateModified":"2011-07-25T13:29:06+00:00","mainEntityOfPage":{"@id":"https:\/\/www.oarcanjo.net\/site\/25-de-julho-dia-de-quem-cultiva-a-terra-e-luta-pela-vida\/"},"wordCount":429,"commentCount":0,"publisher":{"@id":"https:\/\/www.oarcanjo.net\/site\/#organization"},"keywords":["agricultor","agricultura","campon\u00eas","colono","luta pela terra","Reforma agr\u00e1ria","sem terra"],"articleSection":["Not\u00edcias"],"inLanguage":"pt-BR","potentialAction":[{"@type":"CommentAction","name":"Comment","target":["https:\/\/www.oarcanjo.net\/site\/25-de-julho-dia-de-quem-cultiva-a-terra-e-luta-pela-vida\/#respond"]}]},{"@type":"WebPage","@id":"https:\/\/www.oarcanjo.net\/site\/25-de-julho-dia-de-quem-cultiva-a-terra-e-luta-pela-vida\/","url":"https:\/\/www.oarcanjo.net\/site\/25-de-julho-dia-de-quem-cultiva-a-terra-e-luta-pela-vida\/","name":"25 de Julho: Dia de quem cultiva a terra e luta pela vida - O Arcanjo no ar","isPartOf":{"@id":"https:\/\/www.oarcanjo.net\/site\/#website"},"datePublished":"2011-07-25T13:29:06+00:00","dateModified":"2011-07-25T13:29:06+00:00","breadcrumb":{"@id":"https:\/\/www.oarcanjo.net\/site\/25-de-julho-dia-de-quem-cultiva-a-terra-e-luta-pela-vida\/#breadcrumb"},"inLanguage":"pt-BR","potentialAction":[{"@type":"ReadAction","target":["https:\/\/www.oarcanjo.net\/site\/25-de-julho-dia-de-quem-cultiva-a-terra-e-luta-pela-vida\/"]}]},{"@type":"BreadcrumbList","@id":"https:\/\/www.oarcanjo.net\/site\/25-de-julho-dia-de-quem-cultiva-a-terra-e-luta-pela-vida\/#breadcrumb","itemListElement":[{"@type":"ListItem","position":1,"name":"In\u00edcio","item":"https:\/\/www.oarcanjo.net\/site\/"},{"@type":"ListItem","position":2,"name":"25 de Julho: Dia de quem cultiva a terra e luta pela vida"}]},{"@type":"WebSite","@id":"https:\/\/www.oarcanjo.net\/site\/#website","url":"https:\/\/www.oarcanjo.net\/site\/","name":"O Arcanjo no ar","description":"Site da Par\u00f3quia S\u00e3o Miguel Arcanjo (Arquidiocese de SP)","publisher":{"@id":"https:\/\/www.oarcanjo.net\/site\/#organization"},"potentialAction":[{"@type":"SearchAction","target":{"@type":"EntryPoint","urlTemplate":"https:\/\/www.oarcanjo.net\/site\/?s={search_term_string}"},"query-input":{"@type":"PropertyValueSpecification","valueRequired":true,"valueName":"search_term_string"}}],"inLanguage":"pt-BR"},{"@type":"Organization","@id":"https:\/\/www.oarcanjo.net\/site\/#organization","name":"Par\u00f3quia S\u00e3o Miguel Arcanjo","url":"https:\/\/www.oarcanjo.net\/site\/","logo":{"@type":"ImageObject","inLanguage":"pt-BR","@id":"https:\/\/www.oarcanjo.net\/site\/#\/schema\/logo\/image\/","url":"https:\/\/www.oarcanjo.net\/site\/wp-content\/uploads\/LogoOArcanjo.png","contentUrl":"https:\/\/www.oarcanjo.net\/site\/wp-content\/uploads\/LogoOArcanjo.png","width":319,"height":99,"caption":"Par\u00f3quia S\u00e3o Miguel Arcanjo"},"image":{"@id":"https:\/\/www.oarcanjo.net\/site\/#\/schema\/logo\/image\/"},"sameAs":["https:\/\/www.facebook.com\/OArcanjoNoAr\/"]},{"@type":"Person","@id":"https:\/\/www.oarcanjo.net\/site\/#\/schema\/person\/f7024d007863202483a31326673a0838","name":"editor","sameAs":["http:\/\/www.oarcanjo.net"]}]}},"publishpress_future_action":{"enabled":false,"date":"2026-05-07 10:09:22","action":"category","newStatus":"draft","terms":[],"taxonomy":"category"},"publishpress_future_workflow_manual_trigger":{"enabledWorkflows":[]},"_links":{"self":[{"href":"https:\/\/www.oarcanjo.net\/site\/wp-json\/wp\/v2\/posts\/15195"}],"collection":[{"href":"https:\/\/www.oarcanjo.net\/site\/wp-json\/wp\/v2\/posts"}],"about":[{"href":"https:\/\/www.oarcanjo.net\/site\/wp-json\/wp\/v2\/types\/post"}],"author":[{"embeddable":true,"href":"https:\/\/www.oarcanjo.net\/site\/wp-json\/wp\/v2\/users\/5"}],"replies":[{"embeddable":true,"href":"https:\/\/www.oarcanjo.net\/site\/wp-json\/wp\/v2\/comments?post=15195"}],"version-history":[{"count":0,"href":"https:\/\/www.oarcanjo.net\/site\/wp-json\/wp\/v2\/posts\/15195\/revisions"}],"wp:attachment":[{"href":"https:\/\/www.oarcanjo.net\/site\/wp-json\/wp\/v2\/media?parent=15195"}],"wp:term":[{"taxonomy":"category","embeddable":true,"href":"https:\/\/www.oarcanjo.net\/site\/wp-json\/wp\/v2\/categories?post=15195"},{"taxonomy":"post_tag","embeddable":true,"href":"https:\/\/www.oarcanjo.net\/site\/wp-json\/wp\/v2\/tags?post=15195"}],"curies":[{"name":"wp","href":"https:\/\/api.w.org\/{rel}","templated":true}]}}