
{"id":15198,"date":"2011-07-26T03:54:36","date_gmt":"2011-07-26T06:54:36","guid":{"rendered":"http:\/\/www.oarcanjo.net\/site\/?p=15198"},"modified":"2011-07-26T04:51:43","modified_gmt":"2011-07-26T07:51:43","slug":"em-nome-do-pai-foram-batizadas-onze-criancas","status":"publish","type":"post","link":"https:\/\/www.oarcanjo.net\/site\/em-nome-do-pai-foram-batizadas-onze-criancas\/","title":{"rendered":"Em nome do Pai&#8230; foram batizadas onze crian\u00e7as"},"content":{"rendered":"<p>Na manh\u00e3 fria do domingo, 24 de julho, na entrada da capela da Universidade S\u00e3o Judas, um templo acolhedor e com deslumbrantes vitrais, o padre Julio reuniu onze crian\u00e7as, seus pais e padrinhos. Todos estavam dispostos num c\u00edrculo, recomendou que dito o nome de cada crian\u00e7a todos repetissem a frase: &#8211; \u201cEm nome do Pai, do Filho e do Espir\u00edto, n\u00f3s te acolhemos\u201d; assim sucederam-se os nomes de: Mariana Martins, Alexandre Vasconcelos, Henrique Vasconcelos, Manuela Rodrigues, Rafael Marrano, Victor de Farias, Gabriela Poleto, Esther Luiza, Juliana Andrea Lozano, Jo\u00e3o Morais de Carvalho e Luiza Marques.<\/p>\n<p>Durante a celebra\u00e7\u00e3o, a capela lotada de pessoas da comunidade, Monsenhor Lancellotti pediu aos pais e padrinhos que n\u00e3o ensinassem as crian\u00e7as a serem ego\u00edstas, pois isso o mundo j\u00e1 ensina, pediu sim que as crian\u00e7as fossem ensinadas a serem solid\u00e1rias, com as crian\u00e7as de rua da cidade de S\u00e3o Paulo, com as crian\u00e7as da Noruega que est\u00e3o assustadas, com as crian\u00e7as palestinas e judias.<\/p>\n<p>Na homilia padre Julio Lancellotti lembrou o fil\u00f3sofo Epicuro e falou sobre o hedonismo, forma de pensamento que prega o prazer imediato, e que hoje \u00e9 sin\u00f4nimo de consumismo, questinou os comportamentos que levam a viol\u00eancia, a falta de fraternidade e compaix\u00e3o e do respeito ao ecossistema.<\/p>\n<p>No folheto distribuido na missa rezava: \u201cO Reino de Deus torna-se presente em Jesus Cristo, e esse \u00e9 o valor que d\u00e1 o eixo de nossa vida. O mundo \u00e9 o palco onde o Reino se revela em meio \u00e0s contradi\u00e7\u00f5es da hist\u00f3ria, at\u00e9 que o pr\u00f3prio Deus aplique a sua justi\u00e7a definitiva&#8230;\u201d<\/p>\nngg_shortcode_0_placeholder\n<p>Reportagem de Wanderley de Oliveira<br \/>\nFotos Carlos Beatriz<\/p>\n<div id=\"themify_builder_content-15198\" data-postid=\"15198\" class=\"themify_builder_content themify_builder_content-15198 themify_builder themify_builder_front\">\n\t<\/div>\n<!-- \/themify_builder_content -->","protected":false},"excerpt":{"rendered":"<p>Na manh\u00e3 fria do domingo, 24 de julho, na entrada da capela da Universidade S\u00e3o Judas, um templo acolhedor e com deslumbrantes vitrais, o padre Julio reuniu onze crian\u00e7as, seus pais e padrinhos. Todos estavam dispostos num c\u00edrculo, recomendou que dito o nome de cada crian\u00e7a todos repetissem a frase: &#8211; \u201cEm nome do Pai, [&hellip;]<\/p>\n","protected":false},"author":5,"featured_media":0,"comment_status":"open","ping_status":"open","sticky":false,"template":"","format":"standard","meta":{"ngg_post_thumbnail":0,"footnotes":""},"categories":[3,8,7],"tags":[1549],"yoast_head":"<!-- This site is optimized with the Yoast SEO plugin v23.5 - https:\/\/yoast.com\/wordpress\/plugins\/seo\/ -->\n<title>Em nome do Pai... foram batizadas onze crian\u00e7as - O Arcanjo no ar<\/title>\n<meta name=\"robots\" content=\"index, follow, max-snippet:-1, max-image-preview:large, max-video-preview:-1\" \/>\n<link rel=\"canonical\" href=\"https:\/\/www.oarcanjo.net\/site\/em-nome-do-pai-foram-batizadas-onze-criancas\/\" \/>\n<meta property=\"og:locale\" content=\"pt_BR\" \/>\n<meta property=\"og:type\" content=\"article\" \/>\n<meta property=\"og:title\" content=\"Em nome do Pai... foram batizadas onze crian\u00e7as - O Arcanjo no ar\" \/>\n<meta property=\"og:description\" content=\"Na manh\u00e3 fria do domingo, 24 de julho, na entrada da capela da Universidade S\u00e3o Judas, um templo acolhedor e com deslumbrantes vitrais, o padre Julio reuniu onze crian\u00e7as, seus pais e padrinhos. Todos estavam dispostos num c\u00edrculo, recomendou que dito o nome de cada crian\u00e7a todos repetissem a frase: &#8211; \u201cEm nome do Pai, [&hellip;]\" \/>\n<meta property=\"og:url\" content=\"https:\/\/www.oarcanjo.net\/site\/em-nome-do-pai-foram-batizadas-onze-criancas\/\" \/>\n<meta property=\"og:site_name\" content=\"O Arcanjo no ar\" \/>\n<meta property=\"article:publisher\" content=\"https:\/\/www.facebook.com\/OArcanjoNoAr\/\" \/>\n<meta property=\"article:published_time\" content=\"2011-07-26T06:54:36+00:00\" \/>\n<meta property=\"article:modified_time\" content=\"2011-07-26T07:51:43+00:00\" \/>\n<meta property=\"og:image\" content=\"https:\/\/www.oarcanjo.net\/site\/wp-content\/uploads\/logo-o-arcanjo-no-ar-facebook.png\" \/>\n\t<meta property=\"og:image:width\" content=\"300\" \/>\n\t<meta property=\"og:image:height\" content=\"300\" \/>\n\t<meta property=\"og:image:type\" content=\"image\/png\" \/>\n<meta name=\"author\" content=\"editor\" \/>\n<meta name=\"twitter:card\" content=\"summary_large_image\" \/>\n<meta name=\"twitter:label1\" content=\"Escrito por\" \/>\n\t<meta name=\"twitter:data1\" content=\"editor\" \/>\n\t<meta name=\"twitter:label2\" content=\"Est. tempo de leitura\" \/>\n\t<meta name=\"twitter:data2\" content=\"1 minuto\" \/>\n<script type=\"application\/ld+json\" class=\"yoast-schema-graph\">{\"@context\":\"https:\/\/schema.org\",\"@graph\":[{\"@type\":\"Article\",\"@id\":\"https:\/\/www.oarcanjo.net\/site\/em-nome-do-pai-foram-batizadas-onze-criancas\/#article\",\"isPartOf\":{\"@id\":\"https:\/\/www.oarcanjo.net\/site\/em-nome-do-pai-foram-batizadas-onze-criancas\/\"},\"author\":{\"name\":\"editor\",\"@id\":\"https:\/\/www.oarcanjo.net\/site\/#\/schema\/person\/f7024d007863202483a31326673a0838\"},\"headline\":\"Em nome do Pai&#8230; foram batizadas onze crian\u00e7as\",\"datePublished\":\"2011-07-26T06:54:36+00:00\",\"dateModified\":\"2011-07-26T07:51:43+00:00\",\"mainEntityOfPage\":{\"@id\":\"https:\/\/www.oarcanjo.net\/site\/em-nome-do-pai-foram-batizadas-onze-criancas\/\"},\"wordCount\":301,\"commentCount\":1,\"publisher\":{\"@id\":\"https:\/\/www.oarcanjo.net\/site\/#organization\"},\"keywords\":[\"Batizados\"],\"articleSection\":[\"Destaques\",\"Not\u00edcias\",\"Rosto da comunidade\"],\"inLanguage\":\"pt-BR\",\"potentialAction\":[{\"@type\":\"CommentAction\",\"name\":\"Comment\",\"target\":[\"https:\/\/www.oarcanjo.net\/site\/em-nome-do-pai-foram-batizadas-onze-criancas\/#respond\"]}]},{\"@type\":\"WebPage\",\"@id\":\"https:\/\/www.oarcanjo.net\/site\/em-nome-do-pai-foram-batizadas-onze-criancas\/\",\"url\":\"https:\/\/www.oarcanjo.net\/site\/em-nome-do-pai-foram-batizadas-onze-criancas\/\",\"name\":\"Em nome do Pai... foram batizadas onze crian\u00e7as - O Arcanjo no ar\",\"isPartOf\":{\"@id\":\"https:\/\/www.oarcanjo.net\/site\/#website\"},\"datePublished\":\"2011-07-26T06:54:36+00:00\",\"dateModified\":\"2011-07-26T07:51:43+00:00\",\"breadcrumb\":{\"@id\":\"https:\/\/www.oarcanjo.net\/site\/em-nome-do-pai-foram-batizadas-onze-criancas\/#breadcrumb\"},\"inLanguage\":\"pt-BR\",\"potentialAction\":[{\"@type\":\"ReadAction\",\"target\":[\"https:\/\/www.oarcanjo.net\/site\/em-nome-do-pai-foram-batizadas-onze-criancas\/\"]}]},{\"@type\":\"BreadcrumbList\",\"@id\":\"https:\/\/www.oarcanjo.net\/site\/em-nome-do-pai-foram-batizadas-onze-criancas\/#breadcrumb\",\"itemListElement\":[{\"@type\":\"ListItem\",\"position\":1,\"name\":\"In\u00edcio\",\"item\":\"https:\/\/www.oarcanjo.net\/site\/\"},{\"@type\":\"ListItem\",\"position\":2,\"name\":\"Em nome do Pai&#8230; foram batizadas onze crian\u00e7as\"}]},{\"@type\":\"WebSite\",\"@id\":\"https:\/\/www.oarcanjo.net\/site\/#website\",\"url\":\"https:\/\/www.oarcanjo.net\/site\/\",\"name\":\"O Arcanjo no ar\",\"description\":\"Site da Par\u00f3quia S\u00e3o Miguel Arcanjo (Arquidiocese de SP)\",\"publisher\":{\"@id\":\"https:\/\/www.oarcanjo.net\/site\/#organization\"},\"potentialAction\":[{\"@type\":\"SearchAction\",\"target\":{\"@type\":\"EntryPoint\",\"urlTemplate\":\"https:\/\/www.oarcanjo.net\/site\/?s={search_term_string}\"},\"query-input\":{\"@type\":\"PropertyValueSpecification\",\"valueRequired\":true,\"valueName\":\"search_term_string\"}}],\"inLanguage\":\"pt-BR\"},{\"@type\":\"Organization\",\"@id\":\"https:\/\/www.oarcanjo.net\/site\/#organization\",\"name\":\"Par\u00f3quia S\u00e3o Miguel Arcanjo\",\"url\":\"https:\/\/www.oarcanjo.net\/site\/\",\"logo\":{\"@type\":\"ImageObject\",\"inLanguage\":\"pt-BR\",\"@id\":\"https:\/\/www.oarcanjo.net\/site\/#\/schema\/logo\/image\/\",\"url\":\"https:\/\/www.oarcanjo.net\/site\/wp-content\/uploads\/LogoOArcanjo.png\",\"contentUrl\":\"https:\/\/www.oarcanjo.net\/site\/wp-content\/uploads\/LogoOArcanjo.png\",\"width\":319,\"height\":99,\"caption\":\"Par\u00f3quia S\u00e3o Miguel Arcanjo\"},\"image\":{\"@id\":\"https:\/\/www.oarcanjo.net\/site\/#\/schema\/logo\/image\/\"},\"sameAs\":[\"https:\/\/www.facebook.com\/OArcanjoNoAr\/\"]},{\"@type\":\"Person\",\"@id\":\"https:\/\/www.oarcanjo.net\/site\/#\/schema\/person\/f7024d007863202483a31326673a0838\",\"name\":\"editor\",\"sameAs\":[\"http:\/\/www.oarcanjo.net\"]}]}<\/script>\n<!-- \/ Yoast SEO plugin. -->","yoast_head_json":{"title":"Em nome do Pai... foram batizadas onze crian\u00e7as - O Arcanjo no ar","robots":{"index":"index","follow":"follow","max-snippet":"max-snippet:-1","max-image-preview":"max-image-preview:large","max-video-preview":"max-video-preview:-1"},"canonical":"https:\/\/www.oarcanjo.net\/site\/em-nome-do-pai-foram-batizadas-onze-criancas\/","og_locale":"pt_BR","og_type":"article","og_title":"Em nome do Pai... foram batizadas onze crian\u00e7as - O Arcanjo no ar","og_description":"Na manh\u00e3 fria do domingo, 24 de julho, na entrada da capela da Universidade S\u00e3o Judas, um templo acolhedor e com deslumbrantes vitrais, o padre Julio reuniu onze crian\u00e7as, seus pais e padrinhos. Todos estavam dispostos num c\u00edrculo, recomendou que dito o nome de cada crian\u00e7a todos repetissem a frase: &#8211; \u201cEm nome do Pai, [&hellip;]","og_url":"https:\/\/www.oarcanjo.net\/site\/em-nome-do-pai-foram-batizadas-onze-criancas\/","og_site_name":"O Arcanjo no ar","article_publisher":"https:\/\/www.facebook.com\/OArcanjoNoAr\/","article_published_time":"2011-07-26T06:54:36+00:00","article_modified_time":"2011-07-26T07:51:43+00:00","og_image":[{"width":300,"height":300,"url":"https:\/\/www.oarcanjo.net\/site\/wp-content\/uploads\/logo-o-arcanjo-no-ar-facebook.png","type":"image\/png"}],"author":"editor","twitter_card":"summary_large_image","twitter_misc":{"Escrito por":"editor","Est. tempo de leitura":"1 minuto"},"schema":{"@context":"https:\/\/schema.org","@graph":[{"@type":"Article","@id":"https:\/\/www.oarcanjo.net\/site\/em-nome-do-pai-foram-batizadas-onze-criancas\/#article","isPartOf":{"@id":"https:\/\/www.oarcanjo.net\/site\/em-nome-do-pai-foram-batizadas-onze-criancas\/"},"author":{"name":"editor","@id":"https:\/\/www.oarcanjo.net\/site\/#\/schema\/person\/f7024d007863202483a31326673a0838"},"headline":"Em nome do Pai&#8230; foram batizadas onze crian\u00e7as","datePublished":"2011-07-26T06:54:36+00:00","dateModified":"2011-07-26T07:51:43+00:00","mainEntityOfPage":{"@id":"https:\/\/www.oarcanjo.net\/site\/em-nome-do-pai-foram-batizadas-onze-criancas\/"},"wordCount":301,"commentCount":1,"publisher":{"@id":"https:\/\/www.oarcanjo.net\/site\/#organization"},"keywords":["Batizados"],"articleSection":["Destaques","Not\u00edcias","Rosto da comunidade"],"inLanguage":"pt-BR","potentialAction":[{"@type":"CommentAction","name":"Comment","target":["https:\/\/www.oarcanjo.net\/site\/em-nome-do-pai-foram-batizadas-onze-criancas\/#respond"]}]},{"@type":"WebPage","@id":"https:\/\/www.oarcanjo.net\/site\/em-nome-do-pai-foram-batizadas-onze-criancas\/","url":"https:\/\/www.oarcanjo.net\/site\/em-nome-do-pai-foram-batizadas-onze-criancas\/","name":"Em nome do Pai... foram batizadas onze crian\u00e7as - O Arcanjo no ar","isPartOf":{"@id":"https:\/\/www.oarcanjo.net\/site\/#website"},"datePublished":"2011-07-26T06:54:36+00:00","dateModified":"2011-07-26T07:51:43+00:00","breadcrumb":{"@id":"https:\/\/www.oarcanjo.net\/site\/em-nome-do-pai-foram-batizadas-onze-criancas\/#breadcrumb"},"inLanguage":"pt-BR","potentialAction":[{"@type":"ReadAction","target":["https:\/\/www.oarcanjo.net\/site\/em-nome-do-pai-foram-batizadas-onze-criancas\/"]}]},{"@type":"BreadcrumbList","@id":"https:\/\/www.oarcanjo.net\/site\/em-nome-do-pai-foram-batizadas-onze-criancas\/#breadcrumb","itemListElement":[{"@type":"ListItem","position":1,"name":"In\u00edcio","item":"https:\/\/www.oarcanjo.net\/site\/"},{"@type":"ListItem","position":2,"name":"Em nome do Pai&#8230; foram batizadas onze crian\u00e7as"}]},{"@type":"WebSite","@id":"https:\/\/www.oarcanjo.net\/site\/#website","url":"https:\/\/www.oarcanjo.net\/site\/","name":"O Arcanjo no ar","description":"Site da Par\u00f3quia S\u00e3o Miguel Arcanjo (Arquidiocese de SP)","publisher":{"@id":"https:\/\/www.oarcanjo.net\/site\/#organization"},"potentialAction":[{"@type":"SearchAction","target":{"@type":"EntryPoint","urlTemplate":"https:\/\/www.oarcanjo.net\/site\/?s={search_term_string}"},"query-input":{"@type":"PropertyValueSpecification","valueRequired":true,"valueName":"search_term_string"}}],"inLanguage":"pt-BR"},{"@type":"Organization","@id":"https:\/\/www.oarcanjo.net\/site\/#organization","name":"Par\u00f3quia S\u00e3o Miguel Arcanjo","url":"https:\/\/www.oarcanjo.net\/site\/","logo":{"@type":"ImageObject","inLanguage":"pt-BR","@id":"https:\/\/www.oarcanjo.net\/site\/#\/schema\/logo\/image\/","url":"https:\/\/www.oarcanjo.net\/site\/wp-content\/uploads\/LogoOArcanjo.png","contentUrl":"https:\/\/www.oarcanjo.net\/site\/wp-content\/uploads\/LogoOArcanjo.png","width":319,"height":99,"caption":"Par\u00f3quia S\u00e3o Miguel Arcanjo"},"image":{"@id":"https:\/\/www.oarcanjo.net\/site\/#\/schema\/logo\/image\/"},"sameAs":["https:\/\/www.facebook.com\/OArcanjoNoAr\/"]},{"@type":"Person","@id":"https:\/\/www.oarcanjo.net\/site\/#\/schema\/person\/f7024d007863202483a31326673a0838","name":"editor","sameAs":["http:\/\/www.oarcanjo.net"]}]}},"publishpress_future_action":{"enabled":false,"date":"2026-05-07 08:08:53","action":"category","newStatus":"draft","terms":[],"taxonomy":"category"},"publishpress_future_workflow_manual_trigger":{"enabledWorkflows":[]},"_links":{"self":[{"href":"https:\/\/www.oarcanjo.net\/site\/wp-json\/wp\/v2\/posts\/15198"}],"collection":[{"href":"https:\/\/www.oarcanjo.net\/site\/wp-json\/wp\/v2\/posts"}],"about":[{"href":"https:\/\/www.oarcanjo.net\/site\/wp-json\/wp\/v2\/types\/post"}],"author":[{"embeddable":true,"href":"https:\/\/www.oarcanjo.net\/site\/wp-json\/wp\/v2\/users\/5"}],"replies":[{"embeddable":true,"href":"https:\/\/www.oarcanjo.net\/site\/wp-json\/wp\/v2\/comments?post=15198"}],"version-history":[{"count":0,"href":"https:\/\/www.oarcanjo.net\/site\/wp-json\/wp\/v2\/posts\/15198\/revisions"}],"wp:attachment":[{"href":"https:\/\/www.oarcanjo.net\/site\/wp-json\/wp\/v2\/media?parent=15198"}],"wp:term":[{"taxonomy":"category","embeddable":true,"href":"https:\/\/www.oarcanjo.net\/site\/wp-json\/wp\/v2\/categories?post=15198"},{"taxonomy":"post_tag","embeddable":true,"href":"https:\/\/www.oarcanjo.net\/site\/wp-json\/wp\/v2\/tags?post=15198"}],"curies":[{"name":"wp","href":"https:\/\/api.w.org\/{rel}","templated":true}]}}