
{"id":1521,"date":"2009-01-22T23:27:19","date_gmt":"2009-01-23T01:27:19","guid":{"rendered":"http:\/\/www.oarcanjo.net\/site\/?p=1521"},"modified":"2009-01-22T23:27:19","modified_gmt":"2009-01-23T01:27:19","slug":"vi-e-ouvi-na-palestina","status":"publish","type":"post","link":"https:\/\/www.oarcanjo.net\/site\/vi-e-ouvi-na-palestina\/","title":{"rendered":"Vi e ouvi na Palestina"},"content":{"rendered":"<p>Frei Gilvander Luiz Moreira<\/p>\n<p>Ap\u00f3s concluir o mestrado em Exegese B\u00edblica, no Pontif\u00edcio Instituto B\u00edblico de Roma, na It\u00e1lia, seis colegas e eu fizemos uma viagem-est\u00e1gio, de 05 a 20 de mar\u00e7o de 2000, \u00e0 Terra Santa (todas as terras s\u00e3o santas, mas &#8230;) de Israel-Palestina.  Partilho aqui algumas impress\u00f5es, &#8220;coisas&#8221; que vi e\/ou escutei l\u00e1 em Israel-Palestina e que me marcaram muito. De sa\u00edda, digo que a matan\u00e7a que Israel est\u00e1 perpetrando contra povo palestino me deixa profundamente indignado.<\/p>\n<p>O centro-sul de Israel-Palestina \u00e9 quase s\u00f3 um deserto, uma desola\u00e7\u00e3o imensa. Ao constatar esse perfil geogr\u00e1fico, imediatamente me veio a considera\u00e7\u00e3o: &#8220;Mas esta \u00e9 a terra que Deus prometeu aos nossos pais?!!! Terra em que corre leite e mel?!!! Por que e para que brigar tanto pelo controle desta terra?&#8221; Mas ao chegar \u00e0s plan\u00edcies da Galileia, no norte da Palestina, vi que ali a terra \u00e9 muito f\u00e9rtil. Na Galileia se produz de tudo &#8211; \u00e9 um para\u00edso terrestre, um grande celeiro agr\u00edcola. A Palestina tem sido disputada, h\u00e1 mais de 4 mil anos, em vista de ser uma regi\u00e3o estrat\u00e9gica para a geopol\u00edtica do Oriente M\u00e9dio &#8211; geograficamente \u00e9 ponto de liga\u00e7\u00e3o entre tr\u00eas continentes: Europa, \u00c1sia e \u00c1frica.<\/p>\n<p>A Jerusal\u00e9m Antiga \u00e9 hoje um grande mercado religioso e &#8230; Se Jesus &#8220;torrou a paci\u00eancia&#8221; e, com o sangue fervendo de indigna\u00e7\u00e3o, &#8220;chutou o pau da barraca&#8221; l\u00e1 na frente do Templo e arrematou: &#8220;Voc\u00eas est\u00e3o fazendo da casa do meu Pai um covil de ladr\u00f5es!&#8221; (cf. Lc 19,45; Mc 11,17), imaginem agora que toda a Jerusal\u00e9m (e o mundo) \u00e9 um grande mercado, onde em nome do deus capital se jogam bombas em cima de crian\u00e7as, mulheres, idosos e doentes. As ruas da Jerusal\u00e9m antiga s\u00e3o muito estreitas. Autom\u00f3veis circulam somente em algumas ruas. Na maioria das vielas s\u00f3 podem passar uns pequenos tratores para transportar mercadorias. Os judeus, ap\u00f3s 1948, constru\u00edram ao lado da Velha Jerusal\u00e9m, uma Jerusal\u00e9m Nova, uma cidade de primeir\u00edssimo mundo, muito luxuosa.<\/p>\n<p>Em Israel, o servi\u00e7o militar \u00e9 obrigat\u00f3rio: tr\u00eas anos para os rapazes e dois anos para as mo\u00e7as. Israel tem um poderos\u00edssimo ex\u00e9rcito. Por exemplo, em Hebrom, onde a quase totalidade da popula\u00e7\u00e3o \u00e9 palestina, em mar\u00e7o de 2000, ainda viviam dois mil judeus. Estavam l\u00e1 500 soldados para dar &#8220;seguran\u00e7a&#8221; a esses judeus: um soldado para cada quatro judeus. Vi diversas pessoas judias andando em Jerusal\u00e9m (e no caminho para Jeric\u00f3) com um ou dois soldados com metralhadora nas m\u00e3os fazendo sua escolta. Cada fam\u00edlia hebraica que vive em territ\u00f3rio palestinense tem direito \u00e0 escolta de dois soldados judeus com metralhadora nas m\u00e3os, 24 horas por dia. Em Hebrom pudemos sentir a grande tens\u00e3o que existe entre palestinos e israelenses.<\/p>\n<p>No estado de Israel h\u00e1 barreiras e mais barreiras do ex\u00e9rcito e carros armados por toda parte. Tivemos que passar no detector de metais diversas vezes, sobretudo quando tentamos entrar na mesquita de Omar, no muro das lamenta\u00e7\u00f5es e no t\u00famulo dos patriarcas em Hebrom. Um dos meus colegas n\u00e3o p\u00f4de entrar com um bin\u00f3culo para ver melhor \u00e0 dist\u00e2ncia. Por ser parecido com palestino, fui vistoriado diversas vezes por soldados do ex\u00e9rcito de Israel.<\/p>\n<p>No norte da Palestina, acima do lago da Galileia, nas Colinas de Gol\u00e3 (territ\u00f3rio que Israel tomou \u00e0 for\u00e7a da S\u00edria), divisa com L\u00edbano e S\u00edria, vimos de perto como o ex\u00e9rcito israelense  est\u00e1 armado at\u00e9 os dentes. Vimos tr\u00eas acampamentos do ex\u00e9rcito, cada um com mais de 30 tanques de guerra e caminh\u00f5es lotados de armas.<\/p>\n<p>Nas Colinas de Gol\u00e3, ao lado do asfalto, h\u00e1 cercas de arame dos dois lados com placas penduradas de 15 em 15 metros dizendo: &#8220;Aten\u00e7\u00e3o, perigo! Terreno minado!&#8221; Nas Colinas de Gol\u00e3 est\u00e3o fontes de \u00e1guas de Israel-Palestina e as terras s\u00e3o muito f\u00e9rteis. \u00c9 no Gol\u00e3 que estavam as &#8220;vacas de Bas\u00e3&#8221; (cf. Am 4,1-4), pois l\u00e1 era (e continua sendo) um grande celeiro agr\u00edcola. A degrada\u00e7\u00e3o ambiental est\u00e1 secando fontes de \u00e1guas do Rio Jord\u00e3o e consequentemente o lago da Galileia. O &#8220;Mar&#8221; Morto est\u00e1 baixando muito suas \u00e1guas. Logo, como sem \u00e1gua n\u00e3o se pode viver, pois \u00e9 imprescind\u00edvel para a agricultura, para os animais e principalmente para os seres humanos, o controle das fontes das \u00e1guas tornou-se quest\u00e3o de Seguran\u00e7a Nacional para Israel.<\/p>\n<p>Israel controla militarmente a quase totalidade das \u00e1guas da regi\u00e3o. Quando diminuem as \u00e1guas, os palestinos e jordanianos s\u00e3o os primeiros a passarem sede, pois Israel fecha a &#8220;torneira&#8221; para eles (Algo equivalente tamb\u00e9m se faz no Brasil: \u00e1gua vira mercadoria, onde grandes empresas consomem um exagero de \u00e1gua para produzir mercadorias e deixam os pobres na beira do rio S\u00e3o Francisco sem \u00e1gua, favelas sem \u00e1gua, enquanto condom\u00ednios fechados esbanjam \u00e1gua.). A \u00e1gua n\u00e3o est\u00e1 sendo distribu\u00edda equitativamente para todos. Israel permite acesso \u00e0 \u00e1gua somente para o abastecimento urbano nas cidades palestinas.  Mais da metade da agricultura de Israel \u00e9 irrigada, mas os palestinos s\u00e3o proibidos de irrigar suas lavouras, algo semelhante \u00e0 transposi\u00e7\u00e3o do Velho Chico para beneficiar hidroneg\u00f3cio de grandes empresas, enquanto o povo do semi-\u00e1rido continua sem \u00e1gua.<\/p>\n<p>A presen\u00e7a marcante das pr\u00e1ticas religiosas est\u00e1 por toda parte. Na Jerusal\u00e9m Antiga, \u00e0s 4 horas da manh\u00e3, os mu\u00e7ulmanos come\u00e7am a rezar na grande Mesquita de Omar, constru\u00edda no lugar do Templo judeu. No alto da Mesquita, os alto-falantes (em todas as mesquitas deles os alto-falantes est\u00e3o presentes) fazem ecoar para toda a Jerusal\u00e9m antiga a ora\u00e7\u00e3o dos mu\u00e7ulmanos.  Cinco vezes por dia pode-se escut\u00e1-los rezando. A apenas poucos metros, no muro das lamenta\u00e7\u00f5es, ao lado do ex-templo, os judeus mais conservadores rezam &#8220;inclinando a cabe\u00e7a rumo ao muro&#8221;.<\/p>\n<p>Vimos na Samaria, regi\u00e3o central da Palestina, perto do monte Garizim, um grupo de crian\u00e7as palestinas apedrejando o autom\u00f3vel de um israelense, que apontou um rev\u00f3lver para as mesmas crian\u00e7as. D\u00e1 para imaginar o \u00f3dio que existe de parte a parte. Praticamente todas as fam\u00edlias palestinas j\u00e1 tiveram algum parente assassinado pelo ex\u00e9rcito de Israel.<\/p>\n<p>Em 1.998, chegaram a Israel cerca de 63 mil judeus, vindos principalmente da ex-Uni\u00e3o Sovi\u00e9tica, pa\u00eds que tinha acolhida uma grande multid\u00e3o de judeus. Mas enquanto os judeus importam judeus da di\u00e1spora de todo o mundo, com o patroc\u00ednio econ\u00f4mico dos judeus dos EUA, os palestinos se multiplicam somente pelo processo reprodutivo natural. A Jerusal\u00e9m antiga est\u00e1 cheia de mu\u00e7ulmanas, quase todas com uma crian\u00e7a nos bra\u00e7os, outra no ventre e 3, 4, 5 ou 6 ao redor da saia. Entre os mu\u00e7ulmanos existe a poligamia. Todavia, na pr\u00e1tica, \u00e9 coisa de ricos, porque cada mulher tem que ter uma casa, conforme determina a lei.<\/p>\n<p>Dizem que corre entre os palestinos a seguinte afirma\u00e7\u00e3o: &#8220;N\u00f3s venceremos os judeus na cama, n\u00e3o com armas&#8221;. O povo palestino \u00e9 empobrecido, assim como o povo negro brasileiro. S\u00e3o muito simp\u00e1ticos e acolhedores. Existem diversos campos de refugiados palestinos. Uma mulher crist\u00e3 de Bel\u00e9m desabafou conosco: &#8220;Os peregrinos-turistas v\u00eam aqui preocupados em ver pedras mortas (ru\u00ednas antigas), mas n\u00e3o se lembram das pedras vivas que somos n\u00f3s crist\u00e3os, minorias na terra de Jesus, e que estamos no meio de um fogo cruzado entre judeus e palestinos&#8221;.<\/p>\n<p>Uma das caracter\u00edsticas de Israel-Palestina: as cidades e\/ou bairros dos judeus s\u00e3o ricos, com grande seguran\u00e7a militar, cerca de arame farpado, enquanto as cidades e\/ou bairros palestinos s\u00e3o pobres e com pouqu\u00edssima seguran\u00e7a militar. Os poucos soldados palestinos que vimos estavam muito mal armados.<\/p>\n<p>No dia 22 de mar\u00e7o de 2000, o Papa Jo\u00e3o Paulo II celebrou uma missa em Bel\u00e9m, na Palestina. Foi uma missa bonita. Os palestinos gostaram. O Papa disse: &#8220;O mundo n\u00e3o pode mais ignorar o sofrimento do povo palestino!&#8221; O Papa exortou judeus e palestinos a encontrarem um caminho de paz, justi\u00e7a e conviv\u00eancia respeitosa.<\/p>\n<p>Em quase todas as cidades da Israel-Palestina existe uma cidade nova ao lado das ru\u00ednas de uma cidade antiga. Na parte nova de Jerusal\u00e9m, cidade de Primeiro Mundo, onde est\u00e1 a sede do Parlamento de Israel e a sede do Governo, os judeus constru\u00edram um grande museu chamado Yad Vashem, como memorial do Holocausto da Segunda Grande Guerra. L\u00e1 plantaram 18 mil \u00e1rvores com o nome de 18 mil pessoas que salvaram judeus dos campos de concentra\u00e7\u00e3o nazistas. L\u00e1 est\u00e3o tamb\u00e9m, dentro de uma grande sala, tr\u00eas velas acesas que, com ajuda de espelhos refletores, se multiplicam em 1.500.000 velas-estrelas. Ao entrar nesta sala se tem a impress\u00e3o de estar no meio de uma noite escura com o c\u00e9u estrelado. Cada &#8220;estrela&#8221; recorda uma das 1.500.000 crian\u00e7as judias assassinadas nos campos de concentra\u00e7\u00e3o de Hitler. Impressionante \u00e9 escutar uma voz que vai dizendo o nome de todas as crian\u00e7as judias v\u00edtimas do nazismo e ao sair da sala encontrarmos diversas fotografias das crian\u00e7as martirizadas. \u00c9 muito comovente, mas imediatamente uma voz dentro de mim me dizia, quando ali estive: &#8220;O mais dram\u00e1tico e grave \u00e9 que o holocausto n\u00e3o \u00e9 somente uma quest\u00e3o do passado, pois 2\/3 da humanidade continua sendo assassinada antes do tempo pelo mundo afora&#8221;. Pior, Israel, ap\u00f3s a Segunda Grande Guerra, j\u00e1 matou mais palestinos do que o n\u00famero de judeus v\u00edtimas do nazismo!<\/p>\n<p>Enfim, o que acontece agora em Israel-Palestina n\u00e3o \u00e9 uma guerra, pois esta implica a exist\u00eancia de dois ex\u00e9rcitos se confrontando. O que h\u00e1 agora l\u00e1 \u00e9 um poderos\u00edssimo ex\u00e9rcito de Israel armado com armas de \u00faltima gera\u00e7\u00e3o, massacrando o povo palestino. De um lado mais de 1000 palestinos mortos (centenas de crian\u00e7as e mulheres), de outro apenas 15 baixas entre os soldados judeus! Esses n\u00fameros revelam a crueldade do Governo de Israel, financiado pelos Estados Unidos e pelos imperialistas do mundo inteiro.<\/p>\n<p>\u00c9 Claro que n\u00e3o podemos condenar todo e qualquer judeu como respons\u00e1vel pela matan\u00e7a de palestinos, algo que ocorre h\u00e1 dezenas de anos. O Governo e a classe dominante de Israel s\u00e3o os maiores respons\u00e1veis. Urge construirmos um mundo de justi\u00e7a e paz. Judeus e palestinos, pessoas de bem de todas as partes do mundo, todos n\u00f3s, estamos convocados a ouvir o clamor dos oprimidos e recriar o mundo com institui\u00e7\u00f5es \u00e9ticas e com rela\u00e7\u00f5es humanas ecum\u00eanicas e inclusivas.<\/p>\n<div id=\"themify_builder_content-1521\" data-postid=\"1521\" class=\"themify_builder_content themify_builder_content-1521 themify_builder themify_builder_front\">\n\t<\/div>\n<!-- \/themify_builder_content -->","protected":false},"excerpt":{"rendered":"<p>Frei Gilvander Luiz Moreira Ap\u00f3s concluir o mestrado em Exegese B\u00edblica, no Pontif\u00edcio Instituto B\u00edblico de Roma, na It\u00e1lia, seis colegas e eu fizemos uma viagem-est\u00e1gio, de 05 a 20 de mar\u00e7o de 2000, \u00e0 Terra Santa (todas as terras s\u00e3o santas, mas &#8230;) de Israel-Palestina. Partilho aqui algumas impress\u00f5es, &#8220;coisas&#8221; que vi e\/ou escutei [&hellip;]<\/p>\n","protected":false},"author":5,"featured_media":0,"comment_status":"open","ping_status":"open","sticky":false,"template":"","format":"standard","meta":{"ngg_post_thumbnail":0,"footnotes":""},"categories":[9],"tags":[178,180],"yoast_head":"<!-- This site is optimized with the Yoast SEO plugin v23.5 - https:\/\/yoast.com\/wordpress\/plugins\/seo\/ -->\n<title>Vi e ouvi na Palestina - O Arcanjo no ar<\/title>\n<meta name=\"robots\" content=\"index, follow, max-snippet:-1, max-image-preview:large, max-video-preview:-1\" \/>\n<link rel=\"canonical\" href=\"https:\/\/www.oarcanjo.net\/site\/vi-e-ouvi-na-palestina\/\" \/>\n<meta property=\"og:locale\" content=\"pt_BR\" \/>\n<meta property=\"og:type\" content=\"article\" \/>\n<meta property=\"og:title\" content=\"Vi e ouvi na Palestina - O Arcanjo no ar\" \/>\n<meta property=\"og:description\" content=\"Frei Gilvander Luiz Moreira Ap\u00f3s concluir o mestrado em Exegese B\u00edblica, no Pontif\u00edcio Instituto B\u00edblico de Roma, na It\u00e1lia, seis colegas e eu fizemos uma viagem-est\u00e1gio, de 05 a 20 de mar\u00e7o de 2000, \u00e0 Terra Santa (todas as terras s\u00e3o santas, mas &#8230;) de Israel-Palestina. Partilho aqui algumas impress\u00f5es, &#8220;coisas&#8221; que vi e\/ou escutei [&hellip;]\" \/>\n<meta property=\"og:url\" content=\"https:\/\/www.oarcanjo.net\/site\/vi-e-ouvi-na-palestina\/\" \/>\n<meta property=\"og:site_name\" content=\"O Arcanjo no ar\" \/>\n<meta property=\"article:publisher\" content=\"https:\/\/www.facebook.com\/OArcanjoNoAr\/\" \/>\n<meta property=\"article:published_time\" content=\"2009-01-23T01:27:19+00:00\" \/>\n<meta property=\"og:image\" content=\"https:\/\/www.oarcanjo.net\/site\/wp-content\/uploads\/logo-o-arcanjo-no-ar-facebook.png\" \/>\n\t<meta property=\"og:image:width\" content=\"300\" \/>\n\t<meta property=\"og:image:height\" content=\"300\" \/>\n\t<meta property=\"og:image:type\" content=\"image\/png\" \/>\n<meta name=\"author\" content=\"editor\" \/>\n<meta name=\"twitter:card\" content=\"summary_large_image\" \/>\n<meta name=\"twitter:label1\" content=\"Escrito por\" \/>\n\t<meta name=\"twitter:data1\" content=\"editor\" \/>\n\t<meta name=\"twitter:label2\" content=\"Est. tempo de leitura\" \/>\n\t<meta name=\"twitter:data2\" content=\"9 minutos\" \/>\n<script type=\"application\/ld+json\" class=\"yoast-schema-graph\">{\"@context\":\"https:\/\/schema.org\",\"@graph\":[{\"@type\":\"Article\",\"@id\":\"https:\/\/www.oarcanjo.net\/site\/vi-e-ouvi-na-palestina\/#article\",\"isPartOf\":{\"@id\":\"https:\/\/www.oarcanjo.net\/site\/vi-e-ouvi-na-palestina\/\"},\"author\":{\"name\":\"editor\",\"@id\":\"https:\/\/www.oarcanjo.net\/site\/#\/schema\/person\/f7024d007863202483a31326673a0838\"},\"headline\":\"Vi e ouvi na Palestina\",\"datePublished\":\"2009-01-23T01:27:19+00:00\",\"dateModified\":\"2009-01-23T01:27:19+00:00\",\"mainEntityOfPage\":{\"@id\":\"https:\/\/www.oarcanjo.net\/site\/vi-e-ouvi-na-palestina\/\"},\"wordCount\":1809,\"commentCount\":1,\"publisher\":{\"@id\":\"https:\/\/www.oarcanjo.net\/site\/#organization\"},\"keywords\":[\"oriente m\u00e9dio\",\"palestina\"],\"articleSection\":[\"Reflex\u00f5es\"],\"inLanguage\":\"pt-BR\",\"potentialAction\":[{\"@type\":\"CommentAction\",\"name\":\"Comment\",\"target\":[\"https:\/\/www.oarcanjo.net\/site\/vi-e-ouvi-na-palestina\/#respond\"]}]},{\"@type\":\"WebPage\",\"@id\":\"https:\/\/www.oarcanjo.net\/site\/vi-e-ouvi-na-palestina\/\",\"url\":\"https:\/\/www.oarcanjo.net\/site\/vi-e-ouvi-na-palestina\/\",\"name\":\"Vi e ouvi na Palestina - O Arcanjo no ar\",\"isPartOf\":{\"@id\":\"https:\/\/www.oarcanjo.net\/site\/#website\"},\"datePublished\":\"2009-01-23T01:27:19+00:00\",\"dateModified\":\"2009-01-23T01:27:19+00:00\",\"breadcrumb\":{\"@id\":\"https:\/\/www.oarcanjo.net\/site\/vi-e-ouvi-na-palestina\/#breadcrumb\"},\"inLanguage\":\"pt-BR\",\"potentialAction\":[{\"@type\":\"ReadAction\",\"target\":[\"https:\/\/www.oarcanjo.net\/site\/vi-e-ouvi-na-palestina\/\"]}]},{\"@type\":\"BreadcrumbList\",\"@id\":\"https:\/\/www.oarcanjo.net\/site\/vi-e-ouvi-na-palestina\/#breadcrumb\",\"itemListElement\":[{\"@type\":\"ListItem\",\"position\":1,\"name\":\"In\u00edcio\",\"item\":\"https:\/\/www.oarcanjo.net\/site\/\"},{\"@type\":\"ListItem\",\"position\":2,\"name\":\"Vi e ouvi na Palestina\"}]},{\"@type\":\"WebSite\",\"@id\":\"https:\/\/www.oarcanjo.net\/site\/#website\",\"url\":\"https:\/\/www.oarcanjo.net\/site\/\",\"name\":\"O Arcanjo no ar\",\"description\":\"Site da Par\u00f3quia S\u00e3o Miguel Arcanjo (Arquidiocese de SP)\",\"publisher\":{\"@id\":\"https:\/\/www.oarcanjo.net\/site\/#organization\"},\"potentialAction\":[{\"@type\":\"SearchAction\",\"target\":{\"@type\":\"EntryPoint\",\"urlTemplate\":\"https:\/\/www.oarcanjo.net\/site\/?s={search_term_string}\"},\"query-input\":{\"@type\":\"PropertyValueSpecification\",\"valueRequired\":true,\"valueName\":\"search_term_string\"}}],\"inLanguage\":\"pt-BR\"},{\"@type\":\"Organization\",\"@id\":\"https:\/\/www.oarcanjo.net\/site\/#organization\",\"name\":\"Par\u00f3quia S\u00e3o Miguel Arcanjo\",\"url\":\"https:\/\/www.oarcanjo.net\/site\/\",\"logo\":{\"@type\":\"ImageObject\",\"inLanguage\":\"pt-BR\",\"@id\":\"https:\/\/www.oarcanjo.net\/site\/#\/schema\/logo\/image\/\",\"url\":\"https:\/\/www.oarcanjo.net\/site\/wp-content\/uploads\/LogoOArcanjo.png\",\"contentUrl\":\"https:\/\/www.oarcanjo.net\/site\/wp-content\/uploads\/LogoOArcanjo.png\",\"width\":319,\"height\":99,\"caption\":\"Par\u00f3quia S\u00e3o Miguel Arcanjo\"},\"image\":{\"@id\":\"https:\/\/www.oarcanjo.net\/site\/#\/schema\/logo\/image\/\"},\"sameAs\":[\"https:\/\/www.facebook.com\/OArcanjoNoAr\/\"]},{\"@type\":\"Person\",\"@id\":\"https:\/\/www.oarcanjo.net\/site\/#\/schema\/person\/f7024d007863202483a31326673a0838\",\"name\":\"editor\",\"sameAs\":[\"http:\/\/www.oarcanjo.net\"]}]}<\/script>\n<!-- \/ Yoast SEO plugin. -->","yoast_head_json":{"title":"Vi e ouvi na Palestina - O Arcanjo no ar","robots":{"index":"index","follow":"follow","max-snippet":"max-snippet:-1","max-image-preview":"max-image-preview:large","max-video-preview":"max-video-preview:-1"},"canonical":"https:\/\/www.oarcanjo.net\/site\/vi-e-ouvi-na-palestina\/","og_locale":"pt_BR","og_type":"article","og_title":"Vi e ouvi na Palestina - O Arcanjo no ar","og_description":"Frei Gilvander Luiz Moreira Ap\u00f3s concluir o mestrado em Exegese B\u00edblica, no Pontif\u00edcio Instituto B\u00edblico de Roma, na It\u00e1lia, seis colegas e eu fizemos uma viagem-est\u00e1gio, de 05 a 20 de mar\u00e7o de 2000, \u00e0 Terra Santa (todas as terras s\u00e3o santas, mas &#8230;) de Israel-Palestina. Partilho aqui algumas impress\u00f5es, &#8220;coisas&#8221; que vi e\/ou escutei [&hellip;]","og_url":"https:\/\/www.oarcanjo.net\/site\/vi-e-ouvi-na-palestina\/","og_site_name":"O Arcanjo no ar","article_publisher":"https:\/\/www.facebook.com\/OArcanjoNoAr\/","article_published_time":"2009-01-23T01:27:19+00:00","og_image":[{"width":300,"height":300,"url":"https:\/\/www.oarcanjo.net\/site\/wp-content\/uploads\/logo-o-arcanjo-no-ar-facebook.png","type":"image\/png"}],"author":"editor","twitter_card":"summary_large_image","twitter_misc":{"Escrito por":"editor","Est. tempo de leitura":"9 minutos"},"schema":{"@context":"https:\/\/schema.org","@graph":[{"@type":"Article","@id":"https:\/\/www.oarcanjo.net\/site\/vi-e-ouvi-na-palestina\/#article","isPartOf":{"@id":"https:\/\/www.oarcanjo.net\/site\/vi-e-ouvi-na-palestina\/"},"author":{"name":"editor","@id":"https:\/\/www.oarcanjo.net\/site\/#\/schema\/person\/f7024d007863202483a31326673a0838"},"headline":"Vi e ouvi na Palestina","datePublished":"2009-01-23T01:27:19+00:00","dateModified":"2009-01-23T01:27:19+00:00","mainEntityOfPage":{"@id":"https:\/\/www.oarcanjo.net\/site\/vi-e-ouvi-na-palestina\/"},"wordCount":1809,"commentCount":1,"publisher":{"@id":"https:\/\/www.oarcanjo.net\/site\/#organization"},"keywords":["oriente m\u00e9dio","palestina"],"articleSection":["Reflex\u00f5es"],"inLanguage":"pt-BR","potentialAction":[{"@type":"CommentAction","name":"Comment","target":["https:\/\/www.oarcanjo.net\/site\/vi-e-ouvi-na-palestina\/#respond"]}]},{"@type":"WebPage","@id":"https:\/\/www.oarcanjo.net\/site\/vi-e-ouvi-na-palestina\/","url":"https:\/\/www.oarcanjo.net\/site\/vi-e-ouvi-na-palestina\/","name":"Vi e ouvi na Palestina - O Arcanjo no ar","isPartOf":{"@id":"https:\/\/www.oarcanjo.net\/site\/#website"},"datePublished":"2009-01-23T01:27:19+00:00","dateModified":"2009-01-23T01:27:19+00:00","breadcrumb":{"@id":"https:\/\/www.oarcanjo.net\/site\/vi-e-ouvi-na-palestina\/#breadcrumb"},"inLanguage":"pt-BR","potentialAction":[{"@type":"ReadAction","target":["https:\/\/www.oarcanjo.net\/site\/vi-e-ouvi-na-palestina\/"]}]},{"@type":"BreadcrumbList","@id":"https:\/\/www.oarcanjo.net\/site\/vi-e-ouvi-na-palestina\/#breadcrumb","itemListElement":[{"@type":"ListItem","position":1,"name":"In\u00edcio","item":"https:\/\/www.oarcanjo.net\/site\/"},{"@type":"ListItem","position":2,"name":"Vi e ouvi na Palestina"}]},{"@type":"WebSite","@id":"https:\/\/www.oarcanjo.net\/site\/#website","url":"https:\/\/www.oarcanjo.net\/site\/","name":"O Arcanjo no ar","description":"Site da Par\u00f3quia S\u00e3o Miguel Arcanjo (Arquidiocese de SP)","publisher":{"@id":"https:\/\/www.oarcanjo.net\/site\/#organization"},"potentialAction":[{"@type":"SearchAction","target":{"@type":"EntryPoint","urlTemplate":"https:\/\/www.oarcanjo.net\/site\/?s={search_term_string}"},"query-input":{"@type":"PropertyValueSpecification","valueRequired":true,"valueName":"search_term_string"}}],"inLanguage":"pt-BR"},{"@type":"Organization","@id":"https:\/\/www.oarcanjo.net\/site\/#organization","name":"Par\u00f3quia S\u00e3o Miguel Arcanjo","url":"https:\/\/www.oarcanjo.net\/site\/","logo":{"@type":"ImageObject","inLanguage":"pt-BR","@id":"https:\/\/www.oarcanjo.net\/site\/#\/schema\/logo\/image\/","url":"https:\/\/www.oarcanjo.net\/site\/wp-content\/uploads\/LogoOArcanjo.png","contentUrl":"https:\/\/www.oarcanjo.net\/site\/wp-content\/uploads\/LogoOArcanjo.png","width":319,"height":99,"caption":"Par\u00f3quia S\u00e3o Miguel Arcanjo"},"image":{"@id":"https:\/\/www.oarcanjo.net\/site\/#\/schema\/logo\/image\/"},"sameAs":["https:\/\/www.facebook.com\/OArcanjoNoAr\/"]},{"@type":"Person","@id":"https:\/\/www.oarcanjo.net\/site\/#\/schema\/person\/f7024d007863202483a31326673a0838","name":"editor","sameAs":["http:\/\/www.oarcanjo.net"]}]}},"publishpress_future_action":{"enabled":false,"date":"2026-05-08 21:43:15","action":"category","newStatus":"draft","terms":[],"taxonomy":"category"},"publishpress_future_workflow_manual_trigger":{"enabledWorkflows":[]},"_links":{"self":[{"href":"https:\/\/www.oarcanjo.net\/site\/wp-json\/wp\/v2\/posts\/1521"}],"collection":[{"href":"https:\/\/www.oarcanjo.net\/site\/wp-json\/wp\/v2\/posts"}],"about":[{"href":"https:\/\/www.oarcanjo.net\/site\/wp-json\/wp\/v2\/types\/post"}],"author":[{"embeddable":true,"href":"https:\/\/www.oarcanjo.net\/site\/wp-json\/wp\/v2\/users\/5"}],"replies":[{"embeddable":true,"href":"https:\/\/www.oarcanjo.net\/site\/wp-json\/wp\/v2\/comments?post=1521"}],"version-history":[{"count":0,"href":"https:\/\/www.oarcanjo.net\/site\/wp-json\/wp\/v2\/posts\/1521\/revisions"}],"wp:attachment":[{"href":"https:\/\/www.oarcanjo.net\/site\/wp-json\/wp\/v2\/media?parent=1521"}],"wp:term":[{"taxonomy":"category","embeddable":true,"href":"https:\/\/www.oarcanjo.net\/site\/wp-json\/wp\/v2\/categories?post=1521"},{"taxonomy":"post_tag","embeddable":true,"href":"https:\/\/www.oarcanjo.net\/site\/wp-json\/wp\/v2\/tags?post=1521"}],"curies":[{"name":"wp","href":"https:\/\/api.w.org\/{rel}","templated":true}]}}