
{"id":15214,"date":"2011-07-26T22:24:43","date_gmt":"2011-07-27T01:24:43","guid":{"rendered":"http:\/\/www.oarcanjo.net\/site\/?p=15214"},"modified":"2011-07-26T23:23:29","modified_gmt":"2011-07-27T02:23:29","slug":"consumir-ou-ser-consumido-dilema-cristao-pos-moderno","status":"publish","type":"post","link":"https:\/\/www.oarcanjo.net\/site\/consumir-ou-ser-consumido-dilema-cristao-pos-moderno\/","title":{"rendered":"Consumir ou ser consumido: dilema crist\u00e3o p\u00f3s-moderno"},"content":{"rendered":"<p>Maria Clara Bingemer<\/p>\n<p>A  diferen\u00e7a entre consumo e consumismo \u00e9 que no primeiro as pessoas adquirem  somente aquilo que lhes \u00e9 necess\u00e1rio para sobreviv\u00eancia. J\u00e1 no consumismo a  pessoa gasta tudo aquilo que tem em produtos sup\u00e9rfluos. Podem n\u00e3o ser de boa  qualidade nem os mais indicados, por\u00e9m ela tem curiosidade de experimentar  devido \u00e0 propaganda e ao apelo dos produtos de marca.<\/p>\n<p>No entanto, a  defini\u00e7\u00e3o de necessidade e de sup\u00e9rfluo \u00e9 algo relativo, j\u00e1 que um produto  considerado sup\u00e9rfluo para algu\u00e9m pode ser essencial para outra pessoa, de  acordo com as camadas sociais a que a popula\u00e7\u00e3o pertence. Isso pode gerar  viol\u00eancia, pois as pessoas que cometem crimes na maioria das vezes n\u00e3o roubam  ou furtam por necessidade, e sim por vontade de ter aquele produto e n\u00e3o  possuir condi\u00e7\u00f5es de adquiri-lo. Nesses casos, a necessidade de consumo se  torna uma doen\u00e7a, uma compuls\u00e3o, que deve ser tratada para evitar maiores  danos \u00e0 pessoa. Muitas vezes, o consumismo chega a ser uma patologia  comportamental. Pessoas compram compulsivamente coisas que n\u00e3o ir\u00e3o usar ou  que n\u00e3o t\u00eam utilidade, apenas para atender \u00e0 vontade de  comprar.<\/p>\n<p>A  explica\u00e7\u00e3o da compuls\u00e3o pelo consumo talvez possa se amparar em bases  hist\u00f3ricas. O mundo nunca mais foi o mesmo ap\u00f3s a Revolu\u00e7\u00e3o Industrial. A  industrializa\u00e7\u00e3o agilizou o processo de fabrica\u00e7\u00e3o, o que n\u00e3o era poss\u00edvel  durante o per\u00edodo artesanal. Trouxe o desenvolvimento num modelo de economia  liberal, que hoje leva ao consumismo alienado de produtos industrializados.  Trouxe tamb\u00e9m v\u00e1rias consequ\u00eancias negativas por n\u00e3o se ter preocupado com o  meio ambiente.<\/p>\n<p>A  Revolu\u00e7\u00e3o Industrial do s\u00e9culo XVIII transformou de forma sistem\u00e1tica a  capacidade humana de modificar a natureza, provocou o aumento vertiginoso da  produ\u00e7\u00e3o, resultando no barateamento dos produtos e dos processos de produ\u00e7\u00e3o.  Assim, milhares de pessoas puderam comprar produtos antes restritos \u00e0s classes  mais ricas.<\/p>\n<p>A sociedade  capitalista da atualidade \u00e9 marcada por uma necessidade intensa de consumo,  seja por meio dos mercados internos, seja pelos mercados externos. Com o  aumento do consumo h\u00e1 maior necessidade de produ\u00e7\u00e3o e o excesso de demanda  leva \u00e0 gera\u00e7\u00e3o de mais empregos, o que aumenta a renda dispon\u00edvel na economia  e esta acaba sendo revertida para o pr\u00f3prio consumo. Todo este processo leva a  uma intensifica\u00e7\u00e3o da produ\u00e7\u00e3o e consequente aumento da extra\u00e7\u00e3o de  mat\u00e9rias-primas e do consumo de energia, muitas vezes de fontes n\u00e3o  renov\u00e1veis.<\/p>\n<p>\u00c0s vezes, uma  pessoa compra por influ\u00eancia de outras que tamb\u00e9m s\u00e3o influenciadas pelas  propagandas, filmes, revistas etc. Ou seja, a sociedade cria um padr\u00e3o, que  tende a ser seguido pelas pessoas. Algumas mulheres, por exemplo, escolhem um  corte de cabelo, roupas, sapatos e acess\u00f3rios da moda porque se inspiram em  alguma atriz famosa.<\/p>\n<p>Em  nossas sociedades houve uma tentativa tr\u00e1gica de reencantar o mundo pelo  consumismo e a divers\u00e3o. O consumismo promete preencher os desejos,  necessidades e car\u00eancias com diferentes produtos, mas o faz de tal maneira que  nunca fiquemos satisfeitos e desperte em n\u00f3s a necessidade, a compuls\u00e3o de  adquirir novos produtos que o mercado produz sem recesso. O que come\u00e7a como  uma necessidade converte-se em compuls\u00e3o ou em v\u00edcio. Qualquer priva\u00e7\u00e3o  inesperada, irrita e  frustra.<\/p>\n<p>A f\u00e9 crist\u00e3 e a  Eucaristia contam outra hist\u00f3ria sobre a fome e o consumo. E essa n\u00e3o come\u00e7a  com a escassez, mas com um convite \u00e0 vida, e vida em abund\u00e2ncia.  O corpo  e o sangue de Cristo n\u00e3o s\u00e3o bens escassos, a h\u00f3stia e o c\u00e1lice se multiplicam  diariamente em milhares de celebra\u00e7\u00f5es eucar\u00edsticas em todo o mundo.  O  consumidor do corpo e sangue de Cristo, no entanto, n\u00e3o permanece alheio ao  que consome, mas se torna parte do Corpo. O ato de consumo da Eucaristia n\u00e3o  implica a apropria\u00e7\u00e3o de bens para uso privado, mas sim ser assimilado a um  \u00f3rg\u00e3o p\u00fablico, o Corpo de Cristo. Ali se comunicam alegria e dor, abund\u00e2ncia e  falta, e se destaca a obriga\u00e7\u00e3o de os seguidores de Cristo para com os  famintos. Na din\u00e2mica eucar\u00edstica, famintos e bem-aventurados se integram em  Cristo e inauguram um novo modo de entender o mundo e viver a  realidade.<\/p>\n<div id=\"themify_builder_content-15214\" data-postid=\"15214\" class=\"themify_builder_content themify_builder_content-15214 themify_builder themify_builder_front\">\n\t<\/div>\n<!-- \/themify_builder_content -->","protected":false},"excerpt":{"rendered":"<p>Maria Clara Bingemer A diferen\u00e7a entre consumo e consumismo \u00e9 que no primeiro as pessoas adquirem somente aquilo que lhes \u00e9 necess\u00e1rio para sobreviv\u00eancia. J\u00e1 no consumismo a pessoa gasta tudo aquilo que tem em produtos sup\u00e9rfluos. Podem n\u00e3o ser de boa qualidade nem os mais indicados, por\u00e9m ela tem curiosidade de experimentar devido \u00e0 [&hellip;]<\/p>\n","protected":false},"author":5,"featured_media":0,"comment_status":"open","ping_status":"open","sticky":false,"template":"","format":"standard","meta":{"ngg_post_thumbnail":0,"footnotes":""},"categories":[9],"tags":[106,754,1998,1999],"yoast_head":"<!-- This site is optimized with the Yoast SEO plugin v23.5 - https:\/\/yoast.com\/wordpress\/plugins\/seo\/ -->\n<title>Consumir ou ser consumido: dilema crist\u00e3o p\u00f3s-moderno - O Arcanjo no ar<\/title>\n<meta name=\"robots\" content=\"index, follow, max-snippet:-1, max-image-preview:large, max-video-preview:-1\" \/>\n<link rel=\"canonical\" href=\"https:\/\/www.oarcanjo.net\/site\/consumir-ou-ser-consumido-dilema-cristao-pos-moderno\/\" \/>\n<meta property=\"og:locale\" content=\"pt_BR\" \/>\n<meta property=\"og:type\" content=\"article\" \/>\n<meta property=\"og:title\" content=\"Consumir ou ser consumido: dilema crist\u00e3o p\u00f3s-moderno - O Arcanjo no ar\" \/>\n<meta property=\"og:description\" content=\"Maria Clara Bingemer A diferen\u00e7a entre consumo e consumismo \u00e9 que no primeiro as pessoas adquirem somente aquilo que lhes \u00e9 necess\u00e1rio para sobreviv\u00eancia. J\u00e1 no consumismo a pessoa gasta tudo aquilo que tem em produtos sup\u00e9rfluos. Podem n\u00e3o ser de boa qualidade nem os mais indicados, por\u00e9m ela tem curiosidade de experimentar devido \u00e0 [&hellip;]\" \/>\n<meta property=\"og:url\" content=\"https:\/\/www.oarcanjo.net\/site\/consumir-ou-ser-consumido-dilema-cristao-pos-moderno\/\" \/>\n<meta property=\"og:site_name\" content=\"O Arcanjo no ar\" \/>\n<meta property=\"article:publisher\" content=\"https:\/\/www.facebook.com\/OArcanjoNoAr\/\" \/>\n<meta property=\"article:published_time\" content=\"2011-07-27T01:24:43+00:00\" \/>\n<meta property=\"article:modified_time\" content=\"2011-07-27T02:23:29+00:00\" \/>\n<meta property=\"og:image\" content=\"https:\/\/www.oarcanjo.net\/site\/wp-content\/uploads\/logo-o-arcanjo-no-ar-facebook.png\" \/>\n\t<meta property=\"og:image:width\" content=\"300\" \/>\n\t<meta property=\"og:image:height\" content=\"300\" \/>\n\t<meta property=\"og:image:type\" content=\"image\/png\" \/>\n<meta name=\"author\" content=\"editor\" \/>\n<meta name=\"twitter:card\" content=\"summary_large_image\" \/>\n<meta name=\"twitter:label1\" content=\"Escrito por\" \/>\n\t<meta name=\"twitter:data1\" content=\"editor\" \/>\n\t<meta name=\"twitter:label2\" content=\"Est. tempo de leitura\" \/>\n\t<meta name=\"twitter:data2\" content=\"4 minutos\" \/>\n<script type=\"application\/ld+json\" class=\"yoast-schema-graph\">{\"@context\":\"https:\/\/schema.org\",\"@graph\":[{\"@type\":\"Article\",\"@id\":\"https:\/\/www.oarcanjo.net\/site\/consumir-ou-ser-consumido-dilema-cristao-pos-moderno\/#article\",\"isPartOf\":{\"@id\":\"https:\/\/www.oarcanjo.net\/site\/consumir-ou-ser-consumido-dilema-cristao-pos-moderno\/\"},\"author\":{\"name\":\"editor\",\"@id\":\"https:\/\/www.oarcanjo.net\/site\/#\/schema\/person\/f7024d007863202483a31326673a0838\"},\"headline\":\"Consumir ou ser consumido: dilema crist\u00e3o p\u00f3s-moderno\",\"datePublished\":\"2011-07-27T01:24:43+00:00\",\"dateModified\":\"2011-07-27T02:23:29+00:00\",\"mainEntityOfPage\":{\"@id\":\"https:\/\/www.oarcanjo.net\/site\/consumir-ou-ser-consumido-dilema-cristao-pos-moderno\/\"},\"wordCount\":757,\"commentCount\":0,\"publisher\":{\"@id\":\"https:\/\/www.oarcanjo.net\/site\/#organization\"},\"keywords\":[\"consumismo\",\"consumo\",\"propaganda\",\"Revolu\u00e7\u00e3o Industrial\"],\"articleSection\":[\"Reflex\u00f5es\"],\"inLanguage\":\"pt-BR\",\"potentialAction\":[{\"@type\":\"CommentAction\",\"name\":\"Comment\",\"target\":[\"https:\/\/www.oarcanjo.net\/site\/consumir-ou-ser-consumido-dilema-cristao-pos-moderno\/#respond\"]}]},{\"@type\":\"WebPage\",\"@id\":\"https:\/\/www.oarcanjo.net\/site\/consumir-ou-ser-consumido-dilema-cristao-pos-moderno\/\",\"url\":\"https:\/\/www.oarcanjo.net\/site\/consumir-ou-ser-consumido-dilema-cristao-pos-moderno\/\",\"name\":\"Consumir ou ser consumido: dilema crist\u00e3o p\u00f3s-moderno - O Arcanjo no ar\",\"isPartOf\":{\"@id\":\"https:\/\/www.oarcanjo.net\/site\/#website\"},\"datePublished\":\"2011-07-27T01:24:43+00:00\",\"dateModified\":\"2011-07-27T02:23:29+00:00\",\"breadcrumb\":{\"@id\":\"https:\/\/www.oarcanjo.net\/site\/consumir-ou-ser-consumido-dilema-cristao-pos-moderno\/#breadcrumb\"},\"inLanguage\":\"pt-BR\",\"potentialAction\":[{\"@type\":\"ReadAction\",\"target\":[\"https:\/\/www.oarcanjo.net\/site\/consumir-ou-ser-consumido-dilema-cristao-pos-moderno\/\"]}]},{\"@type\":\"BreadcrumbList\",\"@id\":\"https:\/\/www.oarcanjo.net\/site\/consumir-ou-ser-consumido-dilema-cristao-pos-moderno\/#breadcrumb\",\"itemListElement\":[{\"@type\":\"ListItem\",\"position\":1,\"name\":\"In\u00edcio\",\"item\":\"https:\/\/www.oarcanjo.net\/site\/\"},{\"@type\":\"ListItem\",\"position\":2,\"name\":\"Consumir ou ser consumido: dilema crist\u00e3o p\u00f3s-moderno\"}]},{\"@type\":\"WebSite\",\"@id\":\"https:\/\/www.oarcanjo.net\/site\/#website\",\"url\":\"https:\/\/www.oarcanjo.net\/site\/\",\"name\":\"O Arcanjo no ar\",\"description\":\"Site da Par\u00f3quia S\u00e3o Miguel Arcanjo (Arquidiocese de SP)\",\"publisher\":{\"@id\":\"https:\/\/www.oarcanjo.net\/site\/#organization\"},\"potentialAction\":[{\"@type\":\"SearchAction\",\"target\":{\"@type\":\"EntryPoint\",\"urlTemplate\":\"https:\/\/www.oarcanjo.net\/site\/?s={search_term_string}\"},\"query-input\":{\"@type\":\"PropertyValueSpecification\",\"valueRequired\":true,\"valueName\":\"search_term_string\"}}],\"inLanguage\":\"pt-BR\"},{\"@type\":\"Organization\",\"@id\":\"https:\/\/www.oarcanjo.net\/site\/#organization\",\"name\":\"Par\u00f3quia S\u00e3o Miguel Arcanjo\",\"url\":\"https:\/\/www.oarcanjo.net\/site\/\",\"logo\":{\"@type\":\"ImageObject\",\"inLanguage\":\"pt-BR\",\"@id\":\"https:\/\/www.oarcanjo.net\/site\/#\/schema\/logo\/image\/\",\"url\":\"https:\/\/www.oarcanjo.net\/site\/wp-content\/uploads\/LogoOArcanjo.png\",\"contentUrl\":\"https:\/\/www.oarcanjo.net\/site\/wp-content\/uploads\/LogoOArcanjo.png\",\"width\":319,\"height\":99,\"caption\":\"Par\u00f3quia S\u00e3o Miguel Arcanjo\"},\"image\":{\"@id\":\"https:\/\/www.oarcanjo.net\/site\/#\/schema\/logo\/image\/\"},\"sameAs\":[\"https:\/\/www.facebook.com\/OArcanjoNoAr\/\"]},{\"@type\":\"Person\",\"@id\":\"https:\/\/www.oarcanjo.net\/site\/#\/schema\/person\/f7024d007863202483a31326673a0838\",\"name\":\"editor\",\"sameAs\":[\"http:\/\/www.oarcanjo.net\"]}]}<\/script>\n<!-- \/ Yoast SEO plugin. -->","yoast_head_json":{"title":"Consumir ou ser consumido: dilema crist\u00e3o p\u00f3s-moderno - O Arcanjo no ar","robots":{"index":"index","follow":"follow","max-snippet":"max-snippet:-1","max-image-preview":"max-image-preview:large","max-video-preview":"max-video-preview:-1"},"canonical":"https:\/\/www.oarcanjo.net\/site\/consumir-ou-ser-consumido-dilema-cristao-pos-moderno\/","og_locale":"pt_BR","og_type":"article","og_title":"Consumir ou ser consumido: dilema crist\u00e3o p\u00f3s-moderno - O Arcanjo no ar","og_description":"Maria Clara Bingemer A diferen\u00e7a entre consumo e consumismo \u00e9 que no primeiro as pessoas adquirem somente aquilo que lhes \u00e9 necess\u00e1rio para sobreviv\u00eancia. J\u00e1 no consumismo a pessoa gasta tudo aquilo que tem em produtos sup\u00e9rfluos. Podem n\u00e3o ser de boa qualidade nem os mais indicados, por\u00e9m ela tem curiosidade de experimentar devido \u00e0 [&hellip;]","og_url":"https:\/\/www.oarcanjo.net\/site\/consumir-ou-ser-consumido-dilema-cristao-pos-moderno\/","og_site_name":"O Arcanjo no ar","article_publisher":"https:\/\/www.facebook.com\/OArcanjoNoAr\/","article_published_time":"2011-07-27T01:24:43+00:00","article_modified_time":"2011-07-27T02:23:29+00:00","og_image":[{"width":300,"height":300,"url":"https:\/\/www.oarcanjo.net\/site\/wp-content\/uploads\/logo-o-arcanjo-no-ar-facebook.png","type":"image\/png"}],"author":"editor","twitter_card":"summary_large_image","twitter_misc":{"Escrito por":"editor","Est. tempo de leitura":"4 minutos"},"schema":{"@context":"https:\/\/schema.org","@graph":[{"@type":"Article","@id":"https:\/\/www.oarcanjo.net\/site\/consumir-ou-ser-consumido-dilema-cristao-pos-moderno\/#article","isPartOf":{"@id":"https:\/\/www.oarcanjo.net\/site\/consumir-ou-ser-consumido-dilema-cristao-pos-moderno\/"},"author":{"name":"editor","@id":"https:\/\/www.oarcanjo.net\/site\/#\/schema\/person\/f7024d007863202483a31326673a0838"},"headline":"Consumir ou ser consumido: dilema crist\u00e3o p\u00f3s-moderno","datePublished":"2011-07-27T01:24:43+00:00","dateModified":"2011-07-27T02:23:29+00:00","mainEntityOfPage":{"@id":"https:\/\/www.oarcanjo.net\/site\/consumir-ou-ser-consumido-dilema-cristao-pos-moderno\/"},"wordCount":757,"commentCount":0,"publisher":{"@id":"https:\/\/www.oarcanjo.net\/site\/#organization"},"keywords":["consumismo","consumo","propaganda","Revolu\u00e7\u00e3o Industrial"],"articleSection":["Reflex\u00f5es"],"inLanguage":"pt-BR","potentialAction":[{"@type":"CommentAction","name":"Comment","target":["https:\/\/www.oarcanjo.net\/site\/consumir-ou-ser-consumido-dilema-cristao-pos-moderno\/#respond"]}]},{"@type":"WebPage","@id":"https:\/\/www.oarcanjo.net\/site\/consumir-ou-ser-consumido-dilema-cristao-pos-moderno\/","url":"https:\/\/www.oarcanjo.net\/site\/consumir-ou-ser-consumido-dilema-cristao-pos-moderno\/","name":"Consumir ou ser consumido: dilema crist\u00e3o p\u00f3s-moderno - O Arcanjo no ar","isPartOf":{"@id":"https:\/\/www.oarcanjo.net\/site\/#website"},"datePublished":"2011-07-27T01:24:43+00:00","dateModified":"2011-07-27T02:23:29+00:00","breadcrumb":{"@id":"https:\/\/www.oarcanjo.net\/site\/consumir-ou-ser-consumido-dilema-cristao-pos-moderno\/#breadcrumb"},"inLanguage":"pt-BR","potentialAction":[{"@type":"ReadAction","target":["https:\/\/www.oarcanjo.net\/site\/consumir-ou-ser-consumido-dilema-cristao-pos-moderno\/"]}]},{"@type":"BreadcrumbList","@id":"https:\/\/www.oarcanjo.net\/site\/consumir-ou-ser-consumido-dilema-cristao-pos-moderno\/#breadcrumb","itemListElement":[{"@type":"ListItem","position":1,"name":"In\u00edcio","item":"https:\/\/www.oarcanjo.net\/site\/"},{"@type":"ListItem","position":2,"name":"Consumir ou ser consumido: dilema crist\u00e3o p\u00f3s-moderno"}]},{"@type":"WebSite","@id":"https:\/\/www.oarcanjo.net\/site\/#website","url":"https:\/\/www.oarcanjo.net\/site\/","name":"O Arcanjo no ar","description":"Site da Par\u00f3quia S\u00e3o Miguel Arcanjo (Arquidiocese de SP)","publisher":{"@id":"https:\/\/www.oarcanjo.net\/site\/#organization"},"potentialAction":[{"@type":"SearchAction","target":{"@type":"EntryPoint","urlTemplate":"https:\/\/www.oarcanjo.net\/site\/?s={search_term_string}"},"query-input":{"@type":"PropertyValueSpecification","valueRequired":true,"valueName":"search_term_string"}}],"inLanguage":"pt-BR"},{"@type":"Organization","@id":"https:\/\/www.oarcanjo.net\/site\/#organization","name":"Par\u00f3quia S\u00e3o Miguel Arcanjo","url":"https:\/\/www.oarcanjo.net\/site\/","logo":{"@type":"ImageObject","inLanguage":"pt-BR","@id":"https:\/\/www.oarcanjo.net\/site\/#\/schema\/logo\/image\/","url":"https:\/\/www.oarcanjo.net\/site\/wp-content\/uploads\/LogoOArcanjo.png","contentUrl":"https:\/\/www.oarcanjo.net\/site\/wp-content\/uploads\/LogoOArcanjo.png","width":319,"height":99,"caption":"Par\u00f3quia S\u00e3o Miguel Arcanjo"},"image":{"@id":"https:\/\/www.oarcanjo.net\/site\/#\/schema\/logo\/image\/"},"sameAs":["https:\/\/www.facebook.com\/OArcanjoNoAr\/"]},{"@type":"Person","@id":"https:\/\/www.oarcanjo.net\/site\/#\/schema\/person\/f7024d007863202483a31326673a0838","name":"editor","sameAs":["http:\/\/www.oarcanjo.net"]}]}},"publishpress_future_action":{"enabled":false,"date":"2026-05-08 04:43:17","action":"category","newStatus":"draft","terms":[],"taxonomy":"category"},"publishpress_future_workflow_manual_trigger":{"enabledWorkflows":[]},"_links":{"self":[{"href":"https:\/\/www.oarcanjo.net\/site\/wp-json\/wp\/v2\/posts\/15214"}],"collection":[{"href":"https:\/\/www.oarcanjo.net\/site\/wp-json\/wp\/v2\/posts"}],"about":[{"href":"https:\/\/www.oarcanjo.net\/site\/wp-json\/wp\/v2\/types\/post"}],"author":[{"embeddable":true,"href":"https:\/\/www.oarcanjo.net\/site\/wp-json\/wp\/v2\/users\/5"}],"replies":[{"embeddable":true,"href":"https:\/\/www.oarcanjo.net\/site\/wp-json\/wp\/v2\/comments?post=15214"}],"version-history":[{"count":0,"href":"https:\/\/www.oarcanjo.net\/site\/wp-json\/wp\/v2\/posts\/15214\/revisions"}],"wp:attachment":[{"href":"https:\/\/www.oarcanjo.net\/site\/wp-json\/wp\/v2\/media?parent=15214"}],"wp:term":[{"taxonomy":"category","embeddable":true,"href":"https:\/\/www.oarcanjo.net\/site\/wp-json\/wp\/v2\/categories?post=15214"},{"taxonomy":"post_tag","embeddable":true,"href":"https:\/\/www.oarcanjo.net\/site\/wp-json\/wp\/v2\/tags?post=15214"}],"curies":[{"name":"wp","href":"https:\/\/api.w.org\/{rel}","templated":true}]}}