
{"id":15216,"date":"2011-07-27T14:25:32","date_gmt":"2011-07-27T17:25:32","guid":{"rendered":"http:\/\/www.oarcanjo.net\/site\/?p=15216"},"modified":"2011-07-26T22:29:55","modified_gmt":"2011-07-27T01:29:55","slug":"maria-madalena","status":"publish","type":"post","link":"https:\/\/www.oarcanjo.net\/site\/maria-madalena\/","title":{"rendered":"Maria Madalena"},"content":{"rendered":"<p>Frei Betto<\/p>\n<p>A festa de Maria Madalena \u00e9 22 de julho. Considerada santa pelas Igrejas cat\u00f3lica, ortodoxa e anglicana, seu nome \u00e9 mencionado nos quatro evangelhos.<\/p>\n<p>Lucas (8, 1-3) registra que Jesus se fazia acompanhar pelo grupo dos doze (os ap\u00f3stolos) e por mulheres, cujos nomes o evangelista cita: &#8220;Maria, chamada Madalena, da qual haviam sa\u00eddo sete dem\u00f4nios; Joana, mulher de Cuza, o procurador de Herodes; Susana e v\u00e1rias outras, que o serviam com seus bens.\u201d<\/p>\n<p>O &#8220;sobrenome\u201d Madalena indica o lugar de origem &#8211; Magdala, cidade do lado ocidental do lago da Galileia, cujas ru\u00ednas visitei ao escrever Um homem chamado Jesus (Rocco), vers\u00e3o romanceada dos evangelhos. No tempo de Jesus, havia ali um pr\u00f3spero centro urbano dedicado ao com\u00e9rcio de sal.<\/p>\n<p>A tradi\u00e7\u00e3o associa Madalena \u00e0 prostitui\u00e7\u00e3o, devido ao detalhe de que, dela, &#8220;haviam sa\u00eddo sete dem\u00f4nios\u201d. Na B\u00edblia, o n\u00famero 7 significa &#8220;infinito\u201d, assim como, hoje, o s\u00edmbolo matem\u00e1tico (\u00a5) \u00e9 parecido a um 8 deitado. Jesus livrou Madalena de seus m\u00faltiplos pecados. Os &#8220;sete dem\u00f4nios\u201d equivalem, teologicamente, aos sete pecados capitais (gula, avareza, lux\u00faria, soberba, pregui\u00e7a, ira e inveja).<\/p>\n<p>H\u00e1 ainda aqueles que, arbitrariamente, identificam como sendo Madalena a &#8220;mulher da cidade, uma pecadora\u201d, descrita por Lucas (7, 36-50) como aquela que, num jantar, lavou os p\u00e9s de Jesus com perfume e os enxugou com os cabelos.<\/p>\n<p>Os relatos evang\u00e9licos n\u00e3o foram escritos segundo \u00f3ticas jornal\u00edsticas, hist\u00f3ricas ou biogr\u00e1ficas, e sim teol\u00f3gicas. In\u00fatil procurar ali detalhes ou informa\u00e7\u00f5es a respeito da vida \u00edntima dos personagens citados. Contudo, ensina a sabedoria, n\u00e3o lemos nem vemos com os olhos, e sim com a mente. E quem tem mente polu\u00edda&#8230;<\/p>\n<p>Mateus (27, 56) narra que &#8220;muitas mulheres, olhando de longe\u201d, presenciaram a crucifix\u00e3o de Jesus. Informa ainda que se tratava de mulheres que o seguiram &#8220;desde a Galileia e o serviram\u201d. E cita nomes: &#8220;Entre elas, Maria Madalena; Maria, m\u00e3e de Tiago e de Jos\u00e9; e a m\u00e3e dos filhos de Zebedeu.\u201d<\/p>\n<p>A mulher de Zebedeu se chamava Salom\u00e9 (Marcos 15, 40), m\u00e3e dos ap\u00f3stolos Jo\u00e3o e Tiago. A segunda Maria citada era a m\u00e3e de Jesus que, de acordo com Mateus (13, 55), teve irm\u00e3os e irm\u00e3s: &#8220;N\u00e3o \u00e9 ele o filho do carpinteiro? N\u00e3o se chama a m\u00e3e dele Maria e os seus irm\u00e3os Tiago, Jos\u00e9, Sim\u00e3o e Judas?\u201d<\/p>\n<p>Mateus (27, 57) acrescenta que quando &#8220;um homem rico de Arimateia, chamado Jos\u00e9, o qual tamb\u00e9m se tornara disc\u00edpulo de Jesus\u201d levou o corpo do crucificado para o t\u00famulo talhado na rocha, &#8220;Maria Madalena e a outra Maria (m\u00e3e de Jesus) estavam ali sentadas em frente ao sepulcro\u201d (27, 61). O que \u00e9 confirmado pelo evangelista Marcos (15, 40).<\/p>\n<p>No dia seguinte ao s\u00e1bado, que corresponde ao nosso domingo, &#8220;Maria Madalena e a outra Maria vieram ver o sepulcro\u201d (28, 1). O que \u00e9 confirmado pelo evangelista Jo\u00e3o (20, 1).<\/p>\n<p>Eis que o anjo aparece a elas e comunica que Jesus j\u00e1 n\u00e3o est\u00e1 ali, pois &#8220;ressuscitou dos mortos\u201d (28, 7). Sa\u00edram correndo para anunciar aos disc\u00edpulos, quando se depararam com o pr\u00f3prio Jesus, que as saudou exclamando: &#8220;Alegrai-vos\u201d (28, 9), e ordenou-lhes: &#8220;Ide anunciar a meus irm\u00e3os que se dirijam para a Galileia; l\u00e1 me ver\u00e3o\u201d (28, 10). Portanto, foram as mulheres as primeiras testemunhas da ressurrei\u00e7\u00e3o e tamb\u00e9m as primeiras ap\u00f3stolas, anunciadoras de Cristo ressuscitado.<\/p>\n<p>Jo\u00e3o (20, 11-18) foi o \u00fanico a relatar em detalhes a apari\u00e7\u00e3o de Jesus \u00e0 Maria Madalena. Esta se encontrava junto ao sepulcro vazio, chorando. N\u00e3o tinha ideia de quem retirara o corpo de Jesus e por qu\u00ea. Ao olhar para dentro do t\u00famulo, viu &#8220;dois anjos vestidos de branco\u201d. Indagaram por que ela chorava. &#8220;Levaram o meu Senhor e n\u00e3o sei onde o colocaram\u201d, respondeu.<\/p>\n<p>Logo, voltou-se e viu, fora do sepulcro, um homem de p\u00e9, que repetiu a ela a pergunta dos anjos. Ela julgou se tratar do jardineiro do cemit\u00e9rio: &#8220;Senhor, se foste tu que o levaste, dize-me onde o puseste e eu o irei buscar.\u201d<\/p>\n<p>Neste momento, o Ressuscitado pronunciou-lhe o nome: &#8220;Maria!\u201d Ela o reconheceu e reagiu em hebraico: &#8220;Rabbuni!\u201d, express\u00e3o aplic\u00e1vel a Deus, significa &#8220;Mestre\u201d e \u00e9 mais solene que Rabi, de rabino. Madalena se lan\u00e7ou aos p\u00e9s de Jesus, para abra\u00e7\u00e1-lo. Ele a conteve: &#8220;N\u00e3o me retenhas, pois ainda n\u00e3o subi ao Pai. Vai, por\u00e9m, a meus irm\u00e3os e dize-lhes: \u2018Subo a meu Pai e a vosso Pai; a meu Deus e a vosso Deus\u2019.\u201d<\/p>\n<p>Encerra-se assim o relato de Jo\u00e3o (20, 18): &#8220;Maria Madalena foi anunciar aos disc\u00edpulos: \u2018Vi o Senhor\u2019 e as coisas que ele lhe disse.\u201d<\/p>\n<p>Eis o que os quatro evangelhos nos informam sobre Maria Madalena \u2013 disc\u00edpula e ap\u00f3stola.<\/p>\n<div id=\"themify_builder_content-15216\" data-postid=\"15216\" class=\"themify_builder_content themify_builder_content-15216 themify_builder themify_builder_front\">\n\t<\/div>\n<!-- \/themify_builder_content -->","protected":false},"excerpt":{"rendered":"<p>Frei Betto A festa de Maria Madalena \u00e9 22 de julho. Considerada santa pelas Igrejas cat\u00f3lica, ortodoxa e anglicana, seu nome \u00e9 mencionado nos quatro evangelhos. Lucas (8, 1-3) registra que Jesus se fazia acompanhar pelo grupo dos doze (os ap\u00f3stolos) e por mulheres, cujos nomes o evangelista cita: &#8220;Maria, chamada Madalena, da qual haviam [&hellip;]<\/p>\n","protected":false},"author":5,"featured_media":0,"comment_status":"open","ping_status":"open","sticky":false,"template":"","format":"standard","meta":{"ngg_post_thumbnail":0,"footnotes":""},"categories":[9],"tags":[1883,307],"yoast_head":"<!-- This site is optimized with the Yoast SEO plugin v23.5 - https:\/\/yoast.com\/wordpress\/plugins\/seo\/ -->\n<title>Maria Madalena - O Arcanjo no ar<\/title>\n<meta name=\"robots\" content=\"index, follow, max-snippet:-1, max-image-preview:large, max-video-preview:-1\" \/>\n<link rel=\"canonical\" href=\"https:\/\/www.oarcanjo.net\/site\/maria-madalena\/\" \/>\n<meta property=\"og:locale\" content=\"pt_BR\" \/>\n<meta property=\"og:type\" content=\"article\" \/>\n<meta property=\"og:title\" content=\"Maria Madalena - O Arcanjo no ar\" \/>\n<meta property=\"og:description\" content=\"Frei Betto A festa de Maria Madalena \u00e9 22 de julho. Considerada santa pelas Igrejas cat\u00f3lica, ortodoxa e anglicana, seu nome \u00e9 mencionado nos quatro evangelhos. Lucas (8, 1-3) registra que Jesus se fazia acompanhar pelo grupo dos doze (os ap\u00f3stolos) e por mulheres, cujos nomes o evangelista cita: &#8220;Maria, chamada Madalena, da qual haviam [&hellip;]\" \/>\n<meta property=\"og:url\" content=\"https:\/\/www.oarcanjo.net\/site\/maria-madalena\/\" \/>\n<meta property=\"og:site_name\" content=\"O Arcanjo no ar\" \/>\n<meta property=\"article:publisher\" content=\"https:\/\/www.facebook.com\/OArcanjoNoAr\/\" \/>\n<meta property=\"article:published_time\" content=\"2011-07-27T17:25:32+00:00\" \/>\n<meta property=\"article:modified_time\" content=\"2011-07-27T01:29:55+00:00\" \/>\n<meta property=\"og:image\" content=\"https:\/\/www.oarcanjo.net\/site\/wp-content\/uploads\/logo-o-arcanjo-no-ar-facebook.png\" \/>\n\t<meta property=\"og:image:width\" content=\"300\" \/>\n\t<meta property=\"og:image:height\" content=\"300\" \/>\n\t<meta property=\"og:image:type\" content=\"image\/png\" \/>\n<meta name=\"author\" content=\"editor\" \/>\n<meta name=\"twitter:card\" content=\"summary_large_image\" \/>\n<meta name=\"twitter:label1\" content=\"Escrito por\" \/>\n\t<meta name=\"twitter:data1\" content=\"editor\" \/>\n\t<meta name=\"twitter:label2\" content=\"Est. tempo de leitura\" \/>\n\t<meta name=\"twitter:data2\" content=\"4 minutos\" \/>\n<script type=\"application\/ld+json\" class=\"yoast-schema-graph\">{\"@context\":\"https:\/\/schema.org\",\"@graph\":[{\"@type\":\"Article\",\"@id\":\"https:\/\/www.oarcanjo.net\/site\/maria-madalena\/#article\",\"isPartOf\":{\"@id\":\"https:\/\/www.oarcanjo.net\/site\/maria-madalena\/\"},\"author\":{\"name\":\"editor\",\"@id\":\"https:\/\/www.oarcanjo.net\/site\/#\/schema\/person\/f7024d007863202483a31326673a0838\"},\"headline\":\"Maria Madalena\",\"datePublished\":\"2011-07-27T17:25:32+00:00\",\"dateModified\":\"2011-07-27T01:29:55+00:00\",\"mainEntityOfPage\":{\"@id\":\"https:\/\/www.oarcanjo.net\/site\/maria-madalena\/\"},\"wordCount\":811,\"commentCount\":0,\"publisher\":{\"@id\":\"https:\/\/www.oarcanjo.net\/site\/#organization\"},\"keywords\":[\"Maria Madalena\",\"mulher\"],\"articleSection\":[\"Reflex\u00f5es\"],\"inLanguage\":\"pt-BR\",\"potentialAction\":[{\"@type\":\"CommentAction\",\"name\":\"Comment\",\"target\":[\"https:\/\/www.oarcanjo.net\/site\/maria-madalena\/#respond\"]}]},{\"@type\":\"WebPage\",\"@id\":\"https:\/\/www.oarcanjo.net\/site\/maria-madalena\/\",\"url\":\"https:\/\/www.oarcanjo.net\/site\/maria-madalena\/\",\"name\":\"Maria Madalena - O Arcanjo no ar\",\"isPartOf\":{\"@id\":\"https:\/\/www.oarcanjo.net\/site\/#website\"},\"datePublished\":\"2011-07-27T17:25:32+00:00\",\"dateModified\":\"2011-07-27T01:29:55+00:00\",\"breadcrumb\":{\"@id\":\"https:\/\/www.oarcanjo.net\/site\/maria-madalena\/#breadcrumb\"},\"inLanguage\":\"pt-BR\",\"potentialAction\":[{\"@type\":\"ReadAction\",\"target\":[\"https:\/\/www.oarcanjo.net\/site\/maria-madalena\/\"]}]},{\"@type\":\"BreadcrumbList\",\"@id\":\"https:\/\/www.oarcanjo.net\/site\/maria-madalena\/#breadcrumb\",\"itemListElement\":[{\"@type\":\"ListItem\",\"position\":1,\"name\":\"In\u00edcio\",\"item\":\"https:\/\/www.oarcanjo.net\/site\/\"},{\"@type\":\"ListItem\",\"position\":2,\"name\":\"Maria Madalena\"}]},{\"@type\":\"WebSite\",\"@id\":\"https:\/\/www.oarcanjo.net\/site\/#website\",\"url\":\"https:\/\/www.oarcanjo.net\/site\/\",\"name\":\"O Arcanjo no ar\",\"description\":\"Site da Par\u00f3quia S\u00e3o Miguel Arcanjo (Arquidiocese de SP)\",\"publisher\":{\"@id\":\"https:\/\/www.oarcanjo.net\/site\/#organization\"},\"potentialAction\":[{\"@type\":\"SearchAction\",\"target\":{\"@type\":\"EntryPoint\",\"urlTemplate\":\"https:\/\/www.oarcanjo.net\/site\/?s={search_term_string}\"},\"query-input\":{\"@type\":\"PropertyValueSpecification\",\"valueRequired\":true,\"valueName\":\"search_term_string\"}}],\"inLanguage\":\"pt-BR\"},{\"@type\":\"Organization\",\"@id\":\"https:\/\/www.oarcanjo.net\/site\/#organization\",\"name\":\"Par\u00f3quia S\u00e3o Miguel Arcanjo\",\"url\":\"https:\/\/www.oarcanjo.net\/site\/\",\"logo\":{\"@type\":\"ImageObject\",\"inLanguage\":\"pt-BR\",\"@id\":\"https:\/\/www.oarcanjo.net\/site\/#\/schema\/logo\/image\/\",\"url\":\"https:\/\/www.oarcanjo.net\/site\/wp-content\/uploads\/LogoOArcanjo.png\",\"contentUrl\":\"https:\/\/www.oarcanjo.net\/site\/wp-content\/uploads\/LogoOArcanjo.png\",\"width\":319,\"height\":99,\"caption\":\"Par\u00f3quia S\u00e3o Miguel Arcanjo\"},\"image\":{\"@id\":\"https:\/\/www.oarcanjo.net\/site\/#\/schema\/logo\/image\/\"},\"sameAs\":[\"https:\/\/www.facebook.com\/OArcanjoNoAr\/\"]},{\"@type\":\"Person\",\"@id\":\"https:\/\/www.oarcanjo.net\/site\/#\/schema\/person\/f7024d007863202483a31326673a0838\",\"name\":\"editor\",\"sameAs\":[\"http:\/\/www.oarcanjo.net\"]}]}<\/script>\n<!-- \/ Yoast SEO plugin. -->","yoast_head_json":{"title":"Maria Madalena - O Arcanjo no ar","robots":{"index":"index","follow":"follow","max-snippet":"max-snippet:-1","max-image-preview":"max-image-preview:large","max-video-preview":"max-video-preview:-1"},"canonical":"https:\/\/www.oarcanjo.net\/site\/maria-madalena\/","og_locale":"pt_BR","og_type":"article","og_title":"Maria Madalena - O Arcanjo no ar","og_description":"Frei Betto A festa de Maria Madalena \u00e9 22 de julho. Considerada santa pelas Igrejas cat\u00f3lica, ortodoxa e anglicana, seu nome \u00e9 mencionado nos quatro evangelhos. Lucas (8, 1-3) registra que Jesus se fazia acompanhar pelo grupo dos doze (os ap\u00f3stolos) e por mulheres, cujos nomes o evangelista cita: &#8220;Maria, chamada Madalena, da qual haviam [&hellip;]","og_url":"https:\/\/www.oarcanjo.net\/site\/maria-madalena\/","og_site_name":"O Arcanjo no ar","article_publisher":"https:\/\/www.facebook.com\/OArcanjoNoAr\/","article_published_time":"2011-07-27T17:25:32+00:00","article_modified_time":"2011-07-27T01:29:55+00:00","og_image":[{"width":300,"height":300,"url":"https:\/\/www.oarcanjo.net\/site\/wp-content\/uploads\/logo-o-arcanjo-no-ar-facebook.png","type":"image\/png"}],"author":"editor","twitter_card":"summary_large_image","twitter_misc":{"Escrito por":"editor","Est. tempo de leitura":"4 minutos"},"schema":{"@context":"https:\/\/schema.org","@graph":[{"@type":"Article","@id":"https:\/\/www.oarcanjo.net\/site\/maria-madalena\/#article","isPartOf":{"@id":"https:\/\/www.oarcanjo.net\/site\/maria-madalena\/"},"author":{"name":"editor","@id":"https:\/\/www.oarcanjo.net\/site\/#\/schema\/person\/f7024d007863202483a31326673a0838"},"headline":"Maria Madalena","datePublished":"2011-07-27T17:25:32+00:00","dateModified":"2011-07-27T01:29:55+00:00","mainEntityOfPage":{"@id":"https:\/\/www.oarcanjo.net\/site\/maria-madalena\/"},"wordCount":811,"commentCount":0,"publisher":{"@id":"https:\/\/www.oarcanjo.net\/site\/#organization"},"keywords":["Maria Madalena","mulher"],"articleSection":["Reflex\u00f5es"],"inLanguage":"pt-BR","potentialAction":[{"@type":"CommentAction","name":"Comment","target":["https:\/\/www.oarcanjo.net\/site\/maria-madalena\/#respond"]}]},{"@type":"WebPage","@id":"https:\/\/www.oarcanjo.net\/site\/maria-madalena\/","url":"https:\/\/www.oarcanjo.net\/site\/maria-madalena\/","name":"Maria Madalena - O Arcanjo no ar","isPartOf":{"@id":"https:\/\/www.oarcanjo.net\/site\/#website"},"datePublished":"2011-07-27T17:25:32+00:00","dateModified":"2011-07-27T01:29:55+00:00","breadcrumb":{"@id":"https:\/\/www.oarcanjo.net\/site\/maria-madalena\/#breadcrumb"},"inLanguage":"pt-BR","potentialAction":[{"@type":"ReadAction","target":["https:\/\/www.oarcanjo.net\/site\/maria-madalena\/"]}]},{"@type":"BreadcrumbList","@id":"https:\/\/www.oarcanjo.net\/site\/maria-madalena\/#breadcrumb","itemListElement":[{"@type":"ListItem","position":1,"name":"In\u00edcio","item":"https:\/\/www.oarcanjo.net\/site\/"},{"@type":"ListItem","position":2,"name":"Maria Madalena"}]},{"@type":"WebSite","@id":"https:\/\/www.oarcanjo.net\/site\/#website","url":"https:\/\/www.oarcanjo.net\/site\/","name":"O Arcanjo no ar","description":"Site da Par\u00f3quia S\u00e3o Miguel Arcanjo (Arquidiocese de SP)","publisher":{"@id":"https:\/\/www.oarcanjo.net\/site\/#organization"},"potentialAction":[{"@type":"SearchAction","target":{"@type":"EntryPoint","urlTemplate":"https:\/\/www.oarcanjo.net\/site\/?s={search_term_string}"},"query-input":{"@type":"PropertyValueSpecification","valueRequired":true,"valueName":"search_term_string"}}],"inLanguage":"pt-BR"},{"@type":"Organization","@id":"https:\/\/www.oarcanjo.net\/site\/#organization","name":"Par\u00f3quia S\u00e3o Miguel Arcanjo","url":"https:\/\/www.oarcanjo.net\/site\/","logo":{"@type":"ImageObject","inLanguage":"pt-BR","@id":"https:\/\/www.oarcanjo.net\/site\/#\/schema\/logo\/image\/","url":"https:\/\/www.oarcanjo.net\/site\/wp-content\/uploads\/LogoOArcanjo.png","contentUrl":"https:\/\/www.oarcanjo.net\/site\/wp-content\/uploads\/LogoOArcanjo.png","width":319,"height":99,"caption":"Par\u00f3quia S\u00e3o Miguel Arcanjo"},"image":{"@id":"https:\/\/www.oarcanjo.net\/site\/#\/schema\/logo\/image\/"},"sameAs":["https:\/\/www.facebook.com\/OArcanjoNoAr\/"]},{"@type":"Person","@id":"https:\/\/www.oarcanjo.net\/site\/#\/schema\/person\/f7024d007863202483a31326673a0838","name":"editor","sameAs":["http:\/\/www.oarcanjo.net"]}]}},"publishpress_future_action":{"enabled":false,"date":"2026-05-08 02:06:51","action":"category","newStatus":"draft","terms":[],"taxonomy":"category"},"publishpress_future_workflow_manual_trigger":{"enabledWorkflows":[]},"_links":{"self":[{"href":"https:\/\/www.oarcanjo.net\/site\/wp-json\/wp\/v2\/posts\/15216"}],"collection":[{"href":"https:\/\/www.oarcanjo.net\/site\/wp-json\/wp\/v2\/posts"}],"about":[{"href":"https:\/\/www.oarcanjo.net\/site\/wp-json\/wp\/v2\/types\/post"}],"author":[{"embeddable":true,"href":"https:\/\/www.oarcanjo.net\/site\/wp-json\/wp\/v2\/users\/5"}],"replies":[{"embeddable":true,"href":"https:\/\/www.oarcanjo.net\/site\/wp-json\/wp\/v2\/comments?post=15216"}],"version-history":[{"count":0,"href":"https:\/\/www.oarcanjo.net\/site\/wp-json\/wp\/v2\/posts\/15216\/revisions"}],"wp:attachment":[{"href":"https:\/\/www.oarcanjo.net\/site\/wp-json\/wp\/v2\/media?parent=15216"}],"wp:term":[{"taxonomy":"category","embeddable":true,"href":"https:\/\/www.oarcanjo.net\/site\/wp-json\/wp\/v2\/categories?post=15216"},{"taxonomy":"post_tag","embeddable":true,"href":"https:\/\/www.oarcanjo.net\/site\/wp-json\/wp\/v2\/tags?post=15216"}],"curies":[{"name":"wp","href":"https:\/\/api.w.org\/{rel}","templated":true}]}}