
{"id":15232,"date":"2011-07-28T10:21:36","date_gmt":"2011-07-28T13:21:36","guid":{"rendered":"http:\/\/www.oarcanjo.net\/site\/?p=15232"},"modified":"2011-07-28T10:21:36","modified_gmt":"2011-07-28T13:21:36","slug":"ainda-o-fundamentalismo","status":"publish","type":"post","link":"https:\/\/www.oarcanjo.net\/site\/ainda-o-fundamentalismo\/","title":{"rendered":"Ainda o fundamentalismo"},"content":{"rendered":"<p>Leonardo Boff<\/p>\n<p>O ato terrorista perpetrado na Noruega de forma calculada por um extremista noruegu\u00eas de 32 anos, trouxe novamente \u00e0 baila a quest\u00e3o do fundamentalismo. Os governos ocidentais e a m\u00eddia induziram a opini\u00e3o p\u00fablica mundial a associar o fundamentalismo e o terrorismo quase que exclusivamente a setores radicais do Islamismo. Barack Obama dos USA e David Cameron do Reino Unido se apressaram em solidarizar-se com governo da Noruega e refor\u00e7aram a id\u00e9ia de dar batalha mortal ao terrorismo, no pressuposto de que seria um ato da Al Qaeda. Preconceito. Desta vez era um nativo, branco, de olhos azuis, com nivel superior e crist\u00e3o, embora o The New York Times o apresente \u201csem qualidades e f\u00e1cil de se esquecer\u201d.<\/p>\n<p>Al\u00e9m de rejeitar decididamente o terrorismo e o fundamentalismo devemos procurar entender o porqu\u00ea deste fen\u00f4meno. J\u00e1 abordei algumas vezes nesta coluna tal tema que resultou num livro \u201cFundamentalismo,Terrorismo, Religi\u00e3o e Paz: desafio do s\u00e9culo XXI\u201d(Vozes 2009). Ai refiro, entre outras causas, o tipo de globaliza\u00e7\u00e3o que predominou desde o seu in\u00edcio, uma globaliza\u00e7\u00e3o fundamentalmente da economia, dos mercados e das finan\u00e7as. Edgar Morin a chama de \u201cidade de ferro da globaliza\u00e7\u00e3o\u201d. N\u00e3o se seguiu, como a realidade pedia, uma globaliza\u00e7\u00e3o pol\u00edtica (uma governan\u00e7a global dos povos), uma globaliza\u00e7\u00e3o \u00e9tica e educacional. Explico-me: com a globaliza\u00e7\u00e3o inauguramos uma fase nova da hist\u00f3ria do Planeta vivo e da pr\u00f3pria humanidade. Estamos deixando para tr\u00e1s os limites restritos das culturas regionais com suas identidades e a figura do estado-na\u00e7\u00e3o para entrarmos cada vez mais no processo de uma hist\u00f3ria coletiva, da esp\u00e9cie humana, com um destino comum, ligado ao destino da vida e, de certa forma, da pr\u00f3pria Terra. Os povos se puseram em movimento, as comunica\u00e7\u00f5es colocaram todos em contato com todos e multid\u00f5es, por distintas raz\u00f5es, come\u00e7ar a circular pelo mundo.<\/p>\n<p>Esta transi\u00e7\u00e3o n\u00e3o foi preparada, pois o que vigorava era o confronto entre duas formas de organizar a sociedade: o socialismo estatal da Uni\u00e3o Sovi\u00e9tica e o capitalismo liberal do Ocidente. Todos deviam alinhar-se a uma destas alternativas. Com o desmonte da Uni\u00e3o Sovi\u00e9tica, n\u00e3o surgiu um mundo multipolar mas o predom\u00ednio dos EUA como a maior pot\u00eancia econ\u00f4mico-militar que come\u00e7ou a exercer um poder imperial, fazendo que todos se alinhassem a seus interesses globais. Mais que globaliza\u00e7\u00e3o em sentido amplo, ocorreu uma esp\u00e9cie de ocidentaliza\u00e7\u00e3o do mundo. Ela funcionou como um rolo compressor, passando por cima de respeit\u00e1veis tradi\u00e7\u00f5es culturais. Isso foi agravado pela t\u00edpica arrog\u00e2ncia do Ocidente de se sentir portador da melhor cultura, da melhor ci\u00eancia, da melhor religi\u00e3o, da melhor forma de produzir e de governar.<\/p>\n<p>Essa uniformiza\u00e7\u00e3o global gerou forte resist\u00eancia, amargura e raiva em muitos povos. Assistiam a eros\u00e3o de sua identidade e de seus costumes. Em situa\u00e7\u00f5es assim surgem, normalmente, for\u00e7as identit\u00e1rias que se aliam a setores conservadores das religi\u00f5es, guardi\u00e3es naturais das tradi\u00e7\u00f5es. Dai se origina o fundamentalismo que se caracteriza por conferir valor absoluto ao seu ponto de vista. Quem afirma de forma absoluta sua identidade, est\u00e1 condenado a ser intolerante para com os diferentes, a desprez\u00e1-los e, no limite, a elimin\u00e1-los.<\/p>\n<p>Este fen\u00f4meno \u00e9 recorrente em todo o mundo. No Ocidente grupos significativos de vi\u00e9s conservador se sentem amea\u00e7ados em sua identidade pela penetra\u00e7\u00e3o de culturas n\u00e3o-europ\u00e9ias, especialmente do Islamismo. Rejeitam o multiculturalismo e cultivam a xenofobia. O terrorista noruegu\u00eas estava convencido de que a luta democr\u00e1tica contra a amea\u00e7a de estrangeiros na Europa estava perdida. Partiu ent\u00e3o para uma solu\u00e7\u00e3o desesperada: colocar um gesto simb\u00f3lico de elimina\u00e7\u00e3o de \u201ctraidores\u201d multiculturalistas.<\/p>\n<p>A resposta do Governo e do povo noruegu\u00eas foi s\u00e1bia: responderam com flores e com a afirma\u00e7\u00e3o de mais democracia, vale dizer, mais conviv\u00eancia com as diferen\u00e7as, mais toler\u00e2ncia, mais hospitalidade e mais solidariedade. Esse \u00e9 o caminho que garante uma globaliza\u00e7\u00e3o humana, na qual ser\u00e1 mais dif\u00edcil a repeti\u00e7\u00e3o de semelhantes trag\u00e9dias.<\/p>\n<div id=\"themify_builder_content-15232\" data-postid=\"15232\" class=\"themify_builder_content themify_builder_content-15232 themify_builder themify_builder_front\">\n\t<\/div>\n<!-- \/themify_builder_content -->","protected":false},"excerpt":{"rendered":"<p>Leonardo Boff O ato terrorista perpetrado na Noruega de forma calculada por um extremista noruegu\u00eas de 32 anos, trouxe novamente \u00e0 baila a quest\u00e3o do fundamentalismo. Os governos ocidentais e a m\u00eddia induziram a opini\u00e3o p\u00fablica mundial a associar o fundamentalismo e o terrorismo quase que exclusivamente a setores radicais do Islamismo. Barack Obama dos [&hellip;]<\/p>\n","protected":false},"author":5,"featured_media":0,"comment_status":"open","ping_status":"open","sticky":false,"template":"","format":"standard","meta":{"ngg_post_thumbnail":0,"footnotes":""},"categories":[9],"tags":[694,376,2000,696],"yoast_head":"<!-- This site is optimized with the Yoast SEO plugin v23.5 - https:\/\/yoast.com\/wordpress\/plugins\/seo\/ -->\n<title>Ainda o fundamentalismo - O Arcanjo no ar<\/title>\n<meta name=\"robots\" content=\"index, follow, max-snippet:-1, max-image-preview:large, max-video-preview:-1\" \/>\n<link rel=\"canonical\" href=\"https:\/\/www.oarcanjo.net\/site\/ainda-o-fundamentalismo\/\" \/>\n<meta property=\"og:locale\" content=\"pt_BR\" \/>\n<meta property=\"og:type\" content=\"article\" \/>\n<meta property=\"og:title\" content=\"Ainda o fundamentalismo - O Arcanjo no ar\" \/>\n<meta property=\"og:description\" content=\"Leonardo Boff O ato terrorista perpetrado na Noruega de forma calculada por um extremista noruegu\u00eas de 32 anos, trouxe novamente \u00e0 baila a quest\u00e3o do fundamentalismo. Os governos ocidentais e a m\u00eddia induziram a opini\u00e3o p\u00fablica mundial a associar o fundamentalismo e o terrorismo quase que exclusivamente a setores radicais do Islamismo. Barack Obama dos [&hellip;]\" \/>\n<meta property=\"og:url\" content=\"https:\/\/www.oarcanjo.net\/site\/ainda-o-fundamentalismo\/\" \/>\n<meta property=\"og:site_name\" content=\"O Arcanjo no ar\" \/>\n<meta property=\"article:publisher\" content=\"https:\/\/www.facebook.com\/OArcanjoNoAr\/\" \/>\n<meta property=\"article:published_time\" content=\"2011-07-28T13:21:36+00:00\" \/>\n<meta property=\"og:image\" content=\"https:\/\/www.oarcanjo.net\/site\/wp-content\/uploads\/logo-o-arcanjo-no-ar-facebook.png\" \/>\n\t<meta property=\"og:image:width\" content=\"300\" \/>\n\t<meta property=\"og:image:height\" content=\"300\" \/>\n\t<meta property=\"og:image:type\" content=\"image\/png\" \/>\n<meta name=\"author\" content=\"editor\" \/>\n<meta name=\"twitter:card\" content=\"summary_large_image\" \/>\n<meta name=\"twitter:label1\" content=\"Escrito por\" \/>\n\t<meta name=\"twitter:data1\" content=\"editor\" \/>\n\t<meta name=\"twitter:label2\" content=\"Est. tempo de leitura\" \/>\n\t<meta name=\"twitter:data2\" content=\"4 minutos\" \/>\n<script type=\"application\/ld+json\" class=\"yoast-schema-graph\">{\"@context\":\"https:\/\/schema.org\",\"@graph\":[{\"@type\":\"Article\",\"@id\":\"https:\/\/www.oarcanjo.net\/site\/ainda-o-fundamentalismo\/#article\",\"isPartOf\":{\"@id\":\"https:\/\/www.oarcanjo.net\/site\/ainda-o-fundamentalismo\/\"},\"author\":{\"name\":\"editor\",\"@id\":\"https:\/\/www.oarcanjo.net\/site\/#\/schema\/person\/f7024d007863202483a31326673a0838\"},\"headline\":\"Ainda o fundamentalismo\",\"datePublished\":\"2011-07-28T13:21:36+00:00\",\"dateModified\":\"2011-07-28T13:21:36+00:00\",\"mainEntityOfPage\":{\"@id\":\"https:\/\/www.oarcanjo.net\/site\/ainda-o-fundamentalismo\/\"},\"wordCount\":724,\"commentCount\":1,\"publisher\":{\"@id\":\"https:\/\/www.oarcanjo.net\/site\/#organization\"},\"keywords\":[\"fundamentalismo\",\"globaliza\u00e7\u00e3o\",\"Noruega\",\"terrorismo\"],\"articleSection\":[\"Reflex\u00f5es\"],\"inLanguage\":\"pt-BR\",\"potentialAction\":[{\"@type\":\"CommentAction\",\"name\":\"Comment\",\"target\":[\"https:\/\/www.oarcanjo.net\/site\/ainda-o-fundamentalismo\/#respond\"]}]},{\"@type\":\"WebPage\",\"@id\":\"https:\/\/www.oarcanjo.net\/site\/ainda-o-fundamentalismo\/\",\"url\":\"https:\/\/www.oarcanjo.net\/site\/ainda-o-fundamentalismo\/\",\"name\":\"Ainda o fundamentalismo - O Arcanjo no ar\",\"isPartOf\":{\"@id\":\"https:\/\/www.oarcanjo.net\/site\/#website\"},\"datePublished\":\"2011-07-28T13:21:36+00:00\",\"dateModified\":\"2011-07-28T13:21:36+00:00\",\"breadcrumb\":{\"@id\":\"https:\/\/www.oarcanjo.net\/site\/ainda-o-fundamentalismo\/#breadcrumb\"},\"inLanguage\":\"pt-BR\",\"potentialAction\":[{\"@type\":\"ReadAction\",\"target\":[\"https:\/\/www.oarcanjo.net\/site\/ainda-o-fundamentalismo\/\"]}]},{\"@type\":\"BreadcrumbList\",\"@id\":\"https:\/\/www.oarcanjo.net\/site\/ainda-o-fundamentalismo\/#breadcrumb\",\"itemListElement\":[{\"@type\":\"ListItem\",\"position\":1,\"name\":\"In\u00edcio\",\"item\":\"https:\/\/www.oarcanjo.net\/site\/\"},{\"@type\":\"ListItem\",\"position\":2,\"name\":\"Ainda o fundamentalismo\"}]},{\"@type\":\"WebSite\",\"@id\":\"https:\/\/www.oarcanjo.net\/site\/#website\",\"url\":\"https:\/\/www.oarcanjo.net\/site\/\",\"name\":\"O Arcanjo no ar\",\"description\":\"Site da Par\u00f3quia S\u00e3o Miguel Arcanjo (Arquidiocese de SP)\",\"publisher\":{\"@id\":\"https:\/\/www.oarcanjo.net\/site\/#organization\"},\"potentialAction\":[{\"@type\":\"SearchAction\",\"target\":{\"@type\":\"EntryPoint\",\"urlTemplate\":\"https:\/\/www.oarcanjo.net\/site\/?s={search_term_string}\"},\"query-input\":{\"@type\":\"PropertyValueSpecification\",\"valueRequired\":true,\"valueName\":\"search_term_string\"}}],\"inLanguage\":\"pt-BR\"},{\"@type\":\"Organization\",\"@id\":\"https:\/\/www.oarcanjo.net\/site\/#organization\",\"name\":\"Par\u00f3quia S\u00e3o Miguel Arcanjo\",\"url\":\"https:\/\/www.oarcanjo.net\/site\/\",\"logo\":{\"@type\":\"ImageObject\",\"inLanguage\":\"pt-BR\",\"@id\":\"https:\/\/www.oarcanjo.net\/site\/#\/schema\/logo\/image\/\",\"url\":\"https:\/\/www.oarcanjo.net\/site\/wp-content\/uploads\/LogoOArcanjo.png\",\"contentUrl\":\"https:\/\/www.oarcanjo.net\/site\/wp-content\/uploads\/LogoOArcanjo.png\",\"width\":319,\"height\":99,\"caption\":\"Par\u00f3quia S\u00e3o Miguel Arcanjo\"},\"image\":{\"@id\":\"https:\/\/www.oarcanjo.net\/site\/#\/schema\/logo\/image\/\"},\"sameAs\":[\"https:\/\/www.facebook.com\/OArcanjoNoAr\/\"]},{\"@type\":\"Person\",\"@id\":\"https:\/\/www.oarcanjo.net\/site\/#\/schema\/person\/f7024d007863202483a31326673a0838\",\"name\":\"editor\",\"sameAs\":[\"http:\/\/www.oarcanjo.net\"]}]}<\/script>\n<!-- \/ Yoast SEO plugin. -->","yoast_head_json":{"title":"Ainda o fundamentalismo - O Arcanjo no ar","robots":{"index":"index","follow":"follow","max-snippet":"max-snippet:-1","max-image-preview":"max-image-preview:large","max-video-preview":"max-video-preview:-1"},"canonical":"https:\/\/www.oarcanjo.net\/site\/ainda-o-fundamentalismo\/","og_locale":"pt_BR","og_type":"article","og_title":"Ainda o fundamentalismo - O Arcanjo no ar","og_description":"Leonardo Boff O ato terrorista perpetrado na Noruega de forma calculada por um extremista noruegu\u00eas de 32 anos, trouxe novamente \u00e0 baila a quest\u00e3o do fundamentalismo. Os governos ocidentais e a m\u00eddia induziram a opini\u00e3o p\u00fablica mundial a associar o fundamentalismo e o terrorismo quase que exclusivamente a setores radicais do Islamismo. Barack Obama dos [&hellip;]","og_url":"https:\/\/www.oarcanjo.net\/site\/ainda-o-fundamentalismo\/","og_site_name":"O Arcanjo no ar","article_publisher":"https:\/\/www.facebook.com\/OArcanjoNoAr\/","article_published_time":"2011-07-28T13:21:36+00:00","og_image":[{"width":300,"height":300,"url":"https:\/\/www.oarcanjo.net\/site\/wp-content\/uploads\/logo-o-arcanjo-no-ar-facebook.png","type":"image\/png"}],"author":"editor","twitter_card":"summary_large_image","twitter_misc":{"Escrito por":"editor","Est. tempo de leitura":"4 minutos"},"schema":{"@context":"https:\/\/schema.org","@graph":[{"@type":"Article","@id":"https:\/\/www.oarcanjo.net\/site\/ainda-o-fundamentalismo\/#article","isPartOf":{"@id":"https:\/\/www.oarcanjo.net\/site\/ainda-o-fundamentalismo\/"},"author":{"name":"editor","@id":"https:\/\/www.oarcanjo.net\/site\/#\/schema\/person\/f7024d007863202483a31326673a0838"},"headline":"Ainda o fundamentalismo","datePublished":"2011-07-28T13:21:36+00:00","dateModified":"2011-07-28T13:21:36+00:00","mainEntityOfPage":{"@id":"https:\/\/www.oarcanjo.net\/site\/ainda-o-fundamentalismo\/"},"wordCount":724,"commentCount":1,"publisher":{"@id":"https:\/\/www.oarcanjo.net\/site\/#organization"},"keywords":["fundamentalismo","globaliza\u00e7\u00e3o","Noruega","terrorismo"],"articleSection":["Reflex\u00f5es"],"inLanguage":"pt-BR","potentialAction":[{"@type":"CommentAction","name":"Comment","target":["https:\/\/www.oarcanjo.net\/site\/ainda-o-fundamentalismo\/#respond"]}]},{"@type":"WebPage","@id":"https:\/\/www.oarcanjo.net\/site\/ainda-o-fundamentalismo\/","url":"https:\/\/www.oarcanjo.net\/site\/ainda-o-fundamentalismo\/","name":"Ainda o fundamentalismo - O Arcanjo no ar","isPartOf":{"@id":"https:\/\/www.oarcanjo.net\/site\/#website"},"datePublished":"2011-07-28T13:21:36+00:00","dateModified":"2011-07-28T13:21:36+00:00","breadcrumb":{"@id":"https:\/\/www.oarcanjo.net\/site\/ainda-o-fundamentalismo\/#breadcrumb"},"inLanguage":"pt-BR","potentialAction":[{"@type":"ReadAction","target":["https:\/\/www.oarcanjo.net\/site\/ainda-o-fundamentalismo\/"]}]},{"@type":"BreadcrumbList","@id":"https:\/\/www.oarcanjo.net\/site\/ainda-o-fundamentalismo\/#breadcrumb","itemListElement":[{"@type":"ListItem","position":1,"name":"In\u00edcio","item":"https:\/\/www.oarcanjo.net\/site\/"},{"@type":"ListItem","position":2,"name":"Ainda o fundamentalismo"}]},{"@type":"WebSite","@id":"https:\/\/www.oarcanjo.net\/site\/#website","url":"https:\/\/www.oarcanjo.net\/site\/","name":"O Arcanjo no ar","description":"Site da Par\u00f3quia S\u00e3o Miguel Arcanjo (Arquidiocese de SP)","publisher":{"@id":"https:\/\/www.oarcanjo.net\/site\/#organization"},"potentialAction":[{"@type":"SearchAction","target":{"@type":"EntryPoint","urlTemplate":"https:\/\/www.oarcanjo.net\/site\/?s={search_term_string}"},"query-input":{"@type":"PropertyValueSpecification","valueRequired":true,"valueName":"search_term_string"}}],"inLanguage":"pt-BR"},{"@type":"Organization","@id":"https:\/\/www.oarcanjo.net\/site\/#organization","name":"Par\u00f3quia S\u00e3o Miguel Arcanjo","url":"https:\/\/www.oarcanjo.net\/site\/","logo":{"@type":"ImageObject","inLanguage":"pt-BR","@id":"https:\/\/www.oarcanjo.net\/site\/#\/schema\/logo\/image\/","url":"https:\/\/www.oarcanjo.net\/site\/wp-content\/uploads\/LogoOArcanjo.png","contentUrl":"https:\/\/www.oarcanjo.net\/site\/wp-content\/uploads\/LogoOArcanjo.png","width":319,"height":99,"caption":"Par\u00f3quia S\u00e3o Miguel Arcanjo"},"image":{"@id":"https:\/\/www.oarcanjo.net\/site\/#\/schema\/logo\/image\/"},"sameAs":["https:\/\/www.facebook.com\/OArcanjoNoAr\/"]},{"@type":"Person","@id":"https:\/\/www.oarcanjo.net\/site\/#\/schema\/person\/f7024d007863202483a31326673a0838","name":"editor","sameAs":["http:\/\/www.oarcanjo.net"]}]}},"publishpress_future_action":{"enabled":false,"date":"2026-05-08 02:07:34","action":"category","newStatus":"draft","terms":[],"taxonomy":"category"},"publishpress_future_workflow_manual_trigger":{"enabledWorkflows":[]},"_links":{"self":[{"href":"https:\/\/www.oarcanjo.net\/site\/wp-json\/wp\/v2\/posts\/15232"}],"collection":[{"href":"https:\/\/www.oarcanjo.net\/site\/wp-json\/wp\/v2\/posts"}],"about":[{"href":"https:\/\/www.oarcanjo.net\/site\/wp-json\/wp\/v2\/types\/post"}],"author":[{"embeddable":true,"href":"https:\/\/www.oarcanjo.net\/site\/wp-json\/wp\/v2\/users\/5"}],"replies":[{"embeddable":true,"href":"https:\/\/www.oarcanjo.net\/site\/wp-json\/wp\/v2\/comments?post=15232"}],"version-history":[{"count":0,"href":"https:\/\/www.oarcanjo.net\/site\/wp-json\/wp\/v2\/posts\/15232\/revisions"}],"wp:attachment":[{"href":"https:\/\/www.oarcanjo.net\/site\/wp-json\/wp\/v2\/media?parent=15232"}],"wp:term":[{"taxonomy":"category","embeddable":true,"href":"https:\/\/www.oarcanjo.net\/site\/wp-json\/wp\/v2\/categories?post=15232"},{"taxonomy":"post_tag","embeddable":true,"href":"https:\/\/www.oarcanjo.net\/site\/wp-json\/wp\/v2\/tags?post=15232"}],"curies":[{"name":"wp","href":"https:\/\/api.w.org\/{rel}","templated":true}]}}