
{"id":15239,"date":"2011-07-29T08:00:35","date_gmt":"2011-07-29T11:00:35","guid":{"rendered":"http:\/\/www.oarcanjo.net\/site\/?p=15239"},"modified":"2011-07-29T09:52:29","modified_gmt":"2011-07-29T12:52:29","slug":"nao-nascer-em-vao","status":"publish","type":"post","link":"https:\/\/www.oarcanjo.net\/site\/nao-nascer-em-vao\/","title":{"rendered":"N\u00e3o nascer em v\u00e3o"},"content":{"rendered":"<p>Pe. Geovane Saraiva<\/p>\n<p>Todo ser humano, por decis\u00e3o de Deus, entra neste mundo com uma voca\u00e7\u00e3o, primeira e fundamental, que \u00e9 a sua pr\u00f3pria exist\u00eancia. Voca\u00e7\u00e3o para ser gente, para ser criatura humana. Por isso mesmo \u00e9 muito importante pensar naquilo que nos \u00e9 proposto durante a trajet\u00f3ria de nossa vida. C\u00edcero, o maior orador romano, ao tratar sobre a idade da vetustez, que significa mais do que velhice ou idade avan\u00e7ada; quer dizer rever\u00eancia e respeitabilidade, afirmou: \u201cVivi de tal forma, que sinto n\u00e3o ter nascido em v\u00e3o\u201d.<\/p>\n<p>J\u00e1 Dom Helder C\u00e2mara gostava de dizer: \u201cFeliz da pessoa que atravessa a vida tendo mil raz\u00f5es para viver\u201d. \u00c0 medida que a pessoa humana entende que \u00e9 necess\u00e1rio percorrer com muita disposi\u00e7\u00e3o o seu percurso natural, interiormente cresce, encontra-se consigo mesmo e se integra na comunidade em que reside, dando sua contribui\u00e7\u00e3o atrav\u00e9s do servi\u00e7o, do an\u00fancio e do testemunho.<\/p>\n<p>Concretamente, constatamos esse tipo de procedimento com facilidade em nossas comunidades, que nos faz compreender as pessoas que querem viver a sua voca\u00e7\u00e3o, de tal maneira, que desejam tomar como suas as palavras de C\u00edcero, na certeza de que no final chegar\u00e1 \u00e0 recompensa, promessa do pr\u00f3prio Deus. \u00c9 claro que as pessoas procuram tesouros de felicidade, bem estar e realiza\u00e7\u00e3o. Agora, uma coisa \u00e9 importante e necess\u00e1ria, ter clara consci\u00eancia do tesouro que est\u00e1 escondido, dentro de n\u00f3s.<\/p>\n<p>Quando afirmamos que a vida n\u00e3o foi em v\u00e3o \u00e9 porque temos na mente a recompensa, que sup\u00f5e o merecimento, frequente nas palavras e a\u00e7\u00f5es de Jesus, ao falar da vida eterna como uma promessa, como uma d\u00e1diva do Pai para os que nele professam sua f\u00e9. \u00c9 um dom, que de alguma maneira \u00e9 preciso ser conquistado, tendo na mente e no cora\u00e7\u00e3o o que disse Jesus: \u201cCar\u00edssimos, desde j\u00e1 somos filhos de Deus, mas nem sequer se manifestou o que seremos! Sabemos que, quando Jesus se manifestar, seremos semelhantes a ele\u201d (1Jo 3, 1-2)<\/p>\n<p>Pessoas que vivem assim compreendem em profundidade o Reino de Deus, na sua beleza e na sua preciosidade, como t\u00e3o bem nos assegura o Filho de Deus: &#8220;O reino dos c\u00e9us \u00e9 semelhante a um tesouro escondido num campo. Um homem o encontra e o mant\u00e9m escondido. Depois, cheio de alegria, ele vai, vende tudo o que tem e compra aquele campo (Mt, 13, 44). Para vivermos bem, na conc\u00f3rdia e em harmonia com Deus, com o mundo e com nossos semelhantes, urge perseguir esse ideal, preenchendo nosso cora\u00e7\u00e3o, sedento e \u00e1vido de felicidade.<\/p>\n<p>O Reino nos aponta para a eternidade. \u00c9 tarefa nossa fazer de tudo, mas de tudo mesmo para descobrir seu valor inigual\u00e1vel, maior tesouro que podemos encontrar como aspira\u00e7\u00e3o mais profunda, porque nele est\u00e1 nossa motiva\u00e7\u00e3o e nossa raz\u00e3o pela qual somos capazes compreender e discernir o relativo do absoluto, de compreender os mist\u00e9rios do Reino com dom gratuito, e por isso mesmo, o nosso esfor\u00e7o gigantesco, de sempre mais t\u00ea-lo conosco.<\/p>\n<p>S\u00e3o Mateus, no seu Evangelho, usa a express\u00e3o \u201creino dos c\u00e9us\u201d mais de trinta vezes, querendo dizer, quase sempre: \u201cArrependei-vos, porque est\u00e1 pr\u00f3ximo o reino dos c\u00e9us\u201d (Mt 3, 2). Descobrir os mist\u00e9rios do Reino significa ter mente, ouvidos e olhos abertos para o novo, para o que ainda n\u00e3o conhecemos e que n\u00e3o devemos colocar nossas seguran\u00e7as e convic\u00e7\u00f5es, no nosso modo pensar e agir, como algo absoluto. Quando depositamos confian\u00e7a e expectativas nas pessoas, o risco de se decepcionar \u00e9 grande. Podemos pensar o Reino de Deus como um jardim. No jardim, no dizer do Poeta M\u00e1rio Quintana, \u201co segredo \u00e9 n\u00e3o cuidar das borboletas, mas sim do jardim, para que as borboletas venham at\u00e9 voc\u00ea\u201d. Por analogia, segredo \u00e9 cuidar do tesouro, um maravilhoso dom, que \u00e9 o pr\u00f3prio Deus.<\/p>\n<p>\u00c9 deste modo que haver\u00e1 mais gente querendo usar de seus dons e talentos, n\u00e3o para explorar seus semelhantes, mas usando-os para fazer o bem, como uma esperan\u00e7a de ver seus sonhos utopias de um mundo justo, terno e solid\u00e1rio transformado em realidade.  Pensemos na c\u00e9lebre frase do grande Santo Agostinho: \u201cMeu cora\u00e7\u00e3o est\u00e1 inquieta, enquanto em v\u00f3s n\u00e3o descansar\u201d, seguros de que n\u00e3o nascemos em v\u00e3o.<\/p>\n<div id=\"themify_builder_content-15239\" data-postid=\"15239\" class=\"themify_builder_content themify_builder_content-15239 themify_builder themify_builder_front\">\n\t<\/div>\n<!-- \/themify_builder_content -->","protected":false},"excerpt":{"rendered":"<p>Pe. Geovane Saraiva Todo ser humano, por decis\u00e3o de Deus, entra neste mundo com uma voca\u00e7\u00e3o, primeira e fundamental, que \u00e9 a sua pr\u00f3pria exist\u00eancia. Voca\u00e7\u00e3o para ser gente, para ser criatura humana. Por isso mesmo \u00e9 muito importante pensar naquilo que nos \u00e9 proposto durante a trajet\u00f3ria de nossa vida. C\u00edcero, o maior orador [&hellip;]<\/p>\n","protected":false},"author":5,"featured_media":0,"comment_status":"open","ping_status":"open","sticky":false,"template":"","format":"standard","meta":{"ngg_post_thumbnail":0,"footnotes":""},"categories":[9],"tags":[2003,389,629],"yoast_head":"<!-- This site is optimized with the Yoast SEO plugin v23.5 - https:\/\/yoast.com\/wordpress\/plugins\/seo\/ -->\n<title>N\u00e3o nascer em v\u00e3o - O Arcanjo no ar<\/title>\n<meta name=\"robots\" content=\"index, follow, max-snippet:-1, max-image-preview:large, max-video-preview:-1\" \/>\n<link rel=\"canonical\" href=\"https:\/\/www.oarcanjo.net\/site\/nao-nascer-em-vao\/\" \/>\n<meta property=\"og:locale\" content=\"pt_BR\" \/>\n<meta property=\"og:type\" content=\"article\" \/>\n<meta property=\"og:title\" content=\"N\u00e3o nascer em v\u00e3o - O Arcanjo no ar\" \/>\n<meta property=\"og:description\" content=\"Pe. Geovane Saraiva Todo ser humano, por decis\u00e3o de Deus, entra neste mundo com uma voca\u00e7\u00e3o, primeira e fundamental, que \u00e9 a sua pr\u00f3pria exist\u00eancia. Voca\u00e7\u00e3o para ser gente, para ser criatura humana. Por isso mesmo \u00e9 muito importante pensar naquilo que nos \u00e9 proposto durante a trajet\u00f3ria de nossa vida. C\u00edcero, o maior orador [&hellip;]\" \/>\n<meta property=\"og:url\" content=\"https:\/\/www.oarcanjo.net\/site\/nao-nascer-em-vao\/\" \/>\n<meta property=\"og:site_name\" content=\"O Arcanjo no ar\" \/>\n<meta property=\"article:publisher\" content=\"https:\/\/www.facebook.com\/OArcanjoNoAr\/\" \/>\n<meta property=\"article:published_time\" content=\"2011-07-29T11:00:35+00:00\" \/>\n<meta property=\"article:modified_time\" content=\"2011-07-29T12:52:29+00:00\" \/>\n<meta property=\"og:image\" content=\"https:\/\/www.oarcanjo.net\/site\/wp-content\/uploads\/logo-o-arcanjo-no-ar-facebook.png\" \/>\n\t<meta property=\"og:image:width\" content=\"300\" \/>\n\t<meta property=\"og:image:height\" content=\"300\" \/>\n\t<meta property=\"og:image:type\" content=\"image\/png\" \/>\n<meta name=\"author\" content=\"editor\" \/>\n<meta name=\"twitter:card\" content=\"summary_large_image\" \/>\n<meta name=\"twitter:label1\" content=\"Escrito por\" \/>\n\t<meta name=\"twitter:data1\" content=\"editor\" \/>\n\t<meta name=\"twitter:label2\" content=\"Est. tempo de leitura\" \/>\n\t<meta name=\"twitter:data2\" content=\"4 minutos\" \/>\n<script type=\"application\/ld+json\" class=\"yoast-schema-graph\">{\"@context\":\"https:\/\/schema.org\",\"@graph\":[{\"@type\":\"Article\",\"@id\":\"https:\/\/www.oarcanjo.net\/site\/nao-nascer-em-vao\/#article\",\"isPartOf\":{\"@id\":\"https:\/\/www.oarcanjo.net\/site\/nao-nascer-em-vao\/\"},\"author\":{\"name\":\"editor\",\"@id\":\"https:\/\/www.oarcanjo.net\/site\/#\/schema\/person\/f7024d007863202483a31326673a0838\"},\"headline\":\"N\u00e3o nascer em v\u00e3o\",\"datePublished\":\"2011-07-29T11:00:35+00:00\",\"dateModified\":\"2011-07-29T12:52:29+00:00\",\"mainEntityOfPage\":{\"@id\":\"https:\/\/www.oarcanjo.net\/site\/nao-nascer-em-vao\/\"},\"wordCount\":742,\"commentCount\":0,\"publisher\":{\"@id\":\"https:\/\/www.oarcanjo.net\/site\/#organization\"},\"keywords\":[\"exist\u00eancia\",\"Reino de Deus\",\"voca\u00e7\u00e3o\"],\"articleSection\":[\"Reflex\u00f5es\"],\"inLanguage\":\"pt-BR\",\"potentialAction\":[{\"@type\":\"CommentAction\",\"name\":\"Comment\",\"target\":[\"https:\/\/www.oarcanjo.net\/site\/nao-nascer-em-vao\/#respond\"]}]},{\"@type\":\"WebPage\",\"@id\":\"https:\/\/www.oarcanjo.net\/site\/nao-nascer-em-vao\/\",\"url\":\"https:\/\/www.oarcanjo.net\/site\/nao-nascer-em-vao\/\",\"name\":\"N\u00e3o nascer em v\u00e3o - O Arcanjo no ar\",\"isPartOf\":{\"@id\":\"https:\/\/www.oarcanjo.net\/site\/#website\"},\"datePublished\":\"2011-07-29T11:00:35+00:00\",\"dateModified\":\"2011-07-29T12:52:29+00:00\",\"breadcrumb\":{\"@id\":\"https:\/\/www.oarcanjo.net\/site\/nao-nascer-em-vao\/#breadcrumb\"},\"inLanguage\":\"pt-BR\",\"potentialAction\":[{\"@type\":\"ReadAction\",\"target\":[\"https:\/\/www.oarcanjo.net\/site\/nao-nascer-em-vao\/\"]}]},{\"@type\":\"BreadcrumbList\",\"@id\":\"https:\/\/www.oarcanjo.net\/site\/nao-nascer-em-vao\/#breadcrumb\",\"itemListElement\":[{\"@type\":\"ListItem\",\"position\":1,\"name\":\"In\u00edcio\",\"item\":\"https:\/\/www.oarcanjo.net\/site\/\"},{\"@type\":\"ListItem\",\"position\":2,\"name\":\"N\u00e3o nascer em v\u00e3o\"}]},{\"@type\":\"WebSite\",\"@id\":\"https:\/\/www.oarcanjo.net\/site\/#website\",\"url\":\"https:\/\/www.oarcanjo.net\/site\/\",\"name\":\"O Arcanjo no ar\",\"description\":\"Site da Par\u00f3quia S\u00e3o Miguel Arcanjo (Arquidiocese de SP)\",\"publisher\":{\"@id\":\"https:\/\/www.oarcanjo.net\/site\/#organization\"},\"potentialAction\":[{\"@type\":\"SearchAction\",\"target\":{\"@type\":\"EntryPoint\",\"urlTemplate\":\"https:\/\/www.oarcanjo.net\/site\/?s={search_term_string}\"},\"query-input\":{\"@type\":\"PropertyValueSpecification\",\"valueRequired\":true,\"valueName\":\"search_term_string\"}}],\"inLanguage\":\"pt-BR\"},{\"@type\":\"Organization\",\"@id\":\"https:\/\/www.oarcanjo.net\/site\/#organization\",\"name\":\"Par\u00f3quia S\u00e3o Miguel Arcanjo\",\"url\":\"https:\/\/www.oarcanjo.net\/site\/\",\"logo\":{\"@type\":\"ImageObject\",\"inLanguage\":\"pt-BR\",\"@id\":\"https:\/\/www.oarcanjo.net\/site\/#\/schema\/logo\/image\/\",\"url\":\"https:\/\/www.oarcanjo.net\/site\/wp-content\/uploads\/LogoOArcanjo.png\",\"contentUrl\":\"https:\/\/www.oarcanjo.net\/site\/wp-content\/uploads\/LogoOArcanjo.png\",\"width\":319,\"height\":99,\"caption\":\"Par\u00f3quia S\u00e3o Miguel Arcanjo\"},\"image\":{\"@id\":\"https:\/\/www.oarcanjo.net\/site\/#\/schema\/logo\/image\/\"},\"sameAs\":[\"https:\/\/www.facebook.com\/OArcanjoNoAr\/\"]},{\"@type\":\"Person\",\"@id\":\"https:\/\/www.oarcanjo.net\/site\/#\/schema\/person\/f7024d007863202483a31326673a0838\",\"name\":\"editor\",\"sameAs\":[\"http:\/\/www.oarcanjo.net\"]}]}<\/script>\n<!-- \/ Yoast SEO plugin. -->","yoast_head_json":{"title":"N\u00e3o nascer em v\u00e3o - O Arcanjo no ar","robots":{"index":"index","follow":"follow","max-snippet":"max-snippet:-1","max-image-preview":"max-image-preview:large","max-video-preview":"max-video-preview:-1"},"canonical":"https:\/\/www.oarcanjo.net\/site\/nao-nascer-em-vao\/","og_locale":"pt_BR","og_type":"article","og_title":"N\u00e3o nascer em v\u00e3o - O Arcanjo no ar","og_description":"Pe. Geovane Saraiva Todo ser humano, por decis\u00e3o de Deus, entra neste mundo com uma voca\u00e7\u00e3o, primeira e fundamental, que \u00e9 a sua pr\u00f3pria exist\u00eancia. Voca\u00e7\u00e3o para ser gente, para ser criatura humana. Por isso mesmo \u00e9 muito importante pensar naquilo que nos \u00e9 proposto durante a trajet\u00f3ria de nossa vida. C\u00edcero, o maior orador [&hellip;]","og_url":"https:\/\/www.oarcanjo.net\/site\/nao-nascer-em-vao\/","og_site_name":"O Arcanjo no ar","article_publisher":"https:\/\/www.facebook.com\/OArcanjoNoAr\/","article_published_time":"2011-07-29T11:00:35+00:00","article_modified_time":"2011-07-29T12:52:29+00:00","og_image":[{"width":300,"height":300,"url":"https:\/\/www.oarcanjo.net\/site\/wp-content\/uploads\/logo-o-arcanjo-no-ar-facebook.png","type":"image\/png"}],"author":"editor","twitter_card":"summary_large_image","twitter_misc":{"Escrito por":"editor","Est. tempo de leitura":"4 minutos"},"schema":{"@context":"https:\/\/schema.org","@graph":[{"@type":"Article","@id":"https:\/\/www.oarcanjo.net\/site\/nao-nascer-em-vao\/#article","isPartOf":{"@id":"https:\/\/www.oarcanjo.net\/site\/nao-nascer-em-vao\/"},"author":{"name":"editor","@id":"https:\/\/www.oarcanjo.net\/site\/#\/schema\/person\/f7024d007863202483a31326673a0838"},"headline":"N\u00e3o nascer em v\u00e3o","datePublished":"2011-07-29T11:00:35+00:00","dateModified":"2011-07-29T12:52:29+00:00","mainEntityOfPage":{"@id":"https:\/\/www.oarcanjo.net\/site\/nao-nascer-em-vao\/"},"wordCount":742,"commentCount":0,"publisher":{"@id":"https:\/\/www.oarcanjo.net\/site\/#organization"},"keywords":["exist\u00eancia","Reino de Deus","voca\u00e7\u00e3o"],"articleSection":["Reflex\u00f5es"],"inLanguage":"pt-BR","potentialAction":[{"@type":"CommentAction","name":"Comment","target":["https:\/\/www.oarcanjo.net\/site\/nao-nascer-em-vao\/#respond"]}]},{"@type":"WebPage","@id":"https:\/\/www.oarcanjo.net\/site\/nao-nascer-em-vao\/","url":"https:\/\/www.oarcanjo.net\/site\/nao-nascer-em-vao\/","name":"N\u00e3o nascer em v\u00e3o - O Arcanjo no ar","isPartOf":{"@id":"https:\/\/www.oarcanjo.net\/site\/#website"},"datePublished":"2011-07-29T11:00:35+00:00","dateModified":"2011-07-29T12:52:29+00:00","breadcrumb":{"@id":"https:\/\/www.oarcanjo.net\/site\/nao-nascer-em-vao\/#breadcrumb"},"inLanguage":"pt-BR","potentialAction":[{"@type":"ReadAction","target":["https:\/\/www.oarcanjo.net\/site\/nao-nascer-em-vao\/"]}]},{"@type":"BreadcrumbList","@id":"https:\/\/www.oarcanjo.net\/site\/nao-nascer-em-vao\/#breadcrumb","itemListElement":[{"@type":"ListItem","position":1,"name":"In\u00edcio","item":"https:\/\/www.oarcanjo.net\/site\/"},{"@type":"ListItem","position":2,"name":"N\u00e3o nascer em v\u00e3o"}]},{"@type":"WebSite","@id":"https:\/\/www.oarcanjo.net\/site\/#website","url":"https:\/\/www.oarcanjo.net\/site\/","name":"O Arcanjo no ar","description":"Site da Par\u00f3quia S\u00e3o Miguel Arcanjo (Arquidiocese de SP)","publisher":{"@id":"https:\/\/www.oarcanjo.net\/site\/#organization"},"potentialAction":[{"@type":"SearchAction","target":{"@type":"EntryPoint","urlTemplate":"https:\/\/www.oarcanjo.net\/site\/?s={search_term_string}"},"query-input":{"@type":"PropertyValueSpecification","valueRequired":true,"valueName":"search_term_string"}}],"inLanguage":"pt-BR"},{"@type":"Organization","@id":"https:\/\/www.oarcanjo.net\/site\/#organization","name":"Par\u00f3quia S\u00e3o Miguel Arcanjo","url":"https:\/\/www.oarcanjo.net\/site\/","logo":{"@type":"ImageObject","inLanguage":"pt-BR","@id":"https:\/\/www.oarcanjo.net\/site\/#\/schema\/logo\/image\/","url":"https:\/\/www.oarcanjo.net\/site\/wp-content\/uploads\/LogoOArcanjo.png","contentUrl":"https:\/\/www.oarcanjo.net\/site\/wp-content\/uploads\/LogoOArcanjo.png","width":319,"height":99,"caption":"Par\u00f3quia S\u00e3o Miguel Arcanjo"},"image":{"@id":"https:\/\/www.oarcanjo.net\/site\/#\/schema\/logo\/image\/"},"sameAs":["https:\/\/www.facebook.com\/OArcanjoNoAr\/"]},{"@type":"Person","@id":"https:\/\/www.oarcanjo.net\/site\/#\/schema\/person\/f7024d007863202483a31326673a0838","name":"editor","sameAs":["http:\/\/www.oarcanjo.net"]}]}},"publishpress_future_action":{"enabled":false,"date":"2026-05-07 23:10:33","action":"category","newStatus":"draft","terms":[],"taxonomy":"category"},"publishpress_future_workflow_manual_trigger":{"enabledWorkflows":[]},"_links":{"self":[{"href":"https:\/\/www.oarcanjo.net\/site\/wp-json\/wp\/v2\/posts\/15239"}],"collection":[{"href":"https:\/\/www.oarcanjo.net\/site\/wp-json\/wp\/v2\/posts"}],"about":[{"href":"https:\/\/www.oarcanjo.net\/site\/wp-json\/wp\/v2\/types\/post"}],"author":[{"embeddable":true,"href":"https:\/\/www.oarcanjo.net\/site\/wp-json\/wp\/v2\/users\/5"}],"replies":[{"embeddable":true,"href":"https:\/\/www.oarcanjo.net\/site\/wp-json\/wp\/v2\/comments?post=15239"}],"version-history":[{"count":0,"href":"https:\/\/www.oarcanjo.net\/site\/wp-json\/wp\/v2\/posts\/15239\/revisions"}],"wp:attachment":[{"href":"https:\/\/www.oarcanjo.net\/site\/wp-json\/wp\/v2\/media?parent=15239"}],"wp:term":[{"taxonomy":"category","embeddable":true,"href":"https:\/\/www.oarcanjo.net\/site\/wp-json\/wp\/v2\/categories?post=15239"},{"taxonomy":"post_tag","embeddable":true,"href":"https:\/\/www.oarcanjo.net\/site\/wp-json\/wp\/v2\/tags?post=15239"}],"curies":[{"name":"wp","href":"https:\/\/api.w.org\/{rel}","templated":true}]}}