
{"id":15246,"date":"2011-07-31T14:17:59","date_gmt":"2011-07-31T17:17:59","guid":{"rendered":"http:\/\/www.oarcanjo.net\/site\/?p=15246"},"modified":"2011-07-31T14:17:59","modified_gmt":"2011-07-31T17:17:59","slug":"o-terrorista-louro-de-olhos-azuis","status":"publish","type":"post","link":"https:\/\/www.oarcanjo.net\/site\/o-terrorista-louro-de-olhos-azuis\/","title":{"rendered":"O terrorista louro de olhos azuis"},"content":{"rendered":"<p>Frei Betto<\/p>\n<p>Preconceitos, como mentiras, nascem da falta de informa\u00e7\u00e3o (ignor\u00e2ncia) e excesso de repeti\u00e7\u00e3o. Se pais de uma crian\u00e7a branca se referem em termos pejorativos a negros e ind\u00edgenas, judeus e homossexuais, dificilmente a crian\u00e7a, quando adulta, escapar\u00e1 do preconceito.<\/p>\n<p>A m\u00eddia usamericana incutiu no Ocidente o sofisma de que todo mu\u00e7ulmano \u00e9 um terrorista em potencial. O que induziu o papa Bento XVI a cometer a gafe de declarar, na Alemanha, que o Isl\u00e3 \u00e9 originariamente violento e, em sua primeira visita aos EUA, comparecer a uma sinagoga sem o cuidado de repetir o gesto numa mesquita.<\/p>\n<p>Em qualquer aeroporto de pa\u00edses desenvolvidos um passageiro em trajes isl\u00e2micos ou cujos tra\u00e7os fision\u00f4micos lembrem um saudita, com certeza ser\u00e1 parado e meticulosamente revistado. Ali reside o perigo&#8230; alerta o preconceito infundido.<\/p>\n<p>Ora, o terrorismo n\u00e3o foi inventado pelos fundamentalistas isl\u00e2micos. Dele foram v\u00edtimas os \u00e1rabes atacados pelas Cruzadas e os 70 milh\u00f5es de ind\u00edgenas mortos na Am\u00e9rica Latina, no decorrer do s\u00e9culo 16, em decorr\u00eancia da coloniza\u00e7\u00e3o ib\u00e9rica.<\/p>\n<p>O maior atentado terrorista da hist\u00f3ria n\u00e3o foi a queda, em Nova York, das torres g\u00eameas, h\u00e1 10 anos, e que causou a morte de 3 mil pessoas. Foi o praticado pelo governo dos EUA: as bombas at\u00f4micas em Hiroshima e Nagasaki, em agosto de 1945. Morreram 242.437 mil civis, sem contar as mortes posteriores por efeito da contamina\u00e7\u00e3o.<\/p>\n<p>S\u00fabito, a pacata Noruega \u2013 t\u00e3o pacata que, anualmente, concede o Pr\u00eamio Nobel da Paz \u2013 v\u00ea-se palco de dois atentados terroristas que deixam dezenas de mortos e muitos feridos. A imagem buc\u00f3lica do pa\u00eds escandinavo \u00e9 apenas aparente. Tropas norueguesas tamb\u00e9m interv\u00eam no Afeganist\u00e3o e deram apoio aos EUA na guerra do Iraque.<\/p>\n<p>T\u00e3o logo a not\u00edcia correu mundo, a suspeita recaiu sobre os isl\u00e2micos. O duplo atentado, no gabinete do primeiro-ministro e na ilha de Utoeya, teria sido um revide ao assassinato de Bin Laden e \u00e0s caricaturas de Maom\u00e9 publicadas pela imprensa escandinava. O preconceito estava entranhado na l\u00f3gica ocidental.<\/p>\n<p>A verdade, ao vir \u00e0 tona, constrangeu os preconceituosos. O autor do hediondo crime foi o jovem noruegu\u00eas Anders Behring Breivik, 32 anos, branco, louro, de olhos azuis, adepto da fisicultura e dono de uma fazenda de produtos org\u00e2nicos. O tipo do sujeito que jamais levantaria suspeitas na alf\u00e2ndega dos EUA. Ele &#8220;\u00e9 dos nossos\u201d, diriam os policiais condicionados a suspeitar de quem n\u00e3o tem a pele suficientemente clara nem olhos azuis ou verdes.<\/p>\n<p>Democracia \u00e9 diversidade de opini\u00f5es. Mas o que o Ocidente sabe do conceito de terrorismo na cabe\u00e7a de um vietnamita, iraquiano ou afeg\u00e3o? O que pensa um l\u00edbio sujeito a ser atingido por um m\u00edssil atirado pela OTAN sobre a popula\u00e7\u00e3o civil de seu pa\u00eds, como denunciou o n\u00fancio apost\u00f3lico em Tr\u00edpoli?<\/p>\n<p>Anders \u00e9 um t\u00edpico escandinavo. Tem a apar\u00eancia de pr\u00edncipe. E alma de viking. \u00c9 o que a m\u00eddia e a educa\u00e7\u00e3o deveriam se perguntar: o que estamos incutindo na cabe\u00e7a das pessoas? Ambi\u00e7\u00f5es ou valores? Preconceitos ou princ\u00edpios? Egocentrismo ou \u00e9tica?<\/p>\n<p>O ser humano \u00e9 a alma que carrega. Amy Winehouse tinha apenas 27 anos, sucesso mundial como compositora e int\u00e9rprete, e uma fortuna incalcul\u00e1vel. Nada disso a fez uma mulher feliz. O que n\u00e3o encontrou em si ela buscou nas drogas e no \u00e1lcool. Morreu prematuramente, solit\u00e1ria, em casa.<\/p>\n<p>O que esperar de uma sociedade em que, entre cada 10 filmes, 8 exaltam a viol\u00eancia; o pai abra\u00e7a o filho em p\u00fablico e os dois s\u00e3o agredidos como homossexuais; o motorista de um Porsche se choca a 150km por hora com uma jovem advogada que perece no acidente e ele continua solto; o pol\u00edtico fica indignado com o bandido que assaltou a filha dele e, no entanto, mete a m\u00e3o no dinheiro p\u00fablico e ainda estranha ao ser demitido?<\/p>\n<p>Enquanto a diferen\u00e7a gerar diverg\u00eancia permaneceremos na pr\u00e9-hist\u00f3ria do projeto civilizat\u00f3rio verdadeiramente humano.<\/p>\n<div id=\"themify_builder_content-15246\" data-postid=\"15246\" class=\"themify_builder_content themify_builder_content-15246 themify_builder themify_builder_front\">\n\t<\/div>\n<!-- \/themify_builder_content -->","protected":false},"excerpt":{"rendered":"<p>Frei Betto questiona: O que esperar de uma sociedade em que, entre cada 10 filmes, 8 exaltam a viol\u00eancia; o pai abra\u00e7a o filho em p\u00fablico e os dois s\u00e3o agredidos como homossexuais; o motorista de um Porsche se choca a 150km por hora com uma jovem advogada que perece no acidente e ele continua solto; o pol\u00edtico fica indignado com o bandido que assaltou a filha dele e, no entanto, mete a m\u00e3o no dinheiro p\u00fablico e ainda estranha ao ser demitido?<\/p>\n","protected":false},"author":5,"featured_media":0,"comment_status":"open","ping_status":"open","sticky":false,"template":"","format":"standard","meta":{"ngg_post_thumbnail":0,"footnotes":""},"categories":[9],"tags":[2004,2000,696],"yoast_head":"<!-- This site is optimized with the Yoast SEO plugin v23.5 - https:\/\/yoast.com\/wordpress\/plugins\/seo\/ -->\n<title>O terrorista louro de olhos azuis - O Arcanjo no ar<\/title>\n<meta name=\"robots\" content=\"index, follow, max-snippet:-1, max-image-preview:large, max-video-preview:-1\" \/>\n<link rel=\"canonical\" href=\"https:\/\/www.oarcanjo.net\/site\/o-terrorista-louro-de-olhos-azuis\/\" \/>\n<meta property=\"og:locale\" content=\"pt_BR\" \/>\n<meta property=\"og:type\" content=\"article\" \/>\n<meta property=\"og:title\" content=\"O terrorista louro de olhos azuis - O Arcanjo no ar\" \/>\n<meta property=\"og:description\" content=\"Frei Betto questiona: O que esperar de uma sociedade em que, entre cada 10 filmes, 8 exaltam a viol\u00eancia; o pai abra\u00e7a o filho em p\u00fablico e os dois s\u00e3o agredidos como homossexuais; o motorista de um Porsche se choca a 150km por hora com uma jovem advogada que perece no acidente e ele continua solto; o pol\u00edtico fica indignado com o bandido que assaltou a filha dele e, no entanto, mete a m\u00e3o no dinheiro p\u00fablico e ainda estranha ao ser demitido?\" \/>\n<meta property=\"og:url\" content=\"https:\/\/www.oarcanjo.net\/site\/o-terrorista-louro-de-olhos-azuis\/\" \/>\n<meta property=\"og:site_name\" content=\"O Arcanjo no ar\" \/>\n<meta property=\"article:publisher\" content=\"https:\/\/www.facebook.com\/OArcanjoNoAr\/\" \/>\n<meta property=\"article:published_time\" content=\"2011-07-31T17:17:59+00:00\" \/>\n<meta property=\"og:image\" content=\"https:\/\/www.oarcanjo.net\/site\/wp-content\/uploads\/logo-o-arcanjo-no-ar-facebook.png\" \/>\n\t<meta property=\"og:image:width\" content=\"300\" \/>\n\t<meta property=\"og:image:height\" content=\"300\" \/>\n\t<meta property=\"og:image:type\" content=\"image\/png\" \/>\n<meta name=\"author\" content=\"editor\" \/>\n<meta name=\"twitter:card\" content=\"summary_large_image\" \/>\n<meta name=\"twitter:label1\" content=\"Escrito por\" \/>\n\t<meta name=\"twitter:data1\" content=\"editor\" \/>\n\t<meta name=\"twitter:label2\" content=\"Est. tempo de leitura\" \/>\n\t<meta name=\"twitter:data2\" content=\"3 minutos\" \/>\n<script type=\"application\/ld+json\" class=\"yoast-schema-graph\">{\"@context\":\"https:\/\/schema.org\",\"@graph\":[{\"@type\":\"Article\",\"@id\":\"https:\/\/www.oarcanjo.net\/site\/o-terrorista-louro-de-olhos-azuis\/#article\",\"isPartOf\":{\"@id\":\"https:\/\/www.oarcanjo.net\/site\/o-terrorista-louro-de-olhos-azuis\/\"},\"author\":{\"name\":\"editor\",\"@id\":\"https:\/\/www.oarcanjo.net\/site\/#\/schema\/person\/f7024d007863202483a31326673a0838\"},\"headline\":\"O terrorista louro de olhos azuis\",\"datePublished\":\"2011-07-31T17:17:59+00:00\",\"dateModified\":\"2011-07-31T17:17:59+00:00\",\"mainEntityOfPage\":{\"@id\":\"https:\/\/www.oarcanjo.net\/site\/o-terrorista-louro-de-olhos-azuis\/\"},\"wordCount\":704,\"commentCount\":3,\"publisher\":{\"@id\":\"https:\/\/www.oarcanjo.net\/site\/#organization\"},\"keywords\":[\"extrema direita\",\"Noruega\",\"terrorismo\"],\"articleSection\":[\"Reflex\u00f5es\"],\"inLanguage\":\"pt-BR\",\"potentialAction\":[{\"@type\":\"CommentAction\",\"name\":\"Comment\",\"target\":[\"https:\/\/www.oarcanjo.net\/site\/o-terrorista-louro-de-olhos-azuis\/#respond\"]}]},{\"@type\":\"WebPage\",\"@id\":\"https:\/\/www.oarcanjo.net\/site\/o-terrorista-louro-de-olhos-azuis\/\",\"url\":\"https:\/\/www.oarcanjo.net\/site\/o-terrorista-louro-de-olhos-azuis\/\",\"name\":\"O terrorista louro de olhos azuis - O Arcanjo no ar\",\"isPartOf\":{\"@id\":\"https:\/\/www.oarcanjo.net\/site\/#website\"},\"datePublished\":\"2011-07-31T17:17:59+00:00\",\"dateModified\":\"2011-07-31T17:17:59+00:00\",\"breadcrumb\":{\"@id\":\"https:\/\/www.oarcanjo.net\/site\/o-terrorista-louro-de-olhos-azuis\/#breadcrumb\"},\"inLanguage\":\"pt-BR\",\"potentialAction\":[{\"@type\":\"ReadAction\",\"target\":[\"https:\/\/www.oarcanjo.net\/site\/o-terrorista-louro-de-olhos-azuis\/\"]}]},{\"@type\":\"BreadcrumbList\",\"@id\":\"https:\/\/www.oarcanjo.net\/site\/o-terrorista-louro-de-olhos-azuis\/#breadcrumb\",\"itemListElement\":[{\"@type\":\"ListItem\",\"position\":1,\"name\":\"In\u00edcio\",\"item\":\"https:\/\/www.oarcanjo.net\/site\/\"},{\"@type\":\"ListItem\",\"position\":2,\"name\":\"O terrorista louro de olhos azuis\"}]},{\"@type\":\"WebSite\",\"@id\":\"https:\/\/www.oarcanjo.net\/site\/#website\",\"url\":\"https:\/\/www.oarcanjo.net\/site\/\",\"name\":\"O Arcanjo no ar\",\"description\":\"Site da Par\u00f3quia S\u00e3o Miguel Arcanjo (Arquidiocese de SP)\",\"publisher\":{\"@id\":\"https:\/\/www.oarcanjo.net\/site\/#organization\"},\"potentialAction\":[{\"@type\":\"SearchAction\",\"target\":{\"@type\":\"EntryPoint\",\"urlTemplate\":\"https:\/\/www.oarcanjo.net\/site\/?s={search_term_string}\"},\"query-input\":{\"@type\":\"PropertyValueSpecification\",\"valueRequired\":true,\"valueName\":\"search_term_string\"}}],\"inLanguage\":\"pt-BR\"},{\"@type\":\"Organization\",\"@id\":\"https:\/\/www.oarcanjo.net\/site\/#organization\",\"name\":\"Par\u00f3quia S\u00e3o Miguel Arcanjo\",\"url\":\"https:\/\/www.oarcanjo.net\/site\/\",\"logo\":{\"@type\":\"ImageObject\",\"inLanguage\":\"pt-BR\",\"@id\":\"https:\/\/www.oarcanjo.net\/site\/#\/schema\/logo\/image\/\",\"url\":\"https:\/\/www.oarcanjo.net\/site\/wp-content\/uploads\/LogoOArcanjo.png\",\"contentUrl\":\"https:\/\/www.oarcanjo.net\/site\/wp-content\/uploads\/LogoOArcanjo.png\",\"width\":319,\"height\":99,\"caption\":\"Par\u00f3quia S\u00e3o Miguel Arcanjo\"},\"image\":{\"@id\":\"https:\/\/www.oarcanjo.net\/site\/#\/schema\/logo\/image\/\"},\"sameAs\":[\"https:\/\/www.facebook.com\/OArcanjoNoAr\/\"]},{\"@type\":\"Person\",\"@id\":\"https:\/\/www.oarcanjo.net\/site\/#\/schema\/person\/f7024d007863202483a31326673a0838\",\"name\":\"editor\",\"sameAs\":[\"http:\/\/www.oarcanjo.net\"]}]}<\/script>\n<!-- \/ Yoast SEO plugin. -->","yoast_head_json":{"title":"O terrorista louro de olhos azuis - O Arcanjo no ar","robots":{"index":"index","follow":"follow","max-snippet":"max-snippet:-1","max-image-preview":"max-image-preview:large","max-video-preview":"max-video-preview:-1"},"canonical":"https:\/\/www.oarcanjo.net\/site\/o-terrorista-louro-de-olhos-azuis\/","og_locale":"pt_BR","og_type":"article","og_title":"O terrorista louro de olhos azuis - O Arcanjo no ar","og_description":"Frei Betto questiona: O que esperar de uma sociedade em que, entre cada 10 filmes, 8 exaltam a viol\u00eancia; o pai abra\u00e7a o filho em p\u00fablico e os dois s\u00e3o agredidos como homossexuais; o motorista de um Porsche se choca a 150km por hora com uma jovem advogada que perece no acidente e ele continua solto; o pol\u00edtico fica indignado com o bandido que assaltou a filha dele e, no entanto, mete a m\u00e3o no dinheiro p\u00fablico e ainda estranha ao ser demitido?","og_url":"https:\/\/www.oarcanjo.net\/site\/o-terrorista-louro-de-olhos-azuis\/","og_site_name":"O Arcanjo no ar","article_publisher":"https:\/\/www.facebook.com\/OArcanjoNoAr\/","article_published_time":"2011-07-31T17:17:59+00:00","og_image":[{"width":300,"height":300,"url":"https:\/\/www.oarcanjo.net\/site\/wp-content\/uploads\/logo-o-arcanjo-no-ar-facebook.png","type":"image\/png"}],"author":"editor","twitter_card":"summary_large_image","twitter_misc":{"Escrito por":"editor","Est. tempo de leitura":"3 minutos"},"schema":{"@context":"https:\/\/schema.org","@graph":[{"@type":"Article","@id":"https:\/\/www.oarcanjo.net\/site\/o-terrorista-louro-de-olhos-azuis\/#article","isPartOf":{"@id":"https:\/\/www.oarcanjo.net\/site\/o-terrorista-louro-de-olhos-azuis\/"},"author":{"name":"editor","@id":"https:\/\/www.oarcanjo.net\/site\/#\/schema\/person\/f7024d007863202483a31326673a0838"},"headline":"O terrorista louro de olhos azuis","datePublished":"2011-07-31T17:17:59+00:00","dateModified":"2011-07-31T17:17:59+00:00","mainEntityOfPage":{"@id":"https:\/\/www.oarcanjo.net\/site\/o-terrorista-louro-de-olhos-azuis\/"},"wordCount":704,"commentCount":3,"publisher":{"@id":"https:\/\/www.oarcanjo.net\/site\/#organization"},"keywords":["extrema direita","Noruega","terrorismo"],"articleSection":["Reflex\u00f5es"],"inLanguage":"pt-BR","potentialAction":[{"@type":"CommentAction","name":"Comment","target":["https:\/\/www.oarcanjo.net\/site\/o-terrorista-louro-de-olhos-azuis\/#respond"]}]},{"@type":"WebPage","@id":"https:\/\/www.oarcanjo.net\/site\/o-terrorista-louro-de-olhos-azuis\/","url":"https:\/\/www.oarcanjo.net\/site\/o-terrorista-louro-de-olhos-azuis\/","name":"O terrorista louro de olhos azuis - O Arcanjo no ar","isPartOf":{"@id":"https:\/\/www.oarcanjo.net\/site\/#website"},"datePublished":"2011-07-31T17:17:59+00:00","dateModified":"2011-07-31T17:17:59+00:00","breadcrumb":{"@id":"https:\/\/www.oarcanjo.net\/site\/o-terrorista-louro-de-olhos-azuis\/#breadcrumb"},"inLanguage":"pt-BR","potentialAction":[{"@type":"ReadAction","target":["https:\/\/www.oarcanjo.net\/site\/o-terrorista-louro-de-olhos-azuis\/"]}]},{"@type":"BreadcrumbList","@id":"https:\/\/www.oarcanjo.net\/site\/o-terrorista-louro-de-olhos-azuis\/#breadcrumb","itemListElement":[{"@type":"ListItem","position":1,"name":"In\u00edcio","item":"https:\/\/www.oarcanjo.net\/site\/"},{"@type":"ListItem","position":2,"name":"O terrorista louro de olhos azuis"}]},{"@type":"WebSite","@id":"https:\/\/www.oarcanjo.net\/site\/#website","url":"https:\/\/www.oarcanjo.net\/site\/","name":"O Arcanjo no ar","description":"Site da Par\u00f3quia S\u00e3o Miguel Arcanjo (Arquidiocese de SP)","publisher":{"@id":"https:\/\/www.oarcanjo.net\/site\/#organization"},"potentialAction":[{"@type":"SearchAction","target":{"@type":"EntryPoint","urlTemplate":"https:\/\/www.oarcanjo.net\/site\/?s={search_term_string}"},"query-input":{"@type":"PropertyValueSpecification","valueRequired":true,"valueName":"search_term_string"}}],"inLanguage":"pt-BR"},{"@type":"Organization","@id":"https:\/\/www.oarcanjo.net\/site\/#organization","name":"Par\u00f3quia S\u00e3o Miguel Arcanjo","url":"https:\/\/www.oarcanjo.net\/site\/","logo":{"@type":"ImageObject","inLanguage":"pt-BR","@id":"https:\/\/www.oarcanjo.net\/site\/#\/schema\/logo\/image\/","url":"https:\/\/www.oarcanjo.net\/site\/wp-content\/uploads\/LogoOArcanjo.png","contentUrl":"https:\/\/www.oarcanjo.net\/site\/wp-content\/uploads\/LogoOArcanjo.png","width":319,"height":99,"caption":"Par\u00f3quia S\u00e3o Miguel Arcanjo"},"image":{"@id":"https:\/\/www.oarcanjo.net\/site\/#\/schema\/logo\/image\/"},"sameAs":["https:\/\/www.facebook.com\/OArcanjoNoAr\/"]},{"@type":"Person","@id":"https:\/\/www.oarcanjo.net\/site\/#\/schema\/person\/f7024d007863202483a31326673a0838","name":"editor","sameAs":["http:\/\/www.oarcanjo.net"]}]}},"publishpress_future_action":{"enabled":false,"date":"2026-05-08 02:07:33","action":"category","newStatus":"draft","terms":[],"taxonomy":"category"},"publishpress_future_workflow_manual_trigger":{"enabledWorkflows":[]},"_links":{"self":[{"href":"https:\/\/www.oarcanjo.net\/site\/wp-json\/wp\/v2\/posts\/15246"}],"collection":[{"href":"https:\/\/www.oarcanjo.net\/site\/wp-json\/wp\/v2\/posts"}],"about":[{"href":"https:\/\/www.oarcanjo.net\/site\/wp-json\/wp\/v2\/types\/post"}],"author":[{"embeddable":true,"href":"https:\/\/www.oarcanjo.net\/site\/wp-json\/wp\/v2\/users\/5"}],"replies":[{"embeddable":true,"href":"https:\/\/www.oarcanjo.net\/site\/wp-json\/wp\/v2\/comments?post=15246"}],"version-history":[{"count":0,"href":"https:\/\/www.oarcanjo.net\/site\/wp-json\/wp\/v2\/posts\/15246\/revisions"}],"wp:attachment":[{"href":"https:\/\/www.oarcanjo.net\/site\/wp-json\/wp\/v2\/media?parent=15246"}],"wp:term":[{"taxonomy":"category","embeddable":true,"href":"https:\/\/www.oarcanjo.net\/site\/wp-json\/wp\/v2\/categories?post=15246"},{"taxonomy":"post_tag","embeddable":true,"href":"https:\/\/www.oarcanjo.net\/site\/wp-json\/wp\/v2\/tags?post=15246"}],"curies":[{"name":"wp","href":"https:\/\/api.w.org\/{rel}","templated":true}]}}