
{"id":15250,"date":"2011-07-31T16:54:01","date_gmt":"2011-07-31T19:54:01","guid":{"rendered":"http:\/\/www.oarcanjo.net\/site\/?p=15250"},"modified":"2011-07-31T16:54:01","modified_gmt":"2011-07-31T19:54:01","slug":"palestra-sobre-mudancas-climaticas-no-centro-pastoral-sao-jose","status":"publish","type":"post","link":"https:\/\/www.oarcanjo.net\/site\/palestra-sobre-mudancas-climaticas-no-centro-pastoral-sao-jose\/","title":{"rendered":"Palestra sobre mudan\u00e7as clim\u00e1ticas no Centro Pastoral S\u00e3o Jos\u00e9"},"content":{"rendered":"<p>Diego Teixeira<\/p>\n<p>Queridos irm\u00e3os e irm\u00e3s da par\u00f3quia S\u00e3o Miguel Arcanjo e da Comunidade,<\/p>\n<p>No s\u00e1bado, 30 de julho, participei de uma palestra sobre mudan\u00e7as clim\u00e1ticas no Centro Pastoral S\u00e3o Jos\u00e9, em que foi relatado sobre como o planeta est\u00e1 sofrendo com o aquecimento global. Primeiramente foi discutido que um dia o planeta ir\u00e1 acabar!<\/p>\n<p>Mas calma que n\u00e3o ser\u00e1 em 2012 como muitas pessoas acham. O planeta \u00e9 como todo ser vivo, ela nasceu h\u00e1 mais de 4,6 bilh\u00f5es de anos, com o passar do tempo foi se &#8220;modificando&#8221; e ainda tem mais alguns bilh\u00f5es de anos de vida pela frente. Se compararmos a Terra com uma mulher que vai viver at\u00e9 os 100 anos,  a Terra tem aproximadamente 80 anos de vida agora, ent\u00e3o como a Terra todo planeta morre, toda estrela morre, e quem sabe o universo morrer\u00e1 tamb\u00e9m, mas isso tudo \u00e9 quest\u00e3o cient\u00edfica.<\/p>\n<p>Existem v\u00e1rios riscos que podem levar ao fim da vida na Terra, mas a humanidade tamb\u00e9m pode contribuir para isso com suas pr\u00f3prias atitudes, como o esgotamento dos recursos naturais ou uma hecatombe nuclear.<\/p>\n<p>O mundo est\u00e1 em crise, o uso excessivo dos recursos do planeta pelos humanos est\u00e1 levando a Terra a uma situa\u00e7\u00e3o de risco nunca vivenciada antes. Pela primeira vez na hist\u00f3ria, uma esp\u00e9cie pode ser respons\u00e1vel por uma extin\u00e7\u00e3o em massa.<\/p>\n<p>Depois foi mostrado pra todos da palestra um site interessante com um contador de Co2, o poluente que mais est\u00e1 degradando o nosso planeta. Ele \u00e9 gerado pelas ind\u00fastrias, carros, desmatamentos, queimadas de florestas etc. Foram discutidas em grupos pequenos solu\u00e7\u00f5es para reduzir esse impacto que est\u00e1 deixando nosso planeta cada dia mais quente; em seguida um integrante de cada grupo apresentou algumas solu\u00e7\u00f5es para todos. O mais discutido foi sobre energias n\u00e3o poluentes para o planeta como, por exemplo, energia solar, energia e\u00f3lica (que \u00e9 produzida pelos ventos) e tamb\u00e9m sobre a reeducar as pessoas, \u00a0pois com gestos simples no dia a dia podemos ajudar o planeta a n\u00e3o ter seu fim precoce, a saber reciclar, a reduzir o uso de sacolas pl\u00e1sticas, plantar \u00e1rvores e plantas,  enfim houve uma infinidade de sugest\u00f5es para a nossa comunidade.<\/p>\n<p>O futuro da humanidade, como a conhecemos, caminha para o colapso. Para evitar ou reduzir o aquecimento global e a escassez de recursos naturais \u00e9 necess\u00e1rio mudar completamente nosso modo de vida.<\/p>\n<p>Para quem quiser entrar no site em que se encontra o rel\u00f3gio de carbono e informa\u00e7\u00e3o sobre esse poluente, o link \u00e9 <a href=\"http:\/\/www.apolo11.com\/relogiocarbonico.php\" target=\"_blank\">http:\/\/www.apolo11.com\/relogiocarbonico.php<\/a><\/p>\n<p>&nbsp;<\/p>\n<p>&nbsp;<\/p>\n<div id=\"themify_builder_content-15250\" data-postid=\"15250\" class=\"themify_builder_content themify_builder_content-15250 themify_builder themify_builder_front\">\n\t<\/div>\n<!-- \/themify_builder_content -->","protected":false},"excerpt":{"rendered":"<p>Diego Teixeira Queridos irm\u00e3os e irm\u00e3s da par\u00f3quia S\u00e3o Miguel Arcanjo e da Comunidade, No s\u00e1bado, 30 de julho, participei de uma palestra sobre mudan\u00e7as clim\u00e1ticas no Centro Pastoral S\u00e3o Jos\u00e9, em que foi relatado sobre como o planeta est\u00e1 sofrendo com o aquecimento global. Primeiramente foi discutido que um dia o planeta ir\u00e1 acabar! [&hellip;]<\/p>\n","protected":false},"author":5,"featured_media":0,"comment_status":"open","ping_status":"open","sticky":false,"template":"","format":"standard","meta":{"ngg_post_thumbnail":0,"footnotes":""},"categories":[395,8],"tags":[2005,105,405,104,2007,2006,469,470,172],"yoast_head":"<!-- This site is optimized with the Yoast SEO plugin v23.5 - https:\/\/yoast.com\/wordpress\/plugins\/seo\/ -->\n<title>Palestra sobre mudan\u00e7as clim\u00e1ticas no Centro Pastoral S\u00e3o Jos\u00e9 - O Arcanjo no ar<\/title>\n<meta name=\"robots\" content=\"index, follow, max-snippet:-1, max-image-preview:large, max-video-preview:-1\" \/>\n<link rel=\"canonical\" href=\"https:\/\/www.oarcanjo.net\/site\/palestra-sobre-mudancas-climaticas-no-centro-pastoral-sao-jose\/\" \/>\n<meta property=\"og:locale\" content=\"pt_BR\" \/>\n<meta property=\"og:type\" content=\"article\" \/>\n<meta property=\"og:title\" content=\"Palestra sobre mudan\u00e7as clim\u00e1ticas no Centro Pastoral S\u00e3o Jos\u00e9 - O Arcanjo no ar\" \/>\n<meta property=\"og:description\" content=\"Diego Teixeira Queridos irm\u00e3os e irm\u00e3s da par\u00f3quia S\u00e3o Miguel Arcanjo e da Comunidade, No s\u00e1bado, 30 de julho, participei de uma palestra sobre mudan\u00e7as clim\u00e1ticas no Centro Pastoral S\u00e3o Jos\u00e9, em que foi relatado sobre como o planeta est\u00e1 sofrendo com o aquecimento global. Primeiramente foi discutido que um dia o planeta ir\u00e1 acabar! [&hellip;]\" \/>\n<meta property=\"og:url\" content=\"https:\/\/www.oarcanjo.net\/site\/palestra-sobre-mudancas-climaticas-no-centro-pastoral-sao-jose\/\" \/>\n<meta property=\"og:site_name\" content=\"O Arcanjo no ar\" \/>\n<meta property=\"article:publisher\" content=\"https:\/\/www.facebook.com\/OArcanjoNoAr\/\" \/>\n<meta property=\"article:published_time\" content=\"2011-07-31T19:54:01+00:00\" \/>\n<meta property=\"og:image\" content=\"https:\/\/www.oarcanjo.net\/site\/wp-content\/uploads\/logo-o-arcanjo-no-ar-facebook.png\" \/>\n\t<meta property=\"og:image:width\" content=\"300\" \/>\n\t<meta property=\"og:image:height\" content=\"300\" \/>\n\t<meta property=\"og:image:type\" content=\"image\/png\" \/>\n<meta name=\"author\" content=\"editor\" \/>\n<meta name=\"twitter:card\" content=\"summary_large_image\" \/>\n<meta name=\"twitter:label1\" content=\"Escrito por\" \/>\n\t<meta name=\"twitter:data1\" content=\"editor\" \/>\n\t<meta name=\"twitter:label2\" content=\"Est. tempo de leitura\" \/>\n\t<meta name=\"twitter:data2\" content=\"2 minutos\" \/>\n<script type=\"application\/ld+json\" class=\"yoast-schema-graph\">{\"@context\":\"https:\/\/schema.org\",\"@graph\":[{\"@type\":\"Article\",\"@id\":\"https:\/\/www.oarcanjo.net\/site\/palestra-sobre-mudancas-climaticas-no-centro-pastoral-sao-jose\/#article\",\"isPartOf\":{\"@id\":\"https:\/\/www.oarcanjo.net\/site\/palestra-sobre-mudancas-climaticas-no-centro-pastoral-sao-jose\/\"},\"author\":{\"name\":\"editor\",\"@id\":\"https:\/\/www.oarcanjo.net\/site\/#\/schema\/person\/f7024d007863202483a31326673a0838\"},\"headline\":\"Palestra sobre mudan\u00e7as clim\u00e1ticas no Centro Pastoral S\u00e3o Jos\u00e9\",\"datePublished\":\"2011-07-31T19:54:01+00:00\",\"dateModified\":\"2011-07-31T19:54:01+00:00\",\"mainEntityOfPage\":{\"@id\":\"https:\/\/www.oarcanjo.net\/site\/palestra-sobre-mudancas-climaticas-no-centro-pastoral-sao-jose\/\"},\"wordCount\":459,\"commentCount\":0,\"publisher\":{\"@id\":\"https:\/\/www.oarcanjo.net\/site\/#organization\"},\"keywords\":[\"2012\",\"ambiente\",\"aquecimento global\",\"ecologia\",\"energia e\u00f3lica\",\"energia solar\",\"preserva\u00e7\u00e3o\",\"sustentabilidade\",\"Terra\"],\"articleSection\":[\"Jovens\",\"Not\u00edcias\"],\"inLanguage\":\"pt-BR\",\"potentialAction\":[{\"@type\":\"CommentAction\",\"name\":\"Comment\",\"target\":[\"https:\/\/www.oarcanjo.net\/site\/palestra-sobre-mudancas-climaticas-no-centro-pastoral-sao-jose\/#respond\"]}]},{\"@type\":\"WebPage\",\"@id\":\"https:\/\/www.oarcanjo.net\/site\/palestra-sobre-mudancas-climaticas-no-centro-pastoral-sao-jose\/\",\"url\":\"https:\/\/www.oarcanjo.net\/site\/palestra-sobre-mudancas-climaticas-no-centro-pastoral-sao-jose\/\",\"name\":\"Palestra sobre mudan\u00e7as clim\u00e1ticas no Centro Pastoral S\u00e3o Jos\u00e9 - O Arcanjo no ar\",\"isPartOf\":{\"@id\":\"https:\/\/www.oarcanjo.net\/site\/#website\"},\"datePublished\":\"2011-07-31T19:54:01+00:00\",\"dateModified\":\"2011-07-31T19:54:01+00:00\",\"breadcrumb\":{\"@id\":\"https:\/\/www.oarcanjo.net\/site\/palestra-sobre-mudancas-climaticas-no-centro-pastoral-sao-jose\/#breadcrumb\"},\"inLanguage\":\"pt-BR\",\"potentialAction\":[{\"@type\":\"ReadAction\",\"target\":[\"https:\/\/www.oarcanjo.net\/site\/palestra-sobre-mudancas-climaticas-no-centro-pastoral-sao-jose\/\"]}]},{\"@type\":\"BreadcrumbList\",\"@id\":\"https:\/\/www.oarcanjo.net\/site\/palestra-sobre-mudancas-climaticas-no-centro-pastoral-sao-jose\/#breadcrumb\",\"itemListElement\":[{\"@type\":\"ListItem\",\"position\":1,\"name\":\"In\u00edcio\",\"item\":\"https:\/\/www.oarcanjo.net\/site\/\"},{\"@type\":\"ListItem\",\"position\":2,\"name\":\"Palestra sobre mudan\u00e7as clim\u00e1ticas no Centro Pastoral S\u00e3o Jos\u00e9\"}]},{\"@type\":\"WebSite\",\"@id\":\"https:\/\/www.oarcanjo.net\/site\/#website\",\"url\":\"https:\/\/www.oarcanjo.net\/site\/\",\"name\":\"O Arcanjo no ar\",\"description\":\"Site da Par\u00f3quia S\u00e3o Miguel Arcanjo (Arquidiocese de SP)\",\"publisher\":{\"@id\":\"https:\/\/www.oarcanjo.net\/site\/#organization\"},\"potentialAction\":[{\"@type\":\"SearchAction\",\"target\":{\"@type\":\"EntryPoint\",\"urlTemplate\":\"https:\/\/www.oarcanjo.net\/site\/?s={search_term_string}\"},\"query-input\":{\"@type\":\"PropertyValueSpecification\",\"valueRequired\":true,\"valueName\":\"search_term_string\"}}],\"inLanguage\":\"pt-BR\"},{\"@type\":\"Organization\",\"@id\":\"https:\/\/www.oarcanjo.net\/site\/#organization\",\"name\":\"Par\u00f3quia S\u00e3o Miguel Arcanjo\",\"url\":\"https:\/\/www.oarcanjo.net\/site\/\",\"logo\":{\"@type\":\"ImageObject\",\"inLanguage\":\"pt-BR\",\"@id\":\"https:\/\/www.oarcanjo.net\/site\/#\/schema\/logo\/image\/\",\"url\":\"https:\/\/www.oarcanjo.net\/site\/wp-content\/uploads\/LogoOArcanjo.png\",\"contentUrl\":\"https:\/\/www.oarcanjo.net\/site\/wp-content\/uploads\/LogoOArcanjo.png\",\"width\":319,\"height\":99,\"caption\":\"Par\u00f3quia S\u00e3o Miguel Arcanjo\"},\"image\":{\"@id\":\"https:\/\/www.oarcanjo.net\/site\/#\/schema\/logo\/image\/\"},\"sameAs\":[\"https:\/\/www.facebook.com\/OArcanjoNoAr\/\"]},{\"@type\":\"Person\",\"@id\":\"https:\/\/www.oarcanjo.net\/site\/#\/schema\/person\/f7024d007863202483a31326673a0838\",\"name\":\"editor\",\"sameAs\":[\"http:\/\/www.oarcanjo.net\"]}]}<\/script>\n<!-- \/ Yoast SEO plugin. -->","yoast_head_json":{"title":"Palestra sobre mudan\u00e7as clim\u00e1ticas no Centro Pastoral S\u00e3o Jos\u00e9 - O Arcanjo no ar","robots":{"index":"index","follow":"follow","max-snippet":"max-snippet:-1","max-image-preview":"max-image-preview:large","max-video-preview":"max-video-preview:-1"},"canonical":"https:\/\/www.oarcanjo.net\/site\/palestra-sobre-mudancas-climaticas-no-centro-pastoral-sao-jose\/","og_locale":"pt_BR","og_type":"article","og_title":"Palestra sobre mudan\u00e7as clim\u00e1ticas no Centro Pastoral S\u00e3o Jos\u00e9 - O Arcanjo no ar","og_description":"Diego Teixeira Queridos irm\u00e3os e irm\u00e3s da par\u00f3quia S\u00e3o Miguel Arcanjo e da Comunidade, No s\u00e1bado, 30 de julho, participei de uma palestra sobre mudan\u00e7as clim\u00e1ticas no Centro Pastoral S\u00e3o Jos\u00e9, em que foi relatado sobre como o planeta est\u00e1 sofrendo com o aquecimento global. Primeiramente foi discutido que um dia o planeta ir\u00e1 acabar! [&hellip;]","og_url":"https:\/\/www.oarcanjo.net\/site\/palestra-sobre-mudancas-climaticas-no-centro-pastoral-sao-jose\/","og_site_name":"O Arcanjo no ar","article_publisher":"https:\/\/www.facebook.com\/OArcanjoNoAr\/","article_published_time":"2011-07-31T19:54:01+00:00","og_image":[{"width":300,"height":300,"url":"https:\/\/www.oarcanjo.net\/site\/wp-content\/uploads\/logo-o-arcanjo-no-ar-facebook.png","type":"image\/png"}],"author":"editor","twitter_card":"summary_large_image","twitter_misc":{"Escrito por":"editor","Est. tempo de leitura":"2 minutos"},"schema":{"@context":"https:\/\/schema.org","@graph":[{"@type":"Article","@id":"https:\/\/www.oarcanjo.net\/site\/palestra-sobre-mudancas-climaticas-no-centro-pastoral-sao-jose\/#article","isPartOf":{"@id":"https:\/\/www.oarcanjo.net\/site\/palestra-sobre-mudancas-climaticas-no-centro-pastoral-sao-jose\/"},"author":{"name":"editor","@id":"https:\/\/www.oarcanjo.net\/site\/#\/schema\/person\/f7024d007863202483a31326673a0838"},"headline":"Palestra sobre mudan\u00e7as clim\u00e1ticas no Centro Pastoral S\u00e3o Jos\u00e9","datePublished":"2011-07-31T19:54:01+00:00","dateModified":"2011-07-31T19:54:01+00:00","mainEntityOfPage":{"@id":"https:\/\/www.oarcanjo.net\/site\/palestra-sobre-mudancas-climaticas-no-centro-pastoral-sao-jose\/"},"wordCount":459,"commentCount":0,"publisher":{"@id":"https:\/\/www.oarcanjo.net\/site\/#organization"},"keywords":["2012","ambiente","aquecimento global","ecologia","energia e\u00f3lica","energia solar","preserva\u00e7\u00e3o","sustentabilidade","Terra"],"articleSection":["Jovens","Not\u00edcias"],"inLanguage":"pt-BR","potentialAction":[{"@type":"CommentAction","name":"Comment","target":["https:\/\/www.oarcanjo.net\/site\/palestra-sobre-mudancas-climaticas-no-centro-pastoral-sao-jose\/#respond"]}]},{"@type":"WebPage","@id":"https:\/\/www.oarcanjo.net\/site\/palestra-sobre-mudancas-climaticas-no-centro-pastoral-sao-jose\/","url":"https:\/\/www.oarcanjo.net\/site\/palestra-sobre-mudancas-climaticas-no-centro-pastoral-sao-jose\/","name":"Palestra sobre mudan\u00e7as clim\u00e1ticas no Centro Pastoral S\u00e3o Jos\u00e9 - O Arcanjo no ar","isPartOf":{"@id":"https:\/\/www.oarcanjo.net\/site\/#website"},"datePublished":"2011-07-31T19:54:01+00:00","dateModified":"2011-07-31T19:54:01+00:00","breadcrumb":{"@id":"https:\/\/www.oarcanjo.net\/site\/palestra-sobre-mudancas-climaticas-no-centro-pastoral-sao-jose\/#breadcrumb"},"inLanguage":"pt-BR","potentialAction":[{"@type":"ReadAction","target":["https:\/\/www.oarcanjo.net\/site\/palestra-sobre-mudancas-climaticas-no-centro-pastoral-sao-jose\/"]}]},{"@type":"BreadcrumbList","@id":"https:\/\/www.oarcanjo.net\/site\/palestra-sobre-mudancas-climaticas-no-centro-pastoral-sao-jose\/#breadcrumb","itemListElement":[{"@type":"ListItem","position":1,"name":"In\u00edcio","item":"https:\/\/www.oarcanjo.net\/site\/"},{"@type":"ListItem","position":2,"name":"Palestra sobre mudan\u00e7as clim\u00e1ticas no Centro Pastoral S\u00e3o Jos\u00e9"}]},{"@type":"WebSite","@id":"https:\/\/www.oarcanjo.net\/site\/#website","url":"https:\/\/www.oarcanjo.net\/site\/","name":"O Arcanjo no ar","description":"Site da Par\u00f3quia S\u00e3o Miguel Arcanjo (Arquidiocese de SP)","publisher":{"@id":"https:\/\/www.oarcanjo.net\/site\/#organization"},"potentialAction":[{"@type":"SearchAction","target":{"@type":"EntryPoint","urlTemplate":"https:\/\/www.oarcanjo.net\/site\/?s={search_term_string}"},"query-input":{"@type":"PropertyValueSpecification","valueRequired":true,"valueName":"search_term_string"}}],"inLanguage":"pt-BR"},{"@type":"Organization","@id":"https:\/\/www.oarcanjo.net\/site\/#organization","name":"Par\u00f3quia S\u00e3o Miguel Arcanjo","url":"https:\/\/www.oarcanjo.net\/site\/","logo":{"@type":"ImageObject","inLanguage":"pt-BR","@id":"https:\/\/www.oarcanjo.net\/site\/#\/schema\/logo\/image\/","url":"https:\/\/www.oarcanjo.net\/site\/wp-content\/uploads\/LogoOArcanjo.png","contentUrl":"https:\/\/www.oarcanjo.net\/site\/wp-content\/uploads\/LogoOArcanjo.png","width":319,"height":99,"caption":"Par\u00f3quia S\u00e3o Miguel Arcanjo"},"image":{"@id":"https:\/\/www.oarcanjo.net\/site\/#\/schema\/logo\/image\/"},"sameAs":["https:\/\/www.facebook.com\/OArcanjoNoAr\/"]},{"@type":"Person","@id":"https:\/\/www.oarcanjo.net\/site\/#\/schema\/person\/f7024d007863202483a31326673a0838","name":"editor","sameAs":["http:\/\/www.oarcanjo.net"]}]}},"publishpress_future_action":{"enabled":false,"date":"2026-05-07 08:08:00","action":"category","newStatus":"draft","terms":[],"taxonomy":"category"},"publishpress_future_workflow_manual_trigger":{"enabledWorkflows":[]},"_links":{"self":[{"href":"https:\/\/www.oarcanjo.net\/site\/wp-json\/wp\/v2\/posts\/15250"}],"collection":[{"href":"https:\/\/www.oarcanjo.net\/site\/wp-json\/wp\/v2\/posts"}],"about":[{"href":"https:\/\/www.oarcanjo.net\/site\/wp-json\/wp\/v2\/types\/post"}],"author":[{"embeddable":true,"href":"https:\/\/www.oarcanjo.net\/site\/wp-json\/wp\/v2\/users\/5"}],"replies":[{"embeddable":true,"href":"https:\/\/www.oarcanjo.net\/site\/wp-json\/wp\/v2\/comments?post=15250"}],"version-history":[{"count":0,"href":"https:\/\/www.oarcanjo.net\/site\/wp-json\/wp\/v2\/posts\/15250\/revisions"}],"wp:attachment":[{"href":"https:\/\/www.oarcanjo.net\/site\/wp-json\/wp\/v2\/media?parent=15250"}],"wp:term":[{"taxonomy":"category","embeddable":true,"href":"https:\/\/www.oarcanjo.net\/site\/wp-json\/wp\/v2\/categories?post=15250"},{"taxonomy":"post_tag","embeddable":true,"href":"https:\/\/www.oarcanjo.net\/site\/wp-json\/wp\/v2\/tags?post=15250"}],"curies":[{"name":"wp","href":"https:\/\/api.w.org\/{rel}","templated":true}]}}