
{"id":15252,"date":"2011-07-31T16:59:43","date_gmt":"2011-07-31T19:59:43","guid":{"rendered":"http:\/\/www.oarcanjo.net\/site\/?p=15252"},"modified":"2011-07-31T16:59:43","modified_gmt":"2011-07-31T19:59:43","slug":"papa-alerta-para-drama-da-fome-na-somalia","status":"publish","type":"post","link":"https:\/\/www.oarcanjo.net\/site\/papa-alerta-para-drama-da-fome-na-somalia\/","title":{"rendered":"Papa alerta para drama da fome na Som\u00e1lia"},"content":{"rendered":"<p>O Papa Bento XVI alertou hoje para a situa\u00e7\u00e3o de fome no chamado Chifre da \u00c1frica, no leste do continente, afirmando que ningu\u00e9m pode ficar \u201cindiferente\u201d diante da amea\u00e7a que paira sobre milh\u00f5es de pessoas.<\/p>\n<p>O Papa falou aos peregrinos reunidos em Castel Gandolfo, nos arredores de Roma, para a recita\u00e7\u00e3o da ora\u00e7\u00e3o do Angelus, lembrando os \u201ctantos irm\u00e3os e irm\u00e3s que nestes dias, no Chifre da \u00c1frica, sofrem as dram\u00e1ticas consequ\u00eancias da fome, agravadas pela guerra e pela falta de institui\u00e7\u00f5es s\u00f3lidas\u201d.<\/p>\n<p>\u201cNo Evangelho de hoje, ouvimos o milagre da multiplica\u00e7\u00e3o dos p\u00e3es, com os quais o Senhor Jesus alimenta uma multid\u00e3o faminta. N\u00e3o se trata de uma receita \u00fatil para alimentar os povos do mundo ou para resolver o drama da fome. Lembra-nos que n\u00e3o se pode ficar indiferente \u00e0 trag\u00e9dia da fome e da sede, encoraja-nos a dar de comer a quem precisa e repartir o p\u00e3o com os necessitados\u201d, sublinhou.<\/p>\n<p>\u201cSeguindo Cristo, devemos ser sens\u00edveis \u00e0 pobreza dos povos\u201d, disse ainda.<\/p>\n<p>Mais de 12 milh\u00f5es de pessoas correm risco de morrer de fome, devido \u00e0 pior seca dos \u00faltimos 60 anos na regi\u00e3o da Som\u00e1lia, do Qu\u00e9nia, da Eti\u00f3pia, do Djibuti, do Sud\u00e3o e do Uganda.<\/p>\n<p>\u201cConfiemos \u00e0 Virgem Maria a nossa ora\u00e7\u00e3o, para que abra o nosso cora\u00e7\u00e3o para a compaix\u00e3o com o pr\u00f3ximo e a partilha fraterna\u201d, disse Bento XVI.<\/p>\n<p>Em franc\u00eas, o Papa destacou \u201cquanto s\u00e3o importantes a \u00e1gua e o p\u00e3o para cada ser humano\u201d e falou na responsabilidade de cada ser humano em \u201cfazer tudo o que for poss\u00edvel para ir em aux\u00edlio dos que sofrem de fome e sede\u201d.<\/p>\n<p>\u201cA tarefa \u00e9 imensa. Neste tempo de f\u00e9rias (na Europa), n\u00e3o esque\u00e7amos os outros e n\u00e3o tenhamos medo de abrir as nossas m\u00e3os e os nossos cora\u00e7\u00f5es para ajudar todos os que est\u00e3o em situa\u00e7\u00e3o de necessidade\u201d, concluiu.<\/p>\n<div id=\"themify_builder_content-15252\" data-postid=\"15252\" class=\"themify_builder_content themify_builder_content-15252 themify_builder themify_builder_front\">\n\t<\/div>\n<!-- \/themify_builder_content -->","protected":false},"excerpt":{"rendered":"<p>O Papa Bento XVI alertou hoje para a situa\u00e7\u00e3o de fome no chamado Chifre da \u00c1frica, no leste do continente, afirmando que ningu\u00e9m pode ficar \u201cindiferente\u201d diante da amea\u00e7a que paira sobre milh\u00f5es de pessoas. O Papa falou aos peregrinos reunidos em Castel Gandolfo, nos arredores de Roma, para a recita\u00e7\u00e3o da ora\u00e7\u00e3o do Angelus, [&hellip;]<\/p>\n","protected":false},"author":5,"featured_media":0,"comment_status":"open","ping_status":"open","sticky":false,"template":"","format":"standard","meta":{"ngg_post_thumbnail":0,"footnotes":""},"categories":[8],"tags":[1636,38,899,54,2008,34],"yoast_head":"<!-- This site is optimized with the Yoast SEO plugin v23.5 - https:\/\/yoast.com\/wordpress\/plugins\/seo\/ -->\n<title>Papa alerta para drama da fome na Som\u00e1lia - O Arcanjo no ar<\/title>\n<meta name=\"robots\" content=\"index, follow, max-snippet:-1, max-image-preview:large, max-video-preview:-1\" \/>\n<link rel=\"canonical\" href=\"https:\/\/www.oarcanjo.net\/site\/papa-alerta-para-drama-da-fome-na-somalia\/\" \/>\n<meta property=\"og:locale\" content=\"pt_BR\" \/>\n<meta property=\"og:type\" content=\"article\" \/>\n<meta property=\"og:title\" content=\"Papa alerta para drama da fome na Som\u00e1lia - O Arcanjo no ar\" \/>\n<meta property=\"og:description\" content=\"O Papa Bento XVI alertou hoje para a situa\u00e7\u00e3o de fome no chamado Chifre da \u00c1frica, no leste do continente, afirmando que ningu\u00e9m pode ficar \u201cindiferente\u201d diante da amea\u00e7a que paira sobre milh\u00f5es de pessoas. O Papa falou aos peregrinos reunidos em Castel Gandolfo, nos arredores de Roma, para a recita\u00e7\u00e3o da ora\u00e7\u00e3o do Angelus, [&hellip;]\" \/>\n<meta property=\"og:url\" content=\"https:\/\/www.oarcanjo.net\/site\/papa-alerta-para-drama-da-fome-na-somalia\/\" \/>\n<meta property=\"og:site_name\" content=\"O Arcanjo no ar\" \/>\n<meta property=\"article:publisher\" content=\"https:\/\/www.facebook.com\/OArcanjoNoAr\/\" \/>\n<meta property=\"article:published_time\" content=\"2011-07-31T19:59:43+00:00\" \/>\n<meta property=\"og:image\" content=\"https:\/\/www.oarcanjo.net\/site\/wp-content\/uploads\/logo-o-arcanjo-no-ar-facebook.png\" \/>\n\t<meta property=\"og:image:width\" content=\"300\" \/>\n\t<meta property=\"og:image:height\" content=\"300\" \/>\n\t<meta property=\"og:image:type\" content=\"image\/png\" \/>\n<meta name=\"author\" content=\"editor\" \/>\n<meta name=\"twitter:card\" content=\"summary_large_image\" \/>\n<meta name=\"twitter:label1\" content=\"Escrito por\" \/>\n\t<meta name=\"twitter:data1\" content=\"editor\" \/>\n\t<meta name=\"twitter:label2\" content=\"Est. tempo de leitura\" \/>\n\t<meta name=\"twitter:data2\" content=\"2 minutos\" \/>\n<script type=\"application\/ld+json\" class=\"yoast-schema-graph\">{\"@context\":\"https:\/\/schema.org\",\"@graph\":[{\"@type\":\"Article\",\"@id\":\"https:\/\/www.oarcanjo.net\/site\/papa-alerta-para-drama-da-fome-na-somalia\/#article\",\"isPartOf\":{\"@id\":\"https:\/\/www.oarcanjo.net\/site\/papa-alerta-para-drama-da-fome-na-somalia\/\"},\"author\":{\"name\":\"editor\",\"@id\":\"https:\/\/www.oarcanjo.net\/site\/#\/schema\/person\/f7024d007863202483a31326673a0838\"},\"headline\":\"Papa alerta para drama da fome na Som\u00e1lia\",\"datePublished\":\"2011-07-31T19:59:43+00:00\",\"dateModified\":\"2011-07-31T19:59:43+00:00\",\"mainEntityOfPage\":{\"@id\":\"https:\/\/www.oarcanjo.net\/site\/papa-alerta-para-drama-da-fome-na-somalia\/\"},\"wordCount\":352,\"commentCount\":0,\"publisher\":{\"@id\":\"https:\/\/www.oarcanjo.net\/site\/#organization\"},\"keywords\":[\"\u00c1frica\",\"fome\",\"Papa Bento XVI\",\"partilha\",\"Som\u00e1lia\",\"vaticano\"],\"articleSection\":[\"Not\u00edcias\"],\"inLanguage\":\"pt-BR\",\"potentialAction\":[{\"@type\":\"CommentAction\",\"name\":\"Comment\",\"target\":[\"https:\/\/www.oarcanjo.net\/site\/papa-alerta-para-drama-da-fome-na-somalia\/#respond\"]}]},{\"@type\":\"WebPage\",\"@id\":\"https:\/\/www.oarcanjo.net\/site\/papa-alerta-para-drama-da-fome-na-somalia\/\",\"url\":\"https:\/\/www.oarcanjo.net\/site\/papa-alerta-para-drama-da-fome-na-somalia\/\",\"name\":\"Papa alerta para drama da fome na Som\u00e1lia - O Arcanjo no ar\",\"isPartOf\":{\"@id\":\"https:\/\/www.oarcanjo.net\/site\/#website\"},\"datePublished\":\"2011-07-31T19:59:43+00:00\",\"dateModified\":\"2011-07-31T19:59:43+00:00\",\"breadcrumb\":{\"@id\":\"https:\/\/www.oarcanjo.net\/site\/papa-alerta-para-drama-da-fome-na-somalia\/#breadcrumb\"},\"inLanguage\":\"pt-BR\",\"potentialAction\":[{\"@type\":\"ReadAction\",\"target\":[\"https:\/\/www.oarcanjo.net\/site\/papa-alerta-para-drama-da-fome-na-somalia\/\"]}]},{\"@type\":\"BreadcrumbList\",\"@id\":\"https:\/\/www.oarcanjo.net\/site\/papa-alerta-para-drama-da-fome-na-somalia\/#breadcrumb\",\"itemListElement\":[{\"@type\":\"ListItem\",\"position\":1,\"name\":\"In\u00edcio\",\"item\":\"https:\/\/www.oarcanjo.net\/site\/\"},{\"@type\":\"ListItem\",\"position\":2,\"name\":\"Papa alerta para drama da fome na Som\u00e1lia\"}]},{\"@type\":\"WebSite\",\"@id\":\"https:\/\/www.oarcanjo.net\/site\/#website\",\"url\":\"https:\/\/www.oarcanjo.net\/site\/\",\"name\":\"O Arcanjo no ar\",\"description\":\"Site da Par\u00f3quia S\u00e3o Miguel Arcanjo (Arquidiocese de SP)\",\"publisher\":{\"@id\":\"https:\/\/www.oarcanjo.net\/site\/#organization\"},\"potentialAction\":[{\"@type\":\"SearchAction\",\"target\":{\"@type\":\"EntryPoint\",\"urlTemplate\":\"https:\/\/www.oarcanjo.net\/site\/?s={search_term_string}\"},\"query-input\":{\"@type\":\"PropertyValueSpecification\",\"valueRequired\":true,\"valueName\":\"search_term_string\"}}],\"inLanguage\":\"pt-BR\"},{\"@type\":\"Organization\",\"@id\":\"https:\/\/www.oarcanjo.net\/site\/#organization\",\"name\":\"Par\u00f3quia S\u00e3o Miguel Arcanjo\",\"url\":\"https:\/\/www.oarcanjo.net\/site\/\",\"logo\":{\"@type\":\"ImageObject\",\"inLanguage\":\"pt-BR\",\"@id\":\"https:\/\/www.oarcanjo.net\/site\/#\/schema\/logo\/image\/\",\"url\":\"https:\/\/www.oarcanjo.net\/site\/wp-content\/uploads\/LogoOArcanjo.png\",\"contentUrl\":\"https:\/\/www.oarcanjo.net\/site\/wp-content\/uploads\/LogoOArcanjo.png\",\"width\":319,\"height\":99,\"caption\":\"Par\u00f3quia S\u00e3o Miguel Arcanjo\"},\"image\":{\"@id\":\"https:\/\/www.oarcanjo.net\/site\/#\/schema\/logo\/image\/\"},\"sameAs\":[\"https:\/\/www.facebook.com\/OArcanjoNoAr\/\"]},{\"@type\":\"Person\",\"@id\":\"https:\/\/www.oarcanjo.net\/site\/#\/schema\/person\/f7024d007863202483a31326673a0838\",\"name\":\"editor\",\"sameAs\":[\"http:\/\/www.oarcanjo.net\"]}]}<\/script>\n<!-- \/ Yoast SEO plugin. -->","yoast_head_json":{"title":"Papa alerta para drama da fome na Som\u00e1lia - O Arcanjo no ar","robots":{"index":"index","follow":"follow","max-snippet":"max-snippet:-1","max-image-preview":"max-image-preview:large","max-video-preview":"max-video-preview:-1"},"canonical":"https:\/\/www.oarcanjo.net\/site\/papa-alerta-para-drama-da-fome-na-somalia\/","og_locale":"pt_BR","og_type":"article","og_title":"Papa alerta para drama da fome na Som\u00e1lia - O Arcanjo no ar","og_description":"O Papa Bento XVI alertou hoje para a situa\u00e7\u00e3o de fome no chamado Chifre da \u00c1frica, no leste do continente, afirmando que ningu\u00e9m pode ficar \u201cindiferente\u201d diante da amea\u00e7a que paira sobre milh\u00f5es de pessoas. O Papa falou aos peregrinos reunidos em Castel Gandolfo, nos arredores de Roma, para a recita\u00e7\u00e3o da ora\u00e7\u00e3o do Angelus, [&hellip;]","og_url":"https:\/\/www.oarcanjo.net\/site\/papa-alerta-para-drama-da-fome-na-somalia\/","og_site_name":"O Arcanjo no ar","article_publisher":"https:\/\/www.facebook.com\/OArcanjoNoAr\/","article_published_time":"2011-07-31T19:59:43+00:00","og_image":[{"width":300,"height":300,"url":"https:\/\/www.oarcanjo.net\/site\/wp-content\/uploads\/logo-o-arcanjo-no-ar-facebook.png","type":"image\/png"}],"author":"editor","twitter_card":"summary_large_image","twitter_misc":{"Escrito por":"editor","Est. tempo de leitura":"2 minutos"},"schema":{"@context":"https:\/\/schema.org","@graph":[{"@type":"Article","@id":"https:\/\/www.oarcanjo.net\/site\/papa-alerta-para-drama-da-fome-na-somalia\/#article","isPartOf":{"@id":"https:\/\/www.oarcanjo.net\/site\/papa-alerta-para-drama-da-fome-na-somalia\/"},"author":{"name":"editor","@id":"https:\/\/www.oarcanjo.net\/site\/#\/schema\/person\/f7024d007863202483a31326673a0838"},"headline":"Papa alerta para drama da fome na Som\u00e1lia","datePublished":"2011-07-31T19:59:43+00:00","dateModified":"2011-07-31T19:59:43+00:00","mainEntityOfPage":{"@id":"https:\/\/www.oarcanjo.net\/site\/papa-alerta-para-drama-da-fome-na-somalia\/"},"wordCount":352,"commentCount":0,"publisher":{"@id":"https:\/\/www.oarcanjo.net\/site\/#organization"},"keywords":["\u00c1frica","fome","Papa Bento XVI","partilha","Som\u00e1lia","vaticano"],"articleSection":["Not\u00edcias"],"inLanguage":"pt-BR","potentialAction":[{"@type":"CommentAction","name":"Comment","target":["https:\/\/www.oarcanjo.net\/site\/papa-alerta-para-drama-da-fome-na-somalia\/#respond"]}]},{"@type":"WebPage","@id":"https:\/\/www.oarcanjo.net\/site\/papa-alerta-para-drama-da-fome-na-somalia\/","url":"https:\/\/www.oarcanjo.net\/site\/papa-alerta-para-drama-da-fome-na-somalia\/","name":"Papa alerta para drama da fome na Som\u00e1lia - O Arcanjo no ar","isPartOf":{"@id":"https:\/\/www.oarcanjo.net\/site\/#website"},"datePublished":"2011-07-31T19:59:43+00:00","dateModified":"2011-07-31T19:59:43+00:00","breadcrumb":{"@id":"https:\/\/www.oarcanjo.net\/site\/papa-alerta-para-drama-da-fome-na-somalia\/#breadcrumb"},"inLanguage":"pt-BR","potentialAction":[{"@type":"ReadAction","target":["https:\/\/www.oarcanjo.net\/site\/papa-alerta-para-drama-da-fome-na-somalia\/"]}]},{"@type":"BreadcrumbList","@id":"https:\/\/www.oarcanjo.net\/site\/papa-alerta-para-drama-da-fome-na-somalia\/#breadcrumb","itemListElement":[{"@type":"ListItem","position":1,"name":"In\u00edcio","item":"https:\/\/www.oarcanjo.net\/site\/"},{"@type":"ListItem","position":2,"name":"Papa alerta para drama da fome na Som\u00e1lia"}]},{"@type":"WebSite","@id":"https:\/\/www.oarcanjo.net\/site\/#website","url":"https:\/\/www.oarcanjo.net\/site\/","name":"O Arcanjo no ar","description":"Site da Par\u00f3quia S\u00e3o Miguel Arcanjo (Arquidiocese de SP)","publisher":{"@id":"https:\/\/www.oarcanjo.net\/site\/#organization"},"potentialAction":[{"@type":"SearchAction","target":{"@type":"EntryPoint","urlTemplate":"https:\/\/www.oarcanjo.net\/site\/?s={search_term_string}"},"query-input":{"@type":"PropertyValueSpecification","valueRequired":true,"valueName":"search_term_string"}}],"inLanguage":"pt-BR"},{"@type":"Organization","@id":"https:\/\/www.oarcanjo.net\/site\/#organization","name":"Par\u00f3quia S\u00e3o Miguel Arcanjo","url":"https:\/\/www.oarcanjo.net\/site\/","logo":{"@type":"ImageObject","inLanguage":"pt-BR","@id":"https:\/\/www.oarcanjo.net\/site\/#\/schema\/logo\/image\/","url":"https:\/\/www.oarcanjo.net\/site\/wp-content\/uploads\/LogoOArcanjo.png","contentUrl":"https:\/\/www.oarcanjo.net\/site\/wp-content\/uploads\/LogoOArcanjo.png","width":319,"height":99,"caption":"Par\u00f3quia S\u00e3o Miguel Arcanjo"},"image":{"@id":"https:\/\/www.oarcanjo.net\/site\/#\/schema\/logo\/image\/"},"sameAs":["https:\/\/www.facebook.com\/OArcanjoNoAr\/"]},{"@type":"Person","@id":"https:\/\/www.oarcanjo.net\/site\/#\/schema\/person\/f7024d007863202483a31326673a0838","name":"editor","sameAs":["http:\/\/www.oarcanjo.net"]}]}},"publishpress_future_action":{"enabled":false,"date":"2026-05-07 09:49:20","action":"category","newStatus":"draft","terms":[],"taxonomy":"category"},"publishpress_future_workflow_manual_trigger":{"enabledWorkflows":[]},"_links":{"self":[{"href":"https:\/\/www.oarcanjo.net\/site\/wp-json\/wp\/v2\/posts\/15252"}],"collection":[{"href":"https:\/\/www.oarcanjo.net\/site\/wp-json\/wp\/v2\/posts"}],"about":[{"href":"https:\/\/www.oarcanjo.net\/site\/wp-json\/wp\/v2\/types\/post"}],"author":[{"embeddable":true,"href":"https:\/\/www.oarcanjo.net\/site\/wp-json\/wp\/v2\/users\/5"}],"replies":[{"embeddable":true,"href":"https:\/\/www.oarcanjo.net\/site\/wp-json\/wp\/v2\/comments?post=15252"}],"version-history":[{"count":0,"href":"https:\/\/www.oarcanjo.net\/site\/wp-json\/wp\/v2\/posts\/15252\/revisions"}],"wp:attachment":[{"href":"https:\/\/www.oarcanjo.net\/site\/wp-json\/wp\/v2\/media?parent=15252"}],"wp:term":[{"taxonomy":"category","embeddable":true,"href":"https:\/\/www.oarcanjo.net\/site\/wp-json\/wp\/v2\/categories?post=15252"},{"taxonomy":"post_tag","embeddable":true,"href":"https:\/\/www.oarcanjo.net\/site\/wp-json\/wp\/v2\/tags?post=15252"}],"curies":[{"name":"wp","href":"https:\/\/api.w.org\/{rel}","templated":true}]}}