
{"id":15265,"date":"2011-08-02T07:06:56","date_gmt":"2011-08-02T10:06:56","guid":{"rendered":"http:\/\/www.oarcanjo.net\/site\/?p=15265"},"modified":"2011-08-02T07:06:56","modified_gmt":"2011-08-02T10:06:56","slug":"leituras-do-domingo-14082011","status":"publish","type":"post","link":"https:\/\/www.oarcanjo.net\/site\/leituras-do-domingo-14082011\/","title":{"rendered":"Leituras do domingo 14\/08\/2011"},"content":{"rendered":"<div>\n<h4>20\u00ba Domingo do Tempo Comum<\/h4>\n<p><strong>Primeira leitura (Isa\u00edas 56,1.6-7)<\/strong><\/p>\n<p>Leitura do Livro do profeta Isa\u00edas:<\/p>\n<p><sup>1<\/sup>Isto diz o Senhor: \u201cCumpri o dever e praticai a justi\u00e7a, minha salva\u00e7\u00e3o est\u00e1 prestes a chegar e minha justi\u00e7a n\u00e3o tardar\u00e1 a manifestar-se.<br \/>\n<sup>6<\/sup>Aos estrangeiros que aderem ao Senhor, prestando-lhe culto, honrando o nome do Senhor, servindo-o como servos seus, a todos os que observam o s\u00e1bado e n\u00e3o o profanam, e aos que mant\u00eam alian\u00e7a comigo,\u00a0<sup>7<\/sup>\u2014 a esses conduzirei ao meu santo monte e os alegrarei em minha casa de ora\u00e7\u00e3o; aceitarei com agrado em meu altar seus holocaustos e v\u00edtimas, pois minha casa ser\u00e1 chamada casa de ora\u00e7\u00e3o para todos os povos\u201d.<\/p>\n<p><strong>Salmo (Salmos 66)<\/strong><\/p>\n<p>\u2014 Que as na\u00e7\u00f5es vos glorifiquem, \u00f3 Senhor,\/ que todas as na\u00e7\u00f5es vos glorifiquem!<br \/>\n<strong>\u2014 Que as na\u00e7\u00f5es vos glorifiquem, \u00f3 Senhor,\/ que todas as na\u00e7\u00f5es vos glorifiquem!<\/strong><\/p>\n<p>\u2014 Que Deus nos d\u00ea a sua gra\u00e7a e sua b\u00ean\u00e7\u00e3o,\/ e sua face resplande\u00e7a sobre n\u00f3s!\/ Que na terra se conhe\u00e7a o seu caminho\/ e a sua salva\u00e7\u00e3o por entre os povos.<br \/>\n\u2014 Exulte de alegria a terra inteira,\/ pois julgais o universo com justi\u00e7a;\/ os povos governais com retid\u00e3o,\/ e guiais, em toda a terra, as na\u00e7\u00f5es.<br \/>\n\u2014 Que as na\u00e7\u00f5es vos glorifiquem, \u00f3 Senhor,\/ que todas as na\u00e7\u00f5es vos glorifiquem!\/ Que o Senhor e nosso Deus nos aben\u00e7oe,\/ e o respeitem os confins de toda a terra!<\/p>\n<p><strong>Segunda leitura (Romanos 11,13-15.29-32)<\/strong><\/p>\n<p>Leitura da Carta de S\u00e3o Paulo aos Romanos:<\/p>\n<p>Irm\u00e3os:\u00a0<sup>13<\/sup>A v\u00f3s, crist\u00e3os vindos do paganismo, eu digo: enquanto eu for ap\u00f3stolo dos pag\u00e3os, honrarei o meu minist\u00e9rio,\u00a0<sup>14<\/sup>na esperan\u00e7a de despertar ci\u00fame nos de minha ra\u00e7a e, assim, salvar alguns deles.<br \/>\n<sup>15<\/sup>Se a rejei\u00e7\u00e3o deles foi reconcilia\u00e7\u00e3o para o mundo, o que n\u00e3o ser\u00e1 a admiss\u00e3o deles! Ser\u00e1 como a passagem da morte para a vida!<br \/>\n<sup>29<\/sup>Pois os dons e a voca\u00e7\u00e3o de Deus s\u00e3o irrevog\u00e1veis.<br \/>\n<sup>30<\/sup>Outrora, v\u00f3s fostes desobedientes a Deus, mas agora alcan\u00e7astes miseric\u00f3rdia, em consequ\u00eancia da desobedi\u00eancia deles.<br \/>\n<sup>31<\/sup>Assim, s\u00e3o eles agora os desobedientes, para que, em consequ\u00eancia da miseric\u00f3rdia usada convosco, alcancem finalmente miseric\u00f3rdia.<br \/>\n<sup>32<\/sup>Com efeito, Deus encerrou todos os homens na desobedi\u00eancia, a fim de exercer miseric\u00f3rdia para com todos.<\/p>\n<p><strong>Evangelho (Mateus 15,21-28)<\/strong><\/p>\n<p>Naquele tempo,\u00a0<sup>21<\/sup>Jesus foi para a regi\u00e3o de Tiro e Sid\u00f4nia.<br \/>\n<sup>22<\/sup>Eis que uma mulher cananeia, vindo daquela regi\u00e3o, p\u00f4s-se a gritar: \u201cSenhor, filho de Davi, tem piedade de mim: minha filha est\u00e1 cruelmente atormentada por um dem\u00f4nio!\u201d<br \/>\n<sup>23<\/sup>Mas, Jesus n\u00e3o lhe respondeu palavra alguma. Ent\u00e3o seus disc\u00edpulos aproximaram-se e lhe pediram: \u201cManda embora essa mulher, pois ela vem gritando atr\u00e1s de n\u00f3s\u201d.<br \/>\n<sup>24<\/sup>Jesus respondeu: \u201cEu fui enviado somente \u00e0s ovelhas perdidas da casa de Israel\u201d.<br \/>\n<sup>25<\/sup>Mas, a mulher, aproximando-se, prostrou-se diante de Jesus, e come\u00e7ou a implorar: \u201cSenhor, socorre-me!\u201d<br \/>\n<sup>26<\/sup>Jesus lhe disse: \u201cN\u00e3o fica bem tirar o p\u00e3o dos filhos para jog\u00e1-lo aos cachorrinhos\u201d.<br \/>\n<sup>27<\/sup>A mulher insistiu: \u201c\u00c9 verdade, Senhor; mas os cachorrinhos tamb\u00e9m comem as migalhas que caem da mesa de seus donos!\u201d<br \/>\n<sup>28<\/sup>Diante disso, Jesus lhe disse: \u201cMulher, grande \u00e9 a tua f\u00e9! Seja feito como tu queres!\u201d E desde esse momento sua filha ficou curada.<\/p>\n<\/div>\n<div id=\"themify_builder_content-15265\" data-postid=\"15265\" class=\"themify_builder_content themify_builder_content-15265 themify_builder themify_builder_front\">\n\t<\/div>\n<!-- \/themify_builder_content -->","protected":false},"excerpt":{"rendered":"<p>20\u00ba Domingo do Tempo Comum Primeira leitura (Isa\u00edas 56,1.6-7) Leitura do Livro do profeta Isa\u00edas: 1Isto diz o Senhor: \u201cCumpri o dever e praticai a justi\u00e7a, minha salva\u00e7\u00e3o est\u00e1 prestes a chegar e minha justi\u00e7a n\u00e3o tardar\u00e1 a manifestar-se. 6Aos estrangeiros que aderem ao Senhor, prestando-lhe culto, honrando o nome do Senhor, servindo-o como servos [&hellip;]<\/p>\n","protected":false},"author":5,"featured_media":0,"comment_status":"open","ping_status":"open","sticky":false,"template":"","format":"standard","meta":{"ngg_post_thumbnail":0,"footnotes":""},"categories":[109],"tags":[3204],"yoast_head":"<!-- This site is optimized with the Yoast SEO plugin v23.5 - https:\/\/yoast.com\/wordpress\/plugins\/seo\/ -->\n<title>Leituras do domingo 14\/08\/2011 - O Arcanjo no ar<\/title>\n<meta name=\"robots\" content=\"index, follow, max-snippet:-1, max-image-preview:large, max-video-preview:-1\" \/>\n<link rel=\"canonical\" href=\"https:\/\/www.oarcanjo.net\/site\/leituras-do-domingo-14082011\/\" \/>\n<meta property=\"og:locale\" content=\"pt_BR\" \/>\n<meta property=\"og:type\" content=\"article\" \/>\n<meta property=\"og:title\" content=\"Leituras do domingo 14\/08\/2011 - O Arcanjo no ar\" \/>\n<meta property=\"og:description\" content=\"20\u00ba Domingo do Tempo Comum Primeira leitura (Isa\u00edas 56,1.6-7) Leitura do Livro do profeta Isa\u00edas: 1Isto diz o Senhor: \u201cCumpri o dever e praticai a justi\u00e7a, minha salva\u00e7\u00e3o est\u00e1 prestes a chegar e minha justi\u00e7a n\u00e3o tardar\u00e1 a manifestar-se. 6Aos estrangeiros que aderem ao Senhor, prestando-lhe culto, honrando o nome do Senhor, servindo-o como servos [&hellip;]\" \/>\n<meta property=\"og:url\" content=\"https:\/\/www.oarcanjo.net\/site\/leituras-do-domingo-14082011\/\" \/>\n<meta property=\"og:site_name\" content=\"O Arcanjo no ar\" \/>\n<meta property=\"article:publisher\" content=\"https:\/\/www.facebook.com\/OArcanjoNoAr\/\" \/>\n<meta property=\"article:published_time\" content=\"2011-08-02T10:06:56+00:00\" \/>\n<meta property=\"og:image\" content=\"https:\/\/www.oarcanjo.net\/site\/wp-content\/uploads\/logo-o-arcanjo-no-ar-facebook.png\" \/>\n\t<meta property=\"og:image:width\" content=\"300\" \/>\n\t<meta property=\"og:image:height\" content=\"300\" \/>\n\t<meta property=\"og:image:type\" content=\"image\/png\" \/>\n<meta name=\"author\" content=\"editor\" \/>\n<meta name=\"twitter:card\" content=\"summary_large_image\" \/>\n<meta name=\"twitter:label1\" content=\"Escrito por\" \/>\n\t<meta name=\"twitter:data1\" content=\"editor\" \/>\n\t<meta name=\"twitter:label2\" content=\"Est. tempo de leitura\" \/>\n\t<meta name=\"twitter:data2\" content=\"3 minutos\" \/>\n<script type=\"application\/ld+json\" class=\"yoast-schema-graph\">{\"@context\":\"https:\/\/schema.org\",\"@graph\":[{\"@type\":\"Article\",\"@id\":\"https:\/\/www.oarcanjo.net\/site\/leituras-do-domingo-14082011\/#article\",\"isPartOf\":{\"@id\":\"https:\/\/www.oarcanjo.net\/site\/leituras-do-domingo-14082011\/\"},\"author\":{\"name\":\"editor\",\"@id\":\"https:\/\/www.oarcanjo.net\/site\/#\/schema\/person\/f7024d007863202483a31326673a0838\"},\"headline\":\"Leituras do domingo 14\/08\/2011\",\"datePublished\":\"2011-08-02T10:06:56+00:00\",\"dateModified\":\"2011-08-02T10:06:56+00:00\",\"mainEntityOfPage\":{\"@id\":\"https:\/\/www.oarcanjo.net\/site\/leituras-do-domingo-14082011\/\"},\"wordCount\":577,\"commentCount\":0,\"publisher\":{\"@id\":\"https:\/\/www.oarcanjo.net\/site\/#organization\"},\"keywords\":[\"Liturgia\"],\"articleSection\":[\"Liturgia\"],\"inLanguage\":\"pt-BR\",\"potentialAction\":[{\"@type\":\"CommentAction\",\"name\":\"Comment\",\"target\":[\"https:\/\/www.oarcanjo.net\/site\/leituras-do-domingo-14082011\/#respond\"]}]},{\"@type\":\"WebPage\",\"@id\":\"https:\/\/www.oarcanjo.net\/site\/leituras-do-domingo-14082011\/\",\"url\":\"https:\/\/www.oarcanjo.net\/site\/leituras-do-domingo-14082011\/\",\"name\":\"Leituras do domingo 14\/08\/2011 - O Arcanjo no ar\",\"isPartOf\":{\"@id\":\"https:\/\/www.oarcanjo.net\/site\/#website\"},\"datePublished\":\"2011-08-02T10:06:56+00:00\",\"dateModified\":\"2011-08-02T10:06:56+00:00\",\"breadcrumb\":{\"@id\":\"https:\/\/www.oarcanjo.net\/site\/leituras-do-domingo-14082011\/#breadcrumb\"},\"inLanguage\":\"pt-BR\",\"potentialAction\":[{\"@type\":\"ReadAction\",\"target\":[\"https:\/\/www.oarcanjo.net\/site\/leituras-do-domingo-14082011\/\"]}]},{\"@type\":\"BreadcrumbList\",\"@id\":\"https:\/\/www.oarcanjo.net\/site\/leituras-do-domingo-14082011\/#breadcrumb\",\"itemListElement\":[{\"@type\":\"ListItem\",\"position\":1,\"name\":\"In\u00edcio\",\"item\":\"https:\/\/www.oarcanjo.net\/site\/\"},{\"@type\":\"ListItem\",\"position\":2,\"name\":\"Leituras do domingo 14\/08\/2011\"}]},{\"@type\":\"WebSite\",\"@id\":\"https:\/\/www.oarcanjo.net\/site\/#website\",\"url\":\"https:\/\/www.oarcanjo.net\/site\/\",\"name\":\"O Arcanjo no ar\",\"description\":\"Site da Par\u00f3quia S\u00e3o Miguel Arcanjo (Arquidiocese de SP)\",\"publisher\":{\"@id\":\"https:\/\/www.oarcanjo.net\/site\/#organization\"},\"potentialAction\":[{\"@type\":\"SearchAction\",\"target\":{\"@type\":\"EntryPoint\",\"urlTemplate\":\"https:\/\/www.oarcanjo.net\/site\/?s={search_term_string}\"},\"query-input\":{\"@type\":\"PropertyValueSpecification\",\"valueRequired\":true,\"valueName\":\"search_term_string\"}}],\"inLanguage\":\"pt-BR\"},{\"@type\":\"Organization\",\"@id\":\"https:\/\/www.oarcanjo.net\/site\/#organization\",\"name\":\"Par\u00f3quia S\u00e3o Miguel Arcanjo\",\"url\":\"https:\/\/www.oarcanjo.net\/site\/\",\"logo\":{\"@type\":\"ImageObject\",\"inLanguage\":\"pt-BR\",\"@id\":\"https:\/\/www.oarcanjo.net\/site\/#\/schema\/logo\/image\/\",\"url\":\"https:\/\/www.oarcanjo.net\/site\/wp-content\/uploads\/LogoOArcanjo.png\",\"contentUrl\":\"https:\/\/www.oarcanjo.net\/site\/wp-content\/uploads\/LogoOArcanjo.png\",\"width\":319,\"height\":99,\"caption\":\"Par\u00f3quia S\u00e3o Miguel Arcanjo\"},\"image\":{\"@id\":\"https:\/\/www.oarcanjo.net\/site\/#\/schema\/logo\/image\/\"},\"sameAs\":[\"https:\/\/www.facebook.com\/OArcanjoNoAr\/\"]},{\"@type\":\"Person\",\"@id\":\"https:\/\/www.oarcanjo.net\/site\/#\/schema\/person\/f7024d007863202483a31326673a0838\",\"name\":\"editor\",\"sameAs\":[\"http:\/\/www.oarcanjo.net\"]}]}<\/script>\n<!-- \/ Yoast SEO plugin. -->","yoast_head_json":{"title":"Leituras do domingo 14\/08\/2011 - O Arcanjo no ar","robots":{"index":"index","follow":"follow","max-snippet":"max-snippet:-1","max-image-preview":"max-image-preview:large","max-video-preview":"max-video-preview:-1"},"canonical":"https:\/\/www.oarcanjo.net\/site\/leituras-do-domingo-14082011\/","og_locale":"pt_BR","og_type":"article","og_title":"Leituras do domingo 14\/08\/2011 - O Arcanjo no ar","og_description":"20\u00ba Domingo do Tempo Comum Primeira leitura (Isa\u00edas 56,1.6-7) Leitura do Livro do profeta Isa\u00edas: 1Isto diz o Senhor: \u201cCumpri o dever e praticai a justi\u00e7a, minha salva\u00e7\u00e3o est\u00e1 prestes a chegar e minha justi\u00e7a n\u00e3o tardar\u00e1 a manifestar-se. 6Aos estrangeiros que aderem ao Senhor, prestando-lhe culto, honrando o nome do Senhor, servindo-o como servos [&hellip;]","og_url":"https:\/\/www.oarcanjo.net\/site\/leituras-do-domingo-14082011\/","og_site_name":"O Arcanjo no ar","article_publisher":"https:\/\/www.facebook.com\/OArcanjoNoAr\/","article_published_time":"2011-08-02T10:06:56+00:00","og_image":[{"width":300,"height":300,"url":"https:\/\/www.oarcanjo.net\/site\/wp-content\/uploads\/logo-o-arcanjo-no-ar-facebook.png","type":"image\/png"}],"author":"editor","twitter_card":"summary_large_image","twitter_misc":{"Escrito por":"editor","Est. tempo de leitura":"3 minutos"},"schema":{"@context":"https:\/\/schema.org","@graph":[{"@type":"Article","@id":"https:\/\/www.oarcanjo.net\/site\/leituras-do-domingo-14082011\/#article","isPartOf":{"@id":"https:\/\/www.oarcanjo.net\/site\/leituras-do-domingo-14082011\/"},"author":{"name":"editor","@id":"https:\/\/www.oarcanjo.net\/site\/#\/schema\/person\/f7024d007863202483a31326673a0838"},"headline":"Leituras do domingo 14\/08\/2011","datePublished":"2011-08-02T10:06:56+00:00","dateModified":"2011-08-02T10:06:56+00:00","mainEntityOfPage":{"@id":"https:\/\/www.oarcanjo.net\/site\/leituras-do-domingo-14082011\/"},"wordCount":577,"commentCount":0,"publisher":{"@id":"https:\/\/www.oarcanjo.net\/site\/#organization"},"keywords":["Liturgia"],"articleSection":["Liturgia"],"inLanguage":"pt-BR","potentialAction":[{"@type":"CommentAction","name":"Comment","target":["https:\/\/www.oarcanjo.net\/site\/leituras-do-domingo-14082011\/#respond"]}]},{"@type":"WebPage","@id":"https:\/\/www.oarcanjo.net\/site\/leituras-do-domingo-14082011\/","url":"https:\/\/www.oarcanjo.net\/site\/leituras-do-domingo-14082011\/","name":"Leituras do domingo 14\/08\/2011 - O Arcanjo no ar","isPartOf":{"@id":"https:\/\/www.oarcanjo.net\/site\/#website"},"datePublished":"2011-08-02T10:06:56+00:00","dateModified":"2011-08-02T10:06:56+00:00","breadcrumb":{"@id":"https:\/\/www.oarcanjo.net\/site\/leituras-do-domingo-14082011\/#breadcrumb"},"inLanguage":"pt-BR","potentialAction":[{"@type":"ReadAction","target":["https:\/\/www.oarcanjo.net\/site\/leituras-do-domingo-14082011\/"]}]},{"@type":"BreadcrumbList","@id":"https:\/\/www.oarcanjo.net\/site\/leituras-do-domingo-14082011\/#breadcrumb","itemListElement":[{"@type":"ListItem","position":1,"name":"In\u00edcio","item":"https:\/\/www.oarcanjo.net\/site\/"},{"@type":"ListItem","position":2,"name":"Leituras do domingo 14\/08\/2011"}]},{"@type":"WebSite","@id":"https:\/\/www.oarcanjo.net\/site\/#website","url":"https:\/\/www.oarcanjo.net\/site\/","name":"O Arcanjo no ar","description":"Site da Par\u00f3quia S\u00e3o Miguel Arcanjo (Arquidiocese de SP)","publisher":{"@id":"https:\/\/www.oarcanjo.net\/site\/#organization"},"potentialAction":[{"@type":"SearchAction","target":{"@type":"EntryPoint","urlTemplate":"https:\/\/www.oarcanjo.net\/site\/?s={search_term_string}"},"query-input":{"@type":"PropertyValueSpecification","valueRequired":true,"valueName":"search_term_string"}}],"inLanguage":"pt-BR"},{"@type":"Organization","@id":"https:\/\/www.oarcanjo.net\/site\/#organization","name":"Par\u00f3quia S\u00e3o Miguel Arcanjo","url":"https:\/\/www.oarcanjo.net\/site\/","logo":{"@type":"ImageObject","inLanguage":"pt-BR","@id":"https:\/\/www.oarcanjo.net\/site\/#\/schema\/logo\/image\/","url":"https:\/\/www.oarcanjo.net\/site\/wp-content\/uploads\/LogoOArcanjo.png","contentUrl":"https:\/\/www.oarcanjo.net\/site\/wp-content\/uploads\/LogoOArcanjo.png","width":319,"height":99,"caption":"Par\u00f3quia S\u00e3o Miguel Arcanjo"},"image":{"@id":"https:\/\/www.oarcanjo.net\/site\/#\/schema\/logo\/image\/"},"sameAs":["https:\/\/www.facebook.com\/OArcanjoNoAr\/"]},{"@type":"Person","@id":"https:\/\/www.oarcanjo.net\/site\/#\/schema\/person\/f7024d007863202483a31326673a0838","name":"editor","sameAs":["http:\/\/www.oarcanjo.net"]}]}},"publishpress_future_action":{"enabled":false,"date":"2026-05-09 01:50:04","action":"category","newStatus":"draft","terms":[],"taxonomy":"category"},"publishpress_future_workflow_manual_trigger":{"enabledWorkflows":[]},"_links":{"self":[{"href":"https:\/\/www.oarcanjo.net\/site\/wp-json\/wp\/v2\/posts\/15265"}],"collection":[{"href":"https:\/\/www.oarcanjo.net\/site\/wp-json\/wp\/v2\/posts"}],"about":[{"href":"https:\/\/www.oarcanjo.net\/site\/wp-json\/wp\/v2\/types\/post"}],"author":[{"embeddable":true,"href":"https:\/\/www.oarcanjo.net\/site\/wp-json\/wp\/v2\/users\/5"}],"replies":[{"embeddable":true,"href":"https:\/\/www.oarcanjo.net\/site\/wp-json\/wp\/v2\/comments?post=15265"}],"version-history":[{"count":0,"href":"https:\/\/www.oarcanjo.net\/site\/wp-json\/wp\/v2\/posts\/15265\/revisions"}],"wp:attachment":[{"href":"https:\/\/www.oarcanjo.net\/site\/wp-json\/wp\/v2\/media?parent=15265"}],"wp:term":[{"taxonomy":"category","embeddable":true,"href":"https:\/\/www.oarcanjo.net\/site\/wp-json\/wp\/v2\/categories?post=15265"},{"taxonomy":"post_tag","embeddable":true,"href":"https:\/\/www.oarcanjo.net\/site\/wp-json\/wp\/v2\/tags?post=15265"}],"curies":[{"name":"wp","href":"https:\/\/api.w.org\/{rel}","templated":true}]}}