
{"id":15342,"date":"2011-08-07T08:37:03","date_gmt":"2011-08-07T11:37:03","guid":{"rendered":"http:\/\/www.oarcanjo.net\/site\/?p=15342"},"modified":"2011-08-09T08:38:38","modified_gmt":"2011-08-09T11:38:38","slug":"do-chifre-da-africa-as-antigas-utopias","status":"publish","type":"post","link":"https:\/\/www.oarcanjo.net\/site\/do-chifre-da-africa-as-antigas-utopias\/","title":{"rendered":"Do Chifre da \u00c1frica \u00e0s antigas utopias"},"content":{"rendered":"<p>Washington Novaes<\/p>\n<p>\u00c9 inevit\u00e1vel que venha \u00e0 mente, nestes dias em que se l\u00ea o notici\u00e1rio terr\u00edvel sobre a seca no &#8220;Chifre da \u00c1frica&#8221; e sobre os conflitos que cercam o nascimento da 54.\u00aa na\u00e7\u00e3o africana &#8211; o Sud\u00e3o do Sul, separado do norte -, o livro O Cora\u00e7\u00e3o das Trevas, em que Joseph Conrad retratou com exatid\u00e3o os dramas inacredit\u00e1veis que cercavam e cercam etnias africanas postas em confronto na disputa por recursos naturais, fruto das divis\u00f5es artificiais de terras impostas pelos interesses dos pa\u00edses colonizadores. &#8220;O horror! O horror!&#8221;, diz o personagem de Conrad.<\/p>\n<p>&#8220;O horror! O horror!&#8221;, repete-se agora, ao ler que 2 milh\u00f5es de pessoas morreram nos conflitos entre o norte isl\u00e2mico do Sud\u00e3o e o sul crist\u00e3o e animista; ao saber que 80% da popula\u00e7\u00e3o do sul, pelo menos, \u00e9 constitu\u00edda de analfabetos; que 90% dos 9 milh\u00f5es de habitantes vivem com menos de meio d\u00f3lar por dia &#8211; embora o pa\u00eds seja rico em petr\u00f3leo (uma das causas da guerra) e ainda ter\u00e1 de acertar com a antiga matriz como continuar a export\u00e1-lo por um duto controlado ao norte. Sem falar na fome das na\u00e7\u00f5es vizinhas &#8211; Djibuti, Eti\u00f3pia, Qu\u00eania, Som\u00e1lia, Uganda -, atormentadas pela pior seca em 60 anos, com mais de 500 mil pessoas j\u00e1 em campos de refugiados, 10 milh\u00f5es passando fome.<\/p>\n<p>Tudo se repete, como na guerra entre Congo, Ruanda e Burundi, que deixou alguns milh\u00f5es de mortos em disputa de \u00e1gua e terras. Pode repetir-se no Sud\u00e3o do Sul, com suas 200 etnias enfrentando a seca mais grave em mais de meio s\u00e9culo. Com a Organiza\u00e7\u00e3o das Na\u00e7\u00f5es Unidas para Agricultura e Alimenta\u00e7\u00e3o (FAO) bradando que precisa aplicar na regi\u00e3o US$ 1,6 bilh\u00e3o at\u00e9 o fim do ano para impedir que morram 800 mil crian\u00e7as &#8211; mas enfrentando a resist\u00eancia de militantes isl\u00e2micos, que tentam impedir a entrega de ajuda humanit\u00e1ria. At\u00e9 mesmo na capital, onde a fuga aos conflitos armados fez a popula\u00e7\u00e3o crescer de 200 mil habitantes em 2006 para 1 milh\u00e3o. E ainda ser\u00e1 preciso fazer sentar \u00e0 mesma mesa sul e norte para discutir pend\u00eancias financeiras, demarca\u00e7\u00e3o de \u00e1reas de fronteira, gest\u00e3o do petr\u00f3leo.<\/p>\n<p>Que se far\u00e1 para mudar todo um continente, eliminar conflitos por recursos naturais entre milhares de etnias juntadas ou separadas por interesses dos antigos colonizadores? Que fazer para superar os conflitos de base religiosa, o racismo mesmo? Como reinventar o mundo para que a divis\u00e3o de recursos entre continentes, pa\u00edses, grupos seja mais equ\u00e2nime? Como evitar que 80% dos recursos planet\u00e1rios sejam consumidos nos pa\u00edses industrializados, com menos de 20% da popula\u00e7\u00e3o mundial? Pior ainda, como evitar que 1 bilh\u00e3o de pessoas passem fome todos os dias, enquanto, segundo a FAO, um ter\u00e7o dos alimentos no mundo se perde ou \u00e9 desperdi\u00e7ado &#8211; 1,3 bilh\u00e3o de toneladas por ano (670 milh\u00f5es nos pa\u00edses ricos, 630 milh\u00f5es nos demais)? E ainda sabendo que a produ\u00e7\u00e3o mundial de alimentos ter\u00e1 de aumentar em 70% at\u00e9 2050, para atender a mais de 9 bilh\u00f5es de pessoas.<\/p>\n<p>Como reinventar o mundo, superar o racismo? O escritor Henry Miller (Tr\u00f3pico de C\u00e2ncer, entre outros livros), que pregava a necessidade de caminhar nessas dire\u00e7\u00f5es, dizia que a nova civiliza\u00e7\u00e3o que teremos de fundar n\u00e3o ser\u00e1 apenas mais uma &#8211; ser\u00e1 a s\u00edntese de v\u00e1rios formatos experimentados pelo ser humano ao longo de sua trajet\u00f3ria pela Terra. Talvez a m\u00e1quina desapare\u00e7a, pensava ele &#8211; mas n\u00e3o antes que tenhamos descoberto a natureza do mist\u00e9rio que nos liga \u00e0 nossa cria\u00e7\u00e3o. As institui\u00e7\u00f5es, tal como as conhecemos hoje, deixar\u00e3o de existir. E os povos fluir\u00e3o livremente pela face da Terra, em grupos mais ou menos permanentes. Instigante.<\/p>\n<p>E o racismo? O professor Kabengele Munanga, da USP, exilado do Zaire (atualmente denominado Rep\u00fablica Democr\u00e1tica do Congo), j\u00e1 dizia h\u00e1 mais de 20 anos, num semin\u00e1rio na Bahia, que a base do racismo n\u00e3o est\u00e1 na nega\u00e7\u00e3o da diferen\u00e7a (entre etnias, cor da pele, etc.): est\u00e1 &#8220;no temor da semelhan\u00e7a&#8221;; porque &#8220;\u00e9 pelo fato de saber que eu posso fazer as mesmas coisas que ele, posso ocupar o lugar dele, que o racista me discrimina, persegue e mata&#8221;. \u00c9 por caminhos como esse que se esquece que os direitos humanos s\u00e3o de todos, acrescentava o escritor Joel Rufino dos Santos.<\/p>\n<p>Todas essas coisas t\u00eam de estar muito presentes no momento em que o mundo se v\u00ea, mais uma vez, \u00e0 beira de uma crise sem precedentes, em que o centro da quest\u00e3o parece estar no descolamento entre a realidade concreta e os valores monet\u00e1rios em circula\u00e7\u00e3o &#8211; estes, em torno dos US$ 600 trilh\u00f5es, quando toda a produ\u00e7\u00e3o do mundo est\u00e1 na casa dos US$ 62 trilh\u00f5es anuais. Como dar garantia real a cada aplica\u00e7\u00e3o financeira? Como disciplinar o giro vertiginoso dos pap\u00e9is, em busca de solidez (como j\u00e1 foi comentado aqui, um contrato de soja brasileira no mercado futuro mundial pode mudar de m\u00e3o at\u00e9 40 vezes antes de se concretizar; nossa safra que ser\u00e1 plantada daqui a um m\u00eas e meio j\u00e1 est\u00e1 em boa parte negociada)? E se os Estados Unidos n\u00e3o tiverem como garantir a sua d\u00edvida trilion\u00e1ria? Por onde caminharemos?<\/p>\n<p>\u00c9 preciso repensar tudo. E relembrar uma passagem do escritor Rubem Braga. Para ele, a li\u00e7\u00e3o b\u00e1sica \u00e9 n\u00e3o nos refugiarmos em abstra\u00e7\u00f5es. S\u00f3 existem &#8211; escreveu ele &#8211; pessoas e coisas e rela\u00e7\u00f5es entre elas. Se formos capazes de n\u00e3o nos escudarmos, n\u00e3o nos defendermos de pessoas e coisas, se nos deixarmos atingir por elas, se tomarmos tudo pessoalmente, jamais nos desviaremos dos &#8220;caminhos do cora\u00e7\u00e3o&#8221;. E eles \u00e9 que devem contar. Dif\u00edcil, nestes tempos em que, mais e mais, as pessoas se refugiam atr\u00e1s de computadores. Mas n\u00e3o h\u00e1 alternativas eficientes para as palavras do grande mestre da cr\u00f4nica.<\/p>\n<p>E retornando ao come\u00e7o destas linhas, vale a pena lembrar tamb\u00e9m Jean-Paul Sartre, que descobriu num campo de concentra\u00e7\u00e3o que a solidariedade n\u00e3o \u00e9 apenas um dever moral &#8211; \u00e9 um fato; estamos ligados a tudo e a todos (inclusive ao carcereiro), queiramos ou n\u00e3o, gostemos ou n\u00e3o. A \u00c1frica \u00e9 aqui mesmo, nosso futuro depender\u00e1 do que acontecer l\u00e1.<\/p>\n<div id=\"themify_builder_content-15342\" data-postid=\"15342\" class=\"themify_builder_content themify_builder_content-15342 themify_builder themify_builder_front\">\n\t<\/div>\n<!-- \/themify_builder_content -->","protected":false},"excerpt":{"rendered":"<p>Washington Novaes \u00c9 inevit\u00e1vel que venha \u00e0 mente, nestes dias em que se l\u00ea o notici\u00e1rio terr\u00edvel sobre a seca no &#8220;Chifre da \u00c1frica&#8221; e sobre os conflitos que cercam o nascimento da 54.\u00aa na\u00e7\u00e3o africana &#8211; o Sud\u00e3o do Sul, separado do norte -, o livro O Cora\u00e7\u00e3o das Trevas, em que Joseph Conrad [&hellip;]<\/p>\n","protected":false},"author":5,"featured_media":0,"comment_status":"open","ping_status":"open","sticky":false,"template":"","format":"standard","meta":{"ngg_post_thumbnail":0,"footnotes":""},"categories":[2022],"tags":[2023,38,2024,133],"yoast_head":"<!-- This site is optimized with the Yoast SEO plugin v23.5 - https:\/\/yoast.com\/wordpress\/plugins\/seo\/ -->\n<title>Do Chifre da \u00c1frica \u00e0s antigas utopias - O Arcanjo no ar<\/title>\n<meta name=\"robots\" content=\"index, follow, max-snippet:-1, max-image-preview:large, max-video-preview:-1\" \/>\n<link rel=\"canonical\" href=\"https:\/\/www.oarcanjo.net\/site\/do-chifre-da-africa-as-antigas-utopias\/\" \/>\n<meta property=\"og:locale\" content=\"pt_BR\" \/>\n<meta property=\"og:type\" content=\"article\" \/>\n<meta property=\"og:title\" content=\"Do Chifre da \u00c1frica \u00e0s antigas utopias - O Arcanjo no ar\" \/>\n<meta property=\"og:description\" content=\"Washington Novaes \u00c9 inevit\u00e1vel que venha \u00e0 mente, nestes dias em que se l\u00ea o notici\u00e1rio terr\u00edvel sobre a seca no &#8220;Chifre da \u00c1frica&#8221; e sobre os conflitos que cercam o nascimento da 54.\u00aa na\u00e7\u00e3o africana &#8211; o Sud\u00e3o do Sul, separado do norte -, o livro O Cora\u00e7\u00e3o das Trevas, em que Joseph Conrad [&hellip;]\" \/>\n<meta property=\"og:url\" content=\"https:\/\/www.oarcanjo.net\/site\/do-chifre-da-africa-as-antigas-utopias\/\" \/>\n<meta property=\"og:site_name\" content=\"O Arcanjo no ar\" \/>\n<meta property=\"article:publisher\" content=\"https:\/\/www.facebook.com\/OArcanjoNoAr\/\" \/>\n<meta property=\"article:published_time\" content=\"2011-08-07T11:37:03+00:00\" \/>\n<meta property=\"article:modified_time\" content=\"2011-08-09T11:38:38+00:00\" \/>\n<meta property=\"og:image\" content=\"https:\/\/www.oarcanjo.net\/site\/wp-content\/uploads\/logo-o-arcanjo-no-ar-facebook.png\" \/>\n\t<meta property=\"og:image:width\" content=\"300\" \/>\n\t<meta property=\"og:image:height\" content=\"300\" \/>\n\t<meta property=\"og:image:type\" content=\"image\/png\" \/>\n<meta name=\"author\" content=\"editor\" \/>\n<meta name=\"twitter:card\" content=\"summary_large_image\" \/>\n<meta name=\"twitter:label1\" content=\"Escrito por\" \/>\n\t<meta name=\"twitter:data1\" content=\"editor\" \/>\n\t<meta name=\"twitter:label2\" content=\"Est. tempo de leitura\" \/>\n\t<meta name=\"twitter:data2\" content=\"5 minutos\" \/>\n<script type=\"application\/ld+json\" class=\"yoast-schema-graph\">{\"@context\":\"https:\/\/schema.org\",\"@graph\":[{\"@type\":\"Article\",\"@id\":\"https:\/\/www.oarcanjo.net\/site\/do-chifre-da-africa-as-antigas-utopias\/#article\",\"isPartOf\":{\"@id\":\"https:\/\/www.oarcanjo.net\/site\/do-chifre-da-africa-as-antigas-utopias\/\"},\"author\":{\"name\":\"editor\",\"@id\":\"https:\/\/www.oarcanjo.net\/site\/#\/schema\/person\/f7024d007863202483a31326673a0838\"},\"headline\":\"Do Chifre da \u00c1frica \u00e0s antigas utopias\",\"datePublished\":\"2011-08-07T11:37:03+00:00\",\"dateModified\":\"2011-08-09T11:38:38+00:00\",\"mainEntityOfPage\":{\"@id\":\"https:\/\/www.oarcanjo.net\/site\/do-chifre-da-africa-as-antigas-utopias\/\"},\"wordCount\":1095,\"commentCount\":0,\"publisher\":{\"@id\":\"https:\/\/www.oarcanjo.net\/site\/#organization\"},\"keywords\":[\"Chifre da \u00c1frica\",\"fome\",\"horror\",\"trag\u00e9dia\"],\"articleSection\":[\"Fome na \u00c1frica\"],\"inLanguage\":\"pt-BR\",\"potentialAction\":[{\"@type\":\"CommentAction\",\"name\":\"Comment\",\"target\":[\"https:\/\/www.oarcanjo.net\/site\/do-chifre-da-africa-as-antigas-utopias\/#respond\"]}]},{\"@type\":\"WebPage\",\"@id\":\"https:\/\/www.oarcanjo.net\/site\/do-chifre-da-africa-as-antigas-utopias\/\",\"url\":\"https:\/\/www.oarcanjo.net\/site\/do-chifre-da-africa-as-antigas-utopias\/\",\"name\":\"Do Chifre da \u00c1frica \u00e0s antigas utopias - O Arcanjo no ar\",\"isPartOf\":{\"@id\":\"https:\/\/www.oarcanjo.net\/site\/#website\"},\"datePublished\":\"2011-08-07T11:37:03+00:00\",\"dateModified\":\"2011-08-09T11:38:38+00:00\",\"breadcrumb\":{\"@id\":\"https:\/\/www.oarcanjo.net\/site\/do-chifre-da-africa-as-antigas-utopias\/#breadcrumb\"},\"inLanguage\":\"pt-BR\",\"potentialAction\":[{\"@type\":\"ReadAction\",\"target\":[\"https:\/\/www.oarcanjo.net\/site\/do-chifre-da-africa-as-antigas-utopias\/\"]}]},{\"@type\":\"BreadcrumbList\",\"@id\":\"https:\/\/www.oarcanjo.net\/site\/do-chifre-da-africa-as-antigas-utopias\/#breadcrumb\",\"itemListElement\":[{\"@type\":\"ListItem\",\"position\":1,\"name\":\"In\u00edcio\",\"item\":\"https:\/\/www.oarcanjo.net\/site\/\"},{\"@type\":\"ListItem\",\"position\":2,\"name\":\"Do Chifre da \u00c1frica \u00e0s antigas utopias\"}]},{\"@type\":\"WebSite\",\"@id\":\"https:\/\/www.oarcanjo.net\/site\/#website\",\"url\":\"https:\/\/www.oarcanjo.net\/site\/\",\"name\":\"O Arcanjo no ar\",\"description\":\"Site da Par\u00f3quia S\u00e3o Miguel Arcanjo (Arquidiocese de SP)\",\"publisher\":{\"@id\":\"https:\/\/www.oarcanjo.net\/site\/#organization\"},\"potentialAction\":[{\"@type\":\"SearchAction\",\"target\":{\"@type\":\"EntryPoint\",\"urlTemplate\":\"https:\/\/www.oarcanjo.net\/site\/?s={search_term_string}\"},\"query-input\":{\"@type\":\"PropertyValueSpecification\",\"valueRequired\":true,\"valueName\":\"search_term_string\"}}],\"inLanguage\":\"pt-BR\"},{\"@type\":\"Organization\",\"@id\":\"https:\/\/www.oarcanjo.net\/site\/#organization\",\"name\":\"Par\u00f3quia S\u00e3o Miguel Arcanjo\",\"url\":\"https:\/\/www.oarcanjo.net\/site\/\",\"logo\":{\"@type\":\"ImageObject\",\"inLanguage\":\"pt-BR\",\"@id\":\"https:\/\/www.oarcanjo.net\/site\/#\/schema\/logo\/image\/\",\"url\":\"https:\/\/www.oarcanjo.net\/site\/wp-content\/uploads\/LogoOArcanjo.png\",\"contentUrl\":\"https:\/\/www.oarcanjo.net\/site\/wp-content\/uploads\/LogoOArcanjo.png\",\"width\":319,\"height\":99,\"caption\":\"Par\u00f3quia S\u00e3o Miguel Arcanjo\"},\"image\":{\"@id\":\"https:\/\/www.oarcanjo.net\/site\/#\/schema\/logo\/image\/\"},\"sameAs\":[\"https:\/\/www.facebook.com\/OArcanjoNoAr\/\"]},{\"@type\":\"Person\",\"@id\":\"https:\/\/www.oarcanjo.net\/site\/#\/schema\/person\/f7024d007863202483a31326673a0838\",\"name\":\"editor\",\"sameAs\":[\"http:\/\/www.oarcanjo.net\"]}]}<\/script>\n<!-- \/ Yoast SEO plugin. -->","yoast_head_json":{"title":"Do Chifre da \u00c1frica \u00e0s antigas utopias - O Arcanjo no ar","robots":{"index":"index","follow":"follow","max-snippet":"max-snippet:-1","max-image-preview":"max-image-preview:large","max-video-preview":"max-video-preview:-1"},"canonical":"https:\/\/www.oarcanjo.net\/site\/do-chifre-da-africa-as-antigas-utopias\/","og_locale":"pt_BR","og_type":"article","og_title":"Do Chifre da \u00c1frica \u00e0s antigas utopias - O Arcanjo no ar","og_description":"Washington Novaes \u00c9 inevit\u00e1vel que venha \u00e0 mente, nestes dias em que se l\u00ea o notici\u00e1rio terr\u00edvel sobre a seca no &#8220;Chifre da \u00c1frica&#8221; e sobre os conflitos que cercam o nascimento da 54.\u00aa na\u00e7\u00e3o africana &#8211; o Sud\u00e3o do Sul, separado do norte -, o livro O Cora\u00e7\u00e3o das Trevas, em que Joseph Conrad [&hellip;]","og_url":"https:\/\/www.oarcanjo.net\/site\/do-chifre-da-africa-as-antigas-utopias\/","og_site_name":"O Arcanjo no ar","article_publisher":"https:\/\/www.facebook.com\/OArcanjoNoAr\/","article_published_time":"2011-08-07T11:37:03+00:00","article_modified_time":"2011-08-09T11:38:38+00:00","og_image":[{"width":300,"height":300,"url":"https:\/\/www.oarcanjo.net\/site\/wp-content\/uploads\/logo-o-arcanjo-no-ar-facebook.png","type":"image\/png"}],"author":"editor","twitter_card":"summary_large_image","twitter_misc":{"Escrito por":"editor","Est. tempo de leitura":"5 minutos"},"schema":{"@context":"https:\/\/schema.org","@graph":[{"@type":"Article","@id":"https:\/\/www.oarcanjo.net\/site\/do-chifre-da-africa-as-antigas-utopias\/#article","isPartOf":{"@id":"https:\/\/www.oarcanjo.net\/site\/do-chifre-da-africa-as-antigas-utopias\/"},"author":{"name":"editor","@id":"https:\/\/www.oarcanjo.net\/site\/#\/schema\/person\/f7024d007863202483a31326673a0838"},"headline":"Do Chifre da \u00c1frica \u00e0s antigas utopias","datePublished":"2011-08-07T11:37:03+00:00","dateModified":"2011-08-09T11:38:38+00:00","mainEntityOfPage":{"@id":"https:\/\/www.oarcanjo.net\/site\/do-chifre-da-africa-as-antigas-utopias\/"},"wordCount":1095,"commentCount":0,"publisher":{"@id":"https:\/\/www.oarcanjo.net\/site\/#organization"},"keywords":["Chifre da \u00c1frica","fome","horror","trag\u00e9dia"],"articleSection":["Fome na \u00c1frica"],"inLanguage":"pt-BR","potentialAction":[{"@type":"CommentAction","name":"Comment","target":["https:\/\/www.oarcanjo.net\/site\/do-chifre-da-africa-as-antigas-utopias\/#respond"]}]},{"@type":"WebPage","@id":"https:\/\/www.oarcanjo.net\/site\/do-chifre-da-africa-as-antigas-utopias\/","url":"https:\/\/www.oarcanjo.net\/site\/do-chifre-da-africa-as-antigas-utopias\/","name":"Do Chifre da \u00c1frica \u00e0s antigas utopias - O Arcanjo no ar","isPartOf":{"@id":"https:\/\/www.oarcanjo.net\/site\/#website"},"datePublished":"2011-08-07T11:37:03+00:00","dateModified":"2011-08-09T11:38:38+00:00","breadcrumb":{"@id":"https:\/\/www.oarcanjo.net\/site\/do-chifre-da-africa-as-antigas-utopias\/#breadcrumb"},"inLanguage":"pt-BR","potentialAction":[{"@type":"ReadAction","target":["https:\/\/www.oarcanjo.net\/site\/do-chifre-da-africa-as-antigas-utopias\/"]}]},{"@type":"BreadcrumbList","@id":"https:\/\/www.oarcanjo.net\/site\/do-chifre-da-africa-as-antigas-utopias\/#breadcrumb","itemListElement":[{"@type":"ListItem","position":1,"name":"In\u00edcio","item":"https:\/\/www.oarcanjo.net\/site\/"},{"@type":"ListItem","position":2,"name":"Do Chifre da \u00c1frica \u00e0s antigas utopias"}]},{"@type":"WebSite","@id":"https:\/\/www.oarcanjo.net\/site\/#website","url":"https:\/\/www.oarcanjo.net\/site\/","name":"O Arcanjo no ar","description":"Site da Par\u00f3quia S\u00e3o Miguel Arcanjo (Arquidiocese de SP)","publisher":{"@id":"https:\/\/www.oarcanjo.net\/site\/#organization"},"potentialAction":[{"@type":"SearchAction","target":{"@type":"EntryPoint","urlTemplate":"https:\/\/www.oarcanjo.net\/site\/?s={search_term_string}"},"query-input":{"@type":"PropertyValueSpecification","valueRequired":true,"valueName":"search_term_string"}}],"inLanguage":"pt-BR"},{"@type":"Organization","@id":"https:\/\/www.oarcanjo.net\/site\/#organization","name":"Par\u00f3quia S\u00e3o Miguel Arcanjo","url":"https:\/\/www.oarcanjo.net\/site\/","logo":{"@type":"ImageObject","inLanguage":"pt-BR","@id":"https:\/\/www.oarcanjo.net\/site\/#\/schema\/logo\/image\/","url":"https:\/\/www.oarcanjo.net\/site\/wp-content\/uploads\/LogoOArcanjo.png","contentUrl":"https:\/\/www.oarcanjo.net\/site\/wp-content\/uploads\/LogoOArcanjo.png","width":319,"height":99,"caption":"Par\u00f3quia S\u00e3o Miguel Arcanjo"},"image":{"@id":"https:\/\/www.oarcanjo.net\/site\/#\/schema\/logo\/image\/"},"sameAs":["https:\/\/www.facebook.com\/OArcanjoNoAr\/"]},{"@type":"Person","@id":"https:\/\/www.oarcanjo.net\/site\/#\/schema\/person\/f7024d007863202483a31326673a0838","name":"editor","sameAs":["http:\/\/www.oarcanjo.net"]}]}},"publishpress_future_action":{"enabled":false,"date":"2026-05-09 10:25:03","action":"category","newStatus":"draft","terms":[],"taxonomy":"category"},"publishpress_future_workflow_manual_trigger":{"enabledWorkflows":[]},"_links":{"self":[{"href":"https:\/\/www.oarcanjo.net\/site\/wp-json\/wp\/v2\/posts\/15342"}],"collection":[{"href":"https:\/\/www.oarcanjo.net\/site\/wp-json\/wp\/v2\/posts"}],"about":[{"href":"https:\/\/www.oarcanjo.net\/site\/wp-json\/wp\/v2\/types\/post"}],"author":[{"embeddable":true,"href":"https:\/\/www.oarcanjo.net\/site\/wp-json\/wp\/v2\/users\/5"}],"replies":[{"embeddable":true,"href":"https:\/\/www.oarcanjo.net\/site\/wp-json\/wp\/v2\/comments?post=15342"}],"version-history":[{"count":0,"href":"https:\/\/www.oarcanjo.net\/site\/wp-json\/wp\/v2\/posts\/15342\/revisions"}],"wp:attachment":[{"href":"https:\/\/www.oarcanjo.net\/site\/wp-json\/wp\/v2\/media?parent=15342"}],"wp:term":[{"taxonomy":"category","embeddable":true,"href":"https:\/\/www.oarcanjo.net\/site\/wp-json\/wp\/v2\/categories?post=15342"},{"taxonomy":"post_tag","embeddable":true,"href":"https:\/\/www.oarcanjo.net\/site\/wp-json\/wp\/v2\/tags?post=15342"}],"curies":[{"name":"wp","href":"https:\/\/api.w.org\/{rel}","templated":true}]}}