
{"id":15365,"date":"2011-08-11T09:27:39","date_gmt":"2011-08-11T12:27:39","guid":{"rendered":"http:\/\/www.oarcanjo.net\/site\/?p=15365"},"modified":"2011-08-11T12:18:58","modified_gmt":"2011-08-11T15:18:58","slug":"feliz-missao-mariana","status":"publish","type":"post","link":"https:\/\/www.oarcanjo.net\/site\/feliz-missao-mariana\/","title":{"rendered":"Feliz Miss\u00e3o, Mariana"},"content":{"rendered":"<p>Lilian Sgarioni Roberto<\/p>\n<p>De 16 a 21 de agosto de 2011, acontecer\u00e1 a Jornada Mundial Da Juventude, encontro de milhares de jovens do mundo inteiro com o Papa Bento XVI em Madri, Espanha.<\/p>\n<p>Mais do que um encontro com o santo Pont\u00edfice, ser\u00e1 um momento de paz e esperan\u00e7a. Reunir tantas pessoas que praticamente est\u00e3o iniciando suas vidas para rezar, trocar ideias, conhecer um pouco uns dos outros, suas diferen\u00e7as, seus objetivos \u00e9 muito motivador, pois teremos pela frente adultos que com certeza seguir\u00e3o firmes na f\u00e9.<\/p>\n<p>Mais importante do que ter um representante da nossa Par\u00f3quia neste encontro, \u00e9 saber que vamos ter uma menina jovem, totalmente engajada na Igreja e em sua miss\u00e3o no mundo, a nossa querida Mariana. Esfor\u00e7ada e inteligente, Mariana acolhe a todos que chegam na comunidade com um sorriso lindo, sempre com o folheto da missa nas m\u00e3os, perguntando aos mais conhecidos &#8220;Tudo Bem?&#8221;, dirigindo pessoas a se sentarem com um feliz &#8221; Boa noite&#8221; ou &#8220;Boa Tarde&#8221;, ningu\u00e9m ou quase ningu\u00e9m passa despercebido pela Mariana, que exerce ao lado de pessoas mais experientes este minist\u00e9rio t\u00e3o importante que \u00e9 o da acolhida na Par\u00f3quia.<\/p>\n<p>Mariana ainda estuda, escreve no site sobre tudo o que interessa aos jovens e seus textos t\u00eam sempre muita repercus\u00e3o, haja vista os coment\u00e1rios postados no site, mais importante que isso \u00e9 o amor e respeito que ela tem de todas as pessoas da comunidade e do nosso querido Padre J\u00falio.<\/p>\n<p>Em um mundo que visa o ter e n\u00e3o o ser, realmente este encontro ser\u00e1 de grande valia, mostrar\u00e1 ao mundo que os jovens gostam sim de tudo que suas idades lhe oferecem, mas tamb\u00e9m estes mesmos jovens podem e devem trilhar o caminho do bem e ter uma vida baseada em seguir Jesus Cristo e na prega\u00e7\u00e3o do Evangelho, j\u00e1 que como batizados todos temos esta miss\u00e3o e eles ter\u00e3o este caminho de uma forma mundial \u00a0e com o chefe maior da Igreja Cat\u00f3lica.<\/p>\n<p>Mariana segue em miss\u00e3o de registrar detalhes do encontro, seu olhar de menina, seu olhar jovem, trar\u00e1 mais do que lembran\u00e7as, trar\u00e1 experiencias, trar\u00e1 imagens, quando ela voltar, com ceteza ir\u00e1 compartilhar tudo isso conosco, seus irm\u00e3os e irm\u00e3s da f\u00e9 em Cristo Jesus.<\/p>\n<p>Em um per\u00edodo que estamos rezando pelas voca\u00e7\u00f5es e n\u00e3o s\u00f3 as voca\u00e7\u00f5es ordenadas, mas \u00e0queles que s\u00e3o chamados para ser algo mais, algo diferente e motivador para quem est\u00e1 \u00e0 sua volta, estaremos com f\u00e9 rezando por voc\u00ea, Mariana, que esta experiencia seja \u00fanica na sua vida e que seu cora\u00e7\u00e3o volte mais cheio de alegria e esperan\u00e7a do que nunca.<\/p>\n<p>Seu exemplo seja espelho para muitos jovens, e aqui n\u00e3o estou escrevendo de uma pessoa perfeita, mas de uma pessoa come\u00e7ando sua vida, que sabe de suas fraquezas e defeitos, mas que sabe \u00a0tamb\u00e9m que \u00e9 capaz de tentar ser melhor para si mesmo e para as pessoas que est\u00e3o ao seu redor.<\/p>\n<p>Por isso, de cora\u00e7\u00e3o aberto e felizes, desejamos: Feliz Miss\u00e3o, Mariana!<\/p>\n<p>Deus te acompanhe e aguardaremos com mansid\u00e3o e felicidade teu retorno e tomara que voc\u00ea traga consigo excesso de bagagem: de amor e esperan\u00e7a.<\/p>\n<div id=\"themify_builder_content-15365\" data-postid=\"15365\" class=\"themify_builder_content themify_builder_content-15365 themify_builder themify_builder_front\">\n\t<\/div>\n<!-- \/themify_builder_content -->","protected":false},"excerpt":{"rendered":"<p>Lilian Sgarioni Roberto De 16 a 21 de agosto de 2011, acontecer\u00e1 a Jornada Mundial Da Juventude, encontro de milhares de jovens do mundo inteiro com o Papa Bento XVI em Madri, Espanha. Mais do que um encontro com o santo Pont\u00edfice, ser\u00e1 um momento de paz e esperan\u00e7a. Reunir tantas pessoas que praticamente est\u00e3o [&hellip;]<\/p>\n","protected":false},"author":5,"featured_media":0,"comment_status":"open","ping_status":"open","sticky":false,"template":"","format":"standard","meta":{"ngg_post_thumbnail":0,"footnotes":""},"categories":[395,7],"tags":[],"yoast_head":"<!-- This site is optimized with the Yoast SEO plugin v23.5 - https:\/\/yoast.com\/wordpress\/plugins\/seo\/ -->\n<title>Feliz Miss\u00e3o, Mariana - O Arcanjo no ar<\/title>\n<meta name=\"robots\" content=\"index, follow, max-snippet:-1, max-image-preview:large, max-video-preview:-1\" \/>\n<link rel=\"canonical\" href=\"https:\/\/www.oarcanjo.net\/site\/feliz-missao-mariana\/\" \/>\n<meta property=\"og:locale\" content=\"pt_BR\" \/>\n<meta property=\"og:type\" content=\"article\" \/>\n<meta property=\"og:title\" content=\"Feliz Miss\u00e3o, Mariana - O Arcanjo no ar\" \/>\n<meta property=\"og:description\" content=\"Lilian Sgarioni Roberto De 16 a 21 de agosto de 2011, acontecer\u00e1 a Jornada Mundial Da Juventude, encontro de milhares de jovens do mundo inteiro com o Papa Bento XVI em Madri, Espanha. Mais do que um encontro com o santo Pont\u00edfice, ser\u00e1 um momento de paz e esperan\u00e7a. Reunir tantas pessoas que praticamente est\u00e3o [&hellip;]\" \/>\n<meta property=\"og:url\" content=\"https:\/\/www.oarcanjo.net\/site\/feliz-missao-mariana\/\" \/>\n<meta property=\"og:site_name\" content=\"O Arcanjo no ar\" \/>\n<meta property=\"article:publisher\" content=\"https:\/\/www.facebook.com\/OArcanjoNoAr\/\" \/>\n<meta property=\"article:published_time\" content=\"2011-08-11T12:27:39+00:00\" \/>\n<meta property=\"article:modified_time\" content=\"2011-08-11T15:18:58+00:00\" \/>\n<meta property=\"og:image\" content=\"https:\/\/www.oarcanjo.net\/site\/wp-content\/uploads\/logo-o-arcanjo-no-ar-facebook.png\" \/>\n\t<meta property=\"og:image:width\" content=\"300\" \/>\n\t<meta property=\"og:image:height\" content=\"300\" \/>\n\t<meta property=\"og:image:type\" content=\"image\/png\" \/>\n<meta name=\"author\" content=\"editor\" \/>\n<meta name=\"twitter:card\" content=\"summary_large_image\" \/>\n<meta name=\"twitter:label1\" content=\"Escrito por\" \/>\n\t<meta name=\"twitter:data1\" content=\"editor\" \/>\n\t<meta name=\"twitter:label2\" content=\"Est. tempo de leitura\" \/>\n\t<meta name=\"twitter:data2\" content=\"3 minutos\" \/>\n<script type=\"application\/ld+json\" class=\"yoast-schema-graph\">{\"@context\":\"https:\/\/schema.org\",\"@graph\":[{\"@type\":\"Article\",\"@id\":\"https:\/\/www.oarcanjo.net\/site\/feliz-missao-mariana\/#article\",\"isPartOf\":{\"@id\":\"https:\/\/www.oarcanjo.net\/site\/feliz-missao-mariana\/\"},\"author\":{\"name\":\"editor\",\"@id\":\"https:\/\/www.oarcanjo.net\/site\/#\/schema\/person\/f7024d007863202483a31326673a0838\"},\"headline\":\"Feliz Miss\u00e3o, Mariana\",\"datePublished\":\"2011-08-11T12:27:39+00:00\",\"dateModified\":\"2011-08-11T15:18:58+00:00\",\"mainEntityOfPage\":{\"@id\":\"https:\/\/www.oarcanjo.net\/site\/feliz-missao-mariana\/\"},\"wordCount\":558,\"commentCount\":9,\"publisher\":{\"@id\":\"https:\/\/www.oarcanjo.net\/site\/#organization\"},\"articleSection\":[\"Jovens\",\"Rosto da comunidade\"],\"inLanguage\":\"pt-BR\",\"potentialAction\":[{\"@type\":\"CommentAction\",\"name\":\"Comment\",\"target\":[\"https:\/\/www.oarcanjo.net\/site\/feliz-missao-mariana\/#respond\"]}]},{\"@type\":\"WebPage\",\"@id\":\"https:\/\/www.oarcanjo.net\/site\/feliz-missao-mariana\/\",\"url\":\"https:\/\/www.oarcanjo.net\/site\/feliz-missao-mariana\/\",\"name\":\"Feliz Miss\u00e3o, Mariana - O Arcanjo no ar\",\"isPartOf\":{\"@id\":\"https:\/\/www.oarcanjo.net\/site\/#website\"},\"datePublished\":\"2011-08-11T12:27:39+00:00\",\"dateModified\":\"2011-08-11T15:18:58+00:00\",\"breadcrumb\":{\"@id\":\"https:\/\/www.oarcanjo.net\/site\/feliz-missao-mariana\/#breadcrumb\"},\"inLanguage\":\"pt-BR\",\"potentialAction\":[{\"@type\":\"ReadAction\",\"target\":[\"https:\/\/www.oarcanjo.net\/site\/feliz-missao-mariana\/\"]}]},{\"@type\":\"BreadcrumbList\",\"@id\":\"https:\/\/www.oarcanjo.net\/site\/feliz-missao-mariana\/#breadcrumb\",\"itemListElement\":[{\"@type\":\"ListItem\",\"position\":1,\"name\":\"In\u00edcio\",\"item\":\"https:\/\/www.oarcanjo.net\/site\/\"},{\"@type\":\"ListItem\",\"position\":2,\"name\":\"Feliz Miss\u00e3o, Mariana\"}]},{\"@type\":\"WebSite\",\"@id\":\"https:\/\/www.oarcanjo.net\/site\/#website\",\"url\":\"https:\/\/www.oarcanjo.net\/site\/\",\"name\":\"O Arcanjo no ar\",\"description\":\"Site da Par\u00f3quia S\u00e3o Miguel Arcanjo (Arquidiocese de SP)\",\"publisher\":{\"@id\":\"https:\/\/www.oarcanjo.net\/site\/#organization\"},\"potentialAction\":[{\"@type\":\"SearchAction\",\"target\":{\"@type\":\"EntryPoint\",\"urlTemplate\":\"https:\/\/www.oarcanjo.net\/site\/?s={search_term_string}\"},\"query-input\":{\"@type\":\"PropertyValueSpecification\",\"valueRequired\":true,\"valueName\":\"search_term_string\"}}],\"inLanguage\":\"pt-BR\"},{\"@type\":\"Organization\",\"@id\":\"https:\/\/www.oarcanjo.net\/site\/#organization\",\"name\":\"Par\u00f3quia S\u00e3o Miguel Arcanjo\",\"url\":\"https:\/\/www.oarcanjo.net\/site\/\",\"logo\":{\"@type\":\"ImageObject\",\"inLanguage\":\"pt-BR\",\"@id\":\"https:\/\/www.oarcanjo.net\/site\/#\/schema\/logo\/image\/\",\"url\":\"https:\/\/www.oarcanjo.net\/site\/wp-content\/uploads\/LogoOArcanjo.png\",\"contentUrl\":\"https:\/\/www.oarcanjo.net\/site\/wp-content\/uploads\/LogoOArcanjo.png\",\"width\":319,\"height\":99,\"caption\":\"Par\u00f3quia S\u00e3o Miguel Arcanjo\"},\"image\":{\"@id\":\"https:\/\/www.oarcanjo.net\/site\/#\/schema\/logo\/image\/\"},\"sameAs\":[\"https:\/\/www.facebook.com\/OArcanjoNoAr\/\"]},{\"@type\":\"Person\",\"@id\":\"https:\/\/www.oarcanjo.net\/site\/#\/schema\/person\/f7024d007863202483a31326673a0838\",\"name\":\"editor\",\"sameAs\":[\"http:\/\/www.oarcanjo.net\"]}]}<\/script>\n<!-- \/ Yoast SEO plugin. -->","yoast_head_json":{"title":"Feliz Miss\u00e3o, Mariana - O Arcanjo no ar","robots":{"index":"index","follow":"follow","max-snippet":"max-snippet:-1","max-image-preview":"max-image-preview:large","max-video-preview":"max-video-preview:-1"},"canonical":"https:\/\/www.oarcanjo.net\/site\/feliz-missao-mariana\/","og_locale":"pt_BR","og_type":"article","og_title":"Feliz Miss\u00e3o, Mariana - O Arcanjo no ar","og_description":"Lilian Sgarioni Roberto De 16 a 21 de agosto de 2011, acontecer\u00e1 a Jornada Mundial Da Juventude, encontro de milhares de jovens do mundo inteiro com o Papa Bento XVI em Madri, Espanha. Mais do que um encontro com o santo Pont\u00edfice, ser\u00e1 um momento de paz e esperan\u00e7a. Reunir tantas pessoas que praticamente est\u00e3o [&hellip;]","og_url":"https:\/\/www.oarcanjo.net\/site\/feliz-missao-mariana\/","og_site_name":"O Arcanjo no ar","article_publisher":"https:\/\/www.facebook.com\/OArcanjoNoAr\/","article_published_time":"2011-08-11T12:27:39+00:00","article_modified_time":"2011-08-11T15:18:58+00:00","og_image":[{"width":300,"height":300,"url":"https:\/\/www.oarcanjo.net\/site\/wp-content\/uploads\/logo-o-arcanjo-no-ar-facebook.png","type":"image\/png"}],"author":"editor","twitter_card":"summary_large_image","twitter_misc":{"Escrito por":"editor","Est. tempo de leitura":"3 minutos"},"schema":{"@context":"https:\/\/schema.org","@graph":[{"@type":"Article","@id":"https:\/\/www.oarcanjo.net\/site\/feliz-missao-mariana\/#article","isPartOf":{"@id":"https:\/\/www.oarcanjo.net\/site\/feliz-missao-mariana\/"},"author":{"name":"editor","@id":"https:\/\/www.oarcanjo.net\/site\/#\/schema\/person\/f7024d007863202483a31326673a0838"},"headline":"Feliz Miss\u00e3o, Mariana","datePublished":"2011-08-11T12:27:39+00:00","dateModified":"2011-08-11T15:18:58+00:00","mainEntityOfPage":{"@id":"https:\/\/www.oarcanjo.net\/site\/feliz-missao-mariana\/"},"wordCount":558,"commentCount":9,"publisher":{"@id":"https:\/\/www.oarcanjo.net\/site\/#organization"},"articleSection":["Jovens","Rosto da comunidade"],"inLanguage":"pt-BR","potentialAction":[{"@type":"CommentAction","name":"Comment","target":["https:\/\/www.oarcanjo.net\/site\/feliz-missao-mariana\/#respond"]}]},{"@type":"WebPage","@id":"https:\/\/www.oarcanjo.net\/site\/feliz-missao-mariana\/","url":"https:\/\/www.oarcanjo.net\/site\/feliz-missao-mariana\/","name":"Feliz Miss\u00e3o, Mariana - O Arcanjo no ar","isPartOf":{"@id":"https:\/\/www.oarcanjo.net\/site\/#website"},"datePublished":"2011-08-11T12:27:39+00:00","dateModified":"2011-08-11T15:18:58+00:00","breadcrumb":{"@id":"https:\/\/www.oarcanjo.net\/site\/feliz-missao-mariana\/#breadcrumb"},"inLanguage":"pt-BR","potentialAction":[{"@type":"ReadAction","target":["https:\/\/www.oarcanjo.net\/site\/feliz-missao-mariana\/"]}]},{"@type":"BreadcrumbList","@id":"https:\/\/www.oarcanjo.net\/site\/feliz-missao-mariana\/#breadcrumb","itemListElement":[{"@type":"ListItem","position":1,"name":"In\u00edcio","item":"https:\/\/www.oarcanjo.net\/site\/"},{"@type":"ListItem","position":2,"name":"Feliz Miss\u00e3o, Mariana"}]},{"@type":"WebSite","@id":"https:\/\/www.oarcanjo.net\/site\/#website","url":"https:\/\/www.oarcanjo.net\/site\/","name":"O Arcanjo no ar","description":"Site da Par\u00f3quia S\u00e3o Miguel Arcanjo (Arquidiocese de SP)","publisher":{"@id":"https:\/\/www.oarcanjo.net\/site\/#organization"},"potentialAction":[{"@type":"SearchAction","target":{"@type":"EntryPoint","urlTemplate":"https:\/\/www.oarcanjo.net\/site\/?s={search_term_string}"},"query-input":{"@type":"PropertyValueSpecification","valueRequired":true,"valueName":"search_term_string"}}],"inLanguage":"pt-BR"},{"@type":"Organization","@id":"https:\/\/www.oarcanjo.net\/site\/#organization","name":"Par\u00f3quia S\u00e3o Miguel Arcanjo","url":"https:\/\/www.oarcanjo.net\/site\/","logo":{"@type":"ImageObject","inLanguage":"pt-BR","@id":"https:\/\/www.oarcanjo.net\/site\/#\/schema\/logo\/image\/","url":"https:\/\/www.oarcanjo.net\/site\/wp-content\/uploads\/LogoOArcanjo.png","contentUrl":"https:\/\/www.oarcanjo.net\/site\/wp-content\/uploads\/LogoOArcanjo.png","width":319,"height":99,"caption":"Par\u00f3quia S\u00e3o Miguel Arcanjo"},"image":{"@id":"https:\/\/www.oarcanjo.net\/site\/#\/schema\/logo\/image\/"},"sameAs":["https:\/\/www.facebook.com\/OArcanjoNoAr\/"]},{"@type":"Person","@id":"https:\/\/www.oarcanjo.net\/site\/#\/schema\/person\/f7024d007863202483a31326673a0838","name":"editor","sameAs":["http:\/\/www.oarcanjo.net"]}]}},"publishpress_future_action":{"enabled":false,"date":"2026-05-07 06:29:57","action":"category","newStatus":"draft","terms":[],"taxonomy":"category"},"publishpress_future_workflow_manual_trigger":{"enabledWorkflows":[]},"_links":{"self":[{"href":"https:\/\/www.oarcanjo.net\/site\/wp-json\/wp\/v2\/posts\/15365"}],"collection":[{"href":"https:\/\/www.oarcanjo.net\/site\/wp-json\/wp\/v2\/posts"}],"about":[{"href":"https:\/\/www.oarcanjo.net\/site\/wp-json\/wp\/v2\/types\/post"}],"author":[{"embeddable":true,"href":"https:\/\/www.oarcanjo.net\/site\/wp-json\/wp\/v2\/users\/5"}],"replies":[{"embeddable":true,"href":"https:\/\/www.oarcanjo.net\/site\/wp-json\/wp\/v2\/comments?post=15365"}],"version-history":[{"count":0,"href":"https:\/\/www.oarcanjo.net\/site\/wp-json\/wp\/v2\/posts\/15365\/revisions"}],"wp:attachment":[{"href":"https:\/\/www.oarcanjo.net\/site\/wp-json\/wp\/v2\/media?parent=15365"}],"wp:term":[{"taxonomy":"category","embeddable":true,"href":"https:\/\/www.oarcanjo.net\/site\/wp-json\/wp\/v2\/categories?post=15365"},{"taxonomy":"post_tag","embeddable":true,"href":"https:\/\/www.oarcanjo.net\/site\/wp-json\/wp\/v2\/tags?post=15365"}],"curies":[{"name":"wp","href":"https:\/\/api.w.org\/{rel}","templated":true}]}}