
{"id":15369,"date":"2011-08-11T09:48:52","date_gmt":"2011-08-11T12:48:52","guid":{"rendered":"http:\/\/www.oarcanjo.net\/site\/?p=15369"},"modified":"2011-08-11T09:48:52","modified_gmt":"2011-08-11T12:48:52","slug":"governador-geraldo-alckmin-visita-a-sao-miguel-arcanjo","status":"publish","type":"post","link":"https:\/\/www.oarcanjo.net\/site\/governador-geraldo-alckmin-visita-a-sao-miguel-arcanjo\/","title":{"rendered":"Governador Geraldo Alckmin visita a S\u00e3o Miguel Arcanjo"},"content":{"rendered":"<p>Nesta semana o governador Geraldo Alckmin fez uma visita inesperada \u00e0 par\u00f3quia S\u00e3o Miguel Arcanjo, ap\u00f3s inaugurar um novo atendimento no 8\u00ba DP.<\/p>\n<p>Falou por telefone com o Pe. Julio, que estava fora em reuni\u00e3o, conversou com a comunidade e parou para orar em frente \u00e0 imagem de S\u00e3o Miguel Arcanjo.<\/p>\n<p>Veja as fotos de Wanderley Oliveira abaixo:<\/p>\n<p><a href=\"http:\/\/www.oarcanjo.net\/site\/wp-content\/uploads\/governador-geraldo-alckmin-01.jpg\"><img loading=\"lazy\" decoding=\"async\" class=\"alignnone size-full wp-image-15370\" title=\"Governador Geraldo Alckmin visita a S\u00e3o Miguel Arcanjo\" src=\"http:\/\/www.oarcanjo.net\/site\/wp-content\/uploads\/governador-geraldo-alckmin-01.jpg\" alt=\"Governador Geraldo Alckmin visita a S\u00e3o Miguel Arcanjo\" width=\"550\" height=\"355\" srcset=\"https:\/\/www.oarcanjo.net\/site\/wp-content\/uploads\/governador-geraldo-alckmin-01.jpg 550w, https:\/\/www.oarcanjo.net\/site\/wp-content\/uploads\/governador-geraldo-alckmin-01-300x193.jpg 300w\" sizes=\"(max-width: 550px) 100vw, 550px\" \/><\/a><\/p>\n<p>&nbsp;<\/p>\n<p><a href=\"http:\/\/www.oarcanjo.net\/site\/wp-content\/uploads\/governador-geraldo-alckmin-02.jpg\"><img loading=\"lazy\" decoding=\"async\" class=\"alignnone size-full wp-image-15371\" title=\"Governador Geraldo Alckmin visita a S\u00e3o Miguel Arcanjo\" src=\"http:\/\/www.oarcanjo.net\/site\/wp-content\/uploads\/governador-geraldo-alckmin-02.jpg\" alt=\"Governador Geraldo Alckmin visita a S\u00e3o Miguel Arcanjo\" width=\"550\" height=\"367\" srcset=\"https:\/\/www.oarcanjo.net\/site\/wp-content\/uploads\/governador-geraldo-alckmin-02.jpg 550w, https:\/\/www.oarcanjo.net\/site\/wp-content\/uploads\/governador-geraldo-alckmin-02-300x200.jpg 300w\" sizes=\"(max-width: 550px) 100vw, 550px\" \/><\/a><\/p>\n<p>&nbsp;<\/p>\n<p><a href=\"http:\/\/www.oarcanjo.net\/site\/wp-content\/uploads\/governador-geraldo-alckmin-03.jpg\"><img loading=\"lazy\" decoding=\"async\" class=\"alignnone size-full wp-image-15372\" title=\"Governador Geraldo Alckmin visita a S\u00e3o Miguel Arcanjo\" src=\"http:\/\/www.oarcanjo.net\/site\/wp-content\/uploads\/governador-geraldo-alckmin-03.jpg\" alt=\"Governador Geraldo Alckmin visita a S\u00e3o Miguel Arcanjo\" width=\"550\" height=\"367\" srcset=\"https:\/\/www.oarcanjo.net\/site\/wp-content\/uploads\/governador-geraldo-alckmin-03.jpg 550w, https:\/\/www.oarcanjo.net\/site\/wp-content\/uploads\/governador-geraldo-alckmin-03-300x200.jpg 300w\" sizes=\"(max-width: 550px) 100vw, 550px\" \/><\/a><\/p>\n<p>&nbsp;<\/p>\n<p><a href=\"http:\/\/www.oarcanjo.net\/site\/wp-content\/uploads\/governador-geraldo-alckmin-04.jpg\"><img loading=\"lazy\" decoding=\"async\" class=\"alignnone size-full wp-image-15373\" title=\"Governador Geraldo Alckmin visita a S\u00e3o Miguel Arcanjo\" src=\"http:\/\/www.oarcanjo.net\/site\/wp-content\/uploads\/governador-geraldo-alckmin-04.jpg\" alt=\"Governador Geraldo Alckmin visita a S\u00e3o Miguel Arcanjo\" width=\"550\" height=\"366\" srcset=\"https:\/\/www.oarcanjo.net\/site\/wp-content\/uploads\/governador-geraldo-alckmin-04.jpg 550w, https:\/\/www.oarcanjo.net\/site\/wp-content\/uploads\/governador-geraldo-alckmin-04-300x199.jpg 300w\" sizes=\"(max-width: 550px) 100vw, 550px\" \/><\/a><\/p>\n<div id=\"themify_builder_content-15369\" data-postid=\"15369\" class=\"themify_builder_content themify_builder_content-15369 themify_builder themify_builder_front\">\n\t<\/div>\n<!-- \/themify_builder_content -->","protected":false},"excerpt":{"rendered":"<p>Nesta semana o governador Geraldo Alckmin fez uma visita inesperada \u00e0 par\u00f3quia S\u00e3o Miguel Arcanjo, ap\u00f3s inaugurar um novo atendimento no 8\u00ba DP. Falou por telefone com o Pe. Julio, que estava fora em reuni\u00e3o, conversou com a comunidade e parou para orar em frente \u00e0 imagem de S\u00e3o Miguel Arcanjo. Veja as fotos de [&hellip;]<\/p>\n","protected":false},"author":3,"featured_media":0,"comment_status":"open","ping_status":"open","sticky":false,"template":"","format":"standard","meta":{"ngg_post_thumbnail":0,"footnotes":""},"categories":[8],"tags":[],"yoast_head":"<!-- This site is optimized with the Yoast SEO plugin v23.5 - https:\/\/yoast.com\/wordpress\/plugins\/seo\/ -->\n<title>Governador Geraldo Alckmin visita a S\u00e3o Miguel Arcanjo - O Arcanjo no ar<\/title>\n<meta name=\"robots\" content=\"index, follow, max-snippet:-1, max-image-preview:large, max-video-preview:-1\" \/>\n<link rel=\"canonical\" href=\"https:\/\/www.oarcanjo.net\/site\/governador-geraldo-alckmin-visita-a-sao-miguel-arcanjo\/\" \/>\n<meta property=\"og:locale\" content=\"pt_BR\" \/>\n<meta property=\"og:type\" content=\"article\" \/>\n<meta property=\"og:title\" content=\"Governador Geraldo Alckmin visita a S\u00e3o Miguel Arcanjo - O Arcanjo no ar\" \/>\n<meta property=\"og:description\" content=\"Nesta semana o governador Geraldo Alckmin fez uma visita inesperada \u00e0 par\u00f3quia S\u00e3o Miguel Arcanjo, ap\u00f3s inaugurar um novo atendimento no 8\u00ba DP. Falou por telefone com o Pe. Julio, que estava fora em reuni\u00e3o, conversou com a comunidade e parou para orar em frente \u00e0 imagem de S\u00e3o Miguel Arcanjo. Veja as fotos de [&hellip;]\" \/>\n<meta property=\"og:url\" content=\"https:\/\/www.oarcanjo.net\/site\/governador-geraldo-alckmin-visita-a-sao-miguel-arcanjo\/\" \/>\n<meta property=\"og:site_name\" content=\"O Arcanjo no ar\" \/>\n<meta property=\"article:publisher\" content=\"https:\/\/www.facebook.com\/OArcanjoNoAr\/\" \/>\n<meta property=\"article:published_time\" content=\"2011-08-11T12:48:52+00:00\" \/>\n<meta property=\"og:image\" content=\"http:\/\/www.oarcanjo.net\/site\/wp-content\/uploads\/governador-geraldo-alckmin-01.jpg\" \/>\n<meta name=\"author\" content=\"miriam.meyer\" \/>\n<meta name=\"twitter:card\" content=\"summary_large_image\" \/>\n<meta name=\"twitter:label1\" content=\"Escrito por\" \/>\n\t<meta name=\"twitter:data1\" content=\"miriam.meyer\" \/>\n<script type=\"application\/ld+json\" class=\"yoast-schema-graph\">{\"@context\":\"https:\/\/schema.org\",\"@graph\":[{\"@type\":\"Article\",\"@id\":\"https:\/\/www.oarcanjo.net\/site\/governador-geraldo-alckmin-visita-a-sao-miguel-arcanjo\/#article\",\"isPartOf\":{\"@id\":\"https:\/\/www.oarcanjo.net\/site\/governador-geraldo-alckmin-visita-a-sao-miguel-arcanjo\/\"},\"author\":{\"name\":\"miriam.meyer\",\"@id\":\"https:\/\/www.oarcanjo.net\/site\/#\/schema\/person\/ce0fba3450314a09c6442cfee983a3d8\"},\"headline\":\"Governador Geraldo Alckmin visita a S\u00e3o Miguel Arcanjo\",\"datePublished\":\"2011-08-11T12:48:52+00:00\",\"dateModified\":\"2011-08-11T12:48:52+00:00\",\"mainEntityOfPage\":{\"@id\":\"https:\/\/www.oarcanjo.net\/site\/governador-geraldo-alckmin-visita-a-sao-miguel-arcanjo\/\"},\"wordCount\":72,\"commentCount\":4,\"publisher\":{\"@id\":\"https:\/\/www.oarcanjo.net\/site\/#organization\"},\"image\":{\"@id\":\"https:\/\/www.oarcanjo.net\/site\/governador-geraldo-alckmin-visita-a-sao-miguel-arcanjo\/#primaryimage\"},\"thumbnailUrl\":\"http:\/\/www.oarcanjo.net\/site\/wp-content\/uploads\/governador-geraldo-alckmin-01.jpg\",\"articleSection\":[\"Not\u00edcias\"],\"inLanguage\":\"pt-BR\",\"potentialAction\":[{\"@type\":\"CommentAction\",\"name\":\"Comment\",\"target\":[\"https:\/\/www.oarcanjo.net\/site\/governador-geraldo-alckmin-visita-a-sao-miguel-arcanjo\/#respond\"]}]},{\"@type\":\"WebPage\",\"@id\":\"https:\/\/www.oarcanjo.net\/site\/governador-geraldo-alckmin-visita-a-sao-miguel-arcanjo\/\",\"url\":\"https:\/\/www.oarcanjo.net\/site\/governador-geraldo-alckmin-visita-a-sao-miguel-arcanjo\/\",\"name\":\"Governador Geraldo Alckmin visita a S\u00e3o Miguel Arcanjo - O Arcanjo no ar\",\"isPartOf\":{\"@id\":\"https:\/\/www.oarcanjo.net\/site\/#website\"},\"primaryImageOfPage\":{\"@id\":\"https:\/\/www.oarcanjo.net\/site\/governador-geraldo-alckmin-visita-a-sao-miguel-arcanjo\/#primaryimage\"},\"image\":{\"@id\":\"https:\/\/www.oarcanjo.net\/site\/governador-geraldo-alckmin-visita-a-sao-miguel-arcanjo\/#primaryimage\"},\"thumbnailUrl\":\"http:\/\/www.oarcanjo.net\/site\/wp-content\/uploads\/governador-geraldo-alckmin-01.jpg\",\"datePublished\":\"2011-08-11T12:48:52+00:00\",\"dateModified\":\"2011-08-11T12:48:52+00:00\",\"breadcrumb\":{\"@id\":\"https:\/\/www.oarcanjo.net\/site\/governador-geraldo-alckmin-visita-a-sao-miguel-arcanjo\/#breadcrumb\"},\"inLanguage\":\"pt-BR\",\"potentialAction\":[{\"@type\":\"ReadAction\",\"target\":[\"https:\/\/www.oarcanjo.net\/site\/governador-geraldo-alckmin-visita-a-sao-miguel-arcanjo\/\"]}]},{\"@type\":\"ImageObject\",\"inLanguage\":\"pt-BR\",\"@id\":\"https:\/\/www.oarcanjo.net\/site\/governador-geraldo-alckmin-visita-a-sao-miguel-arcanjo\/#primaryimage\",\"url\":\"http:\/\/www.oarcanjo.net\/site\/wp-content\/uploads\/governador-geraldo-alckmin-01.jpg\",\"contentUrl\":\"http:\/\/www.oarcanjo.net\/site\/wp-content\/uploads\/governador-geraldo-alckmin-01.jpg\"},{\"@type\":\"BreadcrumbList\",\"@id\":\"https:\/\/www.oarcanjo.net\/site\/governador-geraldo-alckmin-visita-a-sao-miguel-arcanjo\/#breadcrumb\",\"itemListElement\":[{\"@type\":\"ListItem\",\"position\":1,\"name\":\"In\u00edcio\",\"item\":\"https:\/\/www.oarcanjo.net\/site\/\"},{\"@type\":\"ListItem\",\"position\":2,\"name\":\"Governador Geraldo Alckmin visita a S\u00e3o Miguel Arcanjo\"}]},{\"@type\":\"WebSite\",\"@id\":\"https:\/\/www.oarcanjo.net\/site\/#website\",\"url\":\"https:\/\/www.oarcanjo.net\/site\/\",\"name\":\"O Arcanjo no ar\",\"description\":\"Site da Par\u00f3quia S\u00e3o Miguel Arcanjo (Arquidiocese de SP)\",\"publisher\":{\"@id\":\"https:\/\/www.oarcanjo.net\/site\/#organization\"},\"potentialAction\":[{\"@type\":\"SearchAction\",\"target\":{\"@type\":\"EntryPoint\",\"urlTemplate\":\"https:\/\/www.oarcanjo.net\/site\/?s={search_term_string}\"},\"query-input\":{\"@type\":\"PropertyValueSpecification\",\"valueRequired\":true,\"valueName\":\"search_term_string\"}}],\"inLanguage\":\"pt-BR\"},{\"@type\":\"Organization\",\"@id\":\"https:\/\/www.oarcanjo.net\/site\/#organization\",\"name\":\"Par\u00f3quia S\u00e3o Miguel Arcanjo\",\"url\":\"https:\/\/www.oarcanjo.net\/site\/\",\"logo\":{\"@type\":\"ImageObject\",\"inLanguage\":\"pt-BR\",\"@id\":\"https:\/\/www.oarcanjo.net\/site\/#\/schema\/logo\/image\/\",\"url\":\"https:\/\/www.oarcanjo.net\/site\/wp-content\/uploads\/LogoOArcanjo.png\",\"contentUrl\":\"https:\/\/www.oarcanjo.net\/site\/wp-content\/uploads\/LogoOArcanjo.png\",\"width\":319,\"height\":99,\"caption\":\"Par\u00f3quia S\u00e3o Miguel Arcanjo\"},\"image\":{\"@id\":\"https:\/\/www.oarcanjo.net\/site\/#\/schema\/logo\/image\/\"},\"sameAs\":[\"https:\/\/www.facebook.com\/OArcanjoNoAr\/\"]},{\"@type\":\"Person\",\"@id\":\"https:\/\/www.oarcanjo.net\/site\/#\/schema\/person\/ce0fba3450314a09c6442cfee983a3d8\",\"name\":\"miriam.meyer\"}]}<\/script>\n<!-- \/ Yoast SEO plugin. -->","yoast_head_json":{"title":"Governador Geraldo Alckmin visita a S\u00e3o Miguel Arcanjo - O Arcanjo no ar","robots":{"index":"index","follow":"follow","max-snippet":"max-snippet:-1","max-image-preview":"max-image-preview:large","max-video-preview":"max-video-preview:-1"},"canonical":"https:\/\/www.oarcanjo.net\/site\/governador-geraldo-alckmin-visita-a-sao-miguel-arcanjo\/","og_locale":"pt_BR","og_type":"article","og_title":"Governador Geraldo Alckmin visita a S\u00e3o Miguel Arcanjo - O Arcanjo no ar","og_description":"Nesta semana o governador Geraldo Alckmin fez uma visita inesperada \u00e0 par\u00f3quia S\u00e3o Miguel Arcanjo, ap\u00f3s inaugurar um novo atendimento no 8\u00ba DP. Falou por telefone com o Pe. Julio, que estava fora em reuni\u00e3o, conversou com a comunidade e parou para orar em frente \u00e0 imagem de S\u00e3o Miguel Arcanjo. Veja as fotos de [&hellip;]","og_url":"https:\/\/www.oarcanjo.net\/site\/governador-geraldo-alckmin-visita-a-sao-miguel-arcanjo\/","og_site_name":"O Arcanjo no ar","article_publisher":"https:\/\/www.facebook.com\/OArcanjoNoAr\/","article_published_time":"2011-08-11T12:48:52+00:00","og_image":[{"url":"http:\/\/www.oarcanjo.net\/site\/wp-content\/uploads\/governador-geraldo-alckmin-01.jpg"}],"author":"miriam.meyer","twitter_card":"summary_large_image","twitter_misc":{"Escrito por":"miriam.meyer"},"schema":{"@context":"https:\/\/schema.org","@graph":[{"@type":"Article","@id":"https:\/\/www.oarcanjo.net\/site\/governador-geraldo-alckmin-visita-a-sao-miguel-arcanjo\/#article","isPartOf":{"@id":"https:\/\/www.oarcanjo.net\/site\/governador-geraldo-alckmin-visita-a-sao-miguel-arcanjo\/"},"author":{"name":"miriam.meyer","@id":"https:\/\/www.oarcanjo.net\/site\/#\/schema\/person\/ce0fba3450314a09c6442cfee983a3d8"},"headline":"Governador Geraldo Alckmin visita a S\u00e3o Miguel Arcanjo","datePublished":"2011-08-11T12:48:52+00:00","dateModified":"2011-08-11T12:48:52+00:00","mainEntityOfPage":{"@id":"https:\/\/www.oarcanjo.net\/site\/governador-geraldo-alckmin-visita-a-sao-miguel-arcanjo\/"},"wordCount":72,"commentCount":4,"publisher":{"@id":"https:\/\/www.oarcanjo.net\/site\/#organization"},"image":{"@id":"https:\/\/www.oarcanjo.net\/site\/governador-geraldo-alckmin-visita-a-sao-miguel-arcanjo\/#primaryimage"},"thumbnailUrl":"http:\/\/www.oarcanjo.net\/site\/wp-content\/uploads\/governador-geraldo-alckmin-01.jpg","articleSection":["Not\u00edcias"],"inLanguage":"pt-BR","potentialAction":[{"@type":"CommentAction","name":"Comment","target":["https:\/\/www.oarcanjo.net\/site\/governador-geraldo-alckmin-visita-a-sao-miguel-arcanjo\/#respond"]}]},{"@type":"WebPage","@id":"https:\/\/www.oarcanjo.net\/site\/governador-geraldo-alckmin-visita-a-sao-miguel-arcanjo\/","url":"https:\/\/www.oarcanjo.net\/site\/governador-geraldo-alckmin-visita-a-sao-miguel-arcanjo\/","name":"Governador Geraldo Alckmin visita a S\u00e3o Miguel Arcanjo - O Arcanjo no ar","isPartOf":{"@id":"https:\/\/www.oarcanjo.net\/site\/#website"},"primaryImageOfPage":{"@id":"https:\/\/www.oarcanjo.net\/site\/governador-geraldo-alckmin-visita-a-sao-miguel-arcanjo\/#primaryimage"},"image":{"@id":"https:\/\/www.oarcanjo.net\/site\/governador-geraldo-alckmin-visita-a-sao-miguel-arcanjo\/#primaryimage"},"thumbnailUrl":"http:\/\/www.oarcanjo.net\/site\/wp-content\/uploads\/governador-geraldo-alckmin-01.jpg","datePublished":"2011-08-11T12:48:52+00:00","dateModified":"2011-08-11T12:48:52+00:00","breadcrumb":{"@id":"https:\/\/www.oarcanjo.net\/site\/governador-geraldo-alckmin-visita-a-sao-miguel-arcanjo\/#breadcrumb"},"inLanguage":"pt-BR","potentialAction":[{"@type":"ReadAction","target":["https:\/\/www.oarcanjo.net\/site\/governador-geraldo-alckmin-visita-a-sao-miguel-arcanjo\/"]}]},{"@type":"ImageObject","inLanguage":"pt-BR","@id":"https:\/\/www.oarcanjo.net\/site\/governador-geraldo-alckmin-visita-a-sao-miguel-arcanjo\/#primaryimage","url":"http:\/\/www.oarcanjo.net\/site\/wp-content\/uploads\/governador-geraldo-alckmin-01.jpg","contentUrl":"http:\/\/www.oarcanjo.net\/site\/wp-content\/uploads\/governador-geraldo-alckmin-01.jpg"},{"@type":"BreadcrumbList","@id":"https:\/\/www.oarcanjo.net\/site\/governador-geraldo-alckmin-visita-a-sao-miguel-arcanjo\/#breadcrumb","itemListElement":[{"@type":"ListItem","position":1,"name":"In\u00edcio","item":"https:\/\/www.oarcanjo.net\/site\/"},{"@type":"ListItem","position":2,"name":"Governador Geraldo Alckmin visita a S\u00e3o Miguel Arcanjo"}]},{"@type":"WebSite","@id":"https:\/\/www.oarcanjo.net\/site\/#website","url":"https:\/\/www.oarcanjo.net\/site\/","name":"O Arcanjo no ar","description":"Site da Par\u00f3quia S\u00e3o Miguel Arcanjo (Arquidiocese de SP)","publisher":{"@id":"https:\/\/www.oarcanjo.net\/site\/#organization"},"potentialAction":[{"@type":"SearchAction","target":{"@type":"EntryPoint","urlTemplate":"https:\/\/www.oarcanjo.net\/site\/?s={search_term_string}"},"query-input":{"@type":"PropertyValueSpecification","valueRequired":true,"valueName":"search_term_string"}}],"inLanguage":"pt-BR"},{"@type":"Organization","@id":"https:\/\/www.oarcanjo.net\/site\/#organization","name":"Par\u00f3quia S\u00e3o Miguel Arcanjo","url":"https:\/\/www.oarcanjo.net\/site\/","logo":{"@type":"ImageObject","inLanguage":"pt-BR","@id":"https:\/\/www.oarcanjo.net\/site\/#\/schema\/logo\/image\/","url":"https:\/\/www.oarcanjo.net\/site\/wp-content\/uploads\/LogoOArcanjo.png","contentUrl":"https:\/\/www.oarcanjo.net\/site\/wp-content\/uploads\/LogoOArcanjo.png","width":319,"height":99,"caption":"Par\u00f3quia S\u00e3o Miguel Arcanjo"},"image":{"@id":"https:\/\/www.oarcanjo.net\/site\/#\/schema\/logo\/image\/"},"sameAs":["https:\/\/www.facebook.com\/OArcanjoNoAr\/"]},{"@type":"Person","@id":"https:\/\/www.oarcanjo.net\/site\/#\/schema\/person\/ce0fba3450314a09c6442cfee983a3d8","name":"miriam.meyer"}]}},"publishpress_future_action":{"enabled":false,"date":"2026-05-09 09:05:06","action":"category","newStatus":"draft","terms":[],"taxonomy":"category"},"publishpress_future_workflow_manual_trigger":{"enabledWorkflows":[]},"_links":{"self":[{"href":"https:\/\/www.oarcanjo.net\/site\/wp-json\/wp\/v2\/posts\/15369"}],"collection":[{"href":"https:\/\/www.oarcanjo.net\/site\/wp-json\/wp\/v2\/posts"}],"about":[{"href":"https:\/\/www.oarcanjo.net\/site\/wp-json\/wp\/v2\/types\/post"}],"author":[{"embeddable":true,"href":"https:\/\/www.oarcanjo.net\/site\/wp-json\/wp\/v2\/users\/3"}],"replies":[{"embeddable":true,"href":"https:\/\/www.oarcanjo.net\/site\/wp-json\/wp\/v2\/comments?post=15369"}],"version-history":[{"count":0,"href":"https:\/\/www.oarcanjo.net\/site\/wp-json\/wp\/v2\/posts\/15369\/revisions"}],"wp:attachment":[{"href":"https:\/\/www.oarcanjo.net\/site\/wp-json\/wp\/v2\/media?parent=15369"}],"wp:term":[{"taxonomy":"category","embeddable":true,"href":"https:\/\/www.oarcanjo.net\/site\/wp-json\/wp\/v2\/categories?post=15369"},{"taxonomy":"post_tag","embeddable":true,"href":"https:\/\/www.oarcanjo.net\/site\/wp-json\/wp\/v2\/tags?post=15369"}],"curies":[{"name":"wp","href":"https:\/\/api.w.org\/{rel}","templated":true}]}}