
{"id":15379,"date":"2011-08-12T09:11:42","date_gmt":"2011-08-12T12:11:42","guid":{"rendered":"http:\/\/www.oarcanjo.net\/site\/?p=15379"},"modified":"2011-08-12T09:11:42","modified_gmt":"2011-08-12T12:11:42","slug":"campanha-pela-reforma-da-casa-do-pe-julio","status":"publish","type":"post","link":"https:\/\/www.oarcanjo.net\/site\/campanha-pela-reforma-da-casa-do-pe-julio\/","title":{"rendered":"Campanha pela reforma da casa do Pe. Julio"},"content":{"rendered":"<p>Amigos do padre Julio Lancellotti est\u00e3o fazendo uma campanha na Internet para arrecadar dinheiro para a reforma de sua casa. O im\u00f3vel foi atingido por um inc\u00eandio acidental no dia 13 de junho. O fogo come\u00e7ou quando uma fagulha provocada por um curto circuito alcan\u00e7ou a mangueira do botij\u00e3o de g\u00e1s. A cozinha ficou completamente destru\u00edda, e alguns objetos em outros c\u00f4modos, tamb\u00e9m.<\/p>\n<p>Como a casa \u00e9 bastante antiga, a estrutura foi abalada, e uma grande reforma est\u00e1 sendo necess\u00e1ria. A campanha na internet \u00e9 mais um modo de ajudar o padre J\u00falio, que desde ent\u00e3o est\u00e1 morando na casa paroquial da Par\u00f3quia S\u00e3o Miguel Arcanjo.<\/p>\n<p>Qualquer valor \u00e9 muito bem-vindo. A doa\u00e7\u00e3o pode ser feita por boleto banc\u00e1rio, cart\u00e3o de cr\u00e9dito ou transfer\u00eancia.<\/p>\n<p>O link para a &#8220;vaquinha&#8221; \u00e9 o <a href=\"http:\/\/bit.ly\/apoiojulio\" target=\"_blank\">http:\/\/bit.ly\/apoiojulio<\/a><\/p>\n<p>&nbsp;<\/p>\n<div id=\"themify_builder_content-15379\" data-postid=\"15379\" class=\"themify_builder_content themify_builder_content-15379 themify_builder themify_builder_front\">\n\t<\/div>\n<!-- \/themify_builder_content -->","protected":false},"excerpt":{"rendered":"<p>Amigos do padre Julio Lancellotti est\u00e3o fazendo uma campanha na Internet para arrecadar dinheiro para a reforma de sua casa. O im\u00f3vel foi atingido por um inc\u00eandio acidental no dia 13 de junho. O fogo come\u00e7ou quando uma fagulha provocada por um curto circuito alcan\u00e7ou a mangueira do botij\u00e3o de g\u00e1s. A cozinha ficou completamente [&hellip;]<\/p>\n","protected":false},"author":5,"featured_media":0,"comment_status":"open","ping_status":"open","sticky":false,"template":"","format":"standard","meta":{"ngg_post_thumbnail":0,"footnotes":""},"categories":[8],"tags":[],"yoast_head":"<!-- This site is optimized with the Yoast SEO plugin v23.5 - https:\/\/yoast.com\/wordpress\/plugins\/seo\/ -->\n<title>Campanha pela reforma da casa do Pe. Julio - O Arcanjo no ar<\/title>\n<meta name=\"robots\" content=\"index, follow, max-snippet:-1, max-image-preview:large, max-video-preview:-1\" \/>\n<link rel=\"canonical\" href=\"https:\/\/www.oarcanjo.net\/site\/campanha-pela-reforma-da-casa-do-pe-julio\/\" \/>\n<meta property=\"og:locale\" content=\"pt_BR\" \/>\n<meta property=\"og:type\" content=\"article\" \/>\n<meta property=\"og:title\" content=\"Campanha pela reforma da casa do Pe. Julio - O Arcanjo no ar\" \/>\n<meta property=\"og:description\" content=\"Amigos do padre Julio Lancellotti est\u00e3o fazendo uma campanha na Internet para arrecadar dinheiro para a reforma de sua casa. O im\u00f3vel foi atingido por um inc\u00eandio acidental no dia 13 de junho. O fogo come\u00e7ou quando uma fagulha provocada por um curto circuito alcan\u00e7ou a mangueira do botij\u00e3o de g\u00e1s. A cozinha ficou completamente [&hellip;]\" \/>\n<meta property=\"og:url\" content=\"https:\/\/www.oarcanjo.net\/site\/campanha-pela-reforma-da-casa-do-pe-julio\/\" \/>\n<meta property=\"og:site_name\" content=\"O Arcanjo no ar\" \/>\n<meta property=\"article:publisher\" content=\"https:\/\/www.facebook.com\/OArcanjoNoAr\/\" \/>\n<meta property=\"article:published_time\" content=\"2011-08-12T12:11:42+00:00\" \/>\n<meta property=\"og:image\" content=\"https:\/\/www.oarcanjo.net\/site\/wp-content\/uploads\/logo-o-arcanjo-no-ar-facebook.png\" \/>\n\t<meta property=\"og:image:width\" content=\"300\" \/>\n\t<meta property=\"og:image:height\" content=\"300\" \/>\n\t<meta property=\"og:image:type\" content=\"image\/png\" \/>\n<meta name=\"author\" content=\"editor\" \/>\n<meta name=\"twitter:card\" content=\"summary_large_image\" \/>\n<meta name=\"twitter:label1\" content=\"Escrito por\" \/>\n\t<meta name=\"twitter:data1\" content=\"editor\" \/>\n\t<meta name=\"twitter:label2\" content=\"Est. tempo de leitura\" \/>\n\t<meta name=\"twitter:data2\" content=\"1 minuto\" \/>\n<script type=\"application\/ld+json\" class=\"yoast-schema-graph\">{\"@context\":\"https:\/\/schema.org\",\"@graph\":[{\"@type\":\"Article\",\"@id\":\"https:\/\/www.oarcanjo.net\/site\/campanha-pela-reforma-da-casa-do-pe-julio\/#article\",\"isPartOf\":{\"@id\":\"https:\/\/www.oarcanjo.net\/site\/campanha-pela-reforma-da-casa-do-pe-julio\/\"},\"author\":{\"name\":\"editor\",\"@id\":\"https:\/\/www.oarcanjo.net\/site\/#\/schema\/person\/f7024d007863202483a31326673a0838\"},\"headline\":\"Campanha pela reforma da casa do Pe. Julio\",\"datePublished\":\"2011-08-12T12:11:42+00:00\",\"dateModified\":\"2011-08-12T12:11:42+00:00\",\"mainEntityOfPage\":{\"@id\":\"https:\/\/www.oarcanjo.net\/site\/campanha-pela-reforma-da-casa-do-pe-julio\/\"},\"wordCount\":159,\"commentCount\":0,\"publisher\":{\"@id\":\"https:\/\/www.oarcanjo.net\/site\/#organization\"},\"articleSection\":[\"Not\u00edcias\"],\"inLanguage\":\"pt-BR\",\"potentialAction\":[{\"@type\":\"CommentAction\",\"name\":\"Comment\",\"target\":[\"https:\/\/www.oarcanjo.net\/site\/campanha-pela-reforma-da-casa-do-pe-julio\/#respond\"]}]},{\"@type\":\"WebPage\",\"@id\":\"https:\/\/www.oarcanjo.net\/site\/campanha-pela-reforma-da-casa-do-pe-julio\/\",\"url\":\"https:\/\/www.oarcanjo.net\/site\/campanha-pela-reforma-da-casa-do-pe-julio\/\",\"name\":\"Campanha pela reforma da casa do Pe. Julio - O Arcanjo no ar\",\"isPartOf\":{\"@id\":\"https:\/\/www.oarcanjo.net\/site\/#website\"},\"datePublished\":\"2011-08-12T12:11:42+00:00\",\"dateModified\":\"2011-08-12T12:11:42+00:00\",\"breadcrumb\":{\"@id\":\"https:\/\/www.oarcanjo.net\/site\/campanha-pela-reforma-da-casa-do-pe-julio\/#breadcrumb\"},\"inLanguage\":\"pt-BR\",\"potentialAction\":[{\"@type\":\"ReadAction\",\"target\":[\"https:\/\/www.oarcanjo.net\/site\/campanha-pela-reforma-da-casa-do-pe-julio\/\"]}]},{\"@type\":\"BreadcrumbList\",\"@id\":\"https:\/\/www.oarcanjo.net\/site\/campanha-pela-reforma-da-casa-do-pe-julio\/#breadcrumb\",\"itemListElement\":[{\"@type\":\"ListItem\",\"position\":1,\"name\":\"In\u00edcio\",\"item\":\"https:\/\/www.oarcanjo.net\/site\/\"},{\"@type\":\"ListItem\",\"position\":2,\"name\":\"Campanha pela reforma da casa do Pe. Julio\"}]},{\"@type\":\"WebSite\",\"@id\":\"https:\/\/www.oarcanjo.net\/site\/#website\",\"url\":\"https:\/\/www.oarcanjo.net\/site\/\",\"name\":\"O Arcanjo no ar\",\"description\":\"Site da Par\u00f3quia S\u00e3o Miguel Arcanjo (Arquidiocese de SP)\",\"publisher\":{\"@id\":\"https:\/\/www.oarcanjo.net\/site\/#organization\"},\"potentialAction\":[{\"@type\":\"SearchAction\",\"target\":{\"@type\":\"EntryPoint\",\"urlTemplate\":\"https:\/\/www.oarcanjo.net\/site\/?s={search_term_string}\"},\"query-input\":{\"@type\":\"PropertyValueSpecification\",\"valueRequired\":true,\"valueName\":\"search_term_string\"}}],\"inLanguage\":\"pt-BR\"},{\"@type\":\"Organization\",\"@id\":\"https:\/\/www.oarcanjo.net\/site\/#organization\",\"name\":\"Par\u00f3quia S\u00e3o Miguel Arcanjo\",\"url\":\"https:\/\/www.oarcanjo.net\/site\/\",\"logo\":{\"@type\":\"ImageObject\",\"inLanguage\":\"pt-BR\",\"@id\":\"https:\/\/www.oarcanjo.net\/site\/#\/schema\/logo\/image\/\",\"url\":\"https:\/\/www.oarcanjo.net\/site\/wp-content\/uploads\/LogoOArcanjo.png\",\"contentUrl\":\"https:\/\/www.oarcanjo.net\/site\/wp-content\/uploads\/LogoOArcanjo.png\",\"width\":319,\"height\":99,\"caption\":\"Par\u00f3quia S\u00e3o Miguel Arcanjo\"},\"image\":{\"@id\":\"https:\/\/www.oarcanjo.net\/site\/#\/schema\/logo\/image\/\"},\"sameAs\":[\"https:\/\/www.facebook.com\/OArcanjoNoAr\/\"]},{\"@type\":\"Person\",\"@id\":\"https:\/\/www.oarcanjo.net\/site\/#\/schema\/person\/f7024d007863202483a31326673a0838\",\"name\":\"editor\",\"sameAs\":[\"http:\/\/www.oarcanjo.net\"]}]}<\/script>\n<!-- \/ Yoast SEO plugin. -->","yoast_head_json":{"title":"Campanha pela reforma da casa do Pe. Julio - O Arcanjo no ar","robots":{"index":"index","follow":"follow","max-snippet":"max-snippet:-1","max-image-preview":"max-image-preview:large","max-video-preview":"max-video-preview:-1"},"canonical":"https:\/\/www.oarcanjo.net\/site\/campanha-pela-reforma-da-casa-do-pe-julio\/","og_locale":"pt_BR","og_type":"article","og_title":"Campanha pela reforma da casa do Pe. Julio - O Arcanjo no ar","og_description":"Amigos do padre Julio Lancellotti est\u00e3o fazendo uma campanha na Internet para arrecadar dinheiro para a reforma de sua casa. O im\u00f3vel foi atingido por um inc\u00eandio acidental no dia 13 de junho. O fogo come\u00e7ou quando uma fagulha provocada por um curto circuito alcan\u00e7ou a mangueira do botij\u00e3o de g\u00e1s. A cozinha ficou completamente [&hellip;]","og_url":"https:\/\/www.oarcanjo.net\/site\/campanha-pela-reforma-da-casa-do-pe-julio\/","og_site_name":"O Arcanjo no ar","article_publisher":"https:\/\/www.facebook.com\/OArcanjoNoAr\/","article_published_time":"2011-08-12T12:11:42+00:00","og_image":[{"width":300,"height":300,"url":"https:\/\/www.oarcanjo.net\/site\/wp-content\/uploads\/logo-o-arcanjo-no-ar-facebook.png","type":"image\/png"}],"author":"editor","twitter_card":"summary_large_image","twitter_misc":{"Escrito por":"editor","Est. tempo de leitura":"1 minuto"},"schema":{"@context":"https:\/\/schema.org","@graph":[{"@type":"Article","@id":"https:\/\/www.oarcanjo.net\/site\/campanha-pela-reforma-da-casa-do-pe-julio\/#article","isPartOf":{"@id":"https:\/\/www.oarcanjo.net\/site\/campanha-pela-reforma-da-casa-do-pe-julio\/"},"author":{"name":"editor","@id":"https:\/\/www.oarcanjo.net\/site\/#\/schema\/person\/f7024d007863202483a31326673a0838"},"headline":"Campanha pela reforma da casa do Pe. Julio","datePublished":"2011-08-12T12:11:42+00:00","dateModified":"2011-08-12T12:11:42+00:00","mainEntityOfPage":{"@id":"https:\/\/www.oarcanjo.net\/site\/campanha-pela-reforma-da-casa-do-pe-julio\/"},"wordCount":159,"commentCount":0,"publisher":{"@id":"https:\/\/www.oarcanjo.net\/site\/#organization"},"articleSection":["Not\u00edcias"],"inLanguage":"pt-BR","potentialAction":[{"@type":"CommentAction","name":"Comment","target":["https:\/\/www.oarcanjo.net\/site\/campanha-pela-reforma-da-casa-do-pe-julio\/#respond"]}]},{"@type":"WebPage","@id":"https:\/\/www.oarcanjo.net\/site\/campanha-pela-reforma-da-casa-do-pe-julio\/","url":"https:\/\/www.oarcanjo.net\/site\/campanha-pela-reforma-da-casa-do-pe-julio\/","name":"Campanha pela reforma da casa do Pe. Julio - O Arcanjo no ar","isPartOf":{"@id":"https:\/\/www.oarcanjo.net\/site\/#website"},"datePublished":"2011-08-12T12:11:42+00:00","dateModified":"2011-08-12T12:11:42+00:00","breadcrumb":{"@id":"https:\/\/www.oarcanjo.net\/site\/campanha-pela-reforma-da-casa-do-pe-julio\/#breadcrumb"},"inLanguage":"pt-BR","potentialAction":[{"@type":"ReadAction","target":["https:\/\/www.oarcanjo.net\/site\/campanha-pela-reforma-da-casa-do-pe-julio\/"]}]},{"@type":"BreadcrumbList","@id":"https:\/\/www.oarcanjo.net\/site\/campanha-pela-reforma-da-casa-do-pe-julio\/#breadcrumb","itemListElement":[{"@type":"ListItem","position":1,"name":"In\u00edcio","item":"https:\/\/www.oarcanjo.net\/site\/"},{"@type":"ListItem","position":2,"name":"Campanha pela reforma da casa do Pe. Julio"}]},{"@type":"WebSite","@id":"https:\/\/www.oarcanjo.net\/site\/#website","url":"https:\/\/www.oarcanjo.net\/site\/","name":"O Arcanjo no ar","description":"Site da Par\u00f3quia S\u00e3o Miguel Arcanjo (Arquidiocese de SP)","publisher":{"@id":"https:\/\/www.oarcanjo.net\/site\/#organization"},"potentialAction":[{"@type":"SearchAction","target":{"@type":"EntryPoint","urlTemplate":"https:\/\/www.oarcanjo.net\/site\/?s={search_term_string}"},"query-input":{"@type":"PropertyValueSpecification","valueRequired":true,"valueName":"search_term_string"}}],"inLanguage":"pt-BR"},{"@type":"Organization","@id":"https:\/\/www.oarcanjo.net\/site\/#organization","name":"Par\u00f3quia S\u00e3o Miguel Arcanjo","url":"https:\/\/www.oarcanjo.net\/site\/","logo":{"@type":"ImageObject","inLanguage":"pt-BR","@id":"https:\/\/www.oarcanjo.net\/site\/#\/schema\/logo\/image\/","url":"https:\/\/www.oarcanjo.net\/site\/wp-content\/uploads\/LogoOArcanjo.png","contentUrl":"https:\/\/www.oarcanjo.net\/site\/wp-content\/uploads\/LogoOArcanjo.png","width":319,"height":99,"caption":"Par\u00f3quia S\u00e3o Miguel Arcanjo"},"image":{"@id":"https:\/\/www.oarcanjo.net\/site\/#\/schema\/logo\/image\/"},"sameAs":["https:\/\/www.facebook.com\/OArcanjoNoAr\/"]},{"@type":"Person","@id":"https:\/\/www.oarcanjo.net\/site\/#\/schema\/person\/f7024d007863202483a31326673a0838","name":"editor","sameAs":["http:\/\/www.oarcanjo.net"]}]}},"publishpress_future_action":{"enabled":false,"date":"2026-05-09 10:25:12","action":"category","newStatus":"draft","terms":[],"taxonomy":"category"},"publishpress_future_workflow_manual_trigger":{"enabledWorkflows":[]},"_links":{"self":[{"href":"https:\/\/www.oarcanjo.net\/site\/wp-json\/wp\/v2\/posts\/15379"}],"collection":[{"href":"https:\/\/www.oarcanjo.net\/site\/wp-json\/wp\/v2\/posts"}],"about":[{"href":"https:\/\/www.oarcanjo.net\/site\/wp-json\/wp\/v2\/types\/post"}],"author":[{"embeddable":true,"href":"https:\/\/www.oarcanjo.net\/site\/wp-json\/wp\/v2\/users\/5"}],"replies":[{"embeddable":true,"href":"https:\/\/www.oarcanjo.net\/site\/wp-json\/wp\/v2\/comments?post=15379"}],"version-history":[{"count":0,"href":"https:\/\/www.oarcanjo.net\/site\/wp-json\/wp\/v2\/posts\/15379\/revisions"}],"wp:attachment":[{"href":"https:\/\/www.oarcanjo.net\/site\/wp-json\/wp\/v2\/media?parent=15379"}],"wp:term":[{"taxonomy":"category","embeddable":true,"href":"https:\/\/www.oarcanjo.net\/site\/wp-json\/wp\/v2\/categories?post=15379"},{"taxonomy":"post_tag","embeddable":true,"href":"https:\/\/www.oarcanjo.net\/site\/wp-json\/wp\/v2\/tags?post=15379"}],"curies":[{"name":"wp","href":"https:\/\/api.w.org\/{rel}","templated":true}]}}