
{"id":15385,"date":"2011-08-13T14:28:37","date_gmt":"2011-08-13T17:28:37","guid":{"rendered":"http:\/\/www.oarcanjo.net\/site\/?p=15385"},"modified":"2011-08-13T14:28:37","modified_gmt":"2011-08-13T17:28:37","slug":"homenagem-em-dom-luciano-tudo-era-in-nomine-iesu","status":"publish","type":"post","link":"https:\/\/www.oarcanjo.net\/site\/homenagem-em-dom-luciano-tudo-era-in-nomine-iesu\/","title":{"rendered":"Homenagem: em Dom Luciano, tudo era In nomine Iesu"},"content":{"rendered":"<p>Geraldo Trindade<\/p>\n<p>Os santos n\u00e3o se repetem. O Senhor da Vida, em sua provid\u00eancia de Pai, reserva em cada tempo, conforme a necessidade de seu povo homens e mulheres que com sua vida d\u00e3o testemunho vivo do Evangelho. Por isso, a mensagem que eles nos deixam \u00e9 eterna e atual. Por meio da humildade imitam o Filho de Deus e tornam-se uma li\u00e7\u00e3o gritante para cada um de n\u00f3s, hoje. Seu despojamento, sua pobreza singela e realista \u00e9 uma interpela\u00e7\u00e3o veemente para n\u00f3s e para os que vir\u00e3o depois.<\/p>\n<p>Os santos s\u00e3o o Evangelho n\u00e3o em palavras, mas em vida, sem coment\u00e1rios, sem notas de roda-p\u00e9s que perduram por anos e s\u00e9culos. Tornaram-se mestre na f\u00e9, pois ousaram lan\u00e7ar-se, atestaram o reino de Deus por meio do testemunho, de saltarem-se no Mist\u00e9rio de Deus, transbordando-o, confundindo-se com ele em um processo irrenunci\u00e1vel e irrefut\u00e1vel.<\/p>\n<p>O dia 27 de agosto deste ano ser\u00e1 marcado pela lembran\u00e7a saudosa de Dom Luciano Mendes de Almeida. No dia 26, o Brasil unindo-se \u00e0 Arquidiocese de Mariana celebra os 5 anos de falecimento do amado bispo, que sempre deixou um rastro luminoso de generosidade, de santidade, de paix\u00e3o pelo pr\u00f3ximo e por Deus. Neste dia, na Catedral Metropolitana de Mariana haver\u00e1 a Celebra\u00e7\u00e3o Eucar\u00edstica \u00e0s 18h30. Logo ap\u00f3s, \u00e0s 20h, haver\u00e1 a solenidade de entrega da Comenda Dom Luciano Mendes de Almeida do M\u00e9rito Educacional e Responsabilidade Social.<\/p>\n<p>Este ano ser\u00e3o homenageados: Cardeal Dom Paulo Evaristo Arns, Cardeal Dom Serafim Fernandes de Ara\u00fajo, Padre Paulo Vicente Ribeiro Nobre, Irm\u00e3 Carmen Mendes de Carvalho, Irm\u00e3 Neusa Quirino Sim\u00f5es e Grupo NATA.<\/p>\n<p>O &#8220;pastor dos esquecidos\u201d nasceu aos 5 de outubro de 1930 no Rio de Janeiro, sendo seus pais C\u00e2ndido Mendes de Almeida e Em\u00edlia de Mello Vieira Mendes de Almeida. Ordenou-se padre na Companhia de Jesus (jesu\u00edtas) aos 5 de outubro de 1947 em Roma. Em 2 de maio de 1976, foi ordenado bispo, auxiliando na Arquidiocese de S\u00e3o Paulo e em 6 de abril de 1988 foi nomeado arcebispo metropolitano de Mariana.<\/p>\n<p>Em Dom Luciano se manifestava o fascinante amor pela humildade, pelo despojamento e pela simplicidade. Em sua vida e miss\u00e3o sempre estiveram presentes as marcas da fidelidade e da generosidade.<\/p>\n<p>Al\u00e9m de tudo isso acima e tudo mais que se fala de Dom Luciano, quem foi ele? Um bispo, presidente da CNBB e secret\u00e1rio geral da mesma entidade, arcebispo de Mariana \u2013 primaz de Minas Gerais&#8230; Ele, por\u00e9m \u00e9 conhecido mais por ter sido amigos dos simples, dos pobres e dos pequenos. Ele foi a voz dos sem-voz, foi a paz e o di\u00e1logo nas situa\u00e7\u00f5es de conflito, foi a generosidade no agir, bondade e compreens\u00e3o na acolhida e no encontro com os outros, amabilidade e servir como meta constante&#8230; Nisso esconde-se o mist\u00e9rio de sua santidade: de se renovar no servi\u00e7o humilde e desproporcionado de reconhecimento.<\/p>\n<p>Em quantas vidas, Dom Luciano esteve presente! Ele n\u00e3o se importava com o retorno humano e afetivo, mas contava com a grata satisfa\u00e7\u00e3o de, por meio dele, ter manifestado a grandeza do amor de Deus. Neste ano de 2011, 5 anos ap\u00f3s seu falecimento, \u00e9 mais uma oportunidade que se desponta para n\u00e3o deixar que o vazio e a escurid\u00e3o tome conta de nossa mem\u00f3ria de nossas a\u00e7\u00f5es, mas de sermos tomados pela luz que brilhou em Dom Luciano: o amor de Deus.<\/p>\n<p>Por onde andou Dom Luciano quando esteve em nosso meio? Sua companhia foram os pobres, os miser\u00e1veis, os simples, os abandonados. No entanto, por onde ele andou? Claro, s\u00f3 podia ser l\u00e1, mesmo estando aqui. Ele andava pelo c\u00e9u!<\/p>\n<p>&nbsp;<\/p>\n<div id=\"themify_builder_content-15385\" data-postid=\"15385\" class=\"themify_builder_content themify_builder_content-15385 themify_builder themify_builder_front\">\n\t<\/div>\n<!-- \/themify_builder_content -->","protected":false},"excerpt":{"rendered":"<p>Geraldo Trindade Os santos n\u00e3o se repetem. O Senhor da Vida, em sua provid\u00eancia de Pai, reserva em cada tempo, conforme a necessidade de seu povo homens e mulheres que com sua vida d\u00e3o testemunho vivo do Evangelho. Por isso, a mensagem que eles nos deixam \u00e9 eterna e atual. Por meio da humildade imitam [&hellip;]<\/p>\n","protected":false},"author":5,"featured_media":0,"comment_status":"open","ping_status":"open","sticky":false,"template":"","format":"standard","meta":{"ngg_post_thumbnail":0,"footnotes":""},"categories":[1027],"tags":[2029,239,63,140,1139,473],"yoast_head":"<!-- This site is optimized with the Yoast SEO plugin v23.5 - https:\/\/yoast.com\/wordpress\/plugins\/seo\/ -->\n<title>Homenagem: em Dom Luciano, tudo era In nomine Iesu - O Arcanjo no ar<\/title>\n<meta name=\"robots\" content=\"index, follow, max-snippet:-1, max-image-preview:large, max-video-preview:-1\" \/>\n<link rel=\"canonical\" href=\"https:\/\/www.oarcanjo.net\/site\/homenagem-em-dom-luciano-tudo-era-in-nomine-iesu\/\" \/>\n<meta property=\"og:locale\" content=\"pt_BR\" \/>\n<meta property=\"og:type\" content=\"article\" \/>\n<meta property=\"og:title\" content=\"Homenagem: em Dom Luciano, tudo era In nomine Iesu - O Arcanjo no ar\" \/>\n<meta property=\"og:description\" content=\"Geraldo Trindade Os santos n\u00e3o se repetem. O Senhor da Vida, em sua provid\u00eancia de Pai, reserva em cada tempo, conforme a necessidade de seu povo homens e mulheres que com sua vida d\u00e3o testemunho vivo do Evangelho. Por isso, a mensagem que eles nos deixam \u00e9 eterna e atual. Por meio da humildade imitam [&hellip;]\" \/>\n<meta property=\"og:url\" content=\"https:\/\/www.oarcanjo.net\/site\/homenagem-em-dom-luciano-tudo-era-in-nomine-iesu\/\" \/>\n<meta property=\"og:site_name\" content=\"O Arcanjo no ar\" \/>\n<meta property=\"article:publisher\" content=\"https:\/\/www.facebook.com\/OArcanjoNoAr\/\" \/>\n<meta property=\"article:published_time\" content=\"2011-08-13T17:28:37+00:00\" \/>\n<meta property=\"og:image\" content=\"https:\/\/www.oarcanjo.net\/site\/wp-content\/uploads\/logo-o-arcanjo-no-ar-facebook.png\" \/>\n\t<meta property=\"og:image:width\" content=\"300\" \/>\n\t<meta property=\"og:image:height\" content=\"300\" \/>\n\t<meta property=\"og:image:type\" content=\"image\/png\" \/>\n<meta name=\"author\" content=\"editor\" \/>\n<meta name=\"twitter:card\" content=\"summary_large_image\" \/>\n<meta name=\"twitter:label1\" content=\"Escrito por\" \/>\n\t<meta name=\"twitter:data1\" content=\"editor\" \/>\n\t<meta name=\"twitter:label2\" content=\"Est. tempo de leitura\" \/>\n\t<meta name=\"twitter:data2\" content=\"3 minutos\" \/>\n<script type=\"application\/ld+json\" class=\"yoast-schema-graph\">{\"@context\":\"https:\/\/schema.org\",\"@graph\":[{\"@type\":\"Article\",\"@id\":\"https:\/\/www.oarcanjo.net\/site\/homenagem-em-dom-luciano-tudo-era-in-nomine-iesu\/#article\",\"isPartOf\":{\"@id\":\"https:\/\/www.oarcanjo.net\/site\/homenagem-em-dom-luciano-tudo-era-in-nomine-iesu\/\"},\"author\":{\"name\":\"editor\",\"@id\":\"https:\/\/www.oarcanjo.net\/site\/#\/schema\/person\/f7024d007863202483a31326673a0838\"},\"headline\":\"Homenagem: em Dom Luciano, tudo era In nomine Iesu\",\"datePublished\":\"2011-08-13T17:28:37+00:00\",\"dateModified\":\"2011-08-13T17:28:37+00:00\",\"mainEntityOfPage\":{\"@id\":\"https:\/\/www.oarcanjo.net\/site\/homenagem-em-dom-luciano-tudo-era-in-nomine-iesu\/\"},\"wordCount\":637,\"commentCount\":1,\"publisher\":{\"@id\":\"https:\/\/www.oarcanjo.net\/site\/#organization\"},\"keywords\":[\"Arquidiocese de Mariana\",\"Arquidiocese de S\u00e3o Paulo\",\"CNBB\",\"Doa\u00e7\u00e3o\",\"santidade\",\"testemunho\"],\"articleSection\":[\"D. Luciano Mendes de Almeida\"],\"inLanguage\":\"pt-BR\",\"potentialAction\":[{\"@type\":\"CommentAction\",\"name\":\"Comment\",\"target\":[\"https:\/\/www.oarcanjo.net\/site\/homenagem-em-dom-luciano-tudo-era-in-nomine-iesu\/#respond\"]}]},{\"@type\":\"WebPage\",\"@id\":\"https:\/\/www.oarcanjo.net\/site\/homenagem-em-dom-luciano-tudo-era-in-nomine-iesu\/\",\"url\":\"https:\/\/www.oarcanjo.net\/site\/homenagem-em-dom-luciano-tudo-era-in-nomine-iesu\/\",\"name\":\"Homenagem: em Dom Luciano, tudo era In nomine Iesu - O Arcanjo no ar\",\"isPartOf\":{\"@id\":\"https:\/\/www.oarcanjo.net\/site\/#website\"},\"datePublished\":\"2011-08-13T17:28:37+00:00\",\"dateModified\":\"2011-08-13T17:28:37+00:00\",\"breadcrumb\":{\"@id\":\"https:\/\/www.oarcanjo.net\/site\/homenagem-em-dom-luciano-tudo-era-in-nomine-iesu\/#breadcrumb\"},\"inLanguage\":\"pt-BR\",\"potentialAction\":[{\"@type\":\"ReadAction\",\"target\":[\"https:\/\/www.oarcanjo.net\/site\/homenagem-em-dom-luciano-tudo-era-in-nomine-iesu\/\"]}]},{\"@type\":\"BreadcrumbList\",\"@id\":\"https:\/\/www.oarcanjo.net\/site\/homenagem-em-dom-luciano-tudo-era-in-nomine-iesu\/#breadcrumb\",\"itemListElement\":[{\"@type\":\"ListItem\",\"position\":1,\"name\":\"In\u00edcio\",\"item\":\"https:\/\/www.oarcanjo.net\/site\/\"},{\"@type\":\"ListItem\",\"position\":2,\"name\":\"Homenagem: em Dom Luciano, tudo era In nomine Iesu\"}]},{\"@type\":\"WebSite\",\"@id\":\"https:\/\/www.oarcanjo.net\/site\/#website\",\"url\":\"https:\/\/www.oarcanjo.net\/site\/\",\"name\":\"O Arcanjo no ar\",\"description\":\"Site da Par\u00f3quia S\u00e3o Miguel Arcanjo (Arquidiocese de SP)\",\"publisher\":{\"@id\":\"https:\/\/www.oarcanjo.net\/site\/#organization\"},\"potentialAction\":[{\"@type\":\"SearchAction\",\"target\":{\"@type\":\"EntryPoint\",\"urlTemplate\":\"https:\/\/www.oarcanjo.net\/site\/?s={search_term_string}\"},\"query-input\":{\"@type\":\"PropertyValueSpecification\",\"valueRequired\":true,\"valueName\":\"search_term_string\"}}],\"inLanguage\":\"pt-BR\"},{\"@type\":\"Organization\",\"@id\":\"https:\/\/www.oarcanjo.net\/site\/#organization\",\"name\":\"Par\u00f3quia S\u00e3o Miguel Arcanjo\",\"url\":\"https:\/\/www.oarcanjo.net\/site\/\",\"logo\":{\"@type\":\"ImageObject\",\"inLanguage\":\"pt-BR\",\"@id\":\"https:\/\/www.oarcanjo.net\/site\/#\/schema\/logo\/image\/\",\"url\":\"https:\/\/www.oarcanjo.net\/site\/wp-content\/uploads\/LogoOArcanjo.png\",\"contentUrl\":\"https:\/\/www.oarcanjo.net\/site\/wp-content\/uploads\/LogoOArcanjo.png\",\"width\":319,\"height\":99,\"caption\":\"Par\u00f3quia S\u00e3o Miguel Arcanjo\"},\"image\":{\"@id\":\"https:\/\/www.oarcanjo.net\/site\/#\/schema\/logo\/image\/\"},\"sameAs\":[\"https:\/\/www.facebook.com\/OArcanjoNoAr\/\"]},{\"@type\":\"Person\",\"@id\":\"https:\/\/www.oarcanjo.net\/site\/#\/schema\/person\/f7024d007863202483a31326673a0838\",\"name\":\"editor\",\"sameAs\":[\"http:\/\/www.oarcanjo.net\"]}]}<\/script>\n<!-- \/ Yoast SEO plugin. -->","yoast_head_json":{"title":"Homenagem: em Dom Luciano, tudo era In nomine Iesu - O Arcanjo no ar","robots":{"index":"index","follow":"follow","max-snippet":"max-snippet:-1","max-image-preview":"max-image-preview:large","max-video-preview":"max-video-preview:-1"},"canonical":"https:\/\/www.oarcanjo.net\/site\/homenagem-em-dom-luciano-tudo-era-in-nomine-iesu\/","og_locale":"pt_BR","og_type":"article","og_title":"Homenagem: em Dom Luciano, tudo era In nomine Iesu - O Arcanjo no ar","og_description":"Geraldo Trindade Os santos n\u00e3o se repetem. O Senhor da Vida, em sua provid\u00eancia de Pai, reserva em cada tempo, conforme a necessidade de seu povo homens e mulheres que com sua vida d\u00e3o testemunho vivo do Evangelho. Por isso, a mensagem que eles nos deixam \u00e9 eterna e atual. Por meio da humildade imitam [&hellip;]","og_url":"https:\/\/www.oarcanjo.net\/site\/homenagem-em-dom-luciano-tudo-era-in-nomine-iesu\/","og_site_name":"O Arcanjo no ar","article_publisher":"https:\/\/www.facebook.com\/OArcanjoNoAr\/","article_published_time":"2011-08-13T17:28:37+00:00","og_image":[{"width":300,"height":300,"url":"https:\/\/www.oarcanjo.net\/site\/wp-content\/uploads\/logo-o-arcanjo-no-ar-facebook.png","type":"image\/png"}],"author":"editor","twitter_card":"summary_large_image","twitter_misc":{"Escrito por":"editor","Est. tempo de leitura":"3 minutos"},"schema":{"@context":"https:\/\/schema.org","@graph":[{"@type":"Article","@id":"https:\/\/www.oarcanjo.net\/site\/homenagem-em-dom-luciano-tudo-era-in-nomine-iesu\/#article","isPartOf":{"@id":"https:\/\/www.oarcanjo.net\/site\/homenagem-em-dom-luciano-tudo-era-in-nomine-iesu\/"},"author":{"name":"editor","@id":"https:\/\/www.oarcanjo.net\/site\/#\/schema\/person\/f7024d007863202483a31326673a0838"},"headline":"Homenagem: em Dom Luciano, tudo era In nomine Iesu","datePublished":"2011-08-13T17:28:37+00:00","dateModified":"2011-08-13T17:28:37+00:00","mainEntityOfPage":{"@id":"https:\/\/www.oarcanjo.net\/site\/homenagem-em-dom-luciano-tudo-era-in-nomine-iesu\/"},"wordCount":637,"commentCount":1,"publisher":{"@id":"https:\/\/www.oarcanjo.net\/site\/#organization"},"keywords":["Arquidiocese de Mariana","Arquidiocese de S\u00e3o Paulo","CNBB","Doa\u00e7\u00e3o","santidade","testemunho"],"articleSection":["D. Luciano Mendes de Almeida"],"inLanguage":"pt-BR","potentialAction":[{"@type":"CommentAction","name":"Comment","target":["https:\/\/www.oarcanjo.net\/site\/homenagem-em-dom-luciano-tudo-era-in-nomine-iesu\/#respond"]}]},{"@type":"WebPage","@id":"https:\/\/www.oarcanjo.net\/site\/homenagem-em-dom-luciano-tudo-era-in-nomine-iesu\/","url":"https:\/\/www.oarcanjo.net\/site\/homenagem-em-dom-luciano-tudo-era-in-nomine-iesu\/","name":"Homenagem: em Dom Luciano, tudo era In nomine Iesu - O Arcanjo no ar","isPartOf":{"@id":"https:\/\/www.oarcanjo.net\/site\/#website"},"datePublished":"2011-08-13T17:28:37+00:00","dateModified":"2011-08-13T17:28:37+00:00","breadcrumb":{"@id":"https:\/\/www.oarcanjo.net\/site\/homenagem-em-dom-luciano-tudo-era-in-nomine-iesu\/#breadcrumb"},"inLanguage":"pt-BR","potentialAction":[{"@type":"ReadAction","target":["https:\/\/www.oarcanjo.net\/site\/homenagem-em-dom-luciano-tudo-era-in-nomine-iesu\/"]}]},{"@type":"BreadcrumbList","@id":"https:\/\/www.oarcanjo.net\/site\/homenagem-em-dom-luciano-tudo-era-in-nomine-iesu\/#breadcrumb","itemListElement":[{"@type":"ListItem","position":1,"name":"In\u00edcio","item":"https:\/\/www.oarcanjo.net\/site\/"},{"@type":"ListItem","position":2,"name":"Homenagem: em Dom Luciano, tudo era In nomine Iesu"}]},{"@type":"WebSite","@id":"https:\/\/www.oarcanjo.net\/site\/#website","url":"https:\/\/www.oarcanjo.net\/site\/","name":"O Arcanjo no ar","description":"Site da Par\u00f3quia S\u00e3o Miguel Arcanjo (Arquidiocese de SP)","publisher":{"@id":"https:\/\/www.oarcanjo.net\/site\/#organization"},"potentialAction":[{"@type":"SearchAction","target":{"@type":"EntryPoint","urlTemplate":"https:\/\/www.oarcanjo.net\/site\/?s={search_term_string}"},"query-input":{"@type":"PropertyValueSpecification","valueRequired":true,"valueName":"search_term_string"}}],"inLanguage":"pt-BR"},{"@type":"Organization","@id":"https:\/\/www.oarcanjo.net\/site\/#organization","name":"Par\u00f3quia S\u00e3o Miguel Arcanjo","url":"https:\/\/www.oarcanjo.net\/site\/","logo":{"@type":"ImageObject","inLanguage":"pt-BR","@id":"https:\/\/www.oarcanjo.net\/site\/#\/schema\/logo\/image\/","url":"https:\/\/www.oarcanjo.net\/site\/wp-content\/uploads\/LogoOArcanjo.png","contentUrl":"https:\/\/www.oarcanjo.net\/site\/wp-content\/uploads\/LogoOArcanjo.png","width":319,"height":99,"caption":"Par\u00f3quia S\u00e3o Miguel Arcanjo"},"image":{"@id":"https:\/\/www.oarcanjo.net\/site\/#\/schema\/logo\/image\/"},"sameAs":["https:\/\/www.facebook.com\/OArcanjoNoAr\/"]},{"@type":"Person","@id":"https:\/\/www.oarcanjo.net\/site\/#\/schema\/person\/f7024d007863202483a31326673a0838","name":"editor","sameAs":["http:\/\/www.oarcanjo.net"]}]}},"publishpress_future_action":{"enabled":false,"date":"2026-05-06 04:43:48","action":"category","newStatus":"draft","terms":[],"taxonomy":"category"},"publishpress_future_workflow_manual_trigger":{"enabledWorkflows":[]},"_links":{"self":[{"href":"https:\/\/www.oarcanjo.net\/site\/wp-json\/wp\/v2\/posts\/15385"}],"collection":[{"href":"https:\/\/www.oarcanjo.net\/site\/wp-json\/wp\/v2\/posts"}],"about":[{"href":"https:\/\/www.oarcanjo.net\/site\/wp-json\/wp\/v2\/types\/post"}],"author":[{"embeddable":true,"href":"https:\/\/www.oarcanjo.net\/site\/wp-json\/wp\/v2\/users\/5"}],"replies":[{"embeddable":true,"href":"https:\/\/www.oarcanjo.net\/site\/wp-json\/wp\/v2\/comments?post=15385"}],"version-history":[{"count":0,"href":"https:\/\/www.oarcanjo.net\/site\/wp-json\/wp\/v2\/posts\/15385\/revisions"}],"wp:attachment":[{"href":"https:\/\/www.oarcanjo.net\/site\/wp-json\/wp\/v2\/media?parent=15385"}],"wp:term":[{"taxonomy":"category","embeddable":true,"href":"https:\/\/www.oarcanjo.net\/site\/wp-json\/wp\/v2\/categories?post=15385"},{"taxonomy":"post_tag","embeddable":true,"href":"https:\/\/www.oarcanjo.net\/site\/wp-json\/wp\/v2\/tags?post=15385"}],"curies":[{"name":"wp","href":"https:\/\/api.w.org\/{rel}","templated":true}]}}