
{"id":15396,"date":"2011-08-15T09:43:08","date_gmt":"2011-08-15T12:43:08","guid":{"rendered":"http:\/\/www.oarcanjo.net\/site\/?p=15396"},"modified":"2011-08-15T09:43:08","modified_gmt":"2011-08-15T12:43:08","slug":"fome-generalizada-na-somalia-um-problema-politico","status":"publish","type":"post","link":"https:\/\/www.oarcanjo.net\/site\/fome-generalizada-na-somalia-um-problema-politico\/","title":{"rendered":"Fome generalizada na Som\u00e1lia. Um problema pol\u00edtico"},"content":{"rendered":"<p><em>&#8220;Este \u00e9 apenas o in\u00edcio da crise, e, antes que a situa\u00e7\u00e3o melhore, \u00e9 prov\u00e1vel que ela fique pior\u201d, declara Frido Pflueger \u00e0 IHU On-Line, ao mencionar o estado de fome que atinge a Som\u00e1lia e o Chifre da \u00c1frica. Segundo ele, a Eti\u00f3pia e o Qu\u00eania t\u00eam abrigado centenas de milhares de refugiados somalis, mas os pa\u00edses est\u00e3o &#8220;sobrecarregados e precisam de aux\u00edlio para lidar com sua pr\u00f3pria popula\u00e7\u00e3o afetada pela estiagem\u201d.<\/em><\/p>\n<p><em>Apesar da fome generalizada causada pela seca, Pflueger conta que a situa\u00e7\u00e3o do pa\u00eds tem se agravado porque, desde que o governo de Said Barre foi derrubado em 1991, &#8220;a Som\u00e1lia n\u00e3o tem um governo efetivo\u201d. &#8220;Pa\u00edses com um governo est\u00e1vel e em funcionamento t\u00eam a capacidade e as estruturas para enfrentar uma seca ou compensar a alta no pre\u00e7o dos alimentos com medidas apropriadas. A Som\u00e1lia, por estar em guerra h\u00e1 duas d\u00e9cadas, n\u00e3o tem essa capacidade. Esta \u00e9 a raz\u00e3o pela qual uma seca pode virar uma situa\u00e7\u00e3o de fome e atingir a escala da crise atual\u201d, explica.<\/em><\/p>\n<p><em>Diretor do Servi\u00e7o Jesu\u00edta aos Refugiados, Frido Pflueger informa que &#8220;1.300 somalis chegam diariamente aos campos de Dadaab, no Qu\u00eania\u201d, o qual abriga atualmente 500 mil refugiados. Em Dolo Ado existem quatro campos, que abrigam cerca de 114 mil refugiados. &#8220;Muitos refugiados caminham durante dias ou semanas at\u00e9 alcan\u00e7arem os campos, muitos morrem a caminho e a maioria dos que chegam recebe sua primeira refei\u00e7\u00e3o substancial em semanas depois de chegarem\u201d, relata.<\/em><\/p>\n<p><em>Frido Pflueger, jesu\u00edta alem\u00e3o, \u00e9 bacharel em Filosofia e mestre em Teologia, Matem\u00e1tica e F\u00edsica. Desde 2008 \u00e9 diretor do Servi\u00e7o Jesu\u00edta aos Refugiados \u2013 SJR para a \u00c1frica Oriental.<\/em><\/p>\n<p><em>Confira a entrevista.<\/em><\/p>\n<p><strong>IHU On-Line \u2013 O que diferencia a situa\u00e7\u00e3o de pobreza e mis\u00e9ria da Som\u00e1lia da de outros pa\u00edses?<\/strong><\/p>\n<p>Frido Pflueger \u2013 A principal diferen\u00e7a \u00e9 que a Som\u00e1lia n\u00e3o tem um governo efetivo desde que Said Barre foi derrubado em 1991. Pa\u00edses com um governo est\u00e1vel e em funcionamento t\u00eam a capacidade e as estruturas para enfrentar uma seca ou compensar a alta no pre\u00e7o dos alimentos com medidas apropriadas. A Som\u00e1lia, por estar em guerra h\u00e1 duas d\u00e9cadas, n\u00e3o tem essa capacidade. Esta \u00e9 a raz\u00e3o pela qual uma seca pode virar uma situa\u00e7\u00e3o de fome e atingir a escala da crise atual.<\/p>\n<p><strong>IHU On-Line \u2013 Como o senhor descreve a situa\u00e7\u00e3o econ\u00f4mica, social e pol\u00edtica do Chifre da \u00c1frica, especialmente da Som\u00e1lia?<\/strong><\/p>\n<p>Frido Pflueger \u2013 A situa\u00e7\u00e3o econ\u00f4mica, social e pol\u00edtica no Chifre da \u00c1frica \u00e9 muito diversificada e varia de pa\u00eds para pa\u00eds. Na Eti\u00f3pia, por exemplo, a situa\u00e7\u00e3o \u00e9 completamente diferente da Som\u00e1lia ou do Djibouti. Aprofundar-se na situa\u00e7\u00e3o de cada pa\u00eds tomaria muito tempo. Mas apenas para dar um exemplo, a Eti\u00f3pia \u00e9 o pa\u00eds que tem a segunda maior popula\u00e7\u00e3o da \u00c1frica (80 milh\u00f5es de habitantes), cuja maioria \u00e9 crist\u00e3 ortodoxa, e \u00e9 muito pobre. L\u00e1 existe muita agricultura em pequena escala, mas seu poder econ\u00f4mico n\u00e3o \u00e9 t\u00e3o grande quanto o do Qu\u00eania, por exemplo. O governo \u00e9 repressivo, mas ao mesmo tempo exerce uma fun\u00e7\u00e3o importante em ajudar os pa\u00edses vizinhos a encontrar solu\u00e7\u00f5es pac\u00edficas para conflitos cont\u00ednuos.<\/p>\n<p>J\u00e1 a popula\u00e7\u00e3o da Som\u00e1lia \u00e9 mu\u00e7ulmana, est\u00e1 organizada em cl\u00e3s, e n\u00e3o em grupos \u00e9tnicos (ou tribos); sua capacidade econ\u00f4mica est\u00e1 perto de zero depois de uma d\u00e9cada de conflito, enquanto a pirataria se alastra ao longo de sua costa. Um quarto da popula\u00e7\u00e3o da Som\u00e1lia fugiu do pa\u00eds e vive no ex\u00edlio, enquanto que 1,5 milh\u00e3o de pessoas est\u00e3o deslocadas dentro da pr\u00f3pria Som\u00e1lia.<\/p>\n<p><strong>IHU On-Line \u2013 Quais s\u00e3o as causas da falta de alimentos na Som\u00e1lia?<\/strong><\/p>\n<p>Frido Pflueger \u2013 As causas da crise de seca e fome na Som\u00e1lia s\u00e3o principalmente tr\u00eas. Primeiro, uma mudan\u00e7a nos padr\u00f5es clim\u00e1ticos que ocorreu em toda a regi\u00e3o. Segundo, uma disparada nos pre\u00e7os dos alimentos na regi\u00e3o inteira. E, terceiro, o conflito na pr\u00f3pria Som\u00e1lia, que n\u00e3o tem um governo efetivo desde a derrubada de Siad Barre do poder em 1991.<\/p>\n<p><strong>IHU On-Line \u2013 Segundo not\u00edcias da imprensa, a zona sul do pa\u00eds est\u00e1 controlada pelas mil\u00edcias do Al-Shabab. Que mil\u00edcias s\u00e3o essas? Qual sua origem?<\/strong><\/p>\n<p>Frido Pflueger \u2013 As mil\u00edcias extremistas do Al-Shahab est\u00e3o combatendo o governo federal transit\u00f3rio apoiado pela comunidade internacional, mas este governo s\u00f3 controla uma fra\u00e7\u00e3o do territ\u00f3rio. \u00c9 muito dif\u00edcil, se n\u00e3o imposs\u00edvel, promover pol\u00edticas de modo geral num pa\u00eds dilacerado por guerra e conflito durante 20 anos, e o progresso s\u00f3 acontece em escala muito pequena.<\/p>\n<p>Para dizer o m\u00ednimo, as mil\u00edcias do Al-Shahab s\u00e3o um grupo radical extremista que instituiu a lei da charia na Som\u00e1lia. Elas foram repetidamente associadas \u00e0 Al Qaeda, e pa\u00edses como os Estados Unidos as tacharam de grupo terrorista.<\/p>\n<p><strong>IHU On-Line \u2013 Ap\u00f3s declarar a independ\u00eancia, o Sud\u00e3o do Sul tamb\u00e9m enfrenta situa\u00e7\u00f5es de fome extrema?<\/strong><\/p>\n<p>Frido Pflueger \u2013 N\u00e3o. Atualmente o Sud\u00e3o do Sul n\u00e3o est\u00e1 enfrentando uma situa\u00e7\u00e3o de seca ou fome. Mas, como toda a regi\u00e3o, ele \u00e9 afetado pelos altos pre\u00e7os dos alimentos. O Sud\u00e3o do Sul e\u00eam grandes extens\u00f5es de terras agricult\u00e1veis, mas a agricultura n\u00e3o est\u00e1 desenvolvida ainda, em parte porque grandes \u00e1reas de terra n\u00e3o tiveram suas minas removidas ainda, e tamb\u00e9m porque as pessoas n\u00e3o disp\u00f5em da capacidade e das ferramentas para iniciar uma agricultura em grande escala e os investidores est\u00e3o apenas come\u00e7ando a entrar.<\/p>\n<p><strong>IHU On-Line \u2013 Como funcionam os campos de refugiados no Qu\u00eania e na Eti\u00f3pia? Quantos somalis est\u00e3o refugiados nesses locais?<\/strong><\/p>\n<p>Frido Pflueger \u2013 A situa\u00e7\u00e3o nesses campos \u00e9 de grande car\u00eancia. Cerca de 1.300 somalis chegam diariamente aos campos de Dadaab, no Qu\u00eania, que agora abrigam perto de 500 mil refugiados. Na Eti\u00f3pia, o n\u00famero de novas pessoas que chegam aos campos em Dolo Ado diminuiu de 1.700 por dia em junho para 270, porque ajuda em forma de alimentos est\u00e1 sendo dada agora dentro da Som\u00e1lia. Ainda assim, o campo aumenta muito rapidamente, 80% dos refugiados s\u00e3o crian\u00e7as com menos de 18 anos de idade e a taxa de desnutri\u00e7\u00e3o aguda global \u00e9 de 30%. Em Dolo Aldo foi aberto um novo campo nesta semana, e 15 mil refugiados que estavam encalhados no centro de inscri\u00e7\u00f5es foram transferidos para esse novo local. Atualmente os quatro campos existentes em Dolo abrigam cerca de 114 mil refugiados.<\/p>\n<p>Em Dadaab, foi aberta uma extens\u00e3o do campo de Ifo, e milhares de refugiados que estavam acampados na periferia do campo foram transferidos para ele. Muitos refugiados caminham durante dias ou semanas at\u00e9 alcan\u00e7arem os campos, muitos morrem a caminho e a maioria dos que chegam recebe sua primeira refei\u00e7\u00e3o substancial em semanas depois de chegarem. Os funcion\u00e1rios da ajuda humanit\u00e1ria trabalham dia e noite para suprir as necessidades urgentes dos refugiados, mas \u00e9 praticamente imposs\u00edvel atender todos.<\/p>\n<p><strong>IHU On-Line \u2013 Como os servi\u00e7os psicossociais e educacionais t\u00eam ajudado a dar estabilidade aos refugiados?<\/strong><\/p>\n<p>Frido Pflueger \u2013 O Servi\u00e7o Jesu\u00edta aos Refugiados tem oferecido apoio psicossocial em forma de aconselhamento e m\u00e9todos alternativos de cura (massagem, reflexologia etc.) a refugiados no campo de Kakuma, no noroeste do Qu\u00eania, por mais de 15 anos. A organiza\u00e7\u00e3o forma aconselhadores e terapeutas alternativos dentre os refugiados que, por sua vez, podem servir e apoiar os membros de suas pr\u00f3prias comunidades. Ao mesmo tempo, eles ajudam a identificar crian\u00e7as portadoras de defici\u00eancias mentais ou f\u00edsicas \u00e0s quais o Servi\u00e7o Jesu\u00edta aos Refugiados presta ent\u00e3o assist\u00eancia atrav\u00e9s de tr\u00eas creches, ao mesmo tempo em que conscientiza as pessoas em rela\u00e7\u00e3o \u00e0s necessidades especiais dessas crian\u00e7as. O programa tem provado ser muito bem-sucedido.<\/p>\n<p>Quase todos os refugiados ficam traumatizados com suas experi\u00eancias, e a maioria se encontra numa situa\u00e7\u00e3o de ex\u00edlio prolongado (que j\u00e1 dura mais de 17 anos agora). Tudo isso faz com que seja extremamente dif\u00edcil para eles enfrentarem a vida. Os m\u00e9todos que o Servi\u00e7o oferece ajuda a lidar com seus traumas passados e com os desafios que eles enfrentam no campo de refugiados. Oferece-lhes um futuro e os ajuda a readquirir esperan\u00e7a de um mundo melhor.<\/p>\n<p>Proporcionar educa\u00e7\u00e3o \u00e9 a atividade central do Servi\u00e7o Jesu\u00edta aos Refugiados. Nossa experi\u00eancia mostra que especialmente os refugiados jovens recuperam a esperan\u00e7a atrav\u00e9s da educa\u00e7\u00e3o. Ela os ajuda a desenvolver seu potencial pleno, e, com as aptid\u00f5es que adquirem, eles podem contribuir para reconstruir seus pa\u00edses depois de estes alcan\u00e7arem a paz. Ajuda-os a empregar seu tempo nos campos de refugiados de uma forma significativa e positiva. A educa\u00e7\u00e3o \u00e9 uma resposta eficiente e necess\u00e1ria a situa\u00e7\u00f5es em que h\u00e1 refugiados.<\/p>\n<p><strong>IHU On-Line \u2013 Qual sua expectativa em rela\u00e7\u00e3o ao combate \u00e0 fome na Som\u00e1lia?<\/strong><\/p>\n<p>Frido Pflueger \u2013 Este \u00e9 apenas o in\u00edcio da crise, e, antes que a situa\u00e7\u00e3o melhore, \u00e9 prov\u00e1vel que ela fique pior. Constitui um sinal positivo o fato de a comunidade internacional estar reagindo, mostrando solidariedade e tentando encontrar formas de minorar a situa\u00e7\u00e3o. Entretanto, todas as declara\u00e7\u00f5es e avalia\u00e7\u00f5es n\u00e3o far\u00e3o sentido se n\u00e3o forem traduzidas em a\u00e7\u00f5es concretas no campo. Por enquanto, \u00e9 preciso empreender a\u00e7\u00f5es imediatas para garantir que as pessoas que est\u00e3o sofrendo tenham acesso a comida a partir de onde est\u00e3o. A Eti\u00f3pia e o Qu\u00eania t\u00eam sido muito generosos ao abrigar centenas de milhares de refugiados somalis, mas est\u00e3o claramente sobrecarregados e precisam de aux\u00edlio para lidar com sua pr\u00f3pria popula\u00e7\u00e3o afetada pela estiagem. Embora a crise da Som\u00e1lia tenha sido desencadeada pela seca e pela eleva\u00e7\u00e3o dos pre\u00e7os dos alimentos, um estado que funcionasse estaria em melhores condi\u00e7\u00f5es de reagir a essas flutua\u00e7\u00f5es. O que faz disso uma crise \u00e9 o conflito.<\/p>\n<p>Embora reagir \u00e0s mais urgentes necessidades seja de extrema import\u00e2ncia, tamb\u00e9m precisamos come\u00e7ar a planejar respostas de m\u00e9dio e longo prazo. O mundo n\u00e3o pode continuar a s\u00f3 come\u00e7ar a agir depois que as pessoas j\u00e1 est\u00e3o passando fome. Os governos dos pa\u00edses afetados, bem como os pa\u00edses que prestam assist\u00eancia, t\u00eam de promover a paz na Som\u00e1lia, assim como a seguran\u00e7a alimentar e o desenvolvimento agr\u00edcola em toda a regi\u00e3o. Secas e per\u00edodos de fome t\u00eam ocorrido regularmente nessa regi\u00e3o.<\/p>\n<p>Se continuarmos apenas reagindo a emerg\u00eancias, trazendo socorro em forma de comida, estaremos na mesma situa\u00e7\u00e3o daqui a tr\u00eas, cinco ou sete anos. Os esfor\u00e7os para construir a paz na Som\u00e1lia t\u00eam de ser intensificados. Nesse \u00ednterim, o Servi\u00e7o Jesu\u00edta aos Refugiados se concentra em medidas de m\u00e9dio prazo, como, por exemplo, servi\u00e7os espec\u00edficos direcionados para as necessidades psicol\u00f3gicas ou educacionais dos refugiados que provavelmente n\u00e3o ter\u00e3o condi\u00e7\u00f5es de voltar para casa no futuro pr\u00f3ximo.<\/p>\n<div id=\"themify_builder_content-15396\" data-postid=\"15396\" class=\"themify_builder_content themify_builder_content-15396 themify_builder themify_builder_front\">\n\t<\/div>\n<!-- \/themify_builder_content -->","protected":false},"excerpt":{"rendered":"<p>&#8220;Este \u00e9 apenas o in\u00edcio da crise, e, antes que a situa\u00e7\u00e3o melhore, \u00e9 prov\u00e1vel que ela fique pior\u201d, declara Frido Pflueger \u00e0 IHU On-Line, ao mencionar o estado de fome que atinge a Som\u00e1lia e o Chifre da \u00c1frica. Segundo ele, a Eti\u00f3pia e o Qu\u00eania t\u00eam abrigado centenas de milhares de refugiados somalis, [&hellip;]<\/p>\n","protected":false},"author":5,"featured_media":0,"comment_status":"open","ping_status":"open","sticky":false,"template":"","format":"standard","meta":{"ngg_post_thumbnail":0,"footnotes":""},"categories":[2022],"tags":[1636,466,38,88,2008],"yoast_head":"<!-- This site is optimized with the Yoast SEO plugin v23.5 - https:\/\/yoast.com\/wordpress\/plugins\/seo\/ -->\n<title>Fome generalizada na Som\u00e1lia. Um problema pol\u00edtico - O Arcanjo no ar<\/title>\n<meta name=\"robots\" content=\"index, follow, max-snippet:-1, max-image-preview:large, max-video-preview:-1\" \/>\n<link rel=\"canonical\" href=\"https:\/\/www.oarcanjo.net\/site\/fome-generalizada-na-somalia-um-problema-politico\/\" \/>\n<meta property=\"og:locale\" content=\"pt_BR\" \/>\n<meta property=\"og:type\" content=\"article\" \/>\n<meta property=\"og:title\" content=\"Fome generalizada na Som\u00e1lia. Um problema pol\u00edtico - O Arcanjo no ar\" \/>\n<meta property=\"og:description\" content=\"&#8220;Este \u00e9 apenas o in\u00edcio da crise, e, antes que a situa\u00e7\u00e3o melhore, \u00e9 prov\u00e1vel que ela fique pior\u201d, declara Frido Pflueger \u00e0 IHU On-Line, ao mencionar o estado de fome que atinge a Som\u00e1lia e o Chifre da \u00c1frica. Segundo ele, a Eti\u00f3pia e o Qu\u00eania t\u00eam abrigado centenas de milhares de refugiados somalis, [&hellip;]\" \/>\n<meta property=\"og:url\" content=\"https:\/\/www.oarcanjo.net\/site\/fome-generalizada-na-somalia-um-problema-politico\/\" \/>\n<meta property=\"og:site_name\" content=\"O Arcanjo no ar\" \/>\n<meta property=\"article:publisher\" content=\"https:\/\/www.facebook.com\/OArcanjoNoAr\/\" \/>\n<meta property=\"article:published_time\" content=\"2011-08-15T12:43:08+00:00\" \/>\n<meta property=\"og:image\" content=\"https:\/\/www.oarcanjo.net\/site\/wp-content\/uploads\/logo-o-arcanjo-no-ar-facebook.png\" \/>\n\t<meta property=\"og:image:width\" content=\"300\" \/>\n\t<meta property=\"og:image:height\" content=\"300\" \/>\n\t<meta property=\"og:image:type\" content=\"image\/png\" \/>\n<meta name=\"author\" content=\"editor\" \/>\n<meta name=\"twitter:card\" content=\"summary_large_image\" \/>\n<meta name=\"twitter:label1\" content=\"Escrito por\" \/>\n\t<meta name=\"twitter:data1\" content=\"editor\" \/>\n\t<meta name=\"twitter:label2\" content=\"Est. tempo de leitura\" \/>\n\t<meta name=\"twitter:data2\" content=\"10 minutos\" \/>\n<script type=\"application\/ld+json\" class=\"yoast-schema-graph\">{\"@context\":\"https:\/\/schema.org\",\"@graph\":[{\"@type\":\"Article\",\"@id\":\"https:\/\/www.oarcanjo.net\/site\/fome-generalizada-na-somalia-um-problema-politico\/#article\",\"isPartOf\":{\"@id\":\"https:\/\/www.oarcanjo.net\/site\/fome-generalizada-na-somalia-um-problema-politico\/\"},\"author\":{\"name\":\"editor\",\"@id\":\"https:\/\/www.oarcanjo.net\/site\/#\/schema\/person\/f7024d007863202483a31326673a0838\"},\"headline\":\"Fome generalizada na Som\u00e1lia. Um problema pol\u00edtico\",\"datePublished\":\"2011-08-15T12:43:08+00:00\",\"dateModified\":\"2011-08-15T12:43:08+00:00\",\"mainEntityOfPage\":{\"@id\":\"https:\/\/www.oarcanjo.net\/site\/fome-generalizada-na-somalia-um-problema-politico\/\"},\"wordCount\":1951,\"commentCount\":0,\"publisher\":{\"@id\":\"https:\/\/www.oarcanjo.net\/site\/#organization\"},\"keywords\":[\"\u00c1frica\",\"exclus\u00e3o\",\"fome\",\"solidariedade\",\"Som\u00e1lia\"],\"articleSection\":[\"Fome na \u00c1frica\"],\"inLanguage\":\"pt-BR\",\"potentialAction\":[{\"@type\":\"CommentAction\",\"name\":\"Comment\",\"target\":[\"https:\/\/www.oarcanjo.net\/site\/fome-generalizada-na-somalia-um-problema-politico\/#respond\"]}]},{\"@type\":\"WebPage\",\"@id\":\"https:\/\/www.oarcanjo.net\/site\/fome-generalizada-na-somalia-um-problema-politico\/\",\"url\":\"https:\/\/www.oarcanjo.net\/site\/fome-generalizada-na-somalia-um-problema-politico\/\",\"name\":\"Fome generalizada na Som\u00e1lia. Um problema pol\u00edtico - O Arcanjo no ar\",\"isPartOf\":{\"@id\":\"https:\/\/www.oarcanjo.net\/site\/#website\"},\"datePublished\":\"2011-08-15T12:43:08+00:00\",\"dateModified\":\"2011-08-15T12:43:08+00:00\",\"breadcrumb\":{\"@id\":\"https:\/\/www.oarcanjo.net\/site\/fome-generalizada-na-somalia-um-problema-politico\/#breadcrumb\"},\"inLanguage\":\"pt-BR\",\"potentialAction\":[{\"@type\":\"ReadAction\",\"target\":[\"https:\/\/www.oarcanjo.net\/site\/fome-generalizada-na-somalia-um-problema-politico\/\"]}]},{\"@type\":\"BreadcrumbList\",\"@id\":\"https:\/\/www.oarcanjo.net\/site\/fome-generalizada-na-somalia-um-problema-politico\/#breadcrumb\",\"itemListElement\":[{\"@type\":\"ListItem\",\"position\":1,\"name\":\"In\u00edcio\",\"item\":\"https:\/\/www.oarcanjo.net\/site\/\"},{\"@type\":\"ListItem\",\"position\":2,\"name\":\"Fome generalizada na Som\u00e1lia. Um problema pol\u00edtico\"}]},{\"@type\":\"WebSite\",\"@id\":\"https:\/\/www.oarcanjo.net\/site\/#website\",\"url\":\"https:\/\/www.oarcanjo.net\/site\/\",\"name\":\"O Arcanjo no ar\",\"description\":\"Site da Par\u00f3quia S\u00e3o Miguel Arcanjo (Arquidiocese de SP)\",\"publisher\":{\"@id\":\"https:\/\/www.oarcanjo.net\/site\/#organization\"},\"potentialAction\":[{\"@type\":\"SearchAction\",\"target\":{\"@type\":\"EntryPoint\",\"urlTemplate\":\"https:\/\/www.oarcanjo.net\/site\/?s={search_term_string}\"},\"query-input\":{\"@type\":\"PropertyValueSpecification\",\"valueRequired\":true,\"valueName\":\"search_term_string\"}}],\"inLanguage\":\"pt-BR\"},{\"@type\":\"Organization\",\"@id\":\"https:\/\/www.oarcanjo.net\/site\/#organization\",\"name\":\"Par\u00f3quia S\u00e3o Miguel Arcanjo\",\"url\":\"https:\/\/www.oarcanjo.net\/site\/\",\"logo\":{\"@type\":\"ImageObject\",\"inLanguage\":\"pt-BR\",\"@id\":\"https:\/\/www.oarcanjo.net\/site\/#\/schema\/logo\/image\/\",\"url\":\"https:\/\/www.oarcanjo.net\/site\/wp-content\/uploads\/LogoOArcanjo.png\",\"contentUrl\":\"https:\/\/www.oarcanjo.net\/site\/wp-content\/uploads\/LogoOArcanjo.png\",\"width\":319,\"height\":99,\"caption\":\"Par\u00f3quia S\u00e3o Miguel Arcanjo\"},\"image\":{\"@id\":\"https:\/\/www.oarcanjo.net\/site\/#\/schema\/logo\/image\/\"},\"sameAs\":[\"https:\/\/www.facebook.com\/OArcanjoNoAr\/\"]},{\"@type\":\"Person\",\"@id\":\"https:\/\/www.oarcanjo.net\/site\/#\/schema\/person\/f7024d007863202483a31326673a0838\",\"name\":\"editor\",\"sameAs\":[\"http:\/\/www.oarcanjo.net\"]}]}<\/script>\n<!-- \/ Yoast SEO plugin. -->","yoast_head_json":{"title":"Fome generalizada na Som\u00e1lia. Um problema pol\u00edtico - O Arcanjo no ar","robots":{"index":"index","follow":"follow","max-snippet":"max-snippet:-1","max-image-preview":"max-image-preview:large","max-video-preview":"max-video-preview:-1"},"canonical":"https:\/\/www.oarcanjo.net\/site\/fome-generalizada-na-somalia-um-problema-politico\/","og_locale":"pt_BR","og_type":"article","og_title":"Fome generalizada na Som\u00e1lia. Um problema pol\u00edtico - O Arcanjo no ar","og_description":"&#8220;Este \u00e9 apenas o in\u00edcio da crise, e, antes que a situa\u00e7\u00e3o melhore, \u00e9 prov\u00e1vel que ela fique pior\u201d, declara Frido Pflueger \u00e0 IHU On-Line, ao mencionar o estado de fome que atinge a Som\u00e1lia e o Chifre da \u00c1frica. Segundo ele, a Eti\u00f3pia e o Qu\u00eania t\u00eam abrigado centenas de milhares de refugiados somalis, [&hellip;]","og_url":"https:\/\/www.oarcanjo.net\/site\/fome-generalizada-na-somalia-um-problema-politico\/","og_site_name":"O Arcanjo no ar","article_publisher":"https:\/\/www.facebook.com\/OArcanjoNoAr\/","article_published_time":"2011-08-15T12:43:08+00:00","og_image":[{"width":300,"height":300,"url":"https:\/\/www.oarcanjo.net\/site\/wp-content\/uploads\/logo-o-arcanjo-no-ar-facebook.png","type":"image\/png"}],"author":"editor","twitter_card":"summary_large_image","twitter_misc":{"Escrito por":"editor","Est. tempo de leitura":"10 minutos"},"schema":{"@context":"https:\/\/schema.org","@graph":[{"@type":"Article","@id":"https:\/\/www.oarcanjo.net\/site\/fome-generalizada-na-somalia-um-problema-politico\/#article","isPartOf":{"@id":"https:\/\/www.oarcanjo.net\/site\/fome-generalizada-na-somalia-um-problema-politico\/"},"author":{"name":"editor","@id":"https:\/\/www.oarcanjo.net\/site\/#\/schema\/person\/f7024d007863202483a31326673a0838"},"headline":"Fome generalizada na Som\u00e1lia. Um problema pol\u00edtico","datePublished":"2011-08-15T12:43:08+00:00","dateModified":"2011-08-15T12:43:08+00:00","mainEntityOfPage":{"@id":"https:\/\/www.oarcanjo.net\/site\/fome-generalizada-na-somalia-um-problema-politico\/"},"wordCount":1951,"commentCount":0,"publisher":{"@id":"https:\/\/www.oarcanjo.net\/site\/#organization"},"keywords":["\u00c1frica","exclus\u00e3o","fome","solidariedade","Som\u00e1lia"],"articleSection":["Fome na \u00c1frica"],"inLanguage":"pt-BR","potentialAction":[{"@type":"CommentAction","name":"Comment","target":["https:\/\/www.oarcanjo.net\/site\/fome-generalizada-na-somalia-um-problema-politico\/#respond"]}]},{"@type":"WebPage","@id":"https:\/\/www.oarcanjo.net\/site\/fome-generalizada-na-somalia-um-problema-politico\/","url":"https:\/\/www.oarcanjo.net\/site\/fome-generalizada-na-somalia-um-problema-politico\/","name":"Fome generalizada na Som\u00e1lia. Um problema pol\u00edtico - O Arcanjo no ar","isPartOf":{"@id":"https:\/\/www.oarcanjo.net\/site\/#website"},"datePublished":"2011-08-15T12:43:08+00:00","dateModified":"2011-08-15T12:43:08+00:00","breadcrumb":{"@id":"https:\/\/www.oarcanjo.net\/site\/fome-generalizada-na-somalia-um-problema-politico\/#breadcrumb"},"inLanguage":"pt-BR","potentialAction":[{"@type":"ReadAction","target":["https:\/\/www.oarcanjo.net\/site\/fome-generalizada-na-somalia-um-problema-politico\/"]}]},{"@type":"BreadcrumbList","@id":"https:\/\/www.oarcanjo.net\/site\/fome-generalizada-na-somalia-um-problema-politico\/#breadcrumb","itemListElement":[{"@type":"ListItem","position":1,"name":"In\u00edcio","item":"https:\/\/www.oarcanjo.net\/site\/"},{"@type":"ListItem","position":2,"name":"Fome generalizada na Som\u00e1lia. Um problema pol\u00edtico"}]},{"@type":"WebSite","@id":"https:\/\/www.oarcanjo.net\/site\/#website","url":"https:\/\/www.oarcanjo.net\/site\/","name":"O Arcanjo no ar","description":"Site da Par\u00f3quia S\u00e3o Miguel Arcanjo (Arquidiocese de SP)","publisher":{"@id":"https:\/\/www.oarcanjo.net\/site\/#organization"},"potentialAction":[{"@type":"SearchAction","target":{"@type":"EntryPoint","urlTemplate":"https:\/\/www.oarcanjo.net\/site\/?s={search_term_string}"},"query-input":{"@type":"PropertyValueSpecification","valueRequired":true,"valueName":"search_term_string"}}],"inLanguage":"pt-BR"},{"@type":"Organization","@id":"https:\/\/www.oarcanjo.net\/site\/#organization","name":"Par\u00f3quia S\u00e3o Miguel Arcanjo","url":"https:\/\/www.oarcanjo.net\/site\/","logo":{"@type":"ImageObject","inLanguage":"pt-BR","@id":"https:\/\/www.oarcanjo.net\/site\/#\/schema\/logo\/image\/","url":"https:\/\/www.oarcanjo.net\/site\/wp-content\/uploads\/LogoOArcanjo.png","contentUrl":"https:\/\/www.oarcanjo.net\/site\/wp-content\/uploads\/LogoOArcanjo.png","width":319,"height":99,"caption":"Par\u00f3quia S\u00e3o Miguel Arcanjo"},"image":{"@id":"https:\/\/www.oarcanjo.net\/site\/#\/schema\/logo\/image\/"},"sameAs":["https:\/\/www.facebook.com\/OArcanjoNoAr\/"]},{"@type":"Person","@id":"https:\/\/www.oarcanjo.net\/site\/#\/schema\/person\/f7024d007863202483a31326673a0838","name":"editor","sameAs":["http:\/\/www.oarcanjo.net"]}]}},"publishpress_future_action":{"enabled":false,"date":"2026-05-09 10:25:34","action":"category","newStatus":"draft","terms":[],"taxonomy":"category"},"publishpress_future_workflow_manual_trigger":{"enabledWorkflows":[]},"_links":{"self":[{"href":"https:\/\/www.oarcanjo.net\/site\/wp-json\/wp\/v2\/posts\/15396"}],"collection":[{"href":"https:\/\/www.oarcanjo.net\/site\/wp-json\/wp\/v2\/posts"}],"about":[{"href":"https:\/\/www.oarcanjo.net\/site\/wp-json\/wp\/v2\/types\/post"}],"author":[{"embeddable":true,"href":"https:\/\/www.oarcanjo.net\/site\/wp-json\/wp\/v2\/users\/5"}],"replies":[{"embeddable":true,"href":"https:\/\/www.oarcanjo.net\/site\/wp-json\/wp\/v2\/comments?post=15396"}],"version-history":[{"count":0,"href":"https:\/\/www.oarcanjo.net\/site\/wp-json\/wp\/v2\/posts\/15396\/revisions"}],"wp:attachment":[{"href":"https:\/\/www.oarcanjo.net\/site\/wp-json\/wp\/v2\/media?parent=15396"}],"wp:term":[{"taxonomy":"category","embeddable":true,"href":"https:\/\/www.oarcanjo.net\/site\/wp-json\/wp\/v2\/categories?post=15396"},{"taxonomy":"post_tag","embeddable":true,"href":"https:\/\/www.oarcanjo.net\/site\/wp-json\/wp\/v2\/tags?post=15396"}],"curies":[{"name":"wp","href":"https:\/\/api.w.org\/{rel}","templated":true}]}}