
{"id":15427,"date":"2011-08-16T02:12:21","date_gmt":"2011-08-16T05:12:21","guid":{"rendered":"http:\/\/www.oarcanjo.net\/site\/?p=15427"},"modified":"2011-08-16T02:24:18","modified_gmt":"2011-08-16T05:24:18","slug":"cor-da-rua","status":"publish","type":"post","link":"https:\/\/www.oarcanjo.net\/site\/cor-da-rua\/","title":{"rendered":"Cor da Rua"},"content":{"rendered":"<p>A arte que vem da rua&#8230; \u00e9 o que faz uma casa no centro da cidade. <strong><span style=\"color: #339966;\">C<\/span><span style=\"color: #ff0000;\">o<\/span><span style=\"color: #0000ff;\">r<\/span> <span style=\"color: #800000;\">d<\/span><span style=\"color: #ff6600;\">a<\/span> <span style=\"color: #800080;\">R<\/span><span style=\"color: #008000;\">u<\/span><span style=\"color: #ff9900;\">a<\/span><\/strong> tem uma oficina-escola praparat\u00f3ria para a inser\u00e7\u00e3o no mundo do trabalho atrav\u00e9s de atividades educativas e art\u00edsticas, remuneradas, de arte-reciclagem a partir do descarte urbano para jovens em situa\u00e7\u00e3o de risco social e a popula\u00e7\u00e3o adulta de rua.<\/p>\n<p>Localizada na Rua dos Estudantes, 483, a casa tem um lindo jardim, decorada com pe\u00e7as produzidas nas oficinas, tendo sempre como mat\u00e9ria-prima o descarte urbano, onde os produtos s\u00e3o comercializados em benef\u00edcio dos Programas da Organiza\u00e7\u00e3o de Auxilio Fraterno, entidade de assist\u00eancia social com atua\u00e7\u00e3o desde os anos 50.<\/p>\n<p>A casa da <strong><span style=\"color: #339966;\">C<\/span><span style=\"color: #ff0000;\">o<\/span><span style=\"color: #0000ff;\">r<\/span> <span style=\"color: #800000;\">d<\/span><span style=\"color: #ff6600;\">a<\/span> <span style=\"color: #800080;\">R<\/span><span style=\"color: #008000;\">u<\/span><span style=\"color: #ff9900;\">a<\/span><\/strong> abre diariamente ao p\u00fablico, das 10h \u00e0s 17h, e s\u00e1bados, das 10h \u00e0s 15h.<\/p>\n<p>Depois de visitar esta casa certamente come\u00e7amos a refletir sobre a necessidade do consumo consciente, a necessidade de pol\u00edticas p\u00fablicas justas e eficientes tanto nas quest\u00f5es do meio ambiente quanto nas quest\u00f5es sociais.<\/p>\n<p>Confira a fotos&#8230;<\/p>\nngg_shortcode_0_placeholder\n<p><em>Reportagem de Wanderley de Oliveira<\/em><\/p>\n<div id=\"themify_builder_content-15427\" data-postid=\"15427\" class=\"themify_builder_content themify_builder_content-15427 themify_builder themify_builder_front\">\n\t<\/div>\n<!-- \/themify_builder_content -->","protected":false},"excerpt":{"rendered":"<p>A arte que vem da rua&#8230; \u00e9 o que faz uma casa no centro da cidade. Cor da Rua tem uma oficina-escola praparat\u00f3ria para a inser\u00e7\u00e3o no mundo do trabalho atrav\u00e9s de atividades educativas e art\u00edsticas, remuneradas, de arte-reciclagem a partir do descarte urbano para jovens em situa\u00e7\u00e3o de risco social e a popula\u00e7\u00e3o adulta [&hellip;]<\/p>\n","protected":false},"author":5,"featured_media":0,"comment_status":"open","ping_status":"open","sticky":false,"template":"","format":"standard","meta":{"ngg_post_thumbnail":0,"footnotes":""},"categories":[3,8],"tags":[],"yoast_head":"<!-- This site is optimized with the Yoast SEO plugin v23.5 - https:\/\/yoast.com\/wordpress\/plugins\/seo\/ -->\n<title>Cor da Rua - O Arcanjo no ar<\/title>\n<meta name=\"robots\" content=\"index, follow, max-snippet:-1, max-image-preview:large, max-video-preview:-1\" \/>\n<link rel=\"canonical\" href=\"https:\/\/www.oarcanjo.net\/site\/cor-da-rua\/\" \/>\n<meta property=\"og:locale\" content=\"pt_BR\" \/>\n<meta property=\"og:type\" content=\"article\" \/>\n<meta property=\"og:title\" content=\"Cor da Rua - O Arcanjo no ar\" \/>\n<meta property=\"og:description\" content=\"A arte que vem da rua&#8230; \u00e9 o que faz uma casa no centro da cidade. Cor da Rua tem uma oficina-escola praparat\u00f3ria para a inser\u00e7\u00e3o no mundo do trabalho atrav\u00e9s de atividades educativas e art\u00edsticas, remuneradas, de arte-reciclagem a partir do descarte urbano para jovens em situa\u00e7\u00e3o de risco social e a popula\u00e7\u00e3o adulta [&hellip;]\" \/>\n<meta property=\"og:url\" content=\"https:\/\/www.oarcanjo.net\/site\/cor-da-rua\/\" \/>\n<meta property=\"og:site_name\" content=\"O Arcanjo no ar\" \/>\n<meta property=\"article:publisher\" content=\"https:\/\/www.facebook.com\/OArcanjoNoAr\/\" \/>\n<meta property=\"article:published_time\" content=\"2011-08-16T05:12:21+00:00\" \/>\n<meta property=\"article:modified_time\" content=\"2011-08-16T05:24:18+00:00\" \/>\n<meta property=\"og:image\" content=\"https:\/\/www.oarcanjo.net\/site\/wp-content\/uploads\/logo-o-arcanjo-no-ar-facebook.png\" \/>\n\t<meta property=\"og:image:width\" content=\"300\" \/>\n\t<meta property=\"og:image:height\" content=\"300\" \/>\n\t<meta property=\"og:image:type\" content=\"image\/png\" \/>\n<meta name=\"author\" content=\"editor\" \/>\n<meta name=\"twitter:card\" content=\"summary_large_image\" \/>\n<meta name=\"twitter:label1\" content=\"Escrito por\" \/>\n\t<meta name=\"twitter:data1\" content=\"editor\" \/>\n\t<meta name=\"twitter:label2\" content=\"Est. tempo de leitura\" \/>\n\t<meta name=\"twitter:data2\" content=\"1 minuto\" \/>\n<script type=\"application\/ld+json\" class=\"yoast-schema-graph\">{\"@context\":\"https:\/\/schema.org\",\"@graph\":[{\"@type\":\"Article\",\"@id\":\"https:\/\/www.oarcanjo.net\/site\/cor-da-rua\/#article\",\"isPartOf\":{\"@id\":\"https:\/\/www.oarcanjo.net\/site\/cor-da-rua\/\"},\"author\":{\"name\":\"editor\",\"@id\":\"https:\/\/www.oarcanjo.net\/site\/#\/schema\/person\/f7024d007863202483a31326673a0838\"},\"headline\":\"Cor da Rua\",\"datePublished\":\"2011-08-16T05:12:21+00:00\",\"dateModified\":\"2011-08-16T05:24:18+00:00\",\"mainEntityOfPage\":{\"@id\":\"https:\/\/www.oarcanjo.net\/site\/cor-da-rua\/\"},\"wordCount\":199,\"commentCount\":2,\"publisher\":{\"@id\":\"https:\/\/www.oarcanjo.net\/site\/#organization\"},\"articleSection\":[\"Destaques\",\"Not\u00edcias\"],\"inLanguage\":\"pt-BR\",\"potentialAction\":[{\"@type\":\"CommentAction\",\"name\":\"Comment\",\"target\":[\"https:\/\/www.oarcanjo.net\/site\/cor-da-rua\/#respond\"]}]},{\"@type\":\"WebPage\",\"@id\":\"https:\/\/www.oarcanjo.net\/site\/cor-da-rua\/\",\"url\":\"https:\/\/www.oarcanjo.net\/site\/cor-da-rua\/\",\"name\":\"Cor da Rua - O Arcanjo no ar\",\"isPartOf\":{\"@id\":\"https:\/\/www.oarcanjo.net\/site\/#website\"},\"datePublished\":\"2011-08-16T05:12:21+00:00\",\"dateModified\":\"2011-08-16T05:24:18+00:00\",\"breadcrumb\":{\"@id\":\"https:\/\/www.oarcanjo.net\/site\/cor-da-rua\/#breadcrumb\"},\"inLanguage\":\"pt-BR\",\"potentialAction\":[{\"@type\":\"ReadAction\",\"target\":[\"https:\/\/www.oarcanjo.net\/site\/cor-da-rua\/\"]}]},{\"@type\":\"BreadcrumbList\",\"@id\":\"https:\/\/www.oarcanjo.net\/site\/cor-da-rua\/#breadcrumb\",\"itemListElement\":[{\"@type\":\"ListItem\",\"position\":1,\"name\":\"In\u00edcio\",\"item\":\"https:\/\/www.oarcanjo.net\/site\/\"},{\"@type\":\"ListItem\",\"position\":2,\"name\":\"Cor da Rua\"}]},{\"@type\":\"WebSite\",\"@id\":\"https:\/\/www.oarcanjo.net\/site\/#website\",\"url\":\"https:\/\/www.oarcanjo.net\/site\/\",\"name\":\"O Arcanjo no ar\",\"description\":\"Site da Par\u00f3quia S\u00e3o Miguel Arcanjo (Arquidiocese de SP)\",\"publisher\":{\"@id\":\"https:\/\/www.oarcanjo.net\/site\/#organization\"},\"potentialAction\":[{\"@type\":\"SearchAction\",\"target\":{\"@type\":\"EntryPoint\",\"urlTemplate\":\"https:\/\/www.oarcanjo.net\/site\/?s={search_term_string}\"},\"query-input\":{\"@type\":\"PropertyValueSpecification\",\"valueRequired\":true,\"valueName\":\"search_term_string\"}}],\"inLanguage\":\"pt-BR\"},{\"@type\":\"Organization\",\"@id\":\"https:\/\/www.oarcanjo.net\/site\/#organization\",\"name\":\"Par\u00f3quia S\u00e3o Miguel Arcanjo\",\"url\":\"https:\/\/www.oarcanjo.net\/site\/\",\"logo\":{\"@type\":\"ImageObject\",\"inLanguage\":\"pt-BR\",\"@id\":\"https:\/\/www.oarcanjo.net\/site\/#\/schema\/logo\/image\/\",\"url\":\"https:\/\/www.oarcanjo.net\/site\/wp-content\/uploads\/LogoOArcanjo.png\",\"contentUrl\":\"https:\/\/www.oarcanjo.net\/site\/wp-content\/uploads\/LogoOArcanjo.png\",\"width\":319,\"height\":99,\"caption\":\"Par\u00f3quia S\u00e3o Miguel Arcanjo\"},\"image\":{\"@id\":\"https:\/\/www.oarcanjo.net\/site\/#\/schema\/logo\/image\/\"},\"sameAs\":[\"https:\/\/www.facebook.com\/OArcanjoNoAr\/\"]},{\"@type\":\"Person\",\"@id\":\"https:\/\/www.oarcanjo.net\/site\/#\/schema\/person\/f7024d007863202483a31326673a0838\",\"name\":\"editor\",\"sameAs\":[\"http:\/\/www.oarcanjo.net\"]}]}<\/script>\n<!-- \/ Yoast SEO plugin. -->","yoast_head_json":{"title":"Cor da Rua - O Arcanjo no ar","robots":{"index":"index","follow":"follow","max-snippet":"max-snippet:-1","max-image-preview":"max-image-preview:large","max-video-preview":"max-video-preview:-1"},"canonical":"https:\/\/www.oarcanjo.net\/site\/cor-da-rua\/","og_locale":"pt_BR","og_type":"article","og_title":"Cor da Rua - O Arcanjo no ar","og_description":"A arte que vem da rua&#8230; \u00e9 o que faz uma casa no centro da cidade. Cor da Rua tem uma oficina-escola praparat\u00f3ria para a inser\u00e7\u00e3o no mundo do trabalho atrav\u00e9s de atividades educativas e art\u00edsticas, remuneradas, de arte-reciclagem a partir do descarte urbano para jovens em situa\u00e7\u00e3o de risco social e a popula\u00e7\u00e3o adulta [&hellip;]","og_url":"https:\/\/www.oarcanjo.net\/site\/cor-da-rua\/","og_site_name":"O Arcanjo no ar","article_publisher":"https:\/\/www.facebook.com\/OArcanjoNoAr\/","article_published_time":"2011-08-16T05:12:21+00:00","article_modified_time":"2011-08-16T05:24:18+00:00","og_image":[{"width":300,"height":300,"url":"https:\/\/www.oarcanjo.net\/site\/wp-content\/uploads\/logo-o-arcanjo-no-ar-facebook.png","type":"image\/png"}],"author":"editor","twitter_card":"summary_large_image","twitter_misc":{"Escrito por":"editor","Est. tempo de leitura":"1 minuto"},"schema":{"@context":"https:\/\/schema.org","@graph":[{"@type":"Article","@id":"https:\/\/www.oarcanjo.net\/site\/cor-da-rua\/#article","isPartOf":{"@id":"https:\/\/www.oarcanjo.net\/site\/cor-da-rua\/"},"author":{"name":"editor","@id":"https:\/\/www.oarcanjo.net\/site\/#\/schema\/person\/f7024d007863202483a31326673a0838"},"headline":"Cor da Rua","datePublished":"2011-08-16T05:12:21+00:00","dateModified":"2011-08-16T05:24:18+00:00","mainEntityOfPage":{"@id":"https:\/\/www.oarcanjo.net\/site\/cor-da-rua\/"},"wordCount":199,"commentCount":2,"publisher":{"@id":"https:\/\/www.oarcanjo.net\/site\/#organization"},"articleSection":["Destaques","Not\u00edcias"],"inLanguage":"pt-BR","potentialAction":[{"@type":"CommentAction","name":"Comment","target":["https:\/\/www.oarcanjo.net\/site\/cor-da-rua\/#respond"]}]},{"@type":"WebPage","@id":"https:\/\/www.oarcanjo.net\/site\/cor-da-rua\/","url":"https:\/\/www.oarcanjo.net\/site\/cor-da-rua\/","name":"Cor da Rua - O Arcanjo no ar","isPartOf":{"@id":"https:\/\/www.oarcanjo.net\/site\/#website"},"datePublished":"2011-08-16T05:12:21+00:00","dateModified":"2011-08-16T05:24:18+00:00","breadcrumb":{"@id":"https:\/\/www.oarcanjo.net\/site\/cor-da-rua\/#breadcrumb"},"inLanguage":"pt-BR","potentialAction":[{"@type":"ReadAction","target":["https:\/\/www.oarcanjo.net\/site\/cor-da-rua\/"]}]},{"@type":"BreadcrumbList","@id":"https:\/\/www.oarcanjo.net\/site\/cor-da-rua\/#breadcrumb","itemListElement":[{"@type":"ListItem","position":1,"name":"In\u00edcio","item":"https:\/\/www.oarcanjo.net\/site\/"},{"@type":"ListItem","position":2,"name":"Cor da Rua"}]},{"@type":"WebSite","@id":"https:\/\/www.oarcanjo.net\/site\/#website","url":"https:\/\/www.oarcanjo.net\/site\/","name":"O Arcanjo no ar","description":"Site da Par\u00f3quia S\u00e3o Miguel Arcanjo (Arquidiocese de SP)","publisher":{"@id":"https:\/\/www.oarcanjo.net\/site\/#organization"},"potentialAction":[{"@type":"SearchAction","target":{"@type":"EntryPoint","urlTemplate":"https:\/\/www.oarcanjo.net\/site\/?s={search_term_string}"},"query-input":{"@type":"PropertyValueSpecification","valueRequired":true,"valueName":"search_term_string"}}],"inLanguage":"pt-BR"},{"@type":"Organization","@id":"https:\/\/www.oarcanjo.net\/site\/#organization","name":"Par\u00f3quia S\u00e3o Miguel Arcanjo","url":"https:\/\/www.oarcanjo.net\/site\/","logo":{"@type":"ImageObject","inLanguage":"pt-BR","@id":"https:\/\/www.oarcanjo.net\/site\/#\/schema\/logo\/image\/","url":"https:\/\/www.oarcanjo.net\/site\/wp-content\/uploads\/LogoOArcanjo.png","contentUrl":"https:\/\/www.oarcanjo.net\/site\/wp-content\/uploads\/LogoOArcanjo.png","width":319,"height":99,"caption":"Par\u00f3quia S\u00e3o Miguel Arcanjo"},"image":{"@id":"https:\/\/www.oarcanjo.net\/site\/#\/schema\/logo\/image\/"},"sameAs":["https:\/\/www.facebook.com\/OArcanjoNoAr\/"]},{"@type":"Person","@id":"https:\/\/www.oarcanjo.net\/site\/#\/schema\/person\/f7024d007863202483a31326673a0838","name":"editor","sameAs":["http:\/\/www.oarcanjo.net"]}]}},"publishpress_future_action":{"enabled":false,"date":"2026-05-09 07:24:56","action":"category","newStatus":"draft","terms":[],"taxonomy":"category"},"publishpress_future_workflow_manual_trigger":{"enabledWorkflows":[]},"_links":{"self":[{"href":"https:\/\/www.oarcanjo.net\/site\/wp-json\/wp\/v2\/posts\/15427"}],"collection":[{"href":"https:\/\/www.oarcanjo.net\/site\/wp-json\/wp\/v2\/posts"}],"about":[{"href":"https:\/\/www.oarcanjo.net\/site\/wp-json\/wp\/v2\/types\/post"}],"author":[{"embeddable":true,"href":"https:\/\/www.oarcanjo.net\/site\/wp-json\/wp\/v2\/users\/5"}],"replies":[{"embeddable":true,"href":"https:\/\/www.oarcanjo.net\/site\/wp-json\/wp\/v2\/comments?post=15427"}],"version-history":[{"count":0,"href":"https:\/\/www.oarcanjo.net\/site\/wp-json\/wp\/v2\/posts\/15427\/revisions"}],"wp:attachment":[{"href":"https:\/\/www.oarcanjo.net\/site\/wp-json\/wp\/v2\/media?parent=15427"}],"wp:term":[{"taxonomy":"category","embeddable":true,"href":"https:\/\/www.oarcanjo.net\/site\/wp-json\/wp\/v2\/categories?post=15427"},{"taxonomy":"post_tag","embeddable":true,"href":"https:\/\/www.oarcanjo.net\/site\/wp-json\/wp\/v2\/tags?post=15427"}],"curies":[{"name":"wp","href":"https:\/\/api.w.org\/{rel}","templated":true}]}}