
{"id":15448,"date":"2011-08-19T16:35:14","date_gmt":"2011-08-19T19:35:14","guid":{"rendered":"http:\/\/www.oarcanjo.net\/site\/?p=15448"},"modified":"2011-08-19T16:35:14","modified_gmt":"2011-08-19T19:35:14","slug":"um-grito-mudo","status":"publish","type":"post","link":"https:\/\/www.oarcanjo.net\/site\/um-grito-mudo\/","title":{"rendered":"Um grito mudo"},"content":{"rendered":"<p>Frei Betto<\/p>\n<p>A foto do jornal me causou horror. A crian\u00e7a somali lembrava um ET desnutrido. O corpo, ossinhos estufados sob a pele escura. A cabe\u00e7a, enorme, desproporcional ao tronco minguado, se assemelhava ao globo terrestre. A boca \u2013ah, a boca!\u2013 escancarada de fome emitia um grito mudo, amargura de quem n\u00e3o mereceu a vida como dom. Mereceu-a como dor.<\/p>\n<p>Ao lado da foto, manchetes sobre a crise financeira do cassino global. Em dez dias, as bolsas de valores perderam US$ 4 trilh\u00f5es. Estarrecedor! E nem um centavo para aplacar a fome da crian\u00e7a somali? Nem uma m\u00edsera gota de al\u00edvio para tamanho sofrimento?<\/p>\n<p>Tive vergonha. Vergonha da Declara\u00e7\u00e3o Universal dos Direitos Humanos, que reza que todos nascemos iguais, sem propor que vivamos com menos desigualdades. Vergonha de n\u00e3o haver uma Declara\u00e7\u00e3o Universal dos Deveres Humanos. Vergonha das solenes palavras de nossas Constitui\u00e7\u00f5es e discursos pol\u00edticos e humanit\u00e1rios. Vergonha de tantas mentiras que permeiam nossas democracias governadas pela ditadura do dinheiro.<\/p>\n<p>US$ 4 trilh\u00f5es derretidos na roleta da especula\u00e7\u00e3o! O PIB atual do Brasil ultrapassa US$ 2,1 trilh\u00f5es. Dois Brasil sugados pelos desacertos dos devotos do lucro e indiferentes \u00e0 crian\u00e7a somali.<\/p>\n<p>Neste mundo injusto, uma elite privilegiada disp\u00f5e de tanto dinheiro que se d\u00e1 ao luxo de aplicar o sup\u00e9rfluo na gangorra financeira \u00e0 espera de que o movimento seja sempre ascendente. Sonha em ver sua fortuna multiplicada numa propor\u00e7\u00e3o que nem Jesus foi capaz de faz\u00ea-lo com os p\u00e3es e os peixes. Basta dizer que o PIB mundial \u00e9, hoje, de US$ 62 trilh\u00f5es. E no cassino global se negociam papeis que somam US$ 600 trilh\u00f5es!<\/p>\n<p>Ora, a realidade fala mais alto que os sonhos e a necessidade que o sup\u00e9rfluo. Toda a fortuna investida na especula\u00e7\u00e3o explica a dor da crian\u00e7a somali. Arrancaram-lhe o p\u00e3o da boca na esperan\u00e7a de que a alquimia da ciranda financeira o transformasse em ouro.<\/p>\n<p>\u00c0 crian\u00e7a faltou o mais b\u00e1sico de todos os direitos: o p\u00e3o nosso de cada dia. Aos donos do dinheiro, que viram suas a\u00e7\u00f5es despencarem na bolsa, nenhum preju\u00edzo. Apenas certo desapontamento. Nenhum deles se v\u00ea obrigado a abrir m\u00e3o de seus luxos.<\/p>\n<p>Sabemos todos que a conta da recess\u00e3o, de novo, ser\u00e1 paga pelos pobres. S\u00e3o eles os condenados a sofrerem com a falta de postos de trabalho, de cr\u00e9dito, de servi\u00e7os p\u00fablicos de qualidade. Eles padecer\u00e3o o desemprego, os cortes nos investimentos do governo, as medidas cir\u00fargicas propostas pelo FMI, o recuo das ajudas humanit\u00e1rias.<\/p>\n<p>A mis\u00e9ria nutre a in\u00e9rcia dos miser\u00e1veis. Antevejo, por\u00e9m, o inconformismo da classe m\u00e9dia que, nos EUA e na Uni\u00e3o Europeia, acalentava o sonho de enriquecer. A periferia de Londres entra em ebuli\u00e7\u00e3o, as pra\u00e7as da Espanha e da It\u00e1lia s\u00e3o ocupadas por protestos. Tantas poupan\u00e7as a se volatilizarem como fuma\u00e7a nas chamin\u00e9s do cassino global!<\/p>\n<p>Temo que a onda de protestos d\u00ea sinal verde ao neofascismo. Em nome da recupera\u00e7\u00e3o do sistema financeiro (dir\u00e3o: &#8220;retomada do crescimento\u201d), nossas democracias apelar\u00e3o \u00e0s for\u00e7as pol\u00edticas que prometem mais ouro aos ricos e sonhos, meros sonhos, aos pobres.<\/p>\n<p>Nos EUA, a derrota de Obama na elei\u00e7\u00e3o de 2012 revigorar\u00e1 o preconceito aos negros e o fundamentalismo do &#8220;tea party\u201d incrementar\u00e1 o belicismo, a guerra como fator de recupera\u00e7\u00e3o econ\u00f4mica. A direita racista e xen\u00f3foba assumir\u00e1 os governos da Uni\u00e3o Europeia, disposta a conter a insatisfa\u00e7\u00e3o e os protestos.<\/p>\n<p>Enquanto isso, a crian\u00e7a somali ter\u00e1 sua dor sanada pela morte precoce. E a Som\u00e1lia se multiplicar\u00e1 pelas periferias das grandes metr\u00f3poles e dos pa\u00edses perif\u00e9ricos afetados em suas fr\u00e1geis economias.<\/p>\n<p>Ora, deixemos o pessimismo para dias melhores! \u00c9 hora de reacender e organizar a esperan\u00e7a, construir outros mundos poss\u00edveis, substituir a globocoloniza\u00e7\u00e3o pela globaliza\u00e7\u00e3o da solidariedade. Sobretudo, transformar a indigna\u00e7\u00e3o em a\u00e7\u00e3o efetiva por um mundo ecologicamente sustent\u00e1vel, politicamente democr\u00e1tico e economicamente justo.<\/p>\n<div id=\"themify_builder_content-15448\" data-postid=\"15448\" class=\"themify_builder_content themify_builder_content-15448 themify_builder themify_builder_front\">\n\t<\/div>\n<!-- \/themify_builder_content -->","protected":false},"excerpt":{"rendered":"<p>Frei Betto A foto do jornal me causou horror. A crian\u00e7a somali lembrava um ET desnutrido. O corpo, ossinhos estufados sob a pele escura. A cabe\u00e7a, enorme, desproporcional ao tronco minguado, se assemelhava ao globo terrestre. A boca \u2013ah, a boca!\u2013 escancarada de fome emitia um grito mudo, amargura de quem n\u00e3o mereceu a vida [&hellip;]<\/p>\n","protected":false},"author":5,"featured_media":0,"comment_status":"open","ping_status":"open","sticky":false,"template":"","format":"standard","meta":{"ngg_post_thumbnail":0,"footnotes":""},"categories":[2022,9],"tags":[1636,36,43,2034,1895,466,38,2025,244,37,88,2035],"yoast_head":"<!-- This site is optimized with the Yoast SEO plugin v23.5 - https:\/\/yoast.com\/wordpress\/plugins\/seo\/ -->\n<title>Um grito mudo - O Arcanjo no ar<\/title>\n<meta name=\"robots\" content=\"index, follow, max-snippet:-1, max-image-preview:large, max-video-preview:-1\" \/>\n<link rel=\"canonical\" href=\"https:\/\/www.oarcanjo.net\/site\/um-grito-mudo\/\" \/>\n<meta property=\"og:locale\" content=\"pt_BR\" \/>\n<meta property=\"og:type\" content=\"article\" \/>\n<meta property=\"og:title\" content=\"Um grito mudo - O Arcanjo no ar\" \/>\n<meta property=\"og:description\" content=\"Frei Betto A foto do jornal me causou horror. A crian\u00e7a somali lembrava um ET desnutrido. O corpo, ossinhos estufados sob a pele escura. A cabe\u00e7a, enorme, desproporcional ao tronco minguado, se assemelhava ao globo terrestre. A boca \u2013ah, a boca!\u2013 escancarada de fome emitia um grito mudo, amargura de quem n\u00e3o mereceu a vida [&hellip;]\" \/>\n<meta property=\"og:url\" content=\"https:\/\/www.oarcanjo.net\/site\/um-grito-mudo\/\" \/>\n<meta property=\"og:site_name\" content=\"O Arcanjo no ar\" \/>\n<meta property=\"article:publisher\" content=\"https:\/\/www.facebook.com\/OArcanjoNoAr\/\" \/>\n<meta property=\"article:published_time\" content=\"2011-08-19T19:35:14+00:00\" \/>\n<meta property=\"og:image\" content=\"https:\/\/www.oarcanjo.net\/site\/wp-content\/uploads\/logo-o-arcanjo-no-ar-facebook.png\" \/>\n\t<meta property=\"og:image:width\" content=\"300\" \/>\n\t<meta property=\"og:image:height\" content=\"300\" \/>\n\t<meta property=\"og:image:type\" content=\"image\/png\" \/>\n<meta name=\"author\" content=\"editor\" \/>\n<meta name=\"twitter:card\" content=\"summary_large_image\" \/>\n<meta name=\"twitter:label1\" content=\"Escrito por\" \/>\n\t<meta name=\"twitter:data1\" content=\"editor\" \/>\n\t<meta name=\"twitter:label2\" content=\"Est. tempo de leitura\" \/>\n\t<meta name=\"twitter:data2\" content=\"4 minutos\" \/>\n<script type=\"application\/ld+json\" class=\"yoast-schema-graph\">{\"@context\":\"https:\/\/schema.org\",\"@graph\":[{\"@type\":\"Article\",\"@id\":\"https:\/\/www.oarcanjo.net\/site\/um-grito-mudo\/#article\",\"isPartOf\":{\"@id\":\"https:\/\/www.oarcanjo.net\/site\/um-grito-mudo\/\"},\"author\":{\"name\":\"editor\",\"@id\":\"https:\/\/www.oarcanjo.net\/site\/#\/schema\/person\/f7024d007863202483a31326673a0838\"},\"headline\":\"Um grito mudo\",\"datePublished\":\"2011-08-19T19:35:14+00:00\",\"dateModified\":\"2011-08-19T19:35:14+00:00\",\"mainEntityOfPage\":{\"@id\":\"https:\/\/www.oarcanjo.net\/site\/um-grito-mudo\/\"},\"wordCount\":703,\"commentCount\":0,\"publisher\":{\"@id\":\"https:\/\/www.oarcanjo.net\/site\/#organization\"},\"keywords\":[\"\u00c1frica\",\"crise\",\"direitos humanos\",\"Espanha\",\"Estados Unidos\",\"exclus\u00e3o\",\"fome\",\"Londres\",\"mis\u00e9ria\",\"pobreza\",\"solidariedade\",\"tea party\"],\"articleSection\":[\"Fome na \u00c1frica\",\"Reflex\u00f5es\"],\"inLanguage\":\"pt-BR\",\"potentialAction\":[{\"@type\":\"CommentAction\",\"name\":\"Comment\",\"target\":[\"https:\/\/www.oarcanjo.net\/site\/um-grito-mudo\/#respond\"]}]},{\"@type\":\"WebPage\",\"@id\":\"https:\/\/www.oarcanjo.net\/site\/um-grito-mudo\/\",\"url\":\"https:\/\/www.oarcanjo.net\/site\/um-grito-mudo\/\",\"name\":\"Um grito mudo - O Arcanjo no ar\",\"isPartOf\":{\"@id\":\"https:\/\/www.oarcanjo.net\/site\/#website\"},\"datePublished\":\"2011-08-19T19:35:14+00:00\",\"dateModified\":\"2011-08-19T19:35:14+00:00\",\"breadcrumb\":{\"@id\":\"https:\/\/www.oarcanjo.net\/site\/um-grito-mudo\/#breadcrumb\"},\"inLanguage\":\"pt-BR\",\"potentialAction\":[{\"@type\":\"ReadAction\",\"target\":[\"https:\/\/www.oarcanjo.net\/site\/um-grito-mudo\/\"]}]},{\"@type\":\"BreadcrumbList\",\"@id\":\"https:\/\/www.oarcanjo.net\/site\/um-grito-mudo\/#breadcrumb\",\"itemListElement\":[{\"@type\":\"ListItem\",\"position\":1,\"name\":\"In\u00edcio\",\"item\":\"https:\/\/www.oarcanjo.net\/site\/\"},{\"@type\":\"ListItem\",\"position\":2,\"name\":\"Um grito mudo\"}]},{\"@type\":\"WebSite\",\"@id\":\"https:\/\/www.oarcanjo.net\/site\/#website\",\"url\":\"https:\/\/www.oarcanjo.net\/site\/\",\"name\":\"O Arcanjo no ar\",\"description\":\"Site da Par\u00f3quia S\u00e3o Miguel Arcanjo (Arquidiocese de SP)\",\"publisher\":{\"@id\":\"https:\/\/www.oarcanjo.net\/site\/#organization\"},\"potentialAction\":[{\"@type\":\"SearchAction\",\"target\":{\"@type\":\"EntryPoint\",\"urlTemplate\":\"https:\/\/www.oarcanjo.net\/site\/?s={search_term_string}\"},\"query-input\":{\"@type\":\"PropertyValueSpecification\",\"valueRequired\":true,\"valueName\":\"search_term_string\"}}],\"inLanguage\":\"pt-BR\"},{\"@type\":\"Organization\",\"@id\":\"https:\/\/www.oarcanjo.net\/site\/#organization\",\"name\":\"Par\u00f3quia S\u00e3o Miguel Arcanjo\",\"url\":\"https:\/\/www.oarcanjo.net\/site\/\",\"logo\":{\"@type\":\"ImageObject\",\"inLanguage\":\"pt-BR\",\"@id\":\"https:\/\/www.oarcanjo.net\/site\/#\/schema\/logo\/image\/\",\"url\":\"https:\/\/www.oarcanjo.net\/site\/wp-content\/uploads\/LogoOArcanjo.png\",\"contentUrl\":\"https:\/\/www.oarcanjo.net\/site\/wp-content\/uploads\/LogoOArcanjo.png\",\"width\":319,\"height\":99,\"caption\":\"Par\u00f3quia S\u00e3o Miguel Arcanjo\"},\"image\":{\"@id\":\"https:\/\/www.oarcanjo.net\/site\/#\/schema\/logo\/image\/\"},\"sameAs\":[\"https:\/\/www.facebook.com\/OArcanjoNoAr\/\"]},{\"@type\":\"Person\",\"@id\":\"https:\/\/www.oarcanjo.net\/site\/#\/schema\/person\/f7024d007863202483a31326673a0838\",\"name\":\"editor\",\"sameAs\":[\"http:\/\/www.oarcanjo.net\"]}]}<\/script>\n<!-- \/ Yoast SEO plugin. -->","yoast_head_json":{"title":"Um grito mudo - O Arcanjo no ar","robots":{"index":"index","follow":"follow","max-snippet":"max-snippet:-1","max-image-preview":"max-image-preview:large","max-video-preview":"max-video-preview:-1"},"canonical":"https:\/\/www.oarcanjo.net\/site\/um-grito-mudo\/","og_locale":"pt_BR","og_type":"article","og_title":"Um grito mudo - O Arcanjo no ar","og_description":"Frei Betto A foto do jornal me causou horror. A crian\u00e7a somali lembrava um ET desnutrido. O corpo, ossinhos estufados sob a pele escura. A cabe\u00e7a, enorme, desproporcional ao tronco minguado, se assemelhava ao globo terrestre. A boca \u2013ah, a boca!\u2013 escancarada de fome emitia um grito mudo, amargura de quem n\u00e3o mereceu a vida [&hellip;]","og_url":"https:\/\/www.oarcanjo.net\/site\/um-grito-mudo\/","og_site_name":"O Arcanjo no ar","article_publisher":"https:\/\/www.facebook.com\/OArcanjoNoAr\/","article_published_time":"2011-08-19T19:35:14+00:00","og_image":[{"width":300,"height":300,"url":"https:\/\/www.oarcanjo.net\/site\/wp-content\/uploads\/logo-o-arcanjo-no-ar-facebook.png","type":"image\/png"}],"author":"editor","twitter_card":"summary_large_image","twitter_misc":{"Escrito por":"editor","Est. tempo de leitura":"4 minutos"},"schema":{"@context":"https:\/\/schema.org","@graph":[{"@type":"Article","@id":"https:\/\/www.oarcanjo.net\/site\/um-grito-mudo\/#article","isPartOf":{"@id":"https:\/\/www.oarcanjo.net\/site\/um-grito-mudo\/"},"author":{"name":"editor","@id":"https:\/\/www.oarcanjo.net\/site\/#\/schema\/person\/f7024d007863202483a31326673a0838"},"headline":"Um grito mudo","datePublished":"2011-08-19T19:35:14+00:00","dateModified":"2011-08-19T19:35:14+00:00","mainEntityOfPage":{"@id":"https:\/\/www.oarcanjo.net\/site\/um-grito-mudo\/"},"wordCount":703,"commentCount":0,"publisher":{"@id":"https:\/\/www.oarcanjo.net\/site\/#organization"},"keywords":["\u00c1frica","crise","direitos humanos","Espanha","Estados Unidos","exclus\u00e3o","fome","Londres","mis\u00e9ria","pobreza","solidariedade","tea party"],"articleSection":["Fome na \u00c1frica","Reflex\u00f5es"],"inLanguage":"pt-BR","potentialAction":[{"@type":"CommentAction","name":"Comment","target":["https:\/\/www.oarcanjo.net\/site\/um-grito-mudo\/#respond"]}]},{"@type":"WebPage","@id":"https:\/\/www.oarcanjo.net\/site\/um-grito-mudo\/","url":"https:\/\/www.oarcanjo.net\/site\/um-grito-mudo\/","name":"Um grito mudo - O Arcanjo no ar","isPartOf":{"@id":"https:\/\/www.oarcanjo.net\/site\/#website"},"datePublished":"2011-08-19T19:35:14+00:00","dateModified":"2011-08-19T19:35:14+00:00","breadcrumb":{"@id":"https:\/\/www.oarcanjo.net\/site\/um-grito-mudo\/#breadcrumb"},"inLanguage":"pt-BR","potentialAction":[{"@type":"ReadAction","target":["https:\/\/www.oarcanjo.net\/site\/um-grito-mudo\/"]}]},{"@type":"BreadcrumbList","@id":"https:\/\/www.oarcanjo.net\/site\/um-grito-mudo\/#breadcrumb","itemListElement":[{"@type":"ListItem","position":1,"name":"In\u00edcio","item":"https:\/\/www.oarcanjo.net\/site\/"},{"@type":"ListItem","position":2,"name":"Um grito mudo"}]},{"@type":"WebSite","@id":"https:\/\/www.oarcanjo.net\/site\/#website","url":"https:\/\/www.oarcanjo.net\/site\/","name":"O Arcanjo no ar","description":"Site da Par\u00f3quia S\u00e3o Miguel Arcanjo (Arquidiocese de SP)","publisher":{"@id":"https:\/\/www.oarcanjo.net\/site\/#organization"},"potentialAction":[{"@type":"SearchAction","target":{"@type":"EntryPoint","urlTemplate":"https:\/\/www.oarcanjo.net\/site\/?s={search_term_string}"},"query-input":{"@type":"PropertyValueSpecification","valueRequired":true,"valueName":"search_term_string"}}],"inLanguage":"pt-BR"},{"@type":"Organization","@id":"https:\/\/www.oarcanjo.net\/site\/#organization","name":"Par\u00f3quia S\u00e3o Miguel Arcanjo","url":"https:\/\/www.oarcanjo.net\/site\/","logo":{"@type":"ImageObject","inLanguage":"pt-BR","@id":"https:\/\/www.oarcanjo.net\/site\/#\/schema\/logo\/image\/","url":"https:\/\/www.oarcanjo.net\/site\/wp-content\/uploads\/LogoOArcanjo.png","contentUrl":"https:\/\/www.oarcanjo.net\/site\/wp-content\/uploads\/LogoOArcanjo.png","width":319,"height":99,"caption":"Par\u00f3quia S\u00e3o Miguel Arcanjo"},"image":{"@id":"https:\/\/www.oarcanjo.net\/site\/#\/schema\/logo\/image\/"},"sameAs":["https:\/\/www.facebook.com\/OArcanjoNoAr\/"]},{"@type":"Person","@id":"https:\/\/www.oarcanjo.net\/site\/#\/schema\/person\/f7024d007863202483a31326673a0838","name":"editor","sameAs":["http:\/\/www.oarcanjo.net"]}]}},"publishpress_future_action":{"enabled":false,"date":"2026-05-09 10:25:05","action":"category","newStatus":"draft","terms":[],"taxonomy":"category"},"publishpress_future_workflow_manual_trigger":{"enabledWorkflows":[]},"_links":{"self":[{"href":"https:\/\/www.oarcanjo.net\/site\/wp-json\/wp\/v2\/posts\/15448"}],"collection":[{"href":"https:\/\/www.oarcanjo.net\/site\/wp-json\/wp\/v2\/posts"}],"about":[{"href":"https:\/\/www.oarcanjo.net\/site\/wp-json\/wp\/v2\/types\/post"}],"author":[{"embeddable":true,"href":"https:\/\/www.oarcanjo.net\/site\/wp-json\/wp\/v2\/users\/5"}],"replies":[{"embeddable":true,"href":"https:\/\/www.oarcanjo.net\/site\/wp-json\/wp\/v2\/comments?post=15448"}],"version-history":[{"count":0,"href":"https:\/\/www.oarcanjo.net\/site\/wp-json\/wp\/v2\/posts\/15448\/revisions"}],"wp:attachment":[{"href":"https:\/\/www.oarcanjo.net\/site\/wp-json\/wp\/v2\/media?parent=15448"}],"wp:term":[{"taxonomy":"category","embeddable":true,"href":"https:\/\/www.oarcanjo.net\/site\/wp-json\/wp\/v2\/categories?post=15448"},{"taxonomy":"post_tag","embeddable":true,"href":"https:\/\/www.oarcanjo.net\/site\/wp-json\/wp\/v2\/tags?post=15448"}],"curies":[{"name":"wp","href":"https:\/\/api.w.org\/{rel}","templated":true}]}}