
{"id":15455,"date":"2011-08-21T22:15:11","date_gmt":"2011-08-22T01:15:11","guid":{"rendered":"http:\/\/www.oarcanjo.net\/site\/?p=15455"},"modified":"2011-08-22T00:34:51","modified_gmt":"2011-08-22T03:34:51","slug":"vinte-e-um-tiros-na-justica","status":"publish","type":"post","link":"https:\/\/www.oarcanjo.net\/site\/vinte-e-um-tiros-na-justica\/","title":{"rendered":"Vinte e um tiros na Justi\u00e7a"},"content":{"rendered":"<p>Maria Clara Lucchetti Bingemer<\/p>\n<p>Dif\u00edcil acreditar que aquela mulher quase menina, com cabelos longos pretos, lisos e franja pudesse ser uma ju\u00edza, respons\u00e1vel pelo cumprimento da lei e emissora de senten\u00e7as sobre perigosos bandidos.  Pois Patr\u00edcia Acioli assim o era.  Reconhecida pelos pares, temida por seus ju\u00edzos severos e sem contempla\u00e7\u00e3o, sobretudo com o crime organizado.<\/p>\n<p>A ju\u00edza do &#8220;martelo de ferro&#8221; ou &#8220;martelo pesado&#8221; como era conhecida ignorava o sentimento do medo.  Nem recuava diante do crime. Mais implac\u00e1vel ainda quando os r\u00e9us em quest\u00e3o eram policiais.  Em sua l\u00f3gica de ju\u00edza, magistrado que tem por fun\u00e7\u00e3o ministrar a Justi\u00e7a, \u00e0 semelhan\u00e7a de desembargadores e ministros, Patr\u00edcia n\u00e3o titubeava em desempenhar sua fun\u00e7\u00e3o.<\/p>\n<p>Conhecida como uma \u201cju\u00edza inflex\u00edvel\u201d, que durante a \u00faltima d\u00e9cada condenou cerca de 60 policiais envolvidos em esquadr\u00f5es da morte e mil\u00edcias, Patr\u00edcia costumava pedir a pena m\u00e1xima quando os acusados eram policiais. N\u00e3o tolerava o fato de que aqueles que tinham como dever defender a vida e as pessoas passassem a atac\u00e1-la, agredi-la, extermin\u00e1-la, no descumprimento abusivo da lei.<\/p>\n<p>Era uma servidora p\u00fablica da justi\u00e7a e como tal agia.  Todas as tentativas de faz\u00ea-la &#8220;aliviar&#8221; senten\u00e7as ou tornar mais leves penas aplicadas a membros do crime organizado foram em v\u00e3o.  O martelo se abatia, pesado, manejado pela ju\u00edza destemida e incans\u00e1vel no desempenho de seu servi\u00e7o. Pois n\u00e3o \u00e9 este o significado  da palavra &#8220;minist\u00e9rio&#8221;?<\/p>\n<p>Essa trajet\u00f3ria implac\u00e1vel foi interrompida por uma saraivada de 21 tiros desfechada com a descarga do \u00f3dio e da vingan\u00e7a que explodia em f\u00faria contra o destemor persistente e firme de Patr\u00edcia. A fam\u00edlia, os filhos, os amigos ainda n\u00e3o conseguiram sair de seu estupor com a b\u00e1rbara execu\u00e7\u00e3o. E o estado do Rio de Janeiro treme, assustado com o fato e seus desdobramentos e significado.<\/p>\n<p>V\u00e1rias an\u00e1lises foram feitas sobre o brutal assassinato.  Entre elas, destaca-se a avalia\u00e7\u00e3o da Anistia Internacional, que aponta quem verdadeiramente perde com o desaparecimento da ju\u00edza.  &#8220;O assassinato de um juiz por homens armados destaca os profundos problemas da cidade com a corrup\u00e7\u00e3o policial e o crime organizado.&#8221;  E segue: &#8220;A morte de um juiz que estava simplesmente realizando seu dever desferiu um duro golpe sobre o Estado de Direito e o sistema judicial no Brasil\u201d.<\/p>\n<p>Quando a justi\u00e7a \u00e9 silenciada a tiros, quem defender\u00e1 a lei e zelar\u00e1 pela seguran\u00e7a de um povo?  Calando a voz de Patr\u00edcia Acioli, o crime organizado no Rio avan\u00e7a e ganha terreno.  E quem perde \u00e9 a popula\u00e7\u00e3o, cada vez mais acuada e temerosa de at\u00e9 onde podem chegar os agentes do terror que n\u00e3o se consegue conter.  A corrup\u00e7\u00e3o avan\u00e7a e o desembara\u00e7o dos bandidos tamb\u00e9m.  N\u00e3o tendo nada a perder, eles n\u00e3o hesitam diante dos assassinatos sum\u00e1rios, como o da ju\u00edza, para amedrontar a popula\u00e7\u00e3o e acuar a pol\u00edcia e a justi\u00e7a.<\/p>\n<p>O governo do Estado prometeu medidas en\u00e9rgicas e r\u00e1pidas para prender e punir os respons\u00e1veis pelo crime.  A fam\u00edlia espera uma solu\u00e7\u00e3o.  Assim tamb\u00e9m o povo.  Espera-se sobretudo que n\u00e3o tenha que morrer violentamente mais um magistrado. Ou dois. Ou mais.  Sobretudo que isso n\u00e3o aconte\u00e7a porque a apura\u00e7\u00e3o do crime se arrasta, morosa e pouco eficaz.<\/p>\n<p>O otimismo gerado na popula\u00e7\u00e3o carioca e fluminense pelo estabelecimento das UPPs e sua aparente efic\u00e1cia em pacificar morros e comunidades antes atingidas pela viol\u00eancia recebeu golpe mortal com a execu\u00e7\u00e3o da ju\u00edza.  A corrup\u00e7\u00e3o da pol\u00edcia encontra-se exposta e aberta como ferida purulenta nas entranhas da cidade e do estado.<\/p>\n<p>Enquanto isso, a vida privada da ju\u00edza \u00e9 devassada, exposta \u00e0 indiscri\u00e7\u00e3o p\u00fablica, comentada nas esquinas.  Que importa quem era ou n\u00e3o seu namorado?  Em que influi no perfil do caso se a ju\u00edza namorava ou n\u00e3o um policial?<\/p>\n<p>O que importa, o que horroriza, o que amedronta e causa indigna\u00e7\u00e3o \u00e9 que matando Patr\u00edcia, o crime exp\u00f4s seu rosto.  E ele \u00e9 feio, medonho. Odeia a justi\u00e7a e quer silenci\u00e1-la por qualquer meio, n\u00e3o importa qu\u00e3o escuso seja.  Ontem foi a ju\u00edza Patr\u00edcia Acioli. Amanh\u00e3 poder\u00e1 ser outro ou outra.  Quando os ju\u00edzes, servidores da lei, encontram-se indefesos e amea\u00e7ados, a seguran\u00e7a passa a ser verdade desejada e inexistente no horizonte vital de um povo.<\/p>\n<div id=\"themify_builder_content-15455\" data-postid=\"15455\" class=\"themify_builder_content themify_builder_content-15455 themify_builder themify_builder_front\">\n\t<\/div>\n<!-- \/themify_builder_content -->","protected":false},"excerpt":{"rendered":"<p>Maria Clara Lucchetti Bingemer Dif\u00edcil acreditar que aquela mulher quase menina, com cabelos longos pretos, lisos e franja pudesse ser uma ju\u00edza, respons\u00e1vel pelo cumprimento da lei e emissora de senten\u00e7as sobre perigosos bandidos. Pois Patr\u00edcia Acioli assim o era. Reconhecida pelos pares, temida por seus ju\u00edzos severos e sem contempla\u00e7\u00e3o, sobretudo com o crime [&hellip;]<\/p>\n","protected":false},"author":5,"featured_media":0,"comment_status":"open","ping_status":"open","sticky":false,"template":"","format":"standard","meta":{"ngg_post_thumbnail":0,"footnotes":""},"categories":[9],"tags":[2039,1085,2038,230,2037,2036,20],"yoast_head":"<!-- This site is optimized with the Yoast SEO plugin v23.5 - https:\/\/yoast.com\/wordpress\/plugins\/seo\/ -->\n<title>Vinte e um tiros na Justi\u00e7a - O Arcanjo no ar<\/title>\n<meta name=\"robots\" content=\"index, follow, max-snippet:-1, max-image-preview:large, max-video-preview:-1\" \/>\n<link rel=\"canonical\" href=\"https:\/\/www.oarcanjo.net\/site\/vinte-e-um-tiros-na-justica\/\" \/>\n<meta property=\"og:locale\" content=\"pt_BR\" \/>\n<meta property=\"og:type\" content=\"article\" \/>\n<meta property=\"og:title\" content=\"Vinte e um tiros na Justi\u00e7a - O Arcanjo no ar\" \/>\n<meta property=\"og:description\" content=\"Maria Clara Lucchetti Bingemer Dif\u00edcil acreditar que aquela mulher quase menina, com cabelos longos pretos, lisos e franja pudesse ser uma ju\u00edza, respons\u00e1vel pelo cumprimento da lei e emissora de senten\u00e7as sobre perigosos bandidos. Pois Patr\u00edcia Acioli assim o era. Reconhecida pelos pares, temida por seus ju\u00edzos severos e sem contempla\u00e7\u00e3o, sobretudo com o crime [&hellip;]\" \/>\n<meta property=\"og:url\" content=\"https:\/\/www.oarcanjo.net\/site\/vinte-e-um-tiros-na-justica\/\" \/>\n<meta property=\"og:site_name\" content=\"O Arcanjo no ar\" \/>\n<meta property=\"article:publisher\" content=\"https:\/\/www.facebook.com\/OArcanjoNoAr\/\" \/>\n<meta property=\"article:published_time\" content=\"2011-08-22T01:15:11+00:00\" \/>\n<meta property=\"article:modified_time\" content=\"2011-08-22T03:34:51+00:00\" \/>\n<meta property=\"og:image\" content=\"https:\/\/www.oarcanjo.net\/site\/wp-content\/uploads\/logo-o-arcanjo-no-ar-facebook.png\" \/>\n\t<meta property=\"og:image:width\" content=\"300\" \/>\n\t<meta property=\"og:image:height\" content=\"300\" \/>\n\t<meta property=\"og:image:type\" content=\"image\/png\" \/>\n<meta name=\"author\" content=\"editor\" \/>\n<meta name=\"twitter:card\" content=\"summary_large_image\" \/>\n<meta name=\"twitter:label1\" content=\"Escrito por\" \/>\n\t<meta name=\"twitter:data1\" content=\"editor\" \/>\n\t<meta name=\"twitter:label2\" content=\"Est. tempo de leitura\" \/>\n\t<meta name=\"twitter:data2\" content=\"4 minutos\" \/>\n<script type=\"application\/ld+json\" class=\"yoast-schema-graph\">{\"@context\":\"https:\/\/schema.org\",\"@graph\":[{\"@type\":\"Article\",\"@id\":\"https:\/\/www.oarcanjo.net\/site\/vinte-e-um-tiros-na-justica\/#article\",\"isPartOf\":{\"@id\":\"https:\/\/www.oarcanjo.net\/site\/vinte-e-um-tiros-na-justica\/\"},\"author\":{\"name\":\"editor\",\"@id\":\"https:\/\/www.oarcanjo.net\/site\/#\/schema\/person\/f7024d007863202483a31326673a0838\"},\"headline\":\"Vinte e um tiros na Justi\u00e7a\",\"datePublished\":\"2011-08-22T01:15:11+00:00\",\"dateModified\":\"2011-08-22T03:34:51+00:00\",\"mainEntityOfPage\":{\"@id\":\"https:\/\/www.oarcanjo.net\/site\/vinte-e-um-tiros-na-justica\/\"},\"wordCount\":793,\"commentCount\":0,\"publisher\":{\"@id\":\"https:\/\/www.oarcanjo.net\/site\/#organization\"},\"keywords\":[\"corrup\u00e7\u00e3o policial\",\"crime organizado\",\"ju\u00edza\",\"justi\u00e7a\",\"Patr\u00edcia Acioli\",\"UPPS\",\"viol\u00eancia\"],\"articleSection\":[\"Reflex\u00f5es\"],\"inLanguage\":\"pt-BR\",\"potentialAction\":[{\"@type\":\"CommentAction\",\"name\":\"Comment\",\"target\":[\"https:\/\/www.oarcanjo.net\/site\/vinte-e-um-tiros-na-justica\/#respond\"]}]},{\"@type\":\"WebPage\",\"@id\":\"https:\/\/www.oarcanjo.net\/site\/vinte-e-um-tiros-na-justica\/\",\"url\":\"https:\/\/www.oarcanjo.net\/site\/vinte-e-um-tiros-na-justica\/\",\"name\":\"Vinte e um tiros na Justi\u00e7a - O Arcanjo no ar\",\"isPartOf\":{\"@id\":\"https:\/\/www.oarcanjo.net\/site\/#website\"},\"datePublished\":\"2011-08-22T01:15:11+00:00\",\"dateModified\":\"2011-08-22T03:34:51+00:00\",\"breadcrumb\":{\"@id\":\"https:\/\/www.oarcanjo.net\/site\/vinte-e-um-tiros-na-justica\/#breadcrumb\"},\"inLanguage\":\"pt-BR\",\"potentialAction\":[{\"@type\":\"ReadAction\",\"target\":[\"https:\/\/www.oarcanjo.net\/site\/vinte-e-um-tiros-na-justica\/\"]}]},{\"@type\":\"BreadcrumbList\",\"@id\":\"https:\/\/www.oarcanjo.net\/site\/vinte-e-um-tiros-na-justica\/#breadcrumb\",\"itemListElement\":[{\"@type\":\"ListItem\",\"position\":1,\"name\":\"In\u00edcio\",\"item\":\"https:\/\/www.oarcanjo.net\/site\/\"},{\"@type\":\"ListItem\",\"position\":2,\"name\":\"Vinte e um tiros na Justi\u00e7a\"}]},{\"@type\":\"WebSite\",\"@id\":\"https:\/\/www.oarcanjo.net\/site\/#website\",\"url\":\"https:\/\/www.oarcanjo.net\/site\/\",\"name\":\"O Arcanjo no ar\",\"description\":\"Site da Par\u00f3quia S\u00e3o Miguel Arcanjo (Arquidiocese de SP)\",\"publisher\":{\"@id\":\"https:\/\/www.oarcanjo.net\/site\/#organization\"},\"potentialAction\":[{\"@type\":\"SearchAction\",\"target\":{\"@type\":\"EntryPoint\",\"urlTemplate\":\"https:\/\/www.oarcanjo.net\/site\/?s={search_term_string}\"},\"query-input\":{\"@type\":\"PropertyValueSpecification\",\"valueRequired\":true,\"valueName\":\"search_term_string\"}}],\"inLanguage\":\"pt-BR\"},{\"@type\":\"Organization\",\"@id\":\"https:\/\/www.oarcanjo.net\/site\/#organization\",\"name\":\"Par\u00f3quia S\u00e3o Miguel Arcanjo\",\"url\":\"https:\/\/www.oarcanjo.net\/site\/\",\"logo\":{\"@type\":\"ImageObject\",\"inLanguage\":\"pt-BR\",\"@id\":\"https:\/\/www.oarcanjo.net\/site\/#\/schema\/logo\/image\/\",\"url\":\"https:\/\/www.oarcanjo.net\/site\/wp-content\/uploads\/LogoOArcanjo.png\",\"contentUrl\":\"https:\/\/www.oarcanjo.net\/site\/wp-content\/uploads\/LogoOArcanjo.png\",\"width\":319,\"height\":99,\"caption\":\"Par\u00f3quia S\u00e3o Miguel Arcanjo\"},\"image\":{\"@id\":\"https:\/\/www.oarcanjo.net\/site\/#\/schema\/logo\/image\/\"},\"sameAs\":[\"https:\/\/www.facebook.com\/OArcanjoNoAr\/\"]},{\"@type\":\"Person\",\"@id\":\"https:\/\/www.oarcanjo.net\/site\/#\/schema\/person\/f7024d007863202483a31326673a0838\",\"name\":\"editor\",\"sameAs\":[\"http:\/\/www.oarcanjo.net\"]}]}<\/script>\n<!-- \/ Yoast SEO plugin. -->","yoast_head_json":{"title":"Vinte e um tiros na Justi\u00e7a - O Arcanjo no ar","robots":{"index":"index","follow":"follow","max-snippet":"max-snippet:-1","max-image-preview":"max-image-preview:large","max-video-preview":"max-video-preview:-1"},"canonical":"https:\/\/www.oarcanjo.net\/site\/vinte-e-um-tiros-na-justica\/","og_locale":"pt_BR","og_type":"article","og_title":"Vinte e um tiros na Justi\u00e7a - O Arcanjo no ar","og_description":"Maria Clara Lucchetti Bingemer Dif\u00edcil acreditar que aquela mulher quase menina, com cabelos longos pretos, lisos e franja pudesse ser uma ju\u00edza, respons\u00e1vel pelo cumprimento da lei e emissora de senten\u00e7as sobre perigosos bandidos. Pois Patr\u00edcia Acioli assim o era. Reconhecida pelos pares, temida por seus ju\u00edzos severos e sem contempla\u00e7\u00e3o, sobretudo com o crime [&hellip;]","og_url":"https:\/\/www.oarcanjo.net\/site\/vinte-e-um-tiros-na-justica\/","og_site_name":"O Arcanjo no ar","article_publisher":"https:\/\/www.facebook.com\/OArcanjoNoAr\/","article_published_time":"2011-08-22T01:15:11+00:00","article_modified_time":"2011-08-22T03:34:51+00:00","og_image":[{"width":300,"height":300,"url":"https:\/\/www.oarcanjo.net\/site\/wp-content\/uploads\/logo-o-arcanjo-no-ar-facebook.png","type":"image\/png"}],"author":"editor","twitter_card":"summary_large_image","twitter_misc":{"Escrito por":"editor","Est. tempo de leitura":"4 minutos"},"schema":{"@context":"https:\/\/schema.org","@graph":[{"@type":"Article","@id":"https:\/\/www.oarcanjo.net\/site\/vinte-e-um-tiros-na-justica\/#article","isPartOf":{"@id":"https:\/\/www.oarcanjo.net\/site\/vinte-e-um-tiros-na-justica\/"},"author":{"name":"editor","@id":"https:\/\/www.oarcanjo.net\/site\/#\/schema\/person\/f7024d007863202483a31326673a0838"},"headline":"Vinte e um tiros na Justi\u00e7a","datePublished":"2011-08-22T01:15:11+00:00","dateModified":"2011-08-22T03:34:51+00:00","mainEntityOfPage":{"@id":"https:\/\/www.oarcanjo.net\/site\/vinte-e-um-tiros-na-justica\/"},"wordCount":793,"commentCount":0,"publisher":{"@id":"https:\/\/www.oarcanjo.net\/site\/#organization"},"keywords":["corrup\u00e7\u00e3o policial","crime organizado","ju\u00edza","justi\u00e7a","Patr\u00edcia Acioli","UPPS","viol\u00eancia"],"articleSection":["Reflex\u00f5es"],"inLanguage":"pt-BR","potentialAction":[{"@type":"CommentAction","name":"Comment","target":["https:\/\/www.oarcanjo.net\/site\/vinte-e-um-tiros-na-justica\/#respond"]}]},{"@type":"WebPage","@id":"https:\/\/www.oarcanjo.net\/site\/vinte-e-um-tiros-na-justica\/","url":"https:\/\/www.oarcanjo.net\/site\/vinte-e-um-tiros-na-justica\/","name":"Vinte e um tiros na Justi\u00e7a - O Arcanjo no ar","isPartOf":{"@id":"https:\/\/www.oarcanjo.net\/site\/#website"},"datePublished":"2011-08-22T01:15:11+00:00","dateModified":"2011-08-22T03:34:51+00:00","breadcrumb":{"@id":"https:\/\/www.oarcanjo.net\/site\/vinte-e-um-tiros-na-justica\/#breadcrumb"},"inLanguage":"pt-BR","potentialAction":[{"@type":"ReadAction","target":["https:\/\/www.oarcanjo.net\/site\/vinte-e-um-tiros-na-justica\/"]}]},{"@type":"BreadcrumbList","@id":"https:\/\/www.oarcanjo.net\/site\/vinte-e-um-tiros-na-justica\/#breadcrumb","itemListElement":[{"@type":"ListItem","position":1,"name":"In\u00edcio","item":"https:\/\/www.oarcanjo.net\/site\/"},{"@type":"ListItem","position":2,"name":"Vinte e um tiros na Justi\u00e7a"}]},{"@type":"WebSite","@id":"https:\/\/www.oarcanjo.net\/site\/#website","url":"https:\/\/www.oarcanjo.net\/site\/","name":"O Arcanjo no ar","description":"Site da Par\u00f3quia S\u00e3o Miguel Arcanjo (Arquidiocese de SP)","publisher":{"@id":"https:\/\/www.oarcanjo.net\/site\/#organization"},"potentialAction":[{"@type":"SearchAction","target":{"@type":"EntryPoint","urlTemplate":"https:\/\/www.oarcanjo.net\/site\/?s={search_term_string}"},"query-input":{"@type":"PropertyValueSpecification","valueRequired":true,"valueName":"search_term_string"}}],"inLanguage":"pt-BR"},{"@type":"Organization","@id":"https:\/\/www.oarcanjo.net\/site\/#organization","name":"Par\u00f3quia S\u00e3o Miguel Arcanjo","url":"https:\/\/www.oarcanjo.net\/site\/","logo":{"@type":"ImageObject","inLanguage":"pt-BR","@id":"https:\/\/www.oarcanjo.net\/site\/#\/schema\/logo\/image\/","url":"https:\/\/www.oarcanjo.net\/site\/wp-content\/uploads\/LogoOArcanjo.png","contentUrl":"https:\/\/www.oarcanjo.net\/site\/wp-content\/uploads\/LogoOArcanjo.png","width":319,"height":99,"caption":"Par\u00f3quia S\u00e3o Miguel Arcanjo"},"image":{"@id":"https:\/\/www.oarcanjo.net\/site\/#\/schema\/logo\/image\/"},"sameAs":["https:\/\/www.facebook.com\/OArcanjoNoAr\/"]},{"@type":"Person","@id":"https:\/\/www.oarcanjo.net\/site\/#\/schema\/person\/f7024d007863202483a31326673a0838","name":"editor","sameAs":["http:\/\/www.oarcanjo.net"]}]}},"publishpress_future_action":{"enabled":false,"date":"2026-05-09 10:23:54","action":"category","newStatus":"draft","terms":[],"taxonomy":"category"},"publishpress_future_workflow_manual_trigger":{"enabledWorkflows":[]},"_links":{"self":[{"href":"https:\/\/www.oarcanjo.net\/site\/wp-json\/wp\/v2\/posts\/15455"}],"collection":[{"href":"https:\/\/www.oarcanjo.net\/site\/wp-json\/wp\/v2\/posts"}],"about":[{"href":"https:\/\/www.oarcanjo.net\/site\/wp-json\/wp\/v2\/types\/post"}],"author":[{"embeddable":true,"href":"https:\/\/www.oarcanjo.net\/site\/wp-json\/wp\/v2\/users\/5"}],"replies":[{"embeddable":true,"href":"https:\/\/www.oarcanjo.net\/site\/wp-json\/wp\/v2\/comments?post=15455"}],"version-history":[{"count":0,"href":"https:\/\/www.oarcanjo.net\/site\/wp-json\/wp\/v2\/posts\/15455\/revisions"}],"wp:attachment":[{"href":"https:\/\/www.oarcanjo.net\/site\/wp-json\/wp\/v2\/media?parent=15455"}],"wp:term":[{"taxonomy":"category","embeddable":true,"href":"https:\/\/www.oarcanjo.net\/site\/wp-json\/wp\/v2\/categories?post=15455"},{"taxonomy":"post_tag","embeddable":true,"href":"https:\/\/www.oarcanjo.net\/site\/wp-json\/wp\/v2\/tags?post=15455"}],"curies":[{"name":"wp","href":"https:\/\/api.w.org\/{rel}","templated":true}]}}