
{"id":15459,"date":"2011-08-21T23:24:52","date_gmt":"2011-08-22T02:24:52","guid":{"rendered":"http:\/\/www.oarcanjo.net\/site\/?p=15459"},"modified":"2011-08-21T23:24:52","modified_gmt":"2011-08-22T02:24:52","slug":"primeira-eucaristia-de-adultos-agosto-2011","status":"publish","type":"post","link":"https:\/\/www.oarcanjo.net\/site\/primeira-eucaristia-de-adultos-agosto-2011\/","title":{"rendered":"Primeira Eucaristia de Adultos agosto 2011"},"content":{"rendered":"<p>Primeira Eucaristia de Adultos.<\/p>\n<p>No dia da solenidade da Assun\u00e7\u00e3o de Nossa Senhora, a Roberta R. Barros e o F\u00e1bio Lopes de Barros, pais do Bruno, receberam a primeira Eucaristia, na Capela Universit\u00e1ria S\u00e3o Judas Tadeu. A catequista Evaniza participou tamb\u00e9m desse momento feliz. \u00a0<\/p>\n<p>Fotos por Carlos A. Beatriz<\/p>\n<p><a href=\"http:\/\/www.oarcanjo.net\/site\/wp-content\/uploads\/1022.jpg\"><img loading=\"lazy\" decoding=\"async\" class=\"alignright size-medium wp-image-15460\" title=\"102\" src=\"http:\/\/www.oarcanjo.net\/site\/wp-content\/uploads\/1022-300x224.jpg\" alt=\"\" width=\"300\" height=\"224\" srcset=\"https:\/\/www.oarcanjo.net\/site\/wp-content\/uploads\/1022-300x224.jpg 300w, https:\/\/www.oarcanjo.net\/site\/wp-content\/uploads\/1022.jpg 575w\" sizes=\"(max-width: 300px) 100vw, 300px\" \/><\/a><a href=\"http:\/\/www.oarcanjo.net\/site\/wp-content\/uploads\/105.jpg\"><img loading=\"lazy\" decoding=\"async\" class=\"aligncenter size-medium wp-image-15461\" title=\"105\" src=\"http:\/\/www.oarcanjo.net\/site\/wp-content\/uploads\/105-300x224.jpg\" alt=\"\" width=\"300\" height=\"224\" srcset=\"https:\/\/www.oarcanjo.net\/site\/wp-content\/uploads\/105-300x224.jpg 300w, https:\/\/www.oarcanjo.net\/site\/wp-content\/uploads\/105.jpg 575w\" sizes=\"(max-width: 300px) 100vw, 300px\" \/><\/a><\/p>\n<p><a href=\"http:\/\/www.oarcanjo.net\/site\/wp-content\/uploads\/106.jpg\"><img loading=\"lazy\" decoding=\"async\" class=\"alignright size-medium wp-image-15462\" title=\"106\" src=\"http:\/\/www.oarcanjo.net\/site\/wp-content\/uploads\/106-300x224.jpg\" alt=\"\" width=\"300\" height=\"224\" srcset=\"https:\/\/www.oarcanjo.net\/site\/wp-content\/uploads\/106-300x224.jpg 300w, https:\/\/www.oarcanjo.net\/site\/wp-content\/uploads\/106.jpg 575w\" sizes=\"(max-width: 300px) 100vw, 300px\" \/><\/a><a href=\"http:\/\/www.oarcanjo.net\/site\/wp-content\/uploads\/107.jpg\"><img loading=\"lazy\" decoding=\"async\" class=\"alignleft size-medium wp-image-15463\" title=\"107\" src=\"http:\/\/www.oarcanjo.net\/site\/wp-content\/uploads\/107-300x224.jpg\" alt=\"\" width=\"300\" height=\"224\" srcset=\"https:\/\/www.oarcanjo.net\/site\/wp-content\/uploads\/107-300x224.jpg 300w, https:\/\/www.oarcanjo.net\/site\/wp-content\/uploads\/107.jpg 575w\" sizes=\"(max-width: 300px) 100vw, 300px\" \/><\/a><a href=\"http:\/\/www.oarcanjo.net\/site\/wp-content\/uploads\/113.jpg\"><img loading=\"lazy\" decoding=\"async\" class=\"alignleft size-medium wp-image-15464\" title=\"113\" src=\"http:\/\/www.oarcanjo.net\/site\/wp-content\/uploads\/113-300x224.jpg\" alt=\"\" width=\"300\" height=\"224\" srcset=\"https:\/\/www.oarcanjo.net\/site\/wp-content\/uploads\/113-300x224.jpg 300w, https:\/\/www.oarcanjo.net\/site\/wp-content\/uploads\/113.jpg 575w\" sizes=\"(max-width: 300px) 100vw, 300px\" \/><\/a><\/p>\n<div id=\"themify_builder_content-15459\" data-postid=\"15459\" class=\"themify_builder_content themify_builder_content-15459 themify_builder themify_builder_front\">\n\t<\/div>\n<!-- \/themify_builder_content -->","protected":false},"excerpt":{"rendered":"<p>Primeira Eucaristia de Adultos. No dia da solenidade da Assun\u00e7\u00e3o de Nossa Senhora, a Roberta R. Barros e o F\u00e1bio Lopes de Barros, pais do Bruno, receberam a primeira Eucaristia, na Capela Universit\u00e1ria S\u00e3o Judas Tadeu. A catequista Evaniza participou tamb\u00e9m desse momento feliz. \u00a0 Fotos por Carlos A. Beatriz<\/p>\n","protected":false},"author":10,"featured_media":0,"comment_status":"open","ping_status":"open","sticky":false,"template":"","format":"standard","meta":{"ngg_post_thumbnail":0,"footnotes":""},"categories":[8,7],"tags":[],"yoast_head":"<!-- This site is optimized with the Yoast SEO plugin v23.5 - https:\/\/yoast.com\/wordpress\/plugins\/seo\/ -->\n<title>Primeira Eucaristia de Adultos agosto 2011 - O Arcanjo no ar<\/title>\n<meta name=\"robots\" content=\"index, follow, max-snippet:-1, max-image-preview:large, max-video-preview:-1\" \/>\n<link rel=\"canonical\" href=\"https:\/\/www.oarcanjo.net\/site\/primeira-eucaristia-de-adultos-agosto-2011\/\" \/>\n<meta property=\"og:locale\" content=\"pt_BR\" \/>\n<meta property=\"og:type\" content=\"article\" \/>\n<meta property=\"og:title\" content=\"Primeira Eucaristia de Adultos agosto 2011 - O Arcanjo no ar\" \/>\n<meta property=\"og:description\" content=\"Primeira Eucaristia de Adultos. No dia da solenidade da Assun\u00e7\u00e3o de Nossa Senhora, a Roberta R. Barros e o F\u00e1bio Lopes de Barros, pais do Bruno, receberam a primeira Eucaristia, na Capela Universit\u00e1ria S\u00e3o Judas Tadeu. A catequista Evaniza participou tamb\u00e9m desse momento feliz. \u00a0 Fotos por Carlos A. Beatriz\" \/>\n<meta property=\"og:url\" content=\"https:\/\/www.oarcanjo.net\/site\/primeira-eucaristia-de-adultos-agosto-2011\/\" \/>\n<meta property=\"og:site_name\" content=\"O Arcanjo no ar\" \/>\n<meta property=\"article:publisher\" content=\"https:\/\/www.facebook.com\/OArcanjoNoAr\/\" \/>\n<meta property=\"article:published_time\" content=\"2011-08-22T02:24:52+00:00\" \/>\n<meta property=\"og:image\" content=\"http:\/\/www.oarcanjo.net\/site\/wp-content\/uploads\/1022-300x224.jpg\" \/>\n<meta name=\"author\" content=\"carlos\" \/>\n<meta name=\"twitter:card\" content=\"summary_large_image\" \/>\n<meta name=\"twitter:label1\" content=\"Escrito por\" \/>\n\t<meta name=\"twitter:data1\" content=\"carlos\" \/>\n<script type=\"application\/ld+json\" class=\"yoast-schema-graph\">{\"@context\":\"https:\/\/schema.org\",\"@graph\":[{\"@type\":\"Article\",\"@id\":\"https:\/\/www.oarcanjo.net\/site\/primeira-eucaristia-de-adultos-agosto-2011\/#article\",\"isPartOf\":{\"@id\":\"https:\/\/www.oarcanjo.net\/site\/primeira-eucaristia-de-adultos-agosto-2011\/\"},\"author\":{\"name\":\"carlos\",\"@id\":\"https:\/\/www.oarcanjo.net\/site\/#\/schema\/person\/f7870e710d8c8c30673de3a0ac2e451d\"},\"headline\":\"Primeira Eucaristia de Adultos agosto 2011\",\"datePublished\":\"2011-08-22T02:24:52+00:00\",\"dateModified\":\"2011-08-22T02:24:52+00:00\",\"mainEntityOfPage\":{\"@id\":\"https:\/\/www.oarcanjo.net\/site\/primeira-eucaristia-de-adultos-agosto-2011\/\"},\"wordCount\":59,\"commentCount\":1,\"publisher\":{\"@id\":\"https:\/\/www.oarcanjo.net\/site\/#organization\"},\"image\":{\"@id\":\"https:\/\/www.oarcanjo.net\/site\/primeira-eucaristia-de-adultos-agosto-2011\/#primaryimage\"},\"thumbnailUrl\":\"http:\/\/www.oarcanjo.net\/site\/wp-content\/uploads\/1022-300x224.jpg\",\"articleSection\":[\"Not\u00edcias\",\"Rosto da comunidade\"],\"inLanguage\":\"pt-BR\",\"potentialAction\":[{\"@type\":\"CommentAction\",\"name\":\"Comment\",\"target\":[\"https:\/\/www.oarcanjo.net\/site\/primeira-eucaristia-de-adultos-agosto-2011\/#respond\"]}]},{\"@type\":\"WebPage\",\"@id\":\"https:\/\/www.oarcanjo.net\/site\/primeira-eucaristia-de-adultos-agosto-2011\/\",\"url\":\"https:\/\/www.oarcanjo.net\/site\/primeira-eucaristia-de-adultos-agosto-2011\/\",\"name\":\"Primeira Eucaristia de Adultos agosto 2011 - O Arcanjo no ar\",\"isPartOf\":{\"@id\":\"https:\/\/www.oarcanjo.net\/site\/#website\"},\"primaryImageOfPage\":{\"@id\":\"https:\/\/www.oarcanjo.net\/site\/primeira-eucaristia-de-adultos-agosto-2011\/#primaryimage\"},\"image\":{\"@id\":\"https:\/\/www.oarcanjo.net\/site\/primeira-eucaristia-de-adultos-agosto-2011\/#primaryimage\"},\"thumbnailUrl\":\"http:\/\/www.oarcanjo.net\/site\/wp-content\/uploads\/1022-300x224.jpg\",\"datePublished\":\"2011-08-22T02:24:52+00:00\",\"dateModified\":\"2011-08-22T02:24:52+00:00\",\"breadcrumb\":{\"@id\":\"https:\/\/www.oarcanjo.net\/site\/primeira-eucaristia-de-adultos-agosto-2011\/#breadcrumb\"},\"inLanguage\":\"pt-BR\",\"potentialAction\":[{\"@type\":\"ReadAction\",\"target\":[\"https:\/\/www.oarcanjo.net\/site\/primeira-eucaristia-de-adultos-agosto-2011\/\"]}]},{\"@type\":\"ImageObject\",\"inLanguage\":\"pt-BR\",\"@id\":\"https:\/\/www.oarcanjo.net\/site\/primeira-eucaristia-de-adultos-agosto-2011\/#primaryimage\",\"url\":\"https:\/\/www.oarcanjo.net\/site\/wp-content\/uploads\/1022.jpg\",\"contentUrl\":\"https:\/\/www.oarcanjo.net\/site\/wp-content\/uploads\/1022.jpg\",\"width\":\"575\",\"height\":\"431\"},{\"@type\":\"BreadcrumbList\",\"@id\":\"https:\/\/www.oarcanjo.net\/site\/primeira-eucaristia-de-adultos-agosto-2011\/#breadcrumb\",\"itemListElement\":[{\"@type\":\"ListItem\",\"position\":1,\"name\":\"In\u00edcio\",\"item\":\"https:\/\/www.oarcanjo.net\/site\/\"},{\"@type\":\"ListItem\",\"position\":2,\"name\":\"Primeira Eucaristia de Adultos agosto 2011\"}]},{\"@type\":\"WebSite\",\"@id\":\"https:\/\/www.oarcanjo.net\/site\/#website\",\"url\":\"https:\/\/www.oarcanjo.net\/site\/\",\"name\":\"O Arcanjo no ar\",\"description\":\"Site da Par\u00f3quia S\u00e3o Miguel Arcanjo (Arquidiocese de SP)\",\"publisher\":{\"@id\":\"https:\/\/www.oarcanjo.net\/site\/#organization\"},\"potentialAction\":[{\"@type\":\"SearchAction\",\"target\":{\"@type\":\"EntryPoint\",\"urlTemplate\":\"https:\/\/www.oarcanjo.net\/site\/?s={search_term_string}\"},\"query-input\":{\"@type\":\"PropertyValueSpecification\",\"valueRequired\":true,\"valueName\":\"search_term_string\"}}],\"inLanguage\":\"pt-BR\"},{\"@type\":\"Organization\",\"@id\":\"https:\/\/www.oarcanjo.net\/site\/#organization\",\"name\":\"Par\u00f3quia S\u00e3o Miguel Arcanjo\",\"url\":\"https:\/\/www.oarcanjo.net\/site\/\",\"logo\":{\"@type\":\"ImageObject\",\"inLanguage\":\"pt-BR\",\"@id\":\"https:\/\/www.oarcanjo.net\/site\/#\/schema\/logo\/image\/\",\"url\":\"https:\/\/www.oarcanjo.net\/site\/wp-content\/uploads\/LogoOArcanjo.png\",\"contentUrl\":\"https:\/\/www.oarcanjo.net\/site\/wp-content\/uploads\/LogoOArcanjo.png\",\"width\":319,\"height\":99,\"caption\":\"Par\u00f3quia S\u00e3o Miguel Arcanjo\"},\"image\":{\"@id\":\"https:\/\/www.oarcanjo.net\/site\/#\/schema\/logo\/image\/\"},\"sameAs\":[\"https:\/\/www.facebook.com\/OArcanjoNoAr\/\"]},{\"@type\":\"Person\",\"@id\":\"https:\/\/www.oarcanjo.net\/site\/#\/schema\/person\/f7870e710d8c8c30673de3a0ac2e451d\",\"name\":\"carlos\"}]}<\/script>\n<!-- \/ Yoast SEO plugin. -->","yoast_head_json":{"title":"Primeira Eucaristia de Adultos agosto 2011 - O Arcanjo no ar","robots":{"index":"index","follow":"follow","max-snippet":"max-snippet:-1","max-image-preview":"max-image-preview:large","max-video-preview":"max-video-preview:-1"},"canonical":"https:\/\/www.oarcanjo.net\/site\/primeira-eucaristia-de-adultos-agosto-2011\/","og_locale":"pt_BR","og_type":"article","og_title":"Primeira Eucaristia de Adultos agosto 2011 - O Arcanjo no ar","og_description":"Primeira Eucaristia de Adultos. No dia da solenidade da Assun\u00e7\u00e3o de Nossa Senhora, a Roberta R. Barros e o F\u00e1bio Lopes de Barros, pais do Bruno, receberam a primeira Eucaristia, na Capela Universit\u00e1ria S\u00e3o Judas Tadeu. A catequista Evaniza participou tamb\u00e9m desse momento feliz. \u00a0 Fotos por Carlos A. Beatriz","og_url":"https:\/\/www.oarcanjo.net\/site\/primeira-eucaristia-de-adultos-agosto-2011\/","og_site_name":"O Arcanjo no ar","article_publisher":"https:\/\/www.facebook.com\/OArcanjoNoAr\/","article_published_time":"2011-08-22T02:24:52+00:00","og_image":[{"url":"http:\/\/www.oarcanjo.net\/site\/wp-content\/uploads\/1022-300x224.jpg"}],"author":"carlos","twitter_card":"summary_large_image","twitter_misc":{"Escrito por":"carlos"},"schema":{"@context":"https:\/\/schema.org","@graph":[{"@type":"Article","@id":"https:\/\/www.oarcanjo.net\/site\/primeira-eucaristia-de-adultos-agosto-2011\/#article","isPartOf":{"@id":"https:\/\/www.oarcanjo.net\/site\/primeira-eucaristia-de-adultos-agosto-2011\/"},"author":{"name":"carlos","@id":"https:\/\/www.oarcanjo.net\/site\/#\/schema\/person\/f7870e710d8c8c30673de3a0ac2e451d"},"headline":"Primeira Eucaristia de Adultos agosto 2011","datePublished":"2011-08-22T02:24:52+00:00","dateModified":"2011-08-22T02:24:52+00:00","mainEntityOfPage":{"@id":"https:\/\/www.oarcanjo.net\/site\/primeira-eucaristia-de-adultos-agosto-2011\/"},"wordCount":59,"commentCount":1,"publisher":{"@id":"https:\/\/www.oarcanjo.net\/site\/#organization"},"image":{"@id":"https:\/\/www.oarcanjo.net\/site\/primeira-eucaristia-de-adultos-agosto-2011\/#primaryimage"},"thumbnailUrl":"http:\/\/www.oarcanjo.net\/site\/wp-content\/uploads\/1022-300x224.jpg","articleSection":["Not\u00edcias","Rosto da comunidade"],"inLanguage":"pt-BR","potentialAction":[{"@type":"CommentAction","name":"Comment","target":["https:\/\/www.oarcanjo.net\/site\/primeira-eucaristia-de-adultos-agosto-2011\/#respond"]}]},{"@type":"WebPage","@id":"https:\/\/www.oarcanjo.net\/site\/primeira-eucaristia-de-adultos-agosto-2011\/","url":"https:\/\/www.oarcanjo.net\/site\/primeira-eucaristia-de-adultos-agosto-2011\/","name":"Primeira Eucaristia de Adultos agosto 2011 - O Arcanjo no ar","isPartOf":{"@id":"https:\/\/www.oarcanjo.net\/site\/#website"},"primaryImageOfPage":{"@id":"https:\/\/www.oarcanjo.net\/site\/primeira-eucaristia-de-adultos-agosto-2011\/#primaryimage"},"image":{"@id":"https:\/\/www.oarcanjo.net\/site\/primeira-eucaristia-de-adultos-agosto-2011\/#primaryimage"},"thumbnailUrl":"http:\/\/www.oarcanjo.net\/site\/wp-content\/uploads\/1022-300x224.jpg","datePublished":"2011-08-22T02:24:52+00:00","dateModified":"2011-08-22T02:24:52+00:00","breadcrumb":{"@id":"https:\/\/www.oarcanjo.net\/site\/primeira-eucaristia-de-adultos-agosto-2011\/#breadcrumb"},"inLanguage":"pt-BR","potentialAction":[{"@type":"ReadAction","target":["https:\/\/www.oarcanjo.net\/site\/primeira-eucaristia-de-adultos-agosto-2011\/"]}]},{"@type":"ImageObject","inLanguage":"pt-BR","@id":"https:\/\/www.oarcanjo.net\/site\/primeira-eucaristia-de-adultos-agosto-2011\/#primaryimage","url":"https:\/\/www.oarcanjo.net\/site\/wp-content\/uploads\/1022.jpg","contentUrl":"https:\/\/www.oarcanjo.net\/site\/wp-content\/uploads\/1022.jpg","width":"575","height":"431"},{"@type":"BreadcrumbList","@id":"https:\/\/www.oarcanjo.net\/site\/primeira-eucaristia-de-adultos-agosto-2011\/#breadcrumb","itemListElement":[{"@type":"ListItem","position":1,"name":"In\u00edcio","item":"https:\/\/www.oarcanjo.net\/site\/"},{"@type":"ListItem","position":2,"name":"Primeira Eucaristia de Adultos agosto 2011"}]},{"@type":"WebSite","@id":"https:\/\/www.oarcanjo.net\/site\/#website","url":"https:\/\/www.oarcanjo.net\/site\/","name":"O Arcanjo no ar","description":"Site da Par\u00f3quia S\u00e3o Miguel Arcanjo (Arquidiocese de SP)","publisher":{"@id":"https:\/\/www.oarcanjo.net\/site\/#organization"},"potentialAction":[{"@type":"SearchAction","target":{"@type":"EntryPoint","urlTemplate":"https:\/\/www.oarcanjo.net\/site\/?s={search_term_string}"},"query-input":{"@type":"PropertyValueSpecification","valueRequired":true,"valueName":"search_term_string"}}],"inLanguage":"pt-BR"},{"@type":"Organization","@id":"https:\/\/www.oarcanjo.net\/site\/#organization","name":"Par\u00f3quia S\u00e3o Miguel Arcanjo","url":"https:\/\/www.oarcanjo.net\/site\/","logo":{"@type":"ImageObject","inLanguage":"pt-BR","@id":"https:\/\/www.oarcanjo.net\/site\/#\/schema\/logo\/image\/","url":"https:\/\/www.oarcanjo.net\/site\/wp-content\/uploads\/LogoOArcanjo.png","contentUrl":"https:\/\/www.oarcanjo.net\/site\/wp-content\/uploads\/LogoOArcanjo.png","width":319,"height":99,"caption":"Par\u00f3quia S\u00e3o Miguel Arcanjo"},"image":{"@id":"https:\/\/www.oarcanjo.net\/site\/#\/schema\/logo\/image\/"},"sameAs":["https:\/\/www.facebook.com\/OArcanjoNoAr\/"]},{"@type":"Person","@id":"https:\/\/www.oarcanjo.net\/site\/#\/schema\/person\/f7870e710d8c8c30673de3a0ac2e451d","name":"carlos"}]}},"publishpress_future_action":{"enabled":false,"date":"2026-05-07 10:09:03","action":"category","newStatus":"draft","terms":[],"taxonomy":"category"},"publishpress_future_workflow_manual_trigger":{"enabledWorkflows":[]},"_links":{"self":[{"href":"https:\/\/www.oarcanjo.net\/site\/wp-json\/wp\/v2\/posts\/15459"}],"collection":[{"href":"https:\/\/www.oarcanjo.net\/site\/wp-json\/wp\/v2\/posts"}],"about":[{"href":"https:\/\/www.oarcanjo.net\/site\/wp-json\/wp\/v2\/types\/post"}],"author":[{"embeddable":true,"href":"https:\/\/www.oarcanjo.net\/site\/wp-json\/wp\/v2\/users\/10"}],"replies":[{"embeddable":true,"href":"https:\/\/www.oarcanjo.net\/site\/wp-json\/wp\/v2\/comments?post=15459"}],"version-history":[{"count":0,"href":"https:\/\/www.oarcanjo.net\/site\/wp-json\/wp\/v2\/posts\/15459\/revisions"}],"wp:attachment":[{"href":"https:\/\/www.oarcanjo.net\/site\/wp-json\/wp\/v2\/media?parent=15459"}],"wp:term":[{"taxonomy":"category","embeddable":true,"href":"https:\/\/www.oarcanjo.net\/site\/wp-json\/wp\/v2\/categories?post=15459"},{"taxonomy":"post_tag","embeddable":true,"href":"https:\/\/www.oarcanjo.net\/site\/wp-json\/wp\/v2\/tags?post=15459"}],"curies":[{"name":"wp","href":"https:\/\/api.w.org\/{rel}","templated":true}]}}