
{"id":15468,"date":"2011-08-22T09:14:43","date_gmt":"2011-08-22T12:14:43","guid":{"rendered":"http:\/\/www.oarcanjo.net\/site\/?p=15468"},"modified":"2011-08-22T09:14:43","modified_gmt":"2011-08-22T12:14:43","slug":"jornada-mundial-da-juventude-de-madri-para-o-rio","status":"publish","type":"post","link":"https:\/\/www.oarcanjo.net\/site\/jornada-mundial-da-juventude-de-madri-para-o-rio\/","title":{"rendered":"Jornada Mundial da Juventude: de Madri para o Rio"},"content":{"rendered":"<p>Eram 11h39 (6h39 de Bras\u00edlia) de domingo, 21\/08, quando o papa Bento XVI anunciou o que todos os brasileiros esperavam: o Rio de Janeiro ser\u00e1 sede da pr\u00f3xima Jornada Mundial da Juventude, em 2013. Assim que o papa fez o an\u00fancio, os brasileiros agitaram suas bandeiras e gritaram o nome \u201cBrasil, Brasil\u201d, que ecoou em meio aos quase dois milh\u00f5es de pessoas que se reuniram para a missa de encerramento da 26\u00aa JMJ no aer\u00f3dromo Quatro Ventos, em Madri.<\/p>\n<p>Um grupo de jovens brasileiros recebeu dos madrilenhos a Cruz e o \u00edcone da Jornada, que percorrer\u00e3o as dioceses de todo o Brasil. A chegada dos s\u00edmbolos ser\u00e1 em S\u00e3o Paulo, no pr\u00f3ximo dia 18 de setembro.<\/p>\n<p>Bento XVI chegou a Quatro Ventos \u00e0s 8h45 (hora local) e percorreu todo o aer\u00f3dromo de papam\u00f3vel, sendo saudado pela multid\u00e3o, que n\u00e3o se cansava de gritar seu nome e dizer: \u201cEsta \u00e9 a juventude do papa\u201d. Cansado, mas feliz, o papa saudava a multid\u00e3o que passou a noite no local em vig\u00edlia, iniciada na v\u00e9spera. A missa come\u00e7ou por volta das 9h30.<\/p>\n<p>Em sua homilia, o papa disse aos jovens que \u201cn\u00e3o se pode seguir a Jesus sozinho\u201d. \u201cQuem cede \u00e0 tenta\u00e7\u00e3o de ir por sua conta ou de viver a f\u00e9 segundo a mentalidade individualista, que predomina na sociedade, corre o risco de n\u00e3o encontrar nunca a Jesus Cristo, ou de seguir uma imagem falsa dele\u201d, afirmou Bento XVI.<\/p>\n<p>O papa pediu aos jovens que amem a Igreja e os incentivou a participarem nas par\u00f3quias, comunidades e movimentos. Ele lembrou que a Igreja n\u00e3o \u00e9 uma &#8220;simples institui\u00e7\u00e3o humana, como outra qualquer, mas est\u00e1 estreitamente unida a Deus&#8221;.<\/p>\n<p>Bento XVI pediu, ainda, que os jovens deem testemunho de sua f\u00e9 no mundo. \u201cO mundo necessita do testemunho de vossa f\u00e9, necessita certamente de Deus\u201d. Ele os exortou a serem disc\u00edpulos mission\u00e1rios de Jesus Cristo em outros pa\u00edses \u201conde h\u00e1 multid\u00e3o de jovens que aspiram a coisas maiores\u201d.<\/p>\n<p>O papa foi saudado, no final da missa pelo presidente do Pontif\u00edcio Conselho para os Leigos que repetiu o lema que mais se ouviu pelas ruas de Madri nesta Jornada: \u201cEsta \u00e9 a juventude do papa\u201d, ao que os jovens responderam com longo aplauso.<\/p>\n<p>Bento XVI tamb\u00e9m benzeu o crucifixo que todos receberam em suas mochilas no in\u00edcio da Jornada. Ele entregou o crucifixo a cinco jovens e fez o envio de todos. Ao se despedir, refor\u00e7ou o pedido para que os jovens sejam mission\u00e1rios. &#8220;Convido-vos a dar um testemunho destemido de vida crist\u00e3 diante dos outros. Assim sereis fermento de novos crist\u00e3os e fareis com que a Igreja se levante robusta no cora\u00e7ao de muitos&#8221;, destacou.<\/p>\n<p><em>(com informa\u00e7\u00f5es do site da CNBB)<\/em><\/p>\n<p>&nbsp;<\/p>\n<div id=\"themify_builder_content-15468\" data-postid=\"15468\" class=\"themify_builder_content themify_builder_content-15468 themify_builder themify_builder_front\">\n\t<\/div>\n<!-- \/themify_builder_content -->","protected":false},"excerpt":{"rendered":"<p>Eram 11h39 (6h39 de Bras\u00edlia) de domingo, 21\/08, quando o papa Bento XVI anunciou o que todos os brasileiros esperavam: o Rio de Janeiro ser\u00e1 sede da pr\u00f3xima Jornada Mundial da Juventude, em 2013. Assim que o papa fez o an\u00fancio, os brasileiros agitaram suas bandeiras e gritaram o nome \u201cBrasil, Brasil\u201d, que ecoou em [&hellip;]<\/p>\n","protected":false},"author":5,"featured_media":0,"comment_status":"open","ping_status":"open","sticky":false,"template":"","format":"standard","meta":{"ngg_post_thumbnail":0,"footnotes":""},"categories":[8],"tags":[206,1937,1938],"yoast_head":"<!-- This site is optimized with the Yoast SEO plugin v23.5 - https:\/\/yoast.com\/wordpress\/plugins\/seo\/ -->\n<title>Jornada Mundial da Juventude: de Madri para o Rio - O Arcanjo no ar<\/title>\n<meta name=\"robots\" content=\"index, follow, max-snippet:-1, max-image-preview:large, max-video-preview:-1\" \/>\n<link rel=\"canonical\" href=\"https:\/\/www.oarcanjo.net\/site\/jornada-mundial-da-juventude-de-madri-para-o-rio\/\" \/>\n<meta property=\"og:locale\" content=\"pt_BR\" \/>\n<meta property=\"og:type\" content=\"article\" \/>\n<meta property=\"og:title\" content=\"Jornada Mundial da Juventude: de Madri para o Rio - O Arcanjo no ar\" \/>\n<meta property=\"og:description\" content=\"Eram 11h39 (6h39 de Bras\u00edlia) de domingo, 21\/08, quando o papa Bento XVI anunciou o que todos os brasileiros esperavam: o Rio de Janeiro ser\u00e1 sede da pr\u00f3xima Jornada Mundial da Juventude, em 2013. Assim que o papa fez o an\u00fancio, os brasileiros agitaram suas bandeiras e gritaram o nome \u201cBrasil, Brasil\u201d, que ecoou em [&hellip;]\" \/>\n<meta property=\"og:url\" content=\"https:\/\/www.oarcanjo.net\/site\/jornada-mundial-da-juventude-de-madri-para-o-rio\/\" \/>\n<meta property=\"og:site_name\" content=\"O Arcanjo no ar\" \/>\n<meta property=\"article:publisher\" content=\"https:\/\/www.facebook.com\/OArcanjoNoAr\/\" \/>\n<meta property=\"article:published_time\" content=\"2011-08-22T12:14:43+00:00\" \/>\n<meta property=\"og:image\" content=\"https:\/\/www.oarcanjo.net\/site\/wp-content\/uploads\/logo-o-arcanjo-no-ar-facebook.png\" \/>\n\t<meta property=\"og:image:width\" content=\"300\" \/>\n\t<meta property=\"og:image:height\" content=\"300\" \/>\n\t<meta property=\"og:image:type\" content=\"image\/png\" \/>\n<meta name=\"author\" content=\"editor\" \/>\n<meta name=\"twitter:card\" content=\"summary_large_image\" \/>\n<meta name=\"twitter:label1\" content=\"Escrito por\" \/>\n\t<meta name=\"twitter:data1\" content=\"editor\" \/>\n\t<meta name=\"twitter:label2\" content=\"Est. tempo de leitura\" \/>\n\t<meta name=\"twitter:data2\" content=\"2 minutos\" \/>\n<script type=\"application\/ld+json\" class=\"yoast-schema-graph\">{\"@context\":\"https:\/\/schema.org\",\"@graph\":[{\"@type\":\"Article\",\"@id\":\"https:\/\/www.oarcanjo.net\/site\/jornada-mundial-da-juventude-de-madri-para-o-rio\/#article\",\"isPartOf\":{\"@id\":\"https:\/\/www.oarcanjo.net\/site\/jornada-mundial-da-juventude-de-madri-para-o-rio\/\"},\"author\":{\"name\":\"editor\",\"@id\":\"https:\/\/www.oarcanjo.net\/site\/#\/schema\/person\/f7024d007863202483a31326673a0838\"},\"headline\":\"Jornada Mundial da Juventude: de Madri para o Rio\",\"datePublished\":\"2011-08-22T12:14:43+00:00\",\"dateModified\":\"2011-08-22T12:14:43+00:00\",\"mainEntityOfPage\":{\"@id\":\"https:\/\/www.oarcanjo.net\/site\/jornada-mundial-da-juventude-de-madri-para-o-rio\/\"},\"wordCount\":485,\"commentCount\":2,\"publisher\":{\"@id\":\"https:\/\/www.oarcanjo.net\/site\/#organization\"},\"keywords\":[\"Bento XVI\",\"JMJ\",\"Jornada Mundial da Juventude\"],\"articleSection\":[\"Not\u00edcias\"],\"inLanguage\":\"pt-BR\",\"potentialAction\":[{\"@type\":\"CommentAction\",\"name\":\"Comment\",\"target\":[\"https:\/\/www.oarcanjo.net\/site\/jornada-mundial-da-juventude-de-madri-para-o-rio\/#respond\"]}]},{\"@type\":\"WebPage\",\"@id\":\"https:\/\/www.oarcanjo.net\/site\/jornada-mundial-da-juventude-de-madri-para-o-rio\/\",\"url\":\"https:\/\/www.oarcanjo.net\/site\/jornada-mundial-da-juventude-de-madri-para-o-rio\/\",\"name\":\"Jornada Mundial da Juventude: de Madri para o Rio - O Arcanjo no ar\",\"isPartOf\":{\"@id\":\"https:\/\/www.oarcanjo.net\/site\/#website\"},\"datePublished\":\"2011-08-22T12:14:43+00:00\",\"dateModified\":\"2011-08-22T12:14:43+00:00\",\"breadcrumb\":{\"@id\":\"https:\/\/www.oarcanjo.net\/site\/jornada-mundial-da-juventude-de-madri-para-o-rio\/#breadcrumb\"},\"inLanguage\":\"pt-BR\",\"potentialAction\":[{\"@type\":\"ReadAction\",\"target\":[\"https:\/\/www.oarcanjo.net\/site\/jornada-mundial-da-juventude-de-madri-para-o-rio\/\"]}]},{\"@type\":\"BreadcrumbList\",\"@id\":\"https:\/\/www.oarcanjo.net\/site\/jornada-mundial-da-juventude-de-madri-para-o-rio\/#breadcrumb\",\"itemListElement\":[{\"@type\":\"ListItem\",\"position\":1,\"name\":\"In\u00edcio\",\"item\":\"https:\/\/www.oarcanjo.net\/site\/\"},{\"@type\":\"ListItem\",\"position\":2,\"name\":\"Jornada Mundial da Juventude: de Madri para o Rio\"}]},{\"@type\":\"WebSite\",\"@id\":\"https:\/\/www.oarcanjo.net\/site\/#website\",\"url\":\"https:\/\/www.oarcanjo.net\/site\/\",\"name\":\"O Arcanjo no ar\",\"description\":\"Site da Par\u00f3quia S\u00e3o Miguel Arcanjo (Arquidiocese de SP)\",\"publisher\":{\"@id\":\"https:\/\/www.oarcanjo.net\/site\/#organization\"},\"potentialAction\":[{\"@type\":\"SearchAction\",\"target\":{\"@type\":\"EntryPoint\",\"urlTemplate\":\"https:\/\/www.oarcanjo.net\/site\/?s={search_term_string}\"},\"query-input\":{\"@type\":\"PropertyValueSpecification\",\"valueRequired\":true,\"valueName\":\"search_term_string\"}}],\"inLanguage\":\"pt-BR\"},{\"@type\":\"Organization\",\"@id\":\"https:\/\/www.oarcanjo.net\/site\/#organization\",\"name\":\"Par\u00f3quia S\u00e3o Miguel Arcanjo\",\"url\":\"https:\/\/www.oarcanjo.net\/site\/\",\"logo\":{\"@type\":\"ImageObject\",\"inLanguage\":\"pt-BR\",\"@id\":\"https:\/\/www.oarcanjo.net\/site\/#\/schema\/logo\/image\/\",\"url\":\"https:\/\/www.oarcanjo.net\/site\/wp-content\/uploads\/LogoOArcanjo.png\",\"contentUrl\":\"https:\/\/www.oarcanjo.net\/site\/wp-content\/uploads\/LogoOArcanjo.png\",\"width\":319,\"height\":99,\"caption\":\"Par\u00f3quia S\u00e3o Miguel Arcanjo\"},\"image\":{\"@id\":\"https:\/\/www.oarcanjo.net\/site\/#\/schema\/logo\/image\/\"},\"sameAs\":[\"https:\/\/www.facebook.com\/OArcanjoNoAr\/\"]},{\"@type\":\"Person\",\"@id\":\"https:\/\/www.oarcanjo.net\/site\/#\/schema\/person\/f7024d007863202483a31326673a0838\",\"name\":\"editor\",\"sameAs\":[\"http:\/\/www.oarcanjo.net\"]}]}<\/script>\n<!-- \/ Yoast SEO plugin. -->","yoast_head_json":{"title":"Jornada Mundial da Juventude: de Madri para o Rio - O Arcanjo no ar","robots":{"index":"index","follow":"follow","max-snippet":"max-snippet:-1","max-image-preview":"max-image-preview:large","max-video-preview":"max-video-preview:-1"},"canonical":"https:\/\/www.oarcanjo.net\/site\/jornada-mundial-da-juventude-de-madri-para-o-rio\/","og_locale":"pt_BR","og_type":"article","og_title":"Jornada Mundial da Juventude: de Madri para o Rio - O Arcanjo no ar","og_description":"Eram 11h39 (6h39 de Bras\u00edlia) de domingo, 21\/08, quando o papa Bento XVI anunciou o que todos os brasileiros esperavam: o Rio de Janeiro ser\u00e1 sede da pr\u00f3xima Jornada Mundial da Juventude, em 2013. Assim que o papa fez o an\u00fancio, os brasileiros agitaram suas bandeiras e gritaram o nome \u201cBrasil, Brasil\u201d, que ecoou em [&hellip;]","og_url":"https:\/\/www.oarcanjo.net\/site\/jornada-mundial-da-juventude-de-madri-para-o-rio\/","og_site_name":"O Arcanjo no ar","article_publisher":"https:\/\/www.facebook.com\/OArcanjoNoAr\/","article_published_time":"2011-08-22T12:14:43+00:00","og_image":[{"width":300,"height":300,"url":"https:\/\/www.oarcanjo.net\/site\/wp-content\/uploads\/logo-o-arcanjo-no-ar-facebook.png","type":"image\/png"}],"author":"editor","twitter_card":"summary_large_image","twitter_misc":{"Escrito por":"editor","Est. tempo de leitura":"2 minutos"},"schema":{"@context":"https:\/\/schema.org","@graph":[{"@type":"Article","@id":"https:\/\/www.oarcanjo.net\/site\/jornada-mundial-da-juventude-de-madri-para-o-rio\/#article","isPartOf":{"@id":"https:\/\/www.oarcanjo.net\/site\/jornada-mundial-da-juventude-de-madri-para-o-rio\/"},"author":{"name":"editor","@id":"https:\/\/www.oarcanjo.net\/site\/#\/schema\/person\/f7024d007863202483a31326673a0838"},"headline":"Jornada Mundial da Juventude: de Madri para o Rio","datePublished":"2011-08-22T12:14:43+00:00","dateModified":"2011-08-22T12:14:43+00:00","mainEntityOfPage":{"@id":"https:\/\/www.oarcanjo.net\/site\/jornada-mundial-da-juventude-de-madri-para-o-rio\/"},"wordCount":485,"commentCount":2,"publisher":{"@id":"https:\/\/www.oarcanjo.net\/site\/#organization"},"keywords":["Bento XVI","JMJ","Jornada Mundial da Juventude"],"articleSection":["Not\u00edcias"],"inLanguage":"pt-BR","potentialAction":[{"@type":"CommentAction","name":"Comment","target":["https:\/\/www.oarcanjo.net\/site\/jornada-mundial-da-juventude-de-madri-para-o-rio\/#respond"]}]},{"@type":"WebPage","@id":"https:\/\/www.oarcanjo.net\/site\/jornada-mundial-da-juventude-de-madri-para-o-rio\/","url":"https:\/\/www.oarcanjo.net\/site\/jornada-mundial-da-juventude-de-madri-para-o-rio\/","name":"Jornada Mundial da Juventude: de Madri para o Rio - O Arcanjo no ar","isPartOf":{"@id":"https:\/\/www.oarcanjo.net\/site\/#website"},"datePublished":"2011-08-22T12:14:43+00:00","dateModified":"2011-08-22T12:14:43+00:00","breadcrumb":{"@id":"https:\/\/www.oarcanjo.net\/site\/jornada-mundial-da-juventude-de-madri-para-o-rio\/#breadcrumb"},"inLanguage":"pt-BR","potentialAction":[{"@type":"ReadAction","target":["https:\/\/www.oarcanjo.net\/site\/jornada-mundial-da-juventude-de-madri-para-o-rio\/"]}]},{"@type":"BreadcrumbList","@id":"https:\/\/www.oarcanjo.net\/site\/jornada-mundial-da-juventude-de-madri-para-o-rio\/#breadcrumb","itemListElement":[{"@type":"ListItem","position":1,"name":"In\u00edcio","item":"https:\/\/www.oarcanjo.net\/site\/"},{"@type":"ListItem","position":2,"name":"Jornada Mundial da Juventude: de Madri para o Rio"}]},{"@type":"WebSite","@id":"https:\/\/www.oarcanjo.net\/site\/#website","url":"https:\/\/www.oarcanjo.net\/site\/","name":"O Arcanjo no ar","description":"Site da Par\u00f3quia S\u00e3o Miguel Arcanjo (Arquidiocese de SP)","publisher":{"@id":"https:\/\/www.oarcanjo.net\/site\/#organization"},"potentialAction":[{"@type":"SearchAction","target":{"@type":"EntryPoint","urlTemplate":"https:\/\/www.oarcanjo.net\/site\/?s={search_term_string}"},"query-input":{"@type":"PropertyValueSpecification","valueRequired":true,"valueName":"search_term_string"}}],"inLanguage":"pt-BR"},{"@type":"Organization","@id":"https:\/\/www.oarcanjo.net\/site\/#organization","name":"Par\u00f3quia S\u00e3o Miguel Arcanjo","url":"https:\/\/www.oarcanjo.net\/site\/","logo":{"@type":"ImageObject","inLanguage":"pt-BR","@id":"https:\/\/www.oarcanjo.net\/site\/#\/schema\/logo\/image\/","url":"https:\/\/www.oarcanjo.net\/site\/wp-content\/uploads\/LogoOArcanjo.png","contentUrl":"https:\/\/www.oarcanjo.net\/site\/wp-content\/uploads\/LogoOArcanjo.png","width":319,"height":99,"caption":"Par\u00f3quia S\u00e3o Miguel Arcanjo"},"image":{"@id":"https:\/\/www.oarcanjo.net\/site\/#\/schema\/logo\/image\/"},"sameAs":["https:\/\/www.facebook.com\/OArcanjoNoAr\/"]},{"@type":"Person","@id":"https:\/\/www.oarcanjo.net\/site\/#\/schema\/person\/f7024d007863202483a31326673a0838","name":"editor","sameAs":["http:\/\/www.oarcanjo.net"]}]}},"publishpress_future_action":{"enabled":false,"date":"2026-05-07 11:36:45","action":"category","newStatus":"draft","terms":[],"taxonomy":"category"},"publishpress_future_workflow_manual_trigger":{"enabledWorkflows":[]},"_links":{"self":[{"href":"https:\/\/www.oarcanjo.net\/site\/wp-json\/wp\/v2\/posts\/15468"}],"collection":[{"href":"https:\/\/www.oarcanjo.net\/site\/wp-json\/wp\/v2\/posts"}],"about":[{"href":"https:\/\/www.oarcanjo.net\/site\/wp-json\/wp\/v2\/types\/post"}],"author":[{"embeddable":true,"href":"https:\/\/www.oarcanjo.net\/site\/wp-json\/wp\/v2\/users\/5"}],"replies":[{"embeddable":true,"href":"https:\/\/www.oarcanjo.net\/site\/wp-json\/wp\/v2\/comments?post=15468"}],"version-history":[{"count":0,"href":"https:\/\/www.oarcanjo.net\/site\/wp-json\/wp\/v2\/posts\/15468\/revisions"}],"wp:attachment":[{"href":"https:\/\/www.oarcanjo.net\/site\/wp-json\/wp\/v2\/media?parent=15468"}],"wp:term":[{"taxonomy":"category","embeddable":true,"href":"https:\/\/www.oarcanjo.net\/site\/wp-json\/wp\/v2\/categories?post=15468"},{"taxonomy":"post_tag","embeddable":true,"href":"https:\/\/www.oarcanjo.net\/site\/wp-json\/wp\/v2\/tags?post=15468"}],"curies":[{"name":"wp","href":"https:\/\/api.w.org\/{rel}","templated":true}]}}