
{"id":15489,"date":"2011-08-23T20:23:18","date_gmt":"2011-08-23T23:23:18","guid":{"rendered":"http:\/\/www.oarcanjo.net\/site\/?p=15489"},"modified":"2011-08-23T22:19:01","modified_gmt":"2011-08-24T01:19:01","slug":"diario-de-bordo-2","status":"publish","type":"post","link":"https:\/\/www.oarcanjo.net\/site\/diario-de-bordo-2\/","title":{"rendered":"Di\u00e1rio de bordo &#8211; 2\u00ba dia a caminho da Jornada Mundial da Juventude"},"content":{"rendered":"<p>16 de agosto de 2011<\/p>\n<p>Est\u00e1 amanhecendo, estamos pertinho de Barcelona.<\/p>\n<p>Chegamos em Barcelona, faremos a conex\u00e3o e logo estaremos no local da Jornada.<\/p>\n<p>Entrando no avi\u00e3o mais uma vez , dentro de\u00a0uma hora estaremos aterrisando em Madri.<\/p>\n<p>Chegamos em Madri!!!<\/p>\n<p>A Jornada Mundial da Juventude come\u00e7a!!!<\/p>\n<p>Vamos pegar o metr\u00f4 para irmos para o local do alojamento.<\/p>\n<p>For\u00e7a para carregar as malas!!!<\/p>\n<p>Acabamos de descer na esta\u00e7\u00e3o Alsacia.<\/p>\n<p>No caminho para a escola onde ficaremos alojados passamos por uma feira.<\/p>\n<p>Chegamos no alojamento, num primeiro olhar vemos duas quadras, \u00e1rvores\u00a0 e\u00a0tr\u00eas pr\u00e9dios.<\/p>\n<p>Estamos a procura de uma sombra, est\u00e1 muito calor.<\/p>\n<p>Ficaremos em uma sala de aula, os rapazes e os padres\u00a0 ficaram numa quadra em outro pr\u00e9dio.<\/p>\n<p>A caminho da missa de abertura e de acolhimento, e no caminho uma supresa: no\u00a0 lugar onde estava a feira um caminh\u00e3o escrito &#8220;Meio Ambiente Madri&#8221; recolhe o lixo e lava a rua.<\/p>\n<div id=\"themify_builder_content-15489\" data-postid=\"15489\" class=\"themify_builder_content themify_builder_content-15489 themify_builder themify_builder_front\">\n\t<\/div>\n<!-- \/themify_builder_content -->","protected":false},"excerpt":{"rendered":"<p>16 de agosto de 2011 Est\u00e1 amanhecendo, estamos pertinho de Barcelona. Chegamos em Barcelona, faremos a conex\u00e3o e logo estaremos no local da Jornada. Entrando no avi\u00e3o mais uma vez , dentro de\u00a0uma hora estaremos aterrisando em Madri. Chegamos em Madri!!! A Jornada Mundial da Juventude come\u00e7a!!! Vamos pegar o metr\u00f4 para irmos para o [&hellip;]<\/p>\n","protected":false},"author":12,"featured_media":0,"comment_status":"open","ping_status":"open","sticky":false,"template":"","format":"standard","meta":{"ngg_post_thumbnail":0,"footnotes":""},"categories":[395],"tags":[1937,1938],"yoast_head":"<!-- This site is optimized with the Yoast SEO plugin v23.5 - https:\/\/yoast.com\/wordpress\/plugins\/seo\/ -->\n<title>Di\u00e1rio de bordo - 2\u00ba dia a caminho da Jornada Mundial da Juventude - O Arcanjo no ar<\/title>\n<meta name=\"robots\" content=\"index, follow, max-snippet:-1, max-image-preview:large, max-video-preview:-1\" \/>\n<link rel=\"canonical\" href=\"https:\/\/www.oarcanjo.net\/site\/diario-de-bordo-2\/\" \/>\n<meta property=\"og:locale\" content=\"pt_BR\" \/>\n<meta property=\"og:type\" content=\"article\" \/>\n<meta property=\"og:title\" content=\"Di\u00e1rio de bordo - 2\u00ba dia a caminho da Jornada Mundial da Juventude - O Arcanjo no ar\" \/>\n<meta property=\"og:description\" content=\"16 de agosto de 2011 Est\u00e1 amanhecendo, estamos pertinho de Barcelona. Chegamos em Barcelona, faremos a conex\u00e3o e logo estaremos no local da Jornada. Entrando no avi\u00e3o mais uma vez , dentro de\u00a0uma hora estaremos aterrisando em Madri. Chegamos em Madri!!! A Jornada Mundial da Juventude come\u00e7a!!! Vamos pegar o metr\u00f4 para irmos para o [&hellip;]\" \/>\n<meta property=\"og:url\" content=\"https:\/\/www.oarcanjo.net\/site\/diario-de-bordo-2\/\" \/>\n<meta property=\"og:site_name\" content=\"O Arcanjo no ar\" \/>\n<meta property=\"article:publisher\" content=\"https:\/\/www.facebook.com\/OArcanjoNoAr\/\" \/>\n<meta property=\"article:published_time\" content=\"2011-08-23T23:23:18+00:00\" \/>\n<meta property=\"article:modified_time\" content=\"2011-08-24T01:19:01+00:00\" \/>\n<meta property=\"og:image\" content=\"https:\/\/www.oarcanjo.net\/site\/wp-content\/uploads\/logo-o-arcanjo-no-ar-facebook.png\" \/>\n\t<meta property=\"og:image:width\" content=\"300\" \/>\n\t<meta property=\"og:image:height\" content=\"300\" \/>\n\t<meta property=\"og:image:type\" content=\"image\/png\" \/>\n<meta name=\"author\" content=\"mariana\" \/>\n<meta name=\"twitter:card\" content=\"summary_large_image\" \/>\n<meta name=\"twitter:label1\" content=\"Escrito por\" \/>\n\t<meta name=\"twitter:data1\" content=\"mariana\" \/>\n\t<meta name=\"twitter:label2\" content=\"Est. tempo de leitura\" \/>\n\t<meta name=\"twitter:data2\" content=\"1 minuto\" \/>\n<script type=\"application\/ld+json\" class=\"yoast-schema-graph\">{\"@context\":\"https:\/\/schema.org\",\"@graph\":[{\"@type\":\"Article\",\"@id\":\"https:\/\/www.oarcanjo.net\/site\/diario-de-bordo-2\/#article\",\"isPartOf\":{\"@id\":\"https:\/\/www.oarcanjo.net\/site\/diario-de-bordo-2\/\"},\"author\":{\"name\":\"mariana\",\"@id\":\"https:\/\/www.oarcanjo.net\/site\/#\/schema\/person\/e54a5c62347067e278a5d0cf64f6a6e6\"},\"headline\":\"Di\u00e1rio de bordo &#8211; 2\u00ba dia a caminho da Jornada Mundial da Juventude\",\"datePublished\":\"2011-08-23T23:23:18+00:00\",\"dateModified\":\"2011-08-24T01:19:01+00:00\",\"mainEntityOfPage\":{\"@id\":\"https:\/\/www.oarcanjo.net\/site\/diario-de-bordo-2\/\"},\"wordCount\":173,\"commentCount\":0,\"publisher\":{\"@id\":\"https:\/\/www.oarcanjo.net\/site\/#organization\"},\"keywords\":[\"JMJ\",\"Jornada Mundial da Juventude\"],\"articleSection\":[\"Jovens\"],\"inLanguage\":\"pt-BR\",\"potentialAction\":[{\"@type\":\"CommentAction\",\"name\":\"Comment\",\"target\":[\"https:\/\/www.oarcanjo.net\/site\/diario-de-bordo-2\/#respond\"]}]},{\"@type\":\"WebPage\",\"@id\":\"https:\/\/www.oarcanjo.net\/site\/diario-de-bordo-2\/\",\"url\":\"https:\/\/www.oarcanjo.net\/site\/diario-de-bordo-2\/\",\"name\":\"Di\u00e1rio de bordo - 2\u00ba dia a caminho da Jornada Mundial da Juventude - O Arcanjo no ar\",\"isPartOf\":{\"@id\":\"https:\/\/www.oarcanjo.net\/site\/#website\"},\"datePublished\":\"2011-08-23T23:23:18+00:00\",\"dateModified\":\"2011-08-24T01:19:01+00:00\",\"breadcrumb\":{\"@id\":\"https:\/\/www.oarcanjo.net\/site\/diario-de-bordo-2\/#breadcrumb\"},\"inLanguage\":\"pt-BR\",\"potentialAction\":[{\"@type\":\"ReadAction\",\"target\":[\"https:\/\/www.oarcanjo.net\/site\/diario-de-bordo-2\/\"]}]},{\"@type\":\"BreadcrumbList\",\"@id\":\"https:\/\/www.oarcanjo.net\/site\/diario-de-bordo-2\/#breadcrumb\",\"itemListElement\":[{\"@type\":\"ListItem\",\"position\":1,\"name\":\"In\u00edcio\",\"item\":\"https:\/\/www.oarcanjo.net\/site\/\"},{\"@type\":\"ListItem\",\"position\":2,\"name\":\"Di\u00e1rio de bordo &#8211; 2\u00ba dia a caminho da Jornada Mundial da Juventude\"}]},{\"@type\":\"WebSite\",\"@id\":\"https:\/\/www.oarcanjo.net\/site\/#website\",\"url\":\"https:\/\/www.oarcanjo.net\/site\/\",\"name\":\"O Arcanjo no ar\",\"description\":\"Site da Par\u00f3quia S\u00e3o Miguel Arcanjo (Arquidiocese de SP)\",\"publisher\":{\"@id\":\"https:\/\/www.oarcanjo.net\/site\/#organization\"},\"potentialAction\":[{\"@type\":\"SearchAction\",\"target\":{\"@type\":\"EntryPoint\",\"urlTemplate\":\"https:\/\/www.oarcanjo.net\/site\/?s={search_term_string}\"},\"query-input\":{\"@type\":\"PropertyValueSpecification\",\"valueRequired\":true,\"valueName\":\"search_term_string\"}}],\"inLanguage\":\"pt-BR\"},{\"@type\":\"Organization\",\"@id\":\"https:\/\/www.oarcanjo.net\/site\/#organization\",\"name\":\"Par\u00f3quia S\u00e3o Miguel Arcanjo\",\"url\":\"https:\/\/www.oarcanjo.net\/site\/\",\"logo\":{\"@type\":\"ImageObject\",\"inLanguage\":\"pt-BR\",\"@id\":\"https:\/\/www.oarcanjo.net\/site\/#\/schema\/logo\/image\/\",\"url\":\"https:\/\/www.oarcanjo.net\/site\/wp-content\/uploads\/LogoOArcanjo.png\",\"contentUrl\":\"https:\/\/www.oarcanjo.net\/site\/wp-content\/uploads\/LogoOArcanjo.png\",\"width\":319,\"height\":99,\"caption\":\"Par\u00f3quia S\u00e3o Miguel Arcanjo\"},\"image\":{\"@id\":\"https:\/\/www.oarcanjo.net\/site\/#\/schema\/logo\/image\/\"},\"sameAs\":[\"https:\/\/www.facebook.com\/OArcanjoNoAr\/\"]},{\"@type\":\"Person\",\"@id\":\"https:\/\/www.oarcanjo.net\/site\/#\/schema\/person\/e54a5c62347067e278a5d0cf64f6a6e6\",\"name\":\"mariana\"}]}<\/script>\n<!-- \/ Yoast SEO plugin. -->","yoast_head_json":{"title":"Di\u00e1rio de bordo - 2\u00ba dia a caminho da Jornada Mundial da Juventude - O Arcanjo no ar","robots":{"index":"index","follow":"follow","max-snippet":"max-snippet:-1","max-image-preview":"max-image-preview:large","max-video-preview":"max-video-preview:-1"},"canonical":"https:\/\/www.oarcanjo.net\/site\/diario-de-bordo-2\/","og_locale":"pt_BR","og_type":"article","og_title":"Di\u00e1rio de bordo - 2\u00ba dia a caminho da Jornada Mundial da Juventude - O Arcanjo no ar","og_description":"16 de agosto de 2011 Est\u00e1 amanhecendo, estamos pertinho de Barcelona. Chegamos em Barcelona, faremos a conex\u00e3o e logo estaremos no local da Jornada. Entrando no avi\u00e3o mais uma vez , dentro de\u00a0uma hora estaremos aterrisando em Madri. Chegamos em Madri!!! A Jornada Mundial da Juventude come\u00e7a!!! Vamos pegar o metr\u00f4 para irmos para o [&hellip;]","og_url":"https:\/\/www.oarcanjo.net\/site\/diario-de-bordo-2\/","og_site_name":"O Arcanjo no ar","article_publisher":"https:\/\/www.facebook.com\/OArcanjoNoAr\/","article_published_time":"2011-08-23T23:23:18+00:00","article_modified_time":"2011-08-24T01:19:01+00:00","og_image":[{"width":300,"height":300,"url":"https:\/\/www.oarcanjo.net\/site\/wp-content\/uploads\/logo-o-arcanjo-no-ar-facebook.png","type":"image\/png"}],"author":"mariana","twitter_card":"summary_large_image","twitter_misc":{"Escrito por":"mariana","Est. tempo de leitura":"1 minuto"},"schema":{"@context":"https:\/\/schema.org","@graph":[{"@type":"Article","@id":"https:\/\/www.oarcanjo.net\/site\/diario-de-bordo-2\/#article","isPartOf":{"@id":"https:\/\/www.oarcanjo.net\/site\/diario-de-bordo-2\/"},"author":{"name":"mariana","@id":"https:\/\/www.oarcanjo.net\/site\/#\/schema\/person\/e54a5c62347067e278a5d0cf64f6a6e6"},"headline":"Di\u00e1rio de bordo &#8211; 2\u00ba dia a caminho da Jornada Mundial da Juventude","datePublished":"2011-08-23T23:23:18+00:00","dateModified":"2011-08-24T01:19:01+00:00","mainEntityOfPage":{"@id":"https:\/\/www.oarcanjo.net\/site\/diario-de-bordo-2\/"},"wordCount":173,"commentCount":0,"publisher":{"@id":"https:\/\/www.oarcanjo.net\/site\/#organization"},"keywords":["JMJ","Jornada Mundial da Juventude"],"articleSection":["Jovens"],"inLanguage":"pt-BR","potentialAction":[{"@type":"CommentAction","name":"Comment","target":["https:\/\/www.oarcanjo.net\/site\/diario-de-bordo-2\/#respond"]}]},{"@type":"WebPage","@id":"https:\/\/www.oarcanjo.net\/site\/diario-de-bordo-2\/","url":"https:\/\/www.oarcanjo.net\/site\/diario-de-bordo-2\/","name":"Di\u00e1rio de bordo - 2\u00ba dia a caminho da Jornada Mundial da Juventude - O Arcanjo no ar","isPartOf":{"@id":"https:\/\/www.oarcanjo.net\/site\/#website"},"datePublished":"2011-08-23T23:23:18+00:00","dateModified":"2011-08-24T01:19:01+00:00","breadcrumb":{"@id":"https:\/\/www.oarcanjo.net\/site\/diario-de-bordo-2\/#breadcrumb"},"inLanguage":"pt-BR","potentialAction":[{"@type":"ReadAction","target":["https:\/\/www.oarcanjo.net\/site\/diario-de-bordo-2\/"]}]},{"@type":"BreadcrumbList","@id":"https:\/\/www.oarcanjo.net\/site\/diario-de-bordo-2\/#breadcrumb","itemListElement":[{"@type":"ListItem","position":1,"name":"In\u00edcio","item":"https:\/\/www.oarcanjo.net\/site\/"},{"@type":"ListItem","position":2,"name":"Di\u00e1rio de bordo &#8211; 2\u00ba dia a caminho da Jornada Mundial da Juventude"}]},{"@type":"WebSite","@id":"https:\/\/www.oarcanjo.net\/site\/#website","url":"https:\/\/www.oarcanjo.net\/site\/","name":"O Arcanjo no ar","description":"Site da Par\u00f3quia S\u00e3o Miguel Arcanjo (Arquidiocese de SP)","publisher":{"@id":"https:\/\/www.oarcanjo.net\/site\/#organization"},"potentialAction":[{"@type":"SearchAction","target":{"@type":"EntryPoint","urlTemplate":"https:\/\/www.oarcanjo.net\/site\/?s={search_term_string}"},"query-input":{"@type":"PropertyValueSpecification","valueRequired":true,"valueName":"search_term_string"}}],"inLanguage":"pt-BR"},{"@type":"Organization","@id":"https:\/\/www.oarcanjo.net\/site\/#organization","name":"Par\u00f3quia S\u00e3o Miguel Arcanjo","url":"https:\/\/www.oarcanjo.net\/site\/","logo":{"@type":"ImageObject","inLanguage":"pt-BR","@id":"https:\/\/www.oarcanjo.net\/site\/#\/schema\/logo\/image\/","url":"https:\/\/www.oarcanjo.net\/site\/wp-content\/uploads\/LogoOArcanjo.png","contentUrl":"https:\/\/www.oarcanjo.net\/site\/wp-content\/uploads\/LogoOArcanjo.png","width":319,"height":99,"caption":"Par\u00f3quia S\u00e3o Miguel Arcanjo"},"image":{"@id":"https:\/\/www.oarcanjo.net\/site\/#\/schema\/logo\/image\/"},"sameAs":["https:\/\/www.facebook.com\/OArcanjoNoAr\/"]},{"@type":"Person","@id":"https:\/\/www.oarcanjo.net\/site\/#\/schema\/person\/e54a5c62347067e278a5d0cf64f6a6e6","name":"mariana"}]}},"publishpress_future_action":{"enabled":false,"date":"2026-05-07 06:31:09","action":"category","newStatus":"draft","terms":[],"taxonomy":"category"},"publishpress_future_workflow_manual_trigger":{"enabledWorkflows":[]},"_links":{"self":[{"href":"https:\/\/www.oarcanjo.net\/site\/wp-json\/wp\/v2\/posts\/15489"}],"collection":[{"href":"https:\/\/www.oarcanjo.net\/site\/wp-json\/wp\/v2\/posts"}],"about":[{"href":"https:\/\/www.oarcanjo.net\/site\/wp-json\/wp\/v2\/types\/post"}],"author":[{"embeddable":true,"href":"https:\/\/www.oarcanjo.net\/site\/wp-json\/wp\/v2\/users\/12"}],"replies":[{"embeddable":true,"href":"https:\/\/www.oarcanjo.net\/site\/wp-json\/wp\/v2\/comments?post=15489"}],"version-history":[{"count":0,"href":"https:\/\/www.oarcanjo.net\/site\/wp-json\/wp\/v2\/posts\/15489\/revisions"}],"wp:attachment":[{"href":"https:\/\/www.oarcanjo.net\/site\/wp-json\/wp\/v2\/media?parent=15489"}],"wp:term":[{"taxonomy":"category","embeddable":true,"href":"https:\/\/www.oarcanjo.net\/site\/wp-json\/wp\/v2\/categories?post=15489"},{"taxonomy":"post_tag","embeddable":true,"href":"https:\/\/www.oarcanjo.net\/site\/wp-json\/wp\/v2\/tags?post=15489"}],"curies":[{"name":"wp","href":"https:\/\/api.w.org\/{rel}","templated":true}]}}