
{"id":15499,"date":"2011-08-24T19:52:35","date_gmt":"2011-08-24T22:52:35","guid":{"rendered":"http:\/\/www.oarcanjo.net\/site\/?p=15499"},"modified":"2011-08-24T19:59:04","modified_gmt":"2011-08-24T22:59:04","slug":"cnbb-e-caritas-lancam-campanha-sos-africa","status":"publish","type":"post","link":"https:\/\/www.oarcanjo.net\/site\/cnbb-e-caritas-lancam-campanha-sos-africa\/","title":{"rendered":"CNBB e C\u00e1ritas lan\u00e7am campanha SOS \u00c1frica"},"content":{"rendered":"<p>httpv:\/\/www.youtube.com\/watch?v=t38yubpw3Yg<\/p>\n<p>A Confer\u00eancia Nacional dos Bispos do Brasil (CNBB) e a C\u00e1ritas Brasileira deram in\u00edcio \u00e0 Campanha SOS \u00c1frica de ajuda \u00e0s v\u00edtimas da seca na regi\u00e3o nordeste do continente, conhecida como Chifre da \u00c1frica (Som\u00e1lia, Uganda, Eti\u00f3pia, Qu\u00eania, Djibuti e Eritr\u00e9ia).<\/p>\n<p>A regi\u00e3o, principalmente a Som\u00e1lia, passa pela seca mais intensa dos \u00faltimos 60 anos. Segundo a Organiza\u00e7\u00e3o das Na\u00e7\u00f5es Unidas para a Agricultura e Alimenta\u00e7\u00e3o (FAO) e o Alto Comissariado das Na\u00e7\u00f5es Unidas para os Refugiados (ACNUR), cerca de 12 milh\u00f5es de pessoas est\u00e3o sentindo os efeitos da fome na regi\u00e3o.<\/p>\n<p>Ainda segundo os dados, o Chifre da \u00c1frica vem sofrendo nos \u00faltimos meses, al\u00e9m da seca, com a fome, conflitos e a alta dos pre\u00e7os dos alimentos. A crise na Som\u00e1lia j\u00e1 matou 30 mil crian\u00e7as de fome.<\/p>\n<p>Cerca de 400 mil refugiados somalis, quase 5% de toda a popula\u00e7\u00e3o do pa\u00eds, encontram-se acampados em Mogad\u00edscio e \u00e1reas ao redor. Aproximadamente 100 mil pessoas chegaram somente em junho e julho, segundo a ONU.<\/p>\n<p>Um novo relat\u00f3rio da Organiza\u00e7\u00e3o Cat\u00f3lica para a Solidariedade e ajuda humanit\u00e1ria sublinha que &#8220;a cada 11 semanas&#8221;, dez por cento das crian\u00e7as somalis com menos de cinco anos &#8220;perde a vida&#8221;.<\/p>\n<p>O \u2018Situation report&#8217; da C\u00e1ritas Som\u00e1lia, enviado \u00e0 ag\u00eancia Fides, do Vaticano confirmou que &#8220;as estruturas de sa\u00fade da Som\u00e1lia est\u00e3o a tentar enfrentar a chegada maci\u00e7a de deslocados internos que est\u00e3o a lotar os centros urbanos em busca de assist\u00eancia&#8221;.<\/p>\n<p>Para reverter essa situa\u00e7\u00e3o, voc\u00ea pode contribuir com campanha da CNBB e C\u00e1ritas, em favor das v\u00edtimas no Chifre da \u00c1frica, atrav\u00e9s de doa\u00e7\u00f5es de qualquer valor.<\/p>\n<p><strong>Banco do Brasil: AG. 3475-4, C\/C 26.116-5<\/strong><br \/>\n<strong>Caixa Econ\u00f4mica Federal: AG. 1041, OP. 003, C\/C 1751-6<\/strong><br \/>\n<strong>Banco Bradesco: AG. 0606-8, C\/C 187587-6<\/strong><\/p>\n<p>*para DOC e TED o CNPJ \u00e9: 33.654.419\/0001-1<\/p>\n<div id=\"themify_builder_content-15499\" data-postid=\"15499\" class=\"themify_builder_content themify_builder_content-15499 themify_builder themify_builder_front\">\n\t<\/div>\n<!-- \/themify_builder_content -->","protected":false},"excerpt":{"rendered":"<p>httpv:\/\/www.youtube.com\/watch?v=t38yubpw3Yg A Confer\u00eancia Nacional dos Bispos do Brasil (CNBB) e a C\u00e1ritas Brasileira deram in\u00edcio \u00e0 Campanha SOS \u00c1frica de ajuda \u00e0s v\u00edtimas da seca na regi\u00e3o nordeste do continente, conhecida como Chifre da \u00c1frica (Som\u00e1lia, Uganda, Eti\u00f3pia, Qu\u00eania, Djibuti e Eritr\u00e9ia). A regi\u00e3o, principalmente a Som\u00e1lia, passa pela seca mais intensa dos \u00faltimos 60 [&hellip;]<\/p>\n","protected":false},"author":5,"featured_media":0,"comment_status":"open","ping_status":"open","sticky":false,"template":"","format":"standard","meta":{"ngg_post_thumbnail":0,"footnotes":""},"categories":[3,2022,280],"tags":[1636,90,63,466,38,244,88],"yoast_head":"<!-- This site is optimized with the Yoast SEO plugin v23.5 - https:\/\/yoast.com\/wordpress\/plugins\/seo\/ -->\n<title>CNBB e C\u00e1ritas lan\u00e7am campanha SOS \u00c1frica - O Arcanjo no ar<\/title>\n<meta name=\"robots\" content=\"index, follow, max-snippet:-1, max-image-preview:large, max-video-preview:-1\" \/>\n<link rel=\"canonical\" href=\"https:\/\/www.oarcanjo.net\/site\/cnbb-e-caritas-lancam-campanha-sos-africa\/\" \/>\n<meta property=\"og:locale\" content=\"pt_BR\" \/>\n<meta property=\"og:type\" content=\"article\" \/>\n<meta property=\"og:title\" content=\"CNBB e C\u00e1ritas lan\u00e7am campanha SOS \u00c1frica - O Arcanjo no ar\" \/>\n<meta property=\"og:description\" content=\"httpv:\/\/www.youtube.com\/watch?v=t38yubpw3Yg A Confer\u00eancia Nacional dos Bispos do Brasil (CNBB) e a C\u00e1ritas Brasileira deram in\u00edcio \u00e0 Campanha SOS \u00c1frica de ajuda \u00e0s v\u00edtimas da seca na regi\u00e3o nordeste do continente, conhecida como Chifre da \u00c1frica (Som\u00e1lia, Uganda, Eti\u00f3pia, Qu\u00eania, Djibuti e Eritr\u00e9ia). A regi\u00e3o, principalmente a Som\u00e1lia, passa pela seca mais intensa dos \u00faltimos 60 [&hellip;]\" \/>\n<meta property=\"og:url\" content=\"https:\/\/www.oarcanjo.net\/site\/cnbb-e-caritas-lancam-campanha-sos-africa\/\" \/>\n<meta property=\"og:site_name\" content=\"O Arcanjo no ar\" \/>\n<meta property=\"article:publisher\" content=\"https:\/\/www.facebook.com\/OArcanjoNoAr\/\" \/>\n<meta property=\"article:published_time\" content=\"2011-08-24T22:52:35+00:00\" \/>\n<meta property=\"article:modified_time\" content=\"2011-08-24T22:59:04+00:00\" \/>\n<meta property=\"og:image\" content=\"https:\/\/www.oarcanjo.net\/site\/wp-content\/uploads\/logo-o-arcanjo-no-ar-facebook.png\" \/>\n\t<meta property=\"og:image:width\" content=\"300\" \/>\n\t<meta property=\"og:image:height\" content=\"300\" \/>\n\t<meta property=\"og:image:type\" content=\"image\/png\" \/>\n<meta name=\"author\" content=\"editor\" \/>\n<meta name=\"twitter:card\" content=\"summary_large_image\" \/>\n<meta name=\"twitter:label1\" content=\"Escrito por\" \/>\n\t<meta name=\"twitter:data1\" content=\"editor\" \/>\n\t<meta name=\"twitter:label2\" content=\"Est. tempo de leitura\" \/>\n\t<meta name=\"twitter:data2\" content=\"2 minutos\" \/>\n<script type=\"application\/ld+json\" class=\"yoast-schema-graph\">{\"@context\":\"https:\/\/schema.org\",\"@graph\":[{\"@type\":\"Article\",\"@id\":\"https:\/\/www.oarcanjo.net\/site\/cnbb-e-caritas-lancam-campanha-sos-africa\/#article\",\"isPartOf\":{\"@id\":\"https:\/\/www.oarcanjo.net\/site\/cnbb-e-caritas-lancam-campanha-sos-africa\/\"},\"author\":{\"name\":\"editor\",\"@id\":\"https:\/\/www.oarcanjo.net\/site\/#\/schema\/person\/f7024d007863202483a31326673a0838\"},\"headline\":\"CNBB e C\u00e1ritas lan\u00e7am campanha SOS \u00c1frica\",\"datePublished\":\"2011-08-24T22:52:35+00:00\",\"dateModified\":\"2011-08-24T22:59:04+00:00\",\"mainEntityOfPage\":{\"@id\":\"https:\/\/www.oarcanjo.net\/site\/cnbb-e-caritas-lancam-campanha-sos-africa\/\"},\"wordCount\":349,\"commentCount\":0,\"publisher\":{\"@id\":\"https:\/\/www.oarcanjo.net\/site\/#organization\"},\"keywords\":[\"\u00c1frica\",\"C\u00e1ritas\",\"CNBB\",\"exclus\u00e3o\",\"fome\",\"mis\u00e9ria\",\"solidariedade\"],\"articleSection\":[\"Destaques\",\"Fome na \u00c1frica\",\"V\u00eddeos\"],\"inLanguage\":\"pt-BR\",\"potentialAction\":[{\"@type\":\"CommentAction\",\"name\":\"Comment\",\"target\":[\"https:\/\/www.oarcanjo.net\/site\/cnbb-e-caritas-lancam-campanha-sos-africa\/#respond\"]}]},{\"@type\":\"WebPage\",\"@id\":\"https:\/\/www.oarcanjo.net\/site\/cnbb-e-caritas-lancam-campanha-sos-africa\/\",\"url\":\"https:\/\/www.oarcanjo.net\/site\/cnbb-e-caritas-lancam-campanha-sos-africa\/\",\"name\":\"CNBB e C\u00e1ritas lan\u00e7am campanha SOS \u00c1frica - O Arcanjo no ar\",\"isPartOf\":{\"@id\":\"https:\/\/www.oarcanjo.net\/site\/#website\"},\"datePublished\":\"2011-08-24T22:52:35+00:00\",\"dateModified\":\"2011-08-24T22:59:04+00:00\",\"breadcrumb\":{\"@id\":\"https:\/\/www.oarcanjo.net\/site\/cnbb-e-caritas-lancam-campanha-sos-africa\/#breadcrumb\"},\"inLanguage\":\"pt-BR\",\"potentialAction\":[{\"@type\":\"ReadAction\",\"target\":[\"https:\/\/www.oarcanjo.net\/site\/cnbb-e-caritas-lancam-campanha-sos-africa\/\"]}]},{\"@type\":\"BreadcrumbList\",\"@id\":\"https:\/\/www.oarcanjo.net\/site\/cnbb-e-caritas-lancam-campanha-sos-africa\/#breadcrumb\",\"itemListElement\":[{\"@type\":\"ListItem\",\"position\":1,\"name\":\"In\u00edcio\",\"item\":\"https:\/\/www.oarcanjo.net\/site\/\"},{\"@type\":\"ListItem\",\"position\":2,\"name\":\"CNBB e C\u00e1ritas lan\u00e7am campanha SOS \u00c1frica\"}]},{\"@type\":\"WebSite\",\"@id\":\"https:\/\/www.oarcanjo.net\/site\/#website\",\"url\":\"https:\/\/www.oarcanjo.net\/site\/\",\"name\":\"O Arcanjo no ar\",\"description\":\"Site da Par\u00f3quia S\u00e3o Miguel Arcanjo (Arquidiocese de SP)\",\"publisher\":{\"@id\":\"https:\/\/www.oarcanjo.net\/site\/#organization\"},\"potentialAction\":[{\"@type\":\"SearchAction\",\"target\":{\"@type\":\"EntryPoint\",\"urlTemplate\":\"https:\/\/www.oarcanjo.net\/site\/?s={search_term_string}\"},\"query-input\":{\"@type\":\"PropertyValueSpecification\",\"valueRequired\":true,\"valueName\":\"search_term_string\"}}],\"inLanguage\":\"pt-BR\"},{\"@type\":\"Organization\",\"@id\":\"https:\/\/www.oarcanjo.net\/site\/#organization\",\"name\":\"Par\u00f3quia S\u00e3o Miguel Arcanjo\",\"url\":\"https:\/\/www.oarcanjo.net\/site\/\",\"logo\":{\"@type\":\"ImageObject\",\"inLanguage\":\"pt-BR\",\"@id\":\"https:\/\/www.oarcanjo.net\/site\/#\/schema\/logo\/image\/\",\"url\":\"https:\/\/www.oarcanjo.net\/site\/wp-content\/uploads\/LogoOArcanjo.png\",\"contentUrl\":\"https:\/\/www.oarcanjo.net\/site\/wp-content\/uploads\/LogoOArcanjo.png\",\"width\":319,\"height\":99,\"caption\":\"Par\u00f3quia S\u00e3o Miguel Arcanjo\"},\"image\":{\"@id\":\"https:\/\/www.oarcanjo.net\/site\/#\/schema\/logo\/image\/\"},\"sameAs\":[\"https:\/\/www.facebook.com\/OArcanjoNoAr\/\"]},{\"@type\":\"Person\",\"@id\":\"https:\/\/www.oarcanjo.net\/site\/#\/schema\/person\/f7024d007863202483a31326673a0838\",\"name\":\"editor\",\"sameAs\":[\"http:\/\/www.oarcanjo.net\"]}]}<\/script>\n<!-- \/ Yoast SEO plugin. -->","yoast_head_json":{"title":"CNBB e C\u00e1ritas lan\u00e7am campanha SOS \u00c1frica - O Arcanjo no ar","robots":{"index":"index","follow":"follow","max-snippet":"max-snippet:-1","max-image-preview":"max-image-preview:large","max-video-preview":"max-video-preview:-1"},"canonical":"https:\/\/www.oarcanjo.net\/site\/cnbb-e-caritas-lancam-campanha-sos-africa\/","og_locale":"pt_BR","og_type":"article","og_title":"CNBB e C\u00e1ritas lan\u00e7am campanha SOS \u00c1frica - O Arcanjo no ar","og_description":"httpv:\/\/www.youtube.com\/watch?v=t38yubpw3Yg A Confer\u00eancia Nacional dos Bispos do Brasil (CNBB) e a C\u00e1ritas Brasileira deram in\u00edcio \u00e0 Campanha SOS \u00c1frica de ajuda \u00e0s v\u00edtimas da seca na regi\u00e3o nordeste do continente, conhecida como Chifre da \u00c1frica (Som\u00e1lia, Uganda, Eti\u00f3pia, Qu\u00eania, Djibuti e Eritr\u00e9ia). A regi\u00e3o, principalmente a Som\u00e1lia, passa pela seca mais intensa dos \u00faltimos 60 [&hellip;]","og_url":"https:\/\/www.oarcanjo.net\/site\/cnbb-e-caritas-lancam-campanha-sos-africa\/","og_site_name":"O Arcanjo no ar","article_publisher":"https:\/\/www.facebook.com\/OArcanjoNoAr\/","article_published_time":"2011-08-24T22:52:35+00:00","article_modified_time":"2011-08-24T22:59:04+00:00","og_image":[{"width":300,"height":300,"url":"https:\/\/www.oarcanjo.net\/site\/wp-content\/uploads\/logo-o-arcanjo-no-ar-facebook.png","type":"image\/png"}],"author":"editor","twitter_card":"summary_large_image","twitter_misc":{"Escrito por":"editor","Est. tempo de leitura":"2 minutos"},"schema":{"@context":"https:\/\/schema.org","@graph":[{"@type":"Article","@id":"https:\/\/www.oarcanjo.net\/site\/cnbb-e-caritas-lancam-campanha-sos-africa\/#article","isPartOf":{"@id":"https:\/\/www.oarcanjo.net\/site\/cnbb-e-caritas-lancam-campanha-sos-africa\/"},"author":{"name":"editor","@id":"https:\/\/www.oarcanjo.net\/site\/#\/schema\/person\/f7024d007863202483a31326673a0838"},"headline":"CNBB e C\u00e1ritas lan\u00e7am campanha SOS \u00c1frica","datePublished":"2011-08-24T22:52:35+00:00","dateModified":"2011-08-24T22:59:04+00:00","mainEntityOfPage":{"@id":"https:\/\/www.oarcanjo.net\/site\/cnbb-e-caritas-lancam-campanha-sos-africa\/"},"wordCount":349,"commentCount":0,"publisher":{"@id":"https:\/\/www.oarcanjo.net\/site\/#organization"},"keywords":["\u00c1frica","C\u00e1ritas","CNBB","exclus\u00e3o","fome","mis\u00e9ria","solidariedade"],"articleSection":["Destaques","Fome na \u00c1frica","V\u00eddeos"],"inLanguage":"pt-BR","potentialAction":[{"@type":"CommentAction","name":"Comment","target":["https:\/\/www.oarcanjo.net\/site\/cnbb-e-caritas-lancam-campanha-sos-africa\/#respond"]}]},{"@type":"WebPage","@id":"https:\/\/www.oarcanjo.net\/site\/cnbb-e-caritas-lancam-campanha-sos-africa\/","url":"https:\/\/www.oarcanjo.net\/site\/cnbb-e-caritas-lancam-campanha-sos-africa\/","name":"CNBB e C\u00e1ritas lan\u00e7am campanha SOS \u00c1frica - O Arcanjo no ar","isPartOf":{"@id":"https:\/\/www.oarcanjo.net\/site\/#website"},"datePublished":"2011-08-24T22:52:35+00:00","dateModified":"2011-08-24T22:59:04+00:00","breadcrumb":{"@id":"https:\/\/www.oarcanjo.net\/site\/cnbb-e-caritas-lancam-campanha-sos-africa\/#breadcrumb"},"inLanguage":"pt-BR","potentialAction":[{"@type":"ReadAction","target":["https:\/\/www.oarcanjo.net\/site\/cnbb-e-caritas-lancam-campanha-sos-africa\/"]}]},{"@type":"BreadcrumbList","@id":"https:\/\/www.oarcanjo.net\/site\/cnbb-e-caritas-lancam-campanha-sos-africa\/#breadcrumb","itemListElement":[{"@type":"ListItem","position":1,"name":"In\u00edcio","item":"https:\/\/www.oarcanjo.net\/site\/"},{"@type":"ListItem","position":2,"name":"CNBB e C\u00e1ritas lan\u00e7am campanha SOS \u00c1frica"}]},{"@type":"WebSite","@id":"https:\/\/www.oarcanjo.net\/site\/#website","url":"https:\/\/www.oarcanjo.net\/site\/","name":"O Arcanjo no ar","description":"Site da Par\u00f3quia S\u00e3o Miguel Arcanjo (Arquidiocese de SP)","publisher":{"@id":"https:\/\/www.oarcanjo.net\/site\/#organization"},"potentialAction":[{"@type":"SearchAction","target":{"@type":"EntryPoint","urlTemplate":"https:\/\/www.oarcanjo.net\/site\/?s={search_term_string}"},"query-input":{"@type":"PropertyValueSpecification","valueRequired":true,"valueName":"search_term_string"}}],"inLanguage":"pt-BR"},{"@type":"Organization","@id":"https:\/\/www.oarcanjo.net\/site\/#organization","name":"Par\u00f3quia S\u00e3o Miguel Arcanjo","url":"https:\/\/www.oarcanjo.net\/site\/","logo":{"@type":"ImageObject","inLanguage":"pt-BR","@id":"https:\/\/www.oarcanjo.net\/site\/#\/schema\/logo\/image\/","url":"https:\/\/www.oarcanjo.net\/site\/wp-content\/uploads\/LogoOArcanjo.png","contentUrl":"https:\/\/www.oarcanjo.net\/site\/wp-content\/uploads\/LogoOArcanjo.png","width":319,"height":99,"caption":"Par\u00f3quia S\u00e3o Miguel Arcanjo"},"image":{"@id":"https:\/\/www.oarcanjo.net\/site\/#\/schema\/logo\/image\/"},"sameAs":["https:\/\/www.facebook.com\/OArcanjoNoAr\/"]},{"@type":"Person","@id":"https:\/\/www.oarcanjo.net\/site\/#\/schema\/person\/f7024d007863202483a31326673a0838","name":"editor","sameAs":["http:\/\/www.oarcanjo.net"]}]}},"publishpress_future_action":{"enabled":false,"date":"2026-05-09 07:24:31","action":"category","newStatus":"draft","terms":[],"taxonomy":"category"},"publishpress_future_workflow_manual_trigger":{"enabledWorkflows":[]},"_links":{"self":[{"href":"https:\/\/www.oarcanjo.net\/site\/wp-json\/wp\/v2\/posts\/15499"}],"collection":[{"href":"https:\/\/www.oarcanjo.net\/site\/wp-json\/wp\/v2\/posts"}],"about":[{"href":"https:\/\/www.oarcanjo.net\/site\/wp-json\/wp\/v2\/types\/post"}],"author":[{"embeddable":true,"href":"https:\/\/www.oarcanjo.net\/site\/wp-json\/wp\/v2\/users\/5"}],"replies":[{"embeddable":true,"href":"https:\/\/www.oarcanjo.net\/site\/wp-json\/wp\/v2\/comments?post=15499"}],"version-history":[{"count":0,"href":"https:\/\/www.oarcanjo.net\/site\/wp-json\/wp\/v2\/posts\/15499\/revisions"}],"wp:attachment":[{"href":"https:\/\/www.oarcanjo.net\/site\/wp-json\/wp\/v2\/media?parent=15499"}],"wp:term":[{"taxonomy":"category","embeddable":true,"href":"https:\/\/www.oarcanjo.net\/site\/wp-json\/wp\/v2\/categories?post=15499"},{"taxonomy":"post_tag","embeddable":true,"href":"https:\/\/www.oarcanjo.net\/site\/wp-json\/wp\/v2\/tags?post=15499"}],"curies":[{"name":"wp","href":"https:\/\/api.w.org\/{rel}","templated":true}]}}