
{"id":15526,"date":"2011-08-27T08:30:34","date_gmt":"2011-08-27T11:30:34","guid":{"rendered":"http:\/\/www.oarcanjo.net\/site\/?p=15526"},"modified":"2011-08-27T12:38:09","modified_gmt":"2011-08-27T15:38:09","slug":"querido-dom-luciano","status":"publish","type":"post","link":"https:\/\/www.oarcanjo.net\/site\/querido-dom-luciano\/","title":{"rendered":"Querido Dom Luciano"},"content":{"rendered":"<p>Pe. Alfredo J. Gon\u00e7alves<\/p>\n<p>Amigo e companheiro, pastor e profeta,<br \/>\ntalvez o sil\u00eancio, respeitoso e reverente,<br \/>\nseja a homenagem mais apropriada<br \/>\npara relembrar a tua presen\u00e7a t\u00e3o querida entre n\u00f3s<br \/>\ne para celebrar a tua partida para a Casa do Pai.<br \/>\nS\u00f3 ele, o sil\u00eancio respeitoso e reverente,<br \/>\nser\u00e1 capaz de expressar, ao mesmo tempo,<br \/>\ntua energia prof\u00e9tica e tua doce ternura.<br \/>\nSinto que as palavras, quaisquer palavras,<br \/>\nest\u00e3o muito aqu\u00e9m desse mist\u00e9rio<br \/>\nque \u00e9 o dom de tua voca\u00e7\u00e3o e tua entrega;<br \/>\nnoto que elas, as palavras, quaisquer palavras,<br \/>\nmais escondem do que revelam<br \/>\na for\u00e7a incontida de tua a\u00e7\u00e3o mission\u00e1ria.<\/p>\n<p>Como descrever esse cora\u00e7\u00e3o paterno e materno,<br \/>\nem que todos se sentiam em sua pr\u00f3pria casa?<br \/>\nComo falar desse olhar alegre, vivo e atento<br \/>\nreflexo de uma alma onde a paz encontrou morada?<br \/>\nComo fazer justi\u00e7a a esse sorriso af\u00e1vel e aberto,<br \/>\nque a nada e a ningu\u00e9m deixava do lado de fora?<br \/>\nQue dizer dessa intelig\u00eancia arguta e l\u00facida,<br \/>\nluz viva em meio \u00e0 escurid\u00e3o de nosso tempo?<br \/>\nDe que forma traduzir a habilidade dessas m\u00e3os incans\u00e1veis,<br \/>\ncapazes de transfigurar o que tocavam e acariciavam?<br \/>\nCom que cores pintar essa imagem simples e profunda<br \/>\nque a exemplo do Mestre \u201cpassou pelo mundo fazendo o bem\u201d?<\/p>\n<p>As palavras, quaisquer palavras, s\u00e3o pequenas diante de tua grandeza,<br \/>\nn\u00e3o d\u00e3o conta de explicar os segredos ocultos de tua sabedoria.<br \/>\nHomem de Deus, homem da Igreja, homem do Mundo,<br \/>\npastor e pai dos pobres, dos pequenos, dos indefesos;<br \/>\namigo e companheiro de todas as vidas amea\u00e7adas,<br \/>\nvoz prof\u00e9tica dos silenciados de todos os tempos<br \/>\npresen\u00e7a fiel ao lado das v\u00edtimas da hist\u00f3ria.<\/p>\n<p>Mesmo assim, n\u00e3o resisto \u00e0 vontade de dizer-te \u201cadeus\u201d!<br \/>\ne a todos dizer que partes, mas ficas para sempre entre n\u00f3s:<br \/>\na \u201cCasa do Pai\u201d \u00e9 tua morada definitiva e eterna,<br \/>\nporque a ela encaminhaste tantos os cora\u00e7\u00f5es que se haviam perdido;<br \/>\nmas nenhum vento ou tempestade poder\u00e1 jamais apagar<br \/>\nas pegadas de teus passos na face desta terra que tanto amaste;<br \/>\ntua mem\u00f3ria ser\u00e1 luz e m nossos caminhos,<br \/>\ncomo o foram teu testemunho, tuas obras e tuas palavras.<\/p>\n<p>N\u00e3o, as palavras n\u00e3o alcan\u00e7am tudo o que quero dizer,<br \/>\nmal conseguem esbo\u00e7ar os contornos de tua imagem!<br \/>\nPor isso volto ao sil\u00eancio respeitoso e reverente.<\/p>\n<div id=\"themify_builder_content-15526\" data-postid=\"15526\" class=\"themify_builder_content themify_builder_content-15526 themify_builder themify_builder_front\">\n\t<\/div>\n<!-- \/themify_builder_content -->","protected":false},"excerpt":{"rendered":"<p>Homenagem do Pe. Alfredo J. Gon\u00e7alves a Dom Luciano Mendes de Almeida. Texto produzido h\u00e1 5 anos<\/p>\n","protected":false},"author":5,"featured_media":0,"comment_status":"open","ping_status":"open","sticky":false,"template":"","format":"standard","meta":{"ngg_post_thumbnail":0,"footnotes":""},"categories":[1027],"tags":[393,84,473],"yoast_head":"<!-- This site is optimized with the Yoast SEO plugin v23.5 - https:\/\/yoast.com\/wordpress\/plugins\/seo\/ -->\n<title>Querido Dom Luciano - O Arcanjo no ar<\/title>\n<meta name=\"robots\" content=\"index, follow, max-snippet:-1, max-image-preview:large, max-video-preview:-1\" \/>\n<link rel=\"canonical\" href=\"https:\/\/www.oarcanjo.net\/site\/querido-dom-luciano\/\" \/>\n<meta property=\"og:locale\" content=\"pt_BR\" \/>\n<meta property=\"og:type\" content=\"article\" \/>\n<meta property=\"og:title\" content=\"Querido Dom Luciano - O Arcanjo no ar\" \/>\n<meta property=\"og:description\" content=\"Homenagem do Pe. Alfredo J. Gon\u00e7alves a Dom Luciano Mendes de Almeida. Texto produzido h\u00e1 5 anos\" \/>\n<meta property=\"og:url\" content=\"https:\/\/www.oarcanjo.net\/site\/querido-dom-luciano\/\" \/>\n<meta property=\"og:site_name\" content=\"O Arcanjo no ar\" \/>\n<meta property=\"article:publisher\" content=\"https:\/\/www.facebook.com\/OArcanjoNoAr\/\" \/>\n<meta property=\"article:published_time\" content=\"2011-08-27T11:30:34+00:00\" \/>\n<meta property=\"article:modified_time\" content=\"2011-08-27T15:38:09+00:00\" \/>\n<meta property=\"og:image\" content=\"https:\/\/www.oarcanjo.net\/site\/wp-content\/uploads\/logo-o-arcanjo-no-ar-facebook.png\" \/>\n\t<meta property=\"og:image:width\" content=\"300\" \/>\n\t<meta property=\"og:image:height\" content=\"300\" \/>\n\t<meta property=\"og:image:type\" content=\"image\/png\" \/>\n<meta name=\"author\" content=\"editor\" \/>\n<meta name=\"twitter:card\" content=\"summary_large_image\" \/>\n<meta name=\"twitter:label1\" content=\"Escrito por\" \/>\n\t<meta name=\"twitter:data1\" content=\"editor\" \/>\n\t<meta name=\"twitter:label2\" content=\"Est. tempo de leitura\" \/>\n\t<meta name=\"twitter:data2\" content=\"2 minutos\" \/>\n<script type=\"application\/ld+json\" class=\"yoast-schema-graph\">{\"@context\":\"https:\/\/schema.org\",\"@graph\":[{\"@type\":\"Article\",\"@id\":\"https:\/\/www.oarcanjo.net\/site\/querido-dom-luciano\/#article\",\"isPartOf\":{\"@id\":\"https:\/\/www.oarcanjo.net\/site\/querido-dom-luciano\/\"},\"author\":{\"name\":\"editor\",\"@id\":\"https:\/\/www.oarcanjo.net\/site\/#\/schema\/person\/f7024d007863202483a31326673a0838\"},\"headline\":\"Querido Dom Luciano\",\"datePublished\":\"2011-08-27T11:30:34+00:00\",\"dateModified\":\"2011-08-27T15:38:09+00:00\",\"mainEntityOfPage\":{\"@id\":\"https:\/\/www.oarcanjo.net\/site\/querido-dom-luciano\/\"},\"wordCount\":417,\"commentCount\":0,\"publisher\":{\"@id\":\"https:\/\/www.oarcanjo.net\/site\/#organization\"},\"keywords\":[\"Dom Luciano Mendes de Almeida\",\"homenagem\",\"testemunho\"],\"articleSection\":[\"D. Luciano Mendes de Almeida\"],\"inLanguage\":\"pt-BR\",\"potentialAction\":[{\"@type\":\"CommentAction\",\"name\":\"Comment\",\"target\":[\"https:\/\/www.oarcanjo.net\/site\/querido-dom-luciano\/#respond\"]}]},{\"@type\":\"WebPage\",\"@id\":\"https:\/\/www.oarcanjo.net\/site\/querido-dom-luciano\/\",\"url\":\"https:\/\/www.oarcanjo.net\/site\/querido-dom-luciano\/\",\"name\":\"Querido Dom Luciano - O Arcanjo no ar\",\"isPartOf\":{\"@id\":\"https:\/\/www.oarcanjo.net\/site\/#website\"},\"datePublished\":\"2011-08-27T11:30:34+00:00\",\"dateModified\":\"2011-08-27T15:38:09+00:00\",\"breadcrumb\":{\"@id\":\"https:\/\/www.oarcanjo.net\/site\/querido-dom-luciano\/#breadcrumb\"},\"inLanguage\":\"pt-BR\",\"potentialAction\":[{\"@type\":\"ReadAction\",\"target\":[\"https:\/\/www.oarcanjo.net\/site\/querido-dom-luciano\/\"]}]},{\"@type\":\"BreadcrumbList\",\"@id\":\"https:\/\/www.oarcanjo.net\/site\/querido-dom-luciano\/#breadcrumb\",\"itemListElement\":[{\"@type\":\"ListItem\",\"position\":1,\"name\":\"In\u00edcio\",\"item\":\"https:\/\/www.oarcanjo.net\/site\/\"},{\"@type\":\"ListItem\",\"position\":2,\"name\":\"Querido Dom Luciano\"}]},{\"@type\":\"WebSite\",\"@id\":\"https:\/\/www.oarcanjo.net\/site\/#website\",\"url\":\"https:\/\/www.oarcanjo.net\/site\/\",\"name\":\"O Arcanjo no ar\",\"description\":\"Site da Par\u00f3quia S\u00e3o Miguel Arcanjo (Arquidiocese de SP)\",\"publisher\":{\"@id\":\"https:\/\/www.oarcanjo.net\/site\/#organization\"},\"potentialAction\":[{\"@type\":\"SearchAction\",\"target\":{\"@type\":\"EntryPoint\",\"urlTemplate\":\"https:\/\/www.oarcanjo.net\/site\/?s={search_term_string}\"},\"query-input\":{\"@type\":\"PropertyValueSpecification\",\"valueRequired\":true,\"valueName\":\"search_term_string\"}}],\"inLanguage\":\"pt-BR\"},{\"@type\":\"Organization\",\"@id\":\"https:\/\/www.oarcanjo.net\/site\/#organization\",\"name\":\"Par\u00f3quia S\u00e3o Miguel Arcanjo\",\"url\":\"https:\/\/www.oarcanjo.net\/site\/\",\"logo\":{\"@type\":\"ImageObject\",\"inLanguage\":\"pt-BR\",\"@id\":\"https:\/\/www.oarcanjo.net\/site\/#\/schema\/logo\/image\/\",\"url\":\"https:\/\/www.oarcanjo.net\/site\/wp-content\/uploads\/LogoOArcanjo.png\",\"contentUrl\":\"https:\/\/www.oarcanjo.net\/site\/wp-content\/uploads\/LogoOArcanjo.png\",\"width\":319,\"height\":99,\"caption\":\"Par\u00f3quia S\u00e3o Miguel Arcanjo\"},\"image\":{\"@id\":\"https:\/\/www.oarcanjo.net\/site\/#\/schema\/logo\/image\/\"},\"sameAs\":[\"https:\/\/www.facebook.com\/OArcanjoNoAr\/\"]},{\"@type\":\"Person\",\"@id\":\"https:\/\/www.oarcanjo.net\/site\/#\/schema\/person\/f7024d007863202483a31326673a0838\",\"name\":\"editor\",\"sameAs\":[\"http:\/\/www.oarcanjo.net\"]}]}<\/script>\n<!-- \/ Yoast SEO plugin. -->","yoast_head_json":{"title":"Querido Dom Luciano - O Arcanjo no ar","robots":{"index":"index","follow":"follow","max-snippet":"max-snippet:-1","max-image-preview":"max-image-preview:large","max-video-preview":"max-video-preview:-1"},"canonical":"https:\/\/www.oarcanjo.net\/site\/querido-dom-luciano\/","og_locale":"pt_BR","og_type":"article","og_title":"Querido Dom Luciano - O Arcanjo no ar","og_description":"Homenagem do Pe. Alfredo J. Gon\u00e7alves a Dom Luciano Mendes de Almeida. Texto produzido h\u00e1 5 anos","og_url":"https:\/\/www.oarcanjo.net\/site\/querido-dom-luciano\/","og_site_name":"O Arcanjo no ar","article_publisher":"https:\/\/www.facebook.com\/OArcanjoNoAr\/","article_published_time":"2011-08-27T11:30:34+00:00","article_modified_time":"2011-08-27T15:38:09+00:00","og_image":[{"width":300,"height":300,"url":"https:\/\/www.oarcanjo.net\/site\/wp-content\/uploads\/logo-o-arcanjo-no-ar-facebook.png","type":"image\/png"}],"author":"editor","twitter_card":"summary_large_image","twitter_misc":{"Escrito por":"editor","Est. tempo de leitura":"2 minutos"},"schema":{"@context":"https:\/\/schema.org","@graph":[{"@type":"Article","@id":"https:\/\/www.oarcanjo.net\/site\/querido-dom-luciano\/#article","isPartOf":{"@id":"https:\/\/www.oarcanjo.net\/site\/querido-dom-luciano\/"},"author":{"name":"editor","@id":"https:\/\/www.oarcanjo.net\/site\/#\/schema\/person\/f7024d007863202483a31326673a0838"},"headline":"Querido Dom Luciano","datePublished":"2011-08-27T11:30:34+00:00","dateModified":"2011-08-27T15:38:09+00:00","mainEntityOfPage":{"@id":"https:\/\/www.oarcanjo.net\/site\/querido-dom-luciano\/"},"wordCount":417,"commentCount":0,"publisher":{"@id":"https:\/\/www.oarcanjo.net\/site\/#organization"},"keywords":["Dom Luciano Mendes de Almeida","homenagem","testemunho"],"articleSection":["D. Luciano Mendes de Almeida"],"inLanguage":"pt-BR","potentialAction":[{"@type":"CommentAction","name":"Comment","target":["https:\/\/www.oarcanjo.net\/site\/querido-dom-luciano\/#respond"]}]},{"@type":"WebPage","@id":"https:\/\/www.oarcanjo.net\/site\/querido-dom-luciano\/","url":"https:\/\/www.oarcanjo.net\/site\/querido-dom-luciano\/","name":"Querido Dom Luciano - O Arcanjo no ar","isPartOf":{"@id":"https:\/\/www.oarcanjo.net\/site\/#website"},"datePublished":"2011-08-27T11:30:34+00:00","dateModified":"2011-08-27T15:38:09+00:00","breadcrumb":{"@id":"https:\/\/www.oarcanjo.net\/site\/querido-dom-luciano\/#breadcrumb"},"inLanguage":"pt-BR","potentialAction":[{"@type":"ReadAction","target":["https:\/\/www.oarcanjo.net\/site\/querido-dom-luciano\/"]}]},{"@type":"BreadcrumbList","@id":"https:\/\/www.oarcanjo.net\/site\/querido-dom-luciano\/#breadcrumb","itemListElement":[{"@type":"ListItem","position":1,"name":"In\u00edcio","item":"https:\/\/www.oarcanjo.net\/site\/"},{"@type":"ListItem","position":2,"name":"Querido Dom Luciano"}]},{"@type":"WebSite","@id":"https:\/\/www.oarcanjo.net\/site\/#website","url":"https:\/\/www.oarcanjo.net\/site\/","name":"O Arcanjo no ar","description":"Site da Par\u00f3quia S\u00e3o Miguel Arcanjo (Arquidiocese de SP)","publisher":{"@id":"https:\/\/www.oarcanjo.net\/site\/#organization"},"potentialAction":[{"@type":"SearchAction","target":{"@type":"EntryPoint","urlTemplate":"https:\/\/www.oarcanjo.net\/site\/?s={search_term_string}"},"query-input":{"@type":"PropertyValueSpecification","valueRequired":true,"valueName":"search_term_string"}}],"inLanguage":"pt-BR"},{"@type":"Organization","@id":"https:\/\/www.oarcanjo.net\/site\/#organization","name":"Par\u00f3quia S\u00e3o Miguel Arcanjo","url":"https:\/\/www.oarcanjo.net\/site\/","logo":{"@type":"ImageObject","inLanguage":"pt-BR","@id":"https:\/\/www.oarcanjo.net\/site\/#\/schema\/logo\/image\/","url":"https:\/\/www.oarcanjo.net\/site\/wp-content\/uploads\/LogoOArcanjo.png","contentUrl":"https:\/\/www.oarcanjo.net\/site\/wp-content\/uploads\/LogoOArcanjo.png","width":319,"height":99,"caption":"Par\u00f3quia S\u00e3o Miguel Arcanjo"},"image":{"@id":"https:\/\/www.oarcanjo.net\/site\/#\/schema\/logo\/image\/"},"sameAs":["https:\/\/www.facebook.com\/OArcanjoNoAr\/"]},{"@type":"Person","@id":"https:\/\/www.oarcanjo.net\/site\/#\/schema\/person\/f7024d007863202483a31326673a0838","name":"editor","sameAs":["http:\/\/www.oarcanjo.net"]}]}},"publishpress_future_action":{"enabled":false,"date":"2026-05-08 10:23:07","action":"category","newStatus":"draft","terms":[],"taxonomy":"category"},"publishpress_future_workflow_manual_trigger":{"enabledWorkflows":[]},"_links":{"self":[{"href":"https:\/\/www.oarcanjo.net\/site\/wp-json\/wp\/v2\/posts\/15526"}],"collection":[{"href":"https:\/\/www.oarcanjo.net\/site\/wp-json\/wp\/v2\/posts"}],"about":[{"href":"https:\/\/www.oarcanjo.net\/site\/wp-json\/wp\/v2\/types\/post"}],"author":[{"embeddable":true,"href":"https:\/\/www.oarcanjo.net\/site\/wp-json\/wp\/v2\/users\/5"}],"replies":[{"embeddable":true,"href":"https:\/\/www.oarcanjo.net\/site\/wp-json\/wp\/v2\/comments?post=15526"}],"version-history":[{"count":0,"href":"https:\/\/www.oarcanjo.net\/site\/wp-json\/wp\/v2\/posts\/15526\/revisions"}],"wp:attachment":[{"href":"https:\/\/www.oarcanjo.net\/site\/wp-json\/wp\/v2\/media?parent=15526"}],"wp:term":[{"taxonomy":"category","embeddable":true,"href":"https:\/\/www.oarcanjo.net\/site\/wp-json\/wp\/v2\/categories?post=15526"},{"taxonomy":"post_tag","embeddable":true,"href":"https:\/\/www.oarcanjo.net\/site\/wp-json\/wp\/v2\/tags?post=15526"}],"curies":[{"name":"wp","href":"https:\/\/api.w.org\/{rel}","templated":true}]}}