
{"id":15543,"date":"2011-08-28T18:54:08","date_gmt":"2011-08-28T21:54:08","guid":{"rendered":"http:\/\/www.oarcanjo.net\/site\/?p=15543"},"modified":"2011-08-31T00:26:18","modified_gmt":"2011-08-31T03:26:18","slug":"sao-paulo-homenageia-dom-luciano-em-novo-viaduto","status":"publish","type":"post","link":"https:\/\/www.oarcanjo.net\/site\/sao-paulo-homenageia-dom-luciano-em-novo-viaduto\/","title":{"rendered":"S\u00e3o Paulo homenageia Dom Luciano em novo viaduto"},"content":{"rendered":"ngg_shortcode_0_placeholder\n<p><em>Fotos: Wanderley Oliveira<\/em><\/p>\n<p>A cidade de S\u00e3o Paulo ganhou no domingo, 28\/08, um viaduto estaiado sobre a avenida Salim Farah Maluf, ligando os bairros do Belenzinho ao Tatuap\u00e9. A obra foi batizada com o nome de Dom Luciano Mendes de Almeida, bispo da Regi\u00e3o Bel\u00e9m entre 1976 e 1988, depois transferido para a Arquidiocese de Mariana, em Minas Gerais.<\/p>\n<p>A cerim\u00f4nia de inaugura\u00e7\u00e3o contou com a anima\u00e7\u00e3o da equipe do Arsenal da Esperan\u00e7a e a participa\u00e7\u00e3o de diversas autoridades, do prefeito Gilberto Kassab, da vice-prefeita Alda Marcoantonio, do cardeal arcebispo de S\u00e3o Paulo, D. Odilo Scherer, do Pe. Julio Lancellotti, idealizador da homenagem, e do irm\u00e3o mais velho de D. Luciano, C\u00e2ndido Mendes.<\/p>\n<p>Ele contou que ao completar os 5 anos de falecimento de D.Luciano, teve in\u00edcio oficialmente o processo de beatifica\u00e7\u00e3o daquele que ficou conhecido como &#8220;irm\u00e3o do outro&#8221;.<\/p>\n<p>httpv:\/\/www.youtube.com\/watch?v=iglktfTbx-o<\/p>\n<div id=\"themify_builder_content-15543\" data-postid=\"15543\" class=\"themify_builder_content themify_builder_content-15543 themify_builder themify_builder_front\">\n\t<\/div>\n<!-- \/themify_builder_content -->","protected":false},"excerpt":{"rendered":"<p>Fotos: Wanderley Oliveira A cidade de S\u00e3o Paulo ganhou no domingo, 28\/08, um viaduto estaiado sobre a avenida Salim Farah Maluf, ligando os bairros do Belenzinho ao Tatuap\u00e9. A obra foi batizada com o nome de Dom Luciano Mendes de Almeida, bispo da Regi\u00e3o Bel\u00e9m entre 1976 e 1988, depois transferido para a Arquidiocese de [&hellip;]<\/p>\n","protected":false},"author":5,"featured_media":0,"comment_status":"open","ping_status":"open","sticky":false,"template":"","format":"standard","meta":{"ngg_post_thumbnail":0,"footnotes":""},"categories":[3,8,280],"tags":[],"yoast_head":"<!-- This site is optimized with the Yoast SEO plugin v23.5 - https:\/\/yoast.com\/wordpress\/plugins\/seo\/ -->\n<title>S\u00e3o Paulo homenageia Dom Luciano em novo viaduto - O Arcanjo no ar<\/title>\n<meta name=\"robots\" content=\"index, follow, max-snippet:-1, max-image-preview:large, max-video-preview:-1\" \/>\n<link rel=\"canonical\" href=\"https:\/\/www.oarcanjo.net\/site\/sao-paulo-homenageia-dom-luciano-em-novo-viaduto\/\" \/>\n<meta property=\"og:locale\" content=\"pt_BR\" \/>\n<meta property=\"og:type\" content=\"article\" \/>\n<meta property=\"og:title\" content=\"S\u00e3o Paulo homenageia Dom Luciano em novo viaduto - O Arcanjo no ar\" \/>\n<meta property=\"og:description\" content=\"Fotos: Wanderley Oliveira A cidade de S\u00e3o Paulo ganhou no domingo, 28\/08, um viaduto estaiado sobre a avenida Salim Farah Maluf, ligando os bairros do Belenzinho ao Tatuap\u00e9. A obra foi batizada com o nome de Dom Luciano Mendes de Almeida, bispo da Regi\u00e3o Bel\u00e9m entre 1976 e 1988, depois transferido para a Arquidiocese de [&hellip;]\" \/>\n<meta property=\"og:url\" content=\"https:\/\/www.oarcanjo.net\/site\/sao-paulo-homenageia-dom-luciano-em-novo-viaduto\/\" \/>\n<meta property=\"og:site_name\" content=\"O Arcanjo no ar\" \/>\n<meta property=\"article:publisher\" content=\"https:\/\/www.facebook.com\/OArcanjoNoAr\/\" \/>\n<meta property=\"article:published_time\" content=\"2011-08-28T21:54:08+00:00\" \/>\n<meta property=\"article:modified_time\" content=\"2011-08-31T03:26:18+00:00\" \/>\n<meta property=\"og:image\" content=\"https:\/\/www.oarcanjo.net\/site\/wp-content\/uploads\/logo-o-arcanjo-no-ar-facebook.png\" \/>\n\t<meta property=\"og:image:width\" content=\"300\" \/>\n\t<meta property=\"og:image:height\" content=\"300\" \/>\n\t<meta property=\"og:image:type\" content=\"image\/png\" \/>\n<meta name=\"author\" content=\"editor\" \/>\n<meta name=\"twitter:card\" content=\"summary_large_image\" \/>\n<meta name=\"twitter:label1\" content=\"Escrito por\" \/>\n\t<meta name=\"twitter:data1\" content=\"editor\" \/>\n\t<meta name=\"twitter:label2\" content=\"Est. tempo de leitura\" \/>\n\t<meta name=\"twitter:data2\" content=\"1 minuto\" \/>\n<script type=\"application\/ld+json\" class=\"yoast-schema-graph\">{\"@context\":\"https:\/\/schema.org\",\"@graph\":[{\"@type\":\"Article\",\"@id\":\"https:\/\/www.oarcanjo.net\/site\/sao-paulo-homenageia-dom-luciano-em-novo-viaduto\/#article\",\"isPartOf\":{\"@id\":\"https:\/\/www.oarcanjo.net\/site\/sao-paulo-homenageia-dom-luciano-em-novo-viaduto\/\"},\"author\":{\"name\":\"editor\",\"@id\":\"https:\/\/www.oarcanjo.net\/site\/#\/schema\/person\/f7024d007863202483a31326673a0838\"},\"headline\":\"S\u00e3o Paulo homenageia Dom Luciano em novo viaduto\",\"datePublished\":\"2011-08-28T21:54:08+00:00\",\"dateModified\":\"2011-08-31T03:26:18+00:00\",\"mainEntityOfPage\":{\"@id\":\"https:\/\/www.oarcanjo.net\/site\/sao-paulo-homenageia-dom-luciano-em-novo-viaduto\/\"},\"wordCount\":169,\"commentCount\":4,\"publisher\":{\"@id\":\"https:\/\/www.oarcanjo.net\/site\/#organization\"},\"articleSection\":[\"Destaques\",\"Not\u00edcias\",\"V\u00eddeos\"],\"inLanguage\":\"pt-BR\",\"potentialAction\":[{\"@type\":\"CommentAction\",\"name\":\"Comment\",\"target\":[\"https:\/\/www.oarcanjo.net\/site\/sao-paulo-homenageia-dom-luciano-em-novo-viaduto\/#respond\"]}]},{\"@type\":\"WebPage\",\"@id\":\"https:\/\/www.oarcanjo.net\/site\/sao-paulo-homenageia-dom-luciano-em-novo-viaduto\/\",\"url\":\"https:\/\/www.oarcanjo.net\/site\/sao-paulo-homenageia-dom-luciano-em-novo-viaduto\/\",\"name\":\"S\u00e3o Paulo homenageia Dom Luciano em novo viaduto - O Arcanjo no ar\",\"isPartOf\":{\"@id\":\"https:\/\/www.oarcanjo.net\/site\/#website\"},\"datePublished\":\"2011-08-28T21:54:08+00:00\",\"dateModified\":\"2011-08-31T03:26:18+00:00\",\"breadcrumb\":{\"@id\":\"https:\/\/www.oarcanjo.net\/site\/sao-paulo-homenageia-dom-luciano-em-novo-viaduto\/#breadcrumb\"},\"inLanguage\":\"pt-BR\",\"potentialAction\":[{\"@type\":\"ReadAction\",\"target\":[\"https:\/\/www.oarcanjo.net\/site\/sao-paulo-homenageia-dom-luciano-em-novo-viaduto\/\"]}]},{\"@type\":\"BreadcrumbList\",\"@id\":\"https:\/\/www.oarcanjo.net\/site\/sao-paulo-homenageia-dom-luciano-em-novo-viaduto\/#breadcrumb\",\"itemListElement\":[{\"@type\":\"ListItem\",\"position\":1,\"name\":\"In\u00edcio\",\"item\":\"https:\/\/www.oarcanjo.net\/site\/\"},{\"@type\":\"ListItem\",\"position\":2,\"name\":\"S\u00e3o Paulo homenageia Dom Luciano em novo viaduto\"}]},{\"@type\":\"WebSite\",\"@id\":\"https:\/\/www.oarcanjo.net\/site\/#website\",\"url\":\"https:\/\/www.oarcanjo.net\/site\/\",\"name\":\"O Arcanjo no ar\",\"description\":\"Site da Par\u00f3quia S\u00e3o Miguel Arcanjo (Arquidiocese de SP)\",\"publisher\":{\"@id\":\"https:\/\/www.oarcanjo.net\/site\/#organization\"},\"potentialAction\":[{\"@type\":\"SearchAction\",\"target\":{\"@type\":\"EntryPoint\",\"urlTemplate\":\"https:\/\/www.oarcanjo.net\/site\/?s={search_term_string}\"},\"query-input\":{\"@type\":\"PropertyValueSpecification\",\"valueRequired\":true,\"valueName\":\"search_term_string\"}}],\"inLanguage\":\"pt-BR\"},{\"@type\":\"Organization\",\"@id\":\"https:\/\/www.oarcanjo.net\/site\/#organization\",\"name\":\"Par\u00f3quia S\u00e3o Miguel Arcanjo\",\"url\":\"https:\/\/www.oarcanjo.net\/site\/\",\"logo\":{\"@type\":\"ImageObject\",\"inLanguage\":\"pt-BR\",\"@id\":\"https:\/\/www.oarcanjo.net\/site\/#\/schema\/logo\/image\/\",\"url\":\"https:\/\/www.oarcanjo.net\/site\/wp-content\/uploads\/LogoOArcanjo.png\",\"contentUrl\":\"https:\/\/www.oarcanjo.net\/site\/wp-content\/uploads\/LogoOArcanjo.png\",\"width\":319,\"height\":99,\"caption\":\"Par\u00f3quia S\u00e3o Miguel Arcanjo\"},\"image\":{\"@id\":\"https:\/\/www.oarcanjo.net\/site\/#\/schema\/logo\/image\/\"},\"sameAs\":[\"https:\/\/www.facebook.com\/OArcanjoNoAr\/\"]},{\"@type\":\"Person\",\"@id\":\"https:\/\/www.oarcanjo.net\/site\/#\/schema\/person\/f7024d007863202483a31326673a0838\",\"name\":\"editor\",\"sameAs\":[\"http:\/\/www.oarcanjo.net\"]}]}<\/script>\n<!-- \/ Yoast SEO plugin. -->","yoast_head_json":{"title":"S\u00e3o Paulo homenageia Dom Luciano em novo viaduto - O Arcanjo no ar","robots":{"index":"index","follow":"follow","max-snippet":"max-snippet:-1","max-image-preview":"max-image-preview:large","max-video-preview":"max-video-preview:-1"},"canonical":"https:\/\/www.oarcanjo.net\/site\/sao-paulo-homenageia-dom-luciano-em-novo-viaduto\/","og_locale":"pt_BR","og_type":"article","og_title":"S\u00e3o Paulo homenageia Dom Luciano em novo viaduto - O Arcanjo no ar","og_description":"Fotos: Wanderley Oliveira A cidade de S\u00e3o Paulo ganhou no domingo, 28\/08, um viaduto estaiado sobre a avenida Salim Farah Maluf, ligando os bairros do Belenzinho ao Tatuap\u00e9. A obra foi batizada com o nome de Dom Luciano Mendes de Almeida, bispo da Regi\u00e3o Bel\u00e9m entre 1976 e 1988, depois transferido para a Arquidiocese de [&hellip;]","og_url":"https:\/\/www.oarcanjo.net\/site\/sao-paulo-homenageia-dom-luciano-em-novo-viaduto\/","og_site_name":"O Arcanjo no ar","article_publisher":"https:\/\/www.facebook.com\/OArcanjoNoAr\/","article_published_time":"2011-08-28T21:54:08+00:00","article_modified_time":"2011-08-31T03:26:18+00:00","og_image":[{"width":300,"height":300,"url":"https:\/\/www.oarcanjo.net\/site\/wp-content\/uploads\/logo-o-arcanjo-no-ar-facebook.png","type":"image\/png"}],"author":"editor","twitter_card":"summary_large_image","twitter_misc":{"Escrito por":"editor","Est. tempo de leitura":"1 minuto"},"schema":{"@context":"https:\/\/schema.org","@graph":[{"@type":"Article","@id":"https:\/\/www.oarcanjo.net\/site\/sao-paulo-homenageia-dom-luciano-em-novo-viaduto\/#article","isPartOf":{"@id":"https:\/\/www.oarcanjo.net\/site\/sao-paulo-homenageia-dom-luciano-em-novo-viaduto\/"},"author":{"name":"editor","@id":"https:\/\/www.oarcanjo.net\/site\/#\/schema\/person\/f7024d007863202483a31326673a0838"},"headline":"S\u00e3o Paulo homenageia Dom Luciano em novo viaduto","datePublished":"2011-08-28T21:54:08+00:00","dateModified":"2011-08-31T03:26:18+00:00","mainEntityOfPage":{"@id":"https:\/\/www.oarcanjo.net\/site\/sao-paulo-homenageia-dom-luciano-em-novo-viaduto\/"},"wordCount":169,"commentCount":4,"publisher":{"@id":"https:\/\/www.oarcanjo.net\/site\/#organization"},"articleSection":["Destaques","Not\u00edcias","V\u00eddeos"],"inLanguage":"pt-BR","potentialAction":[{"@type":"CommentAction","name":"Comment","target":["https:\/\/www.oarcanjo.net\/site\/sao-paulo-homenageia-dom-luciano-em-novo-viaduto\/#respond"]}]},{"@type":"WebPage","@id":"https:\/\/www.oarcanjo.net\/site\/sao-paulo-homenageia-dom-luciano-em-novo-viaduto\/","url":"https:\/\/www.oarcanjo.net\/site\/sao-paulo-homenageia-dom-luciano-em-novo-viaduto\/","name":"S\u00e3o Paulo homenageia Dom Luciano em novo viaduto - O Arcanjo no ar","isPartOf":{"@id":"https:\/\/www.oarcanjo.net\/site\/#website"},"datePublished":"2011-08-28T21:54:08+00:00","dateModified":"2011-08-31T03:26:18+00:00","breadcrumb":{"@id":"https:\/\/www.oarcanjo.net\/site\/sao-paulo-homenageia-dom-luciano-em-novo-viaduto\/#breadcrumb"},"inLanguage":"pt-BR","potentialAction":[{"@type":"ReadAction","target":["https:\/\/www.oarcanjo.net\/site\/sao-paulo-homenageia-dom-luciano-em-novo-viaduto\/"]}]},{"@type":"BreadcrumbList","@id":"https:\/\/www.oarcanjo.net\/site\/sao-paulo-homenageia-dom-luciano-em-novo-viaduto\/#breadcrumb","itemListElement":[{"@type":"ListItem","position":1,"name":"In\u00edcio","item":"https:\/\/www.oarcanjo.net\/site\/"},{"@type":"ListItem","position":2,"name":"S\u00e3o Paulo homenageia Dom Luciano em novo viaduto"}]},{"@type":"WebSite","@id":"https:\/\/www.oarcanjo.net\/site\/#website","url":"https:\/\/www.oarcanjo.net\/site\/","name":"O Arcanjo no ar","description":"Site da Par\u00f3quia S\u00e3o Miguel Arcanjo (Arquidiocese de SP)","publisher":{"@id":"https:\/\/www.oarcanjo.net\/site\/#organization"},"potentialAction":[{"@type":"SearchAction","target":{"@type":"EntryPoint","urlTemplate":"https:\/\/www.oarcanjo.net\/site\/?s={search_term_string}"},"query-input":{"@type":"PropertyValueSpecification","valueRequired":true,"valueName":"search_term_string"}}],"inLanguage":"pt-BR"},{"@type":"Organization","@id":"https:\/\/www.oarcanjo.net\/site\/#organization","name":"Par\u00f3quia S\u00e3o Miguel Arcanjo","url":"https:\/\/www.oarcanjo.net\/site\/","logo":{"@type":"ImageObject","inLanguage":"pt-BR","@id":"https:\/\/www.oarcanjo.net\/site\/#\/schema\/logo\/image\/","url":"https:\/\/www.oarcanjo.net\/site\/wp-content\/uploads\/LogoOArcanjo.png","contentUrl":"https:\/\/www.oarcanjo.net\/site\/wp-content\/uploads\/LogoOArcanjo.png","width":319,"height":99,"caption":"Par\u00f3quia S\u00e3o Miguel Arcanjo"},"image":{"@id":"https:\/\/www.oarcanjo.net\/site\/#\/schema\/logo\/image\/"},"sameAs":["https:\/\/www.facebook.com\/OArcanjoNoAr\/"]},{"@type":"Person","@id":"https:\/\/www.oarcanjo.net\/site\/#\/schema\/person\/f7024d007863202483a31326673a0838","name":"editor","sameAs":["http:\/\/www.oarcanjo.net"]}]}},"publishpress_future_action":{"enabled":false,"date":"2026-05-09 07:23:27","action":"category","newStatus":"draft","terms":[],"taxonomy":"category"},"publishpress_future_workflow_manual_trigger":{"enabledWorkflows":[]},"_links":{"self":[{"href":"https:\/\/www.oarcanjo.net\/site\/wp-json\/wp\/v2\/posts\/15543"}],"collection":[{"href":"https:\/\/www.oarcanjo.net\/site\/wp-json\/wp\/v2\/posts"}],"about":[{"href":"https:\/\/www.oarcanjo.net\/site\/wp-json\/wp\/v2\/types\/post"}],"author":[{"embeddable":true,"href":"https:\/\/www.oarcanjo.net\/site\/wp-json\/wp\/v2\/users\/5"}],"replies":[{"embeddable":true,"href":"https:\/\/www.oarcanjo.net\/site\/wp-json\/wp\/v2\/comments?post=15543"}],"version-history":[{"count":0,"href":"https:\/\/www.oarcanjo.net\/site\/wp-json\/wp\/v2\/posts\/15543\/revisions"}],"wp:attachment":[{"href":"https:\/\/www.oarcanjo.net\/site\/wp-json\/wp\/v2\/media?parent=15543"}],"wp:term":[{"taxonomy":"category","embeddable":true,"href":"https:\/\/www.oarcanjo.net\/site\/wp-json\/wp\/v2\/categories?post=15543"},{"taxonomy":"post_tag","embeddable":true,"href":"https:\/\/www.oarcanjo.net\/site\/wp-json\/wp\/v2\/tags?post=15543"}],"curies":[{"name":"wp","href":"https:\/\/api.w.org\/{rel}","templated":true}]}}