
{"id":1555,"date":"2009-01-23T08:39:53","date_gmt":"2009-01-23T10:39:53","guid":{"rendered":"http:\/\/www.oarcanjo.net\/site\/?p=1555"},"modified":"2009-01-25T02:31:14","modified_gmt":"2009-01-25T04:31:14","slug":"paulopregador","status":"publish","type":"post","link":"https:\/\/www.oarcanjo.net\/site\/paulopregador\/","title":{"rendered":"Paulo, pregador"},"content":{"rendered":"<p>No segundo dia do Tr\u00edduo consideramos S\u00e3o Paulo como pregador. Quando Paulo chegava em uma cidade, reunia os crist\u00e3os numa casa e come\u00e7ava a pregar. Paulo \u00e9 o grande iniciador dos grupos de rua, da Igreja nas casas. Era tanto o seu entusiasmo que ele n\u00e3o se cansava de anunciar Jesus a partir de seus problemas concretos e indaga\u00e7\u00f5es do dia a dia.<\/p>\n<p>Paulo na carta aos Romanos nos diz que o mundo podia ter reconhecido Deus, pois seu eterno poder e divindade tornaram-se intelig\u00edveis desde a cria\u00e7\u00e3o. No entanto a humanidade n\u00e3o o reconheceu, pois os seus interesses sempre mantiveram a verdade prisioneira da injusti\u00e7a.<\/p>\n<p>Para Paulo a resposta de Deus em Jesus \u00e9 a entrega aceitando a loucura da Cruz. Parece insanidade mas \u00e9 loucura mais s\u00e1bia do que a sabedoria humana. A verdade e a justi\u00e7a s\u00f3 vem \u00e0 luz quando a pessoa se entrega. Mist\u00e9rio de f\u00e9, conhecimento mais nobre da raz\u00e3o!<\/p>\n<p>N\u00f3s estamos acostumados a vencer pela for\u00e7a e pelo poder, Deus pelo Amor e pela generosidade sem ter medo da fraqueza e da dor. Deus n\u00e3o invade, mas convida, n\u00e3o tem pressa, espera com amor e confia!<\/p>\n<p>Que a palavra de Paulo na carta aos Ef\u00e9sios nos alimente: Que o Pai fa\u00e7a Cristo habitar no cora\u00e7\u00e3o de voc\u00eas pela f\u00e9, enraizados e alimentados no Amor.<\/p>\n<p>S\u00e3o Paulo Ap\u00f3stolo e Pregador, rogai por n\u00f3s!<\/p>\n<div id=\"themify_builder_content-1555\" data-postid=\"1555\" class=\"themify_builder_content themify_builder_content-1555 themify_builder themify_builder_front\">\n\t<\/div>\n<!-- \/themify_builder_content -->","protected":false},"excerpt":{"rendered":"<p>No segundo dia do Tr\u00edduo consideramos S\u00e3o Paulo como pregador. Quando Paulo chegava em uma cidade, reunia os crist\u00e3os numa casa e come\u00e7ava a pregar. Paulo \u00e9 o grande iniciador dos grupos de rua, da Igreja nas casas. Era tanto o seu entusiasmo que ele n\u00e3o se cansava de anunciar Jesus a partir de seus [&hellip;]<\/p>\n","protected":false},"author":4,"featured_media":0,"comment_status":"open","ping_status":"open","sticky":false,"template":"","format":"standard","meta":{"ngg_post_thumbnail":0,"footnotes":""},"categories":[4],"tags":[198,11],"yoast_head":"<!-- This site is optimized with the Yoast SEO plugin v23.5 - https:\/\/yoast.com\/wordpress\/plugins\/seo\/ -->\n<title>Paulo, pregador - O Arcanjo no ar<\/title>\n<meta name=\"robots\" content=\"index, follow, max-snippet:-1, max-image-preview:large, max-video-preview:-1\" \/>\n<link rel=\"canonical\" href=\"https:\/\/www.oarcanjo.net\/site\/paulopregador\/\" \/>\n<meta property=\"og:locale\" content=\"pt_BR\" \/>\n<meta property=\"og:type\" content=\"article\" \/>\n<meta property=\"og:title\" content=\"Paulo, pregador - O Arcanjo no ar\" \/>\n<meta property=\"og:description\" content=\"No segundo dia do Tr\u00edduo consideramos S\u00e3o Paulo como pregador. Quando Paulo chegava em uma cidade, reunia os crist\u00e3os numa casa e come\u00e7ava a pregar. Paulo \u00e9 o grande iniciador dos grupos de rua, da Igreja nas casas. Era tanto o seu entusiasmo que ele n\u00e3o se cansava de anunciar Jesus a partir de seus [&hellip;]\" \/>\n<meta property=\"og:url\" content=\"https:\/\/www.oarcanjo.net\/site\/paulopregador\/\" \/>\n<meta property=\"og:site_name\" content=\"O Arcanjo no ar\" \/>\n<meta property=\"article:publisher\" content=\"https:\/\/www.facebook.com\/OArcanjoNoAr\/\" \/>\n<meta property=\"article:published_time\" content=\"2009-01-23T10:39:53+00:00\" \/>\n<meta property=\"article:modified_time\" content=\"2009-01-25T04:31:14+00:00\" \/>\n<meta property=\"og:image\" content=\"https:\/\/www.oarcanjo.net\/site\/wp-content\/uploads\/logo-o-arcanjo-no-ar-facebook.png\" \/>\n\t<meta property=\"og:image:width\" content=\"300\" \/>\n\t<meta property=\"og:image:height\" content=\"300\" \/>\n\t<meta property=\"og:image:type\" content=\"image\/png\" \/>\n<meta name=\"author\" content=\"julio\" \/>\n<meta name=\"twitter:card\" content=\"summary_large_image\" \/>\n<meta name=\"twitter:label1\" content=\"Escrito por\" \/>\n\t<meta name=\"twitter:data1\" content=\"julio\" \/>\n\t<meta name=\"twitter:label2\" content=\"Est. tempo de leitura\" \/>\n\t<meta name=\"twitter:data2\" content=\"1 minuto\" \/>\n<script type=\"application\/ld+json\" class=\"yoast-schema-graph\">{\"@context\":\"https:\/\/schema.org\",\"@graph\":[{\"@type\":\"Article\",\"@id\":\"https:\/\/www.oarcanjo.net\/site\/paulopregador\/#article\",\"isPartOf\":{\"@id\":\"https:\/\/www.oarcanjo.net\/site\/paulopregador\/\"},\"author\":{\"name\":\"julio\",\"@id\":\"https:\/\/www.oarcanjo.net\/site\/#\/schema\/person\/d78ea01c648c91e29c364b516767079e\"},\"headline\":\"Paulo, pregador\",\"datePublished\":\"2009-01-23T10:39:53+00:00\",\"dateModified\":\"2009-01-25T04:31:14+00:00\",\"mainEntityOfPage\":{\"@id\":\"https:\/\/www.oarcanjo.net\/site\/paulopregador\/\"},\"wordCount\":252,\"commentCount\":0,\"publisher\":{\"@id\":\"https:\/\/www.oarcanjo.net\/site\/#organization\"},\"keywords\":[\"ap\u00f3stolo\",\"S\u00e3o Paulo\"],\"articleSection\":[\"Blog\"],\"inLanguage\":\"pt-BR\",\"potentialAction\":[{\"@type\":\"CommentAction\",\"name\":\"Comment\",\"target\":[\"https:\/\/www.oarcanjo.net\/site\/paulopregador\/#respond\"]}]},{\"@type\":\"WebPage\",\"@id\":\"https:\/\/www.oarcanjo.net\/site\/paulopregador\/\",\"url\":\"https:\/\/www.oarcanjo.net\/site\/paulopregador\/\",\"name\":\"Paulo, pregador - O Arcanjo no ar\",\"isPartOf\":{\"@id\":\"https:\/\/www.oarcanjo.net\/site\/#website\"},\"datePublished\":\"2009-01-23T10:39:53+00:00\",\"dateModified\":\"2009-01-25T04:31:14+00:00\",\"breadcrumb\":{\"@id\":\"https:\/\/www.oarcanjo.net\/site\/paulopregador\/#breadcrumb\"},\"inLanguage\":\"pt-BR\",\"potentialAction\":[{\"@type\":\"ReadAction\",\"target\":[\"https:\/\/www.oarcanjo.net\/site\/paulopregador\/\"]}]},{\"@type\":\"BreadcrumbList\",\"@id\":\"https:\/\/www.oarcanjo.net\/site\/paulopregador\/#breadcrumb\",\"itemListElement\":[{\"@type\":\"ListItem\",\"position\":1,\"name\":\"In\u00edcio\",\"item\":\"https:\/\/www.oarcanjo.net\/site\/\"},{\"@type\":\"ListItem\",\"position\":2,\"name\":\"Paulo, pregador\"}]},{\"@type\":\"WebSite\",\"@id\":\"https:\/\/www.oarcanjo.net\/site\/#website\",\"url\":\"https:\/\/www.oarcanjo.net\/site\/\",\"name\":\"O Arcanjo no ar\",\"description\":\"Site da Par\u00f3quia S\u00e3o Miguel Arcanjo (Arquidiocese de SP)\",\"publisher\":{\"@id\":\"https:\/\/www.oarcanjo.net\/site\/#organization\"},\"potentialAction\":[{\"@type\":\"SearchAction\",\"target\":{\"@type\":\"EntryPoint\",\"urlTemplate\":\"https:\/\/www.oarcanjo.net\/site\/?s={search_term_string}\"},\"query-input\":{\"@type\":\"PropertyValueSpecification\",\"valueRequired\":true,\"valueName\":\"search_term_string\"}}],\"inLanguage\":\"pt-BR\"},{\"@type\":\"Organization\",\"@id\":\"https:\/\/www.oarcanjo.net\/site\/#organization\",\"name\":\"Par\u00f3quia S\u00e3o Miguel Arcanjo\",\"url\":\"https:\/\/www.oarcanjo.net\/site\/\",\"logo\":{\"@type\":\"ImageObject\",\"inLanguage\":\"pt-BR\",\"@id\":\"https:\/\/www.oarcanjo.net\/site\/#\/schema\/logo\/image\/\",\"url\":\"https:\/\/www.oarcanjo.net\/site\/wp-content\/uploads\/LogoOArcanjo.png\",\"contentUrl\":\"https:\/\/www.oarcanjo.net\/site\/wp-content\/uploads\/LogoOArcanjo.png\",\"width\":319,\"height\":99,\"caption\":\"Par\u00f3quia S\u00e3o Miguel Arcanjo\"},\"image\":{\"@id\":\"https:\/\/www.oarcanjo.net\/site\/#\/schema\/logo\/image\/\"},\"sameAs\":[\"https:\/\/www.facebook.com\/OArcanjoNoAr\/\"]},{\"@type\":\"Person\",\"@id\":\"https:\/\/www.oarcanjo.net\/site\/#\/schema\/person\/d78ea01c648c91e29c364b516767079e\",\"name\":\"julio\",\"sameAs\":[\"http:\/\/www.oarcanjo.net\"]}]}<\/script>\n<!-- \/ Yoast SEO plugin. -->","yoast_head_json":{"title":"Paulo, pregador - O Arcanjo no ar","robots":{"index":"index","follow":"follow","max-snippet":"max-snippet:-1","max-image-preview":"max-image-preview:large","max-video-preview":"max-video-preview:-1"},"canonical":"https:\/\/www.oarcanjo.net\/site\/paulopregador\/","og_locale":"pt_BR","og_type":"article","og_title":"Paulo, pregador - O Arcanjo no ar","og_description":"No segundo dia do Tr\u00edduo consideramos S\u00e3o Paulo como pregador. Quando Paulo chegava em uma cidade, reunia os crist\u00e3os numa casa e come\u00e7ava a pregar. Paulo \u00e9 o grande iniciador dos grupos de rua, da Igreja nas casas. Era tanto o seu entusiasmo que ele n\u00e3o se cansava de anunciar Jesus a partir de seus [&hellip;]","og_url":"https:\/\/www.oarcanjo.net\/site\/paulopregador\/","og_site_name":"O Arcanjo no ar","article_publisher":"https:\/\/www.facebook.com\/OArcanjoNoAr\/","article_published_time":"2009-01-23T10:39:53+00:00","article_modified_time":"2009-01-25T04:31:14+00:00","og_image":[{"width":300,"height":300,"url":"https:\/\/www.oarcanjo.net\/site\/wp-content\/uploads\/logo-o-arcanjo-no-ar-facebook.png","type":"image\/png"}],"author":"julio","twitter_card":"summary_large_image","twitter_misc":{"Escrito por":"julio","Est. tempo de leitura":"1 minuto"},"schema":{"@context":"https:\/\/schema.org","@graph":[{"@type":"Article","@id":"https:\/\/www.oarcanjo.net\/site\/paulopregador\/#article","isPartOf":{"@id":"https:\/\/www.oarcanjo.net\/site\/paulopregador\/"},"author":{"name":"julio","@id":"https:\/\/www.oarcanjo.net\/site\/#\/schema\/person\/d78ea01c648c91e29c364b516767079e"},"headline":"Paulo, pregador","datePublished":"2009-01-23T10:39:53+00:00","dateModified":"2009-01-25T04:31:14+00:00","mainEntityOfPage":{"@id":"https:\/\/www.oarcanjo.net\/site\/paulopregador\/"},"wordCount":252,"commentCount":0,"publisher":{"@id":"https:\/\/www.oarcanjo.net\/site\/#organization"},"keywords":["ap\u00f3stolo","S\u00e3o Paulo"],"articleSection":["Blog"],"inLanguage":"pt-BR","potentialAction":[{"@type":"CommentAction","name":"Comment","target":["https:\/\/www.oarcanjo.net\/site\/paulopregador\/#respond"]}]},{"@type":"WebPage","@id":"https:\/\/www.oarcanjo.net\/site\/paulopregador\/","url":"https:\/\/www.oarcanjo.net\/site\/paulopregador\/","name":"Paulo, pregador - O Arcanjo no ar","isPartOf":{"@id":"https:\/\/www.oarcanjo.net\/site\/#website"},"datePublished":"2009-01-23T10:39:53+00:00","dateModified":"2009-01-25T04:31:14+00:00","breadcrumb":{"@id":"https:\/\/www.oarcanjo.net\/site\/paulopregador\/#breadcrumb"},"inLanguage":"pt-BR","potentialAction":[{"@type":"ReadAction","target":["https:\/\/www.oarcanjo.net\/site\/paulopregador\/"]}]},{"@type":"BreadcrumbList","@id":"https:\/\/www.oarcanjo.net\/site\/paulopregador\/#breadcrumb","itemListElement":[{"@type":"ListItem","position":1,"name":"In\u00edcio","item":"https:\/\/www.oarcanjo.net\/site\/"},{"@type":"ListItem","position":2,"name":"Paulo, pregador"}]},{"@type":"WebSite","@id":"https:\/\/www.oarcanjo.net\/site\/#website","url":"https:\/\/www.oarcanjo.net\/site\/","name":"O Arcanjo no ar","description":"Site da Par\u00f3quia S\u00e3o Miguel Arcanjo (Arquidiocese de SP)","publisher":{"@id":"https:\/\/www.oarcanjo.net\/site\/#organization"},"potentialAction":[{"@type":"SearchAction","target":{"@type":"EntryPoint","urlTemplate":"https:\/\/www.oarcanjo.net\/site\/?s={search_term_string}"},"query-input":{"@type":"PropertyValueSpecification","valueRequired":true,"valueName":"search_term_string"}}],"inLanguage":"pt-BR"},{"@type":"Organization","@id":"https:\/\/www.oarcanjo.net\/site\/#organization","name":"Par\u00f3quia S\u00e3o Miguel Arcanjo","url":"https:\/\/www.oarcanjo.net\/site\/","logo":{"@type":"ImageObject","inLanguage":"pt-BR","@id":"https:\/\/www.oarcanjo.net\/site\/#\/schema\/logo\/image\/","url":"https:\/\/www.oarcanjo.net\/site\/wp-content\/uploads\/LogoOArcanjo.png","contentUrl":"https:\/\/www.oarcanjo.net\/site\/wp-content\/uploads\/LogoOArcanjo.png","width":319,"height":99,"caption":"Par\u00f3quia S\u00e3o Miguel Arcanjo"},"image":{"@id":"https:\/\/www.oarcanjo.net\/site\/#\/schema\/logo\/image\/"},"sameAs":["https:\/\/www.facebook.com\/OArcanjoNoAr\/"]},{"@type":"Person","@id":"https:\/\/www.oarcanjo.net\/site\/#\/schema\/person\/d78ea01c648c91e29c364b516767079e","name":"julio","sameAs":["http:\/\/www.oarcanjo.net"]}]}},"publishpress_future_action":{"enabled":false,"date":"2026-05-07 14:14:01","action":"category","newStatus":"draft","terms":[],"taxonomy":"category"},"publishpress_future_workflow_manual_trigger":{"enabledWorkflows":[]},"_links":{"self":[{"href":"https:\/\/www.oarcanjo.net\/site\/wp-json\/wp\/v2\/posts\/1555"}],"collection":[{"href":"https:\/\/www.oarcanjo.net\/site\/wp-json\/wp\/v2\/posts"}],"about":[{"href":"https:\/\/www.oarcanjo.net\/site\/wp-json\/wp\/v2\/types\/post"}],"author":[{"embeddable":true,"href":"https:\/\/www.oarcanjo.net\/site\/wp-json\/wp\/v2\/users\/4"}],"replies":[{"embeddable":true,"href":"https:\/\/www.oarcanjo.net\/site\/wp-json\/wp\/v2\/comments?post=1555"}],"version-history":[{"count":0,"href":"https:\/\/www.oarcanjo.net\/site\/wp-json\/wp\/v2\/posts\/1555\/revisions"}],"wp:attachment":[{"href":"https:\/\/www.oarcanjo.net\/site\/wp-json\/wp\/v2\/media?parent=1555"}],"wp:term":[{"taxonomy":"category","embeddable":true,"href":"https:\/\/www.oarcanjo.net\/site\/wp-json\/wp\/v2\/categories?post=1555"},{"taxonomy":"post_tag","embeddable":true,"href":"https:\/\/www.oarcanjo.net\/site\/wp-json\/wp\/v2\/tags?post=1555"}],"curies":[{"name":"wp","href":"https:\/\/api.w.org\/{rel}","templated":true}]}}