
{"id":15593,"date":"2011-08-31T19:46:39","date_gmt":"2011-08-31T22:46:39","guid":{"rendered":"http:\/\/www.oarcanjo.net\/site\/?p=15593"},"modified":"2011-08-31T19:46:39","modified_gmt":"2011-08-31T22:46:39","slug":"nota-de-repudio","status":"publish","type":"post","link":"https:\/\/www.oarcanjo.net\/site\/nota-de-repudio\/","title":{"rendered":"Nota de rep\u00fadio"},"content":{"rendered":"<div>\n<div id=\"_mcePaste\" style=\"text-align: justify;\">O\u00a0<strong><em>SPM &#8211; Servi\u00e7o Pastoral dos Migrantes<\/em><\/strong> vem a p\u00fablico repudiar as a\u00e7\u00f5es e o comportamento da Inditex, dona da rede internacional de confec\u00e7\u00f5es Zara, flagrada e autuada por utilizar trabalho escravo de quinze imigrantes bolivianos e peruanos, inclusive um menor de quatorze anos, em sua cadeia de produ\u00e7\u00e3o no centro da cidade de S\u00e3o Paulo. \u00a0Do mesmo modo, o SPM repudia a neglig\u00eancia do Governo do Estado de S\u00e3o Paulo que, atrav\u00e9s da Secretaria Estadual de Educa\u00e7\u00e3o, contratou a construtora Irm\u00e3os Moura, que submeteu trabalhadores migrantes nordestinos a condi\u00e7\u00f5es an\u00e1logas a de escravos na constru\u00e7\u00e3o de duas escolas nas cidades de Amparo e Hortol\u00e2ndia, interior de S\u00e3o Paulo. As a\u00e7\u00f5es da empresa Zara e da Secretaria da Educa\u00e7\u00e3o do Governo Paulista evidenciam a escalada de viola\u00e7\u00e3o dos direitos humanos por empresas multinacionais e estatais n\u00e3o apenas em \u00e1reas rurais (pecu\u00e1ria, carvoarias, monoculturas, etc.), mas tamb\u00e9m nos grandes centros urbanos atingindo, sobretudo, os trabalhadores migrantes. Justi\u00e7a social e distribui\u00e7\u00e3o de renda devem ser o primeiro objetivo do desenvolvimento sustent\u00e1vel. \u00c9 com esta concep\u00e7\u00e3o que o SPM reafirma seu compromisso de denunciar e repudiar veementemente as viola\u00e7\u00f5es de direitos humanos e confirma sua miss\u00e3o de promover o respeito aos migrantes e imigrantes, em prol de uma sociedade justa, sustent\u00e1vel e solid\u00e1ria.<\/div>\n<div id=\"_mcePaste\"><em>SERVI\u00c7O PASTORAL DOS MIGRANTES \u2013 SPM S\u00e3o Paulo, 31 de Agosto de 2011<\/em><\/div>\n<div><em><br \/>\n<\/em><\/div>\n<\/div>\n<div id=\"themify_builder_content-15593\" data-postid=\"15593\" class=\"themify_builder_content themify_builder_content-15593 themify_builder themify_builder_front\">\n\t<\/div>\n<!-- \/themify_builder_content -->","protected":false},"excerpt":{"rendered":"<p>O\u00a0SPM &#8211; Servi\u00e7o Pastoral dos Migrantes vem a p\u00fablico repudiar as a\u00e7\u00f5es e o comportamento da Inditex, dona da rede internacional de confec\u00e7\u00f5es Zara, flagrada e autuada por utilizar trabalho escravo de quinze imigrantes bolivianos e peruanos, inclusive um menor de quatorze anos, em sua cadeia de produ\u00e7\u00e3o no centro da cidade de S\u00e3o Paulo. [&hellip;]<\/p>\n","protected":false},"author":15,"featured_media":0,"comment_status":"open","ping_status":"open","sticky":false,"template":"","format":"standard","meta":{"ngg_post_thumbnail":0,"footnotes":""},"categories":[8],"tags":[],"yoast_head":"<!-- This site is optimized with the Yoast SEO plugin v23.5 - https:\/\/yoast.com\/wordpress\/plugins\/seo\/ -->\n<title>Nota de rep\u00fadio - O Arcanjo no ar<\/title>\n<meta name=\"robots\" content=\"index, follow, max-snippet:-1, max-image-preview:large, max-video-preview:-1\" \/>\n<link rel=\"canonical\" href=\"https:\/\/www.oarcanjo.net\/site\/nota-de-repudio\/\" \/>\n<meta property=\"og:locale\" content=\"pt_BR\" \/>\n<meta property=\"og:type\" content=\"article\" \/>\n<meta property=\"og:title\" content=\"Nota de rep\u00fadio - O Arcanjo no ar\" \/>\n<meta property=\"og:description\" content=\"O\u00a0SPM &#8211; Servi\u00e7o Pastoral dos Migrantes vem a p\u00fablico repudiar as a\u00e7\u00f5es e o comportamento da Inditex, dona da rede internacional de confec\u00e7\u00f5es Zara, flagrada e autuada por utilizar trabalho escravo de quinze imigrantes bolivianos e peruanos, inclusive um menor de quatorze anos, em sua cadeia de produ\u00e7\u00e3o no centro da cidade de S\u00e3o Paulo. [&hellip;]\" \/>\n<meta property=\"og:url\" content=\"https:\/\/www.oarcanjo.net\/site\/nota-de-repudio\/\" \/>\n<meta property=\"og:site_name\" content=\"O Arcanjo no ar\" \/>\n<meta property=\"article:publisher\" content=\"https:\/\/www.facebook.com\/OArcanjoNoAr\/\" \/>\n<meta property=\"article:published_time\" content=\"2011-08-31T22:46:39+00:00\" \/>\n<meta property=\"og:image\" content=\"https:\/\/www.oarcanjo.net\/site\/wp-content\/uploads\/logo-o-arcanjo-no-ar-facebook.png\" \/>\n\t<meta property=\"og:image:width\" content=\"300\" \/>\n\t<meta property=\"og:image:height\" content=\"300\" \/>\n\t<meta property=\"og:image:type\" content=\"image\/png\" \/>\n<meta name=\"author\" content=\"Alexandre Nunes\" \/>\n<meta name=\"twitter:card\" content=\"summary_large_image\" \/>\n<meta name=\"twitter:label1\" content=\"Escrito por\" \/>\n\t<meta name=\"twitter:data1\" content=\"Alexandre Nunes\" \/>\n\t<meta name=\"twitter:label2\" content=\"Est. tempo de leitura\" \/>\n\t<meta name=\"twitter:data2\" content=\"1 minuto\" \/>\n<script type=\"application\/ld+json\" class=\"yoast-schema-graph\">{\"@context\":\"https:\/\/schema.org\",\"@graph\":[{\"@type\":\"Article\",\"@id\":\"https:\/\/www.oarcanjo.net\/site\/nota-de-repudio\/#article\",\"isPartOf\":{\"@id\":\"https:\/\/www.oarcanjo.net\/site\/nota-de-repudio\/\"},\"author\":{\"name\":\"Alexandre Nunes\",\"@id\":\"https:\/\/www.oarcanjo.net\/site\/#\/schema\/person\/0a2ae077c1a09b69d29928e3b9f1c0d1\"},\"headline\":\"Nota de rep\u00fadio\",\"datePublished\":\"2011-08-31T22:46:39+00:00\",\"dateModified\":\"2011-08-31T22:46:39+00:00\",\"mainEntityOfPage\":{\"@id\":\"https:\/\/www.oarcanjo.net\/site\/nota-de-repudio\/\"},\"wordCount\":255,\"commentCount\":0,\"publisher\":{\"@id\":\"https:\/\/www.oarcanjo.net\/site\/#organization\"},\"articleSection\":[\"Not\u00edcias\"],\"inLanguage\":\"pt-BR\",\"potentialAction\":[{\"@type\":\"CommentAction\",\"name\":\"Comment\",\"target\":[\"https:\/\/www.oarcanjo.net\/site\/nota-de-repudio\/#respond\"]}]},{\"@type\":\"WebPage\",\"@id\":\"https:\/\/www.oarcanjo.net\/site\/nota-de-repudio\/\",\"url\":\"https:\/\/www.oarcanjo.net\/site\/nota-de-repudio\/\",\"name\":\"Nota de rep\u00fadio - O Arcanjo no ar\",\"isPartOf\":{\"@id\":\"https:\/\/www.oarcanjo.net\/site\/#website\"},\"datePublished\":\"2011-08-31T22:46:39+00:00\",\"dateModified\":\"2011-08-31T22:46:39+00:00\",\"breadcrumb\":{\"@id\":\"https:\/\/www.oarcanjo.net\/site\/nota-de-repudio\/#breadcrumb\"},\"inLanguage\":\"pt-BR\",\"potentialAction\":[{\"@type\":\"ReadAction\",\"target\":[\"https:\/\/www.oarcanjo.net\/site\/nota-de-repudio\/\"]}]},{\"@type\":\"BreadcrumbList\",\"@id\":\"https:\/\/www.oarcanjo.net\/site\/nota-de-repudio\/#breadcrumb\",\"itemListElement\":[{\"@type\":\"ListItem\",\"position\":1,\"name\":\"In\u00edcio\",\"item\":\"https:\/\/www.oarcanjo.net\/site\/\"},{\"@type\":\"ListItem\",\"position\":2,\"name\":\"Nota de rep\u00fadio\"}]},{\"@type\":\"WebSite\",\"@id\":\"https:\/\/www.oarcanjo.net\/site\/#website\",\"url\":\"https:\/\/www.oarcanjo.net\/site\/\",\"name\":\"O Arcanjo no ar\",\"description\":\"Site da Par\u00f3quia S\u00e3o Miguel Arcanjo (Arquidiocese de SP)\",\"publisher\":{\"@id\":\"https:\/\/www.oarcanjo.net\/site\/#organization\"},\"potentialAction\":[{\"@type\":\"SearchAction\",\"target\":{\"@type\":\"EntryPoint\",\"urlTemplate\":\"https:\/\/www.oarcanjo.net\/site\/?s={search_term_string}\"},\"query-input\":{\"@type\":\"PropertyValueSpecification\",\"valueRequired\":true,\"valueName\":\"search_term_string\"}}],\"inLanguage\":\"pt-BR\"},{\"@type\":\"Organization\",\"@id\":\"https:\/\/www.oarcanjo.net\/site\/#organization\",\"name\":\"Par\u00f3quia S\u00e3o Miguel Arcanjo\",\"url\":\"https:\/\/www.oarcanjo.net\/site\/\",\"logo\":{\"@type\":\"ImageObject\",\"inLanguage\":\"pt-BR\",\"@id\":\"https:\/\/www.oarcanjo.net\/site\/#\/schema\/logo\/image\/\",\"url\":\"https:\/\/www.oarcanjo.net\/site\/wp-content\/uploads\/LogoOArcanjo.png\",\"contentUrl\":\"https:\/\/www.oarcanjo.net\/site\/wp-content\/uploads\/LogoOArcanjo.png\",\"width\":319,\"height\":99,\"caption\":\"Par\u00f3quia S\u00e3o Miguel Arcanjo\"},\"image\":{\"@id\":\"https:\/\/www.oarcanjo.net\/site\/#\/schema\/logo\/image\/\"},\"sameAs\":[\"https:\/\/www.facebook.com\/OArcanjoNoAr\/\"]},{\"@type\":\"Person\",\"@id\":\"https:\/\/www.oarcanjo.net\/site\/#\/schema\/person\/0a2ae077c1a09b69d29928e3b9f1c0d1\",\"name\":\"Alexandre Nunes\",\"sameAs\":[\"http:\/\/alexandrenu.com\"]}]}<\/script>\n<!-- \/ Yoast SEO plugin. -->","yoast_head_json":{"title":"Nota de rep\u00fadio - O Arcanjo no ar","robots":{"index":"index","follow":"follow","max-snippet":"max-snippet:-1","max-image-preview":"max-image-preview:large","max-video-preview":"max-video-preview:-1"},"canonical":"https:\/\/www.oarcanjo.net\/site\/nota-de-repudio\/","og_locale":"pt_BR","og_type":"article","og_title":"Nota de rep\u00fadio - O Arcanjo no ar","og_description":"O\u00a0SPM &#8211; Servi\u00e7o Pastoral dos Migrantes vem a p\u00fablico repudiar as a\u00e7\u00f5es e o comportamento da Inditex, dona da rede internacional de confec\u00e7\u00f5es Zara, flagrada e autuada por utilizar trabalho escravo de quinze imigrantes bolivianos e peruanos, inclusive um menor de quatorze anos, em sua cadeia de produ\u00e7\u00e3o no centro da cidade de S\u00e3o Paulo. [&hellip;]","og_url":"https:\/\/www.oarcanjo.net\/site\/nota-de-repudio\/","og_site_name":"O Arcanjo no ar","article_publisher":"https:\/\/www.facebook.com\/OArcanjoNoAr\/","article_published_time":"2011-08-31T22:46:39+00:00","og_image":[{"width":300,"height":300,"url":"https:\/\/www.oarcanjo.net\/site\/wp-content\/uploads\/logo-o-arcanjo-no-ar-facebook.png","type":"image\/png"}],"author":"Alexandre Nunes","twitter_card":"summary_large_image","twitter_misc":{"Escrito por":"Alexandre Nunes","Est. tempo de leitura":"1 minuto"},"schema":{"@context":"https:\/\/schema.org","@graph":[{"@type":"Article","@id":"https:\/\/www.oarcanjo.net\/site\/nota-de-repudio\/#article","isPartOf":{"@id":"https:\/\/www.oarcanjo.net\/site\/nota-de-repudio\/"},"author":{"name":"Alexandre Nunes","@id":"https:\/\/www.oarcanjo.net\/site\/#\/schema\/person\/0a2ae077c1a09b69d29928e3b9f1c0d1"},"headline":"Nota de rep\u00fadio","datePublished":"2011-08-31T22:46:39+00:00","dateModified":"2011-08-31T22:46:39+00:00","mainEntityOfPage":{"@id":"https:\/\/www.oarcanjo.net\/site\/nota-de-repudio\/"},"wordCount":255,"commentCount":0,"publisher":{"@id":"https:\/\/www.oarcanjo.net\/site\/#organization"},"articleSection":["Not\u00edcias"],"inLanguage":"pt-BR","potentialAction":[{"@type":"CommentAction","name":"Comment","target":["https:\/\/www.oarcanjo.net\/site\/nota-de-repudio\/#respond"]}]},{"@type":"WebPage","@id":"https:\/\/www.oarcanjo.net\/site\/nota-de-repudio\/","url":"https:\/\/www.oarcanjo.net\/site\/nota-de-repudio\/","name":"Nota de rep\u00fadio - O Arcanjo no ar","isPartOf":{"@id":"https:\/\/www.oarcanjo.net\/site\/#website"},"datePublished":"2011-08-31T22:46:39+00:00","dateModified":"2011-08-31T22:46:39+00:00","breadcrumb":{"@id":"https:\/\/www.oarcanjo.net\/site\/nota-de-repudio\/#breadcrumb"},"inLanguage":"pt-BR","potentialAction":[{"@type":"ReadAction","target":["https:\/\/www.oarcanjo.net\/site\/nota-de-repudio\/"]}]},{"@type":"BreadcrumbList","@id":"https:\/\/www.oarcanjo.net\/site\/nota-de-repudio\/#breadcrumb","itemListElement":[{"@type":"ListItem","position":1,"name":"In\u00edcio","item":"https:\/\/www.oarcanjo.net\/site\/"},{"@type":"ListItem","position":2,"name":"Nota de rep\u00fadio"}]},{"@type":"WebSite","@id":"https:\/\/www.oarcanjo.net\/site\/#website","url":"https:\/\/www.oarcanjo.net\/site\/","name":"O Arcanjo no ar","description":"Site da Par\u00f3quia S\u00e3o Miguel Arcanjo (Arquidiocese de SP)","publisher":{"@id":"https:\/\/www.oarcanjo.net\/site\/#organization"},"potentialAction":[{"@type":"SearchAction","target":{"@type":"EntryPoint","urlTemplate":"https:\/\/www.oarcanjo.net\/site\/?s={search_term_string}"},"query-input":{"@type":"PropertyValueSpecification","valueRequired":true,"valueName":"search_term_string"}}],"inLanguage":"pt-BR"},{"@type":"Organization","@id":"https:\/\/www.oarcanjo.net\/site\/#organization","name":"Par\u00f3quia S\u00e3o Miguel Arcanjo","url":"https:\/\/www.oarcanjo.net\/site\/","logo":{"@type":"ImageObject","inLanguage":"pt-BR","@id":"https:\/\/www.oarcanjo.net\/site\/#\/schema\/logo\/image\/","url":"https:\/\/www.oarcanjo.net\/site\/wp-content\/uploads\/LogoOArcanjo.png","contentUrl":"https:\/\/www.oarcanjo.net\/site\/wp-content\/uploads\/LogoOArcanjo.png","width":319,"height":99,"caption":"Par\u00f3quia S\u00e3o Miguel Arcanjo"},"image":{"@id":"https:\/\/www.oarcanjo.net\/site\/#\/schema\/logo\/image\/"},"sameAs":["https:\/\/www.facebook.com\/OArcanjoNoAr\/"]},{"@type":"Person","@id":"https:\/\/www.oarcanjo.net\/site\/#\/schema\/person\/0a2ae077c1a09b69d29928e3b9f1c0d1","name":"Alexandre Nunes","sameAs":["http:\/\/alexandrenu.com"]}]}},"publishpress_future_action":{"enabled":false,"date":"2026-05-09 08:42:47","action":"category","newStatus":"draft","terms":[],"taxonomy":"category"},"publishpress_future_workflow_manual_trigger":{"enabledWorkflows":[]},"_links":{"self":[{"href":"https:\/\/www.oarcanjo.net\/site\/wp-json\/wp\/v2\/posts\/15593"}],"collection":[{"href":"https:\/\/www.oarcanjo.net\/site\/wp-json\/wp\/v2\/posts"}],"about":[{"href":"https:\/\/www.oarcanjo.net\/site\/wp-json\/wp\/v2\/types\/post"}],"author":[{"embeddable":true,"href":"https:\/\/www.oarcanjo.net\/site\/wp-json\/wp\/v2\/users\/15"}],"replies":[{"embeddable":true,"href":"https:\/\/www.oarcanjo.net\/site\/wp-json\/wp\/v2\/comments?post=15593"}],"version-history":[{"count":0,"href":"https:\/\/www.oarcanjo.net\/site\/wp-json\/wp\/v2\/posts\/15593\/revisions"}],"wp:attachment":[{"href":"https:\/\/www.oarcanjo.net\/site\/wp-json\/wp\/v2\/media?parent=15593"}],"wp:term":[{"taxonomy":"category","embeddable":true,"href":"https:\/\/www.oarcanjo.net\/site\/wp-json\/wp\/v2\/categories?post=15593"},{"taxonomy":"post_tag","embeddable":true,"href":"https:\/\/www.oarcanjo.net\/site\/wp-json\/wp\/v2\/tags?post=15593"}],"curies":[{"name":"wp","href":"https:\/\/api.w.org\/{rel}","templated":true}]}}