
{"id":1566,"date":"2009-01-24T08:53:50","date_gmt":"2009-01-24T10:53:50","guid":{"rendered":"http:\/\/www.oarcanjo.net\/site\/?p=1566"},"modified":"2009-01-25T02:30:58","modified_gmt":"2009-01-25T04:30:58","slug":"paulo-martir-da-fe-em-jesus-cristo","status":"publish","type":"post","link":"https:\/\/www.oarcanjo.net\/site\/paulo-martir-da-fe-em-jesus-cristo\/","title":{"rendered":"Paulo, m\u00e1rtir da F\u00e9 em Jesus Cristo!"},"content":{"rendered":"<p>Ao final do tr\u00edduo consideramos Paulo como m\u00e1rtir da f\u00e9.<\/p>\n<p>Depois de tr\u00eas meses na ilha de Malta, Paulo e seus companheiros de naufr\u00e1gio conseguiram chegar a Roma. Paulo ficou mais dois anos em Roma, prisioneiro, e durante esse tempo refletia, rezava e anunciava o nome de JESUS para as pessoas que o procuravam.<\/p>\n<p>No ano 68 da era crist\u00e3 Paulo foi decapitado.<\/p>\n<p>Paulo foi um homem de ora\u00e7\u00e3o. Ele nos manifestou com sua vida que orar \u00e9 deixar Deus agir em n\u00f3s!<\/p>\n<p>Paulo nos diz:&#8221;N\u00e3o se inquietem com nada. Apresentem a Deus todas as vossas necessidades atrav\u00e9s da ora\u00e7\u00e3o e da s\u00faplica, em a\u00e7\u00e3o de gra\u00e7as. Ent\u00e3o a paz de Deus, que ultrapassa toda compreens\u00e3o, guardar\u00e1 em Jesus Cristo os vossos cora\u00e7\u00f5es e pensamentos&#8221; (FL.4,6-7).<\/p>\n<p>S\u00e3o Paulo Ap\u00f3stolo patrono de nossa arquidiocese e da nossa cidade, rogai por n\u00f3s.<\/p>\n<div id=\"themify_builder_content-1566\" data-postid=\"1566\" class=\"themify_builder_content themify_builder_content-1566 themify_builder themify_builder_front\">\n\t<\/div>\n<!-- \/themify_builder_content -->","protected":false},"excerpt":{"rendered":"<p>Ao final do tr\u00edduo consideramos Paulo como m\u00e1rtir da f\u00e9. Depois de tr\u00eas meses na ilha de Malta, Paulo e seus companheiros de naufr\u00e1gio conseguiram chegar a Roma. Paulo ficou mais dois anos em Roma, prisioneiro, e durante esse tempo refletia, rezava e anunciava o nome de JESUS para as pessoas que o procuravam. No [&hellip;]<\/p>\n","protected":false},"author":4,"featured_media":0,"comment_status":"open","ping_status":"open","sticky":false,"template":"","format":"standard","meta":{"ngg_post_thumbnail":0,"footnotes":""},"categories":[4],"tags":[198,11],"yoast_head":"<!-- This site is optimized with the Yoast SEO plugin v23.5 - https:\/\/yoast.com\/wordpress\/plugins\/seo\/ -->\n<title>Paulo, m\u00e1rtir da F\u00e9 em Jesus Cristo! - O Arcanjo no ar<\/title>\n<meta name=\"robots\" content=\"index, follow, max-snippet:-1, max-image-preview:large, max-video-preview:-1\" \/>\n<link rel=\"canonical\" href=\"https:\/\/www.oarcanjo.net\/site\/paulo-martir-da-fe-em-jesus-cristo\/\" \/>\n<meta property=\"og:locale\" content=\"pt_BR\" \/>\n<meta property=\"og:type\" content=\"article\" \/>\n<meta property=\"og:title\" content=\"Paulo, m\u00e1rtir da F\u00e9 em Jesus Cristo! - O Arcanjo no ar\" \/>\n<meta property=\"og:description\" content=\"Ao final do tr\u00edduo consideramos Paulo como m\u00e1rtir da f\u00e9. Depois de tr\u00eas meses na ilha de Malta, Paulo e seus companheiros de naufr\u00e1gio conseguiram chegar a Roma. Paulo ficou mais dois anos em Roma, prisioneiro, e durante esse tempo refletia, rezava e anunciava o nome de JESUS para as pessoas que o procuravam. No [&hellip;]\" \/>\n<meta property=\"og:url\" content=\"https:\/\/www.oarcanjo.net\/site\/paulo-martir-da-fe-em-jesus-cristo\/\" \/>\n<meta property=\"og:site_name\" content=\"O Arcanjo no ar\" \/>\n<meta property=\"article:publisher\" content=\"https:\/\/www.facebook.com\/OArcanjoNoAr\/\" \/>\n<meta property=\"article:published_time\" content=\"2009-01-24T10:53:50+00:00\" \/>\n<meta property=\"article:modified_time\" content=\"2009-01-25T04:30:58+00:00\" \/>\n<meta property=\"og:image\" content=\"https:\/\/www.oarcanjo.net\/site\/wp-content\/uploads\/logo-o-arcanjo-no-ar-facebook.png\" \/>\n\t<meta property=\"og:image:width\" content=\"300\" \/>\n\t<meta property=\"og:image:height\" content=\"300\" \/>\n\t<meta property=\"og:image:type\" content=\"image\/png\" \/>\n<meta name=\"author\" content=\"julio\" \/>\n<meta name=\"twitter:card\" content=\"summary_large_image\" \/>\n<meta name=\"twitter:label1\" content=\"Escrito por\" \/>\n\t<meta name=\"twitter:data1\" content=\"julio\" \/>\n\t<meta name=\"twitter:label2\" content=\"Est. tempo de leitura\" \/>\n\t<meta name=\"twitter:data2\" content=\"1 minuto\" \/>\n<script type=\"application\/ld+json\" class=\"yoast-schema-graph\">{\"@context\":\"https:\/\/schema.org\",\"@graph\":[{\"@type\":\"Article\",\"@id\":\"https:\/\/www.oarcanjo.net\/site\/paulo-martir-da-fe-em-jesus-cristo\/#article\",\"isPartOf\":{\"@id\":\"https:\/\/www.oarcanjo.net\/site\/paulo-martir-da-fe-em-jesus-cristo\/\"},\"author\":{\"name\":\"julio\",\"@id\":\"https:\/\/www.oarcanjo.net\/site\/#\/schema\/person\/d78ea01c648c91e29c364b516767079e\"},\"headline\":\"Paulo, m\u00e1rtir da F\u00e9 em Jesus Cristo!\",\"datePublished\":\"2009-01-24T10:53:50+00:00\",\"dateModified\":\"2009-01-25T04:30:58+00:00\",\"mainEntityOfPage\":{\"@id\":\"https:\/\/www.oarcanjo.net\/site\/paulo-martir-da-fe-em-jesus-cristo\/\"},\"wordCount\":166,\"commentCount\":2,\"publisher\":{\"@id\":\"https:\/\/www.oarcanjo.net\/site\/#organization\"},\"keywords\":[\"ap\u00f3stolo\",\"S\u00e3o Paulo\"],\"articleSection\":[\"Blog\"],\"inLanguage\":\"pt-BR\",\"potentialAction\":[{\"@type\":\"CommentAction\",\"name\":\"Comment\",\"target\":[\"https:\/\/www.oarcanjo.net\/site\/paulo-martir-da-fe-em-jesus-cristo\/#respond\"]}]},{\"@type\":\"WebPage\",\"@id\":\"https:\/\/www.oarcanjo.net\/site\/paulo-martir-da-fe-em-jesus-cristo\/\",\"url\":\"https:\/\/www.oarcanjo.net\/site\/paulo-martir-da-fe-em-jesus-cristo\/\",\"name\":\"Paulo, m\u00e1rtir da F\u00e9 em Jesus Cristo! - O Arcanjo no ar\",\"isPartOf\":{\"@id\":\"https:\/\/www.oarcanjo.net\/site\/#website\"},\"datePublished\":\"2009-01-24T10:53:50+00:00\",\"dateModified\":\"2009-01-25T04:30:58+00:00\",\"breadcrumb\":{\"@id\":\"https:\/\/www.oarcanjo.net\/site\/paulo-martir-da-fe-em-jesus-cristo\/#breadcrumb\"},\"inLanguage\":\"pt-BR\",\"potentialAction\":[{\"@type\":\"ReadAction\",\"target\":[\"https:\/\/www.oarcanjo.net\/site\/paulo-martir-da-fe-em-jesus-cristo\/\"]}]},{\"@type\":\"BreadcrumbList\",\"@id\":\"https:\/\/www.oarcanjo.net\/site\/paulo-martir-da-fe-em-jesus-cristo\/#breadcrumb\",\"itemListElement\":[{\"@type\":\"ListItem\",\"position\":1,\"name\":\"In\u00edcio\",\"item\":\"https:\/\/www.oarcanjo.net\/site\/\"},{\"@type\":\"ListItem\",\"position\":2,\"name\":\"Paulo, m\u00e1rtir da F\u00e9 em Jesus Cristo!\"}]},{\"@type\":\"WebSite\",\"@id\":\"https:\/\/www.oarcanjo.net\/site\/#website\",\"url\":\"https:\/\/www.oarcanjo.net\/site\/\",\"name\":\"O Arcanjo no ar\",\"description\":\"Site da Par\u00f3quia S\u00e3o Miguel Arcanjo (Arquidiocese de SP)\",\"publisher\":{\"@id\":\"https:\/\/www.oarcanjo.net\/site\/#organization\"},\"potentialAction\":[{\"@type\":\"SearchAction\",\"target\":{\"@type\":\"EntryPoint\",\"urlTemplate\":\"https:\/\/www.oarcanjo.net\/site\/?s={search_term_string}\"},\"query-input\":{\"@type\":\"PropertyValueSpecification\",\"valueRequired\":true,\"valueName\":\"search_term_string\"}}],\"inLanguage\":\"pt-BR\"},{\"@type\":\"Organization\",\"@id\":\"https:\/\/www.oarcanjo.net\/site\/#organization\",\"name\":\"Par\u00f3quia S\u00e3o Miguel Arcanjo\",\"url\":\"https:\/\/www.oarcanjo.net\/site\/\",\"logo\":{\"@type\":\"ImageObject\",\"inLanguage\":\"pt-BR\",\"@id\":\"https:\/\/www.oarcanjo.net\/site\/#\/schema\/logo\/image\/\",\"url\":\"https:\/\/www.oarcanjo.net\/site\/wp-content\/uploads\/LogoOArcanjo.png\",\"contentUrl\":\"https:\/\/www.oarcanjo.net\/site\/wp-content\/uploads\/LogoOArcanjo.png\",\"width\":319,\"height\":99,\"caption\":\"Par\u00f3quia S\u00e3o Miguel Arcanjo\"},\"image\":{\"@id\":\"https:\/\/www.oarcanjo.net\/site\/#\/schema\/logo\/image\/\"},\"sameAs\":[\"https:\/\/www.facebook.com\/OArcanjoNoAr\/\"]},{\"@type\":\"Person\",\"@id\":\"https:\/\/www.oarcanjo.net\/site\/#\/schema\/person\/d78ea01c648c91e29c364b516767079e\",\"name\":\"julio\",\"sameAs\":[\"http:\/\/www.oarcanjo.net\"]}]}<\/script>\n<!-- \/ Yoast SEO plugin. -->","yoast_head_json":{"title":"Paulo, m\u00e1rtir da F\u00e9 em Jesus Cristo! - O Arcanjo no ar","robots":{"index":"index","follow":"follow","max-snippet":"max-snippet:-1","max-image-preview":"max-image-preview:large","max-video-preview":"max-video-preview:-1"},"canonical":"https:\/\/www.oarcanjo.net\/site\/paulo-martir-da-fe-em-jesus-cristo\/","og_locale":"pt_BR","og_type":"article","og_title":"Paulo, m\u00e1rtir da F\u00e9 em Jesus Cristo! - O Arcanjo no ar","og_description":"Ao final do tr\u00edduo consideramos Paulo como m\u00e1rtir da f\u00e9. Depois de tr\u00eas meses na ilha de Malta, Paulo e seus companheiros de naufr\u00e1gio conseguiram chegar a Roma. Paulo ficou mais dois anos em Roma, prisioneiro, e durante esse tempo refletia, rezava e anunciava o nome de JESUS para as pessoas que o procuravam. No [&hellip;]","og_url":"https:\/\/www.oarcanjo.net\/site\/paulo-martir-da-fe-em-jesus-cristo\/","og_site_name":"O Arcanjo no ar","article_publisher":"https:\/\/www.facebook.com\/OArcanjoNoAr\/","article_published_time":"2009-01-24T10:53:50+00:00","article_modified_time":"2009-01-25T04:30:58+00:00","og_image":[{"width":300,"height":300,"url":"https:\/\/www.oarcanjo.net\/site\/wp-content\/uploads\/logo-o-arcanjo-no-ar-facebook.png","type":"image\/png"}],"author":"julio","twitter_card":"summary_large_image","twitter_misc":{"Escrito por":"julio","Est. tempo de leitura":"1 minuto"},"schema":{"@context":"https:\/\/schema.org","@graph":[{"@type":"Article","@id":"https:\/\/www.oarcanjo.net\/site\/paulo-martir-da-fe-em-jesus-cristo\/#article","isPartOf":{"@id":"https:\/\/www.oarcanjo.net\/site\/paulo-martir-da-fe-em-jesus-cristo\/"},"author":{"name":"julio","@id":"https:\/\/www.oarcanjo.net\/site\/#\/schema\/person\/d78ea01c648c91e29c364b516767079e"},"headline":"Paulo, m\u00e1rtir da F\u00e9 em Jesus Cristo!","datePublished":"2009-01-24T10:53:50+00:00","dateModified":"2009-01-25T04:30:58+00:00","mainEntityOfPage":{"@id":"https:\/\/www.oarcanjo.net\/site\/paulo-martir-da-fe-em-jesus-cristo\/"},"wordCount":166,"commentCount":2,"publisher":{"@id":"https:\/\/www.oarcanjo.net\/site\/#organization"},"keywords":["ap\u00f3stolo","S\u00e3o Paulo"],"articleSection":["Blog"],"inLanguage":"pt-BR","potentialAction":[{"@type":"CommentAction","name":"Comment","target":["https:\/\/www.oarcanjo.net\/site\/paulo-martir-da-fe-em-jesus-cristo\/#respond"]}]},{"@type":"WebPage","@id":"https:\/\/www.oarcanjo.net\/site\/paulo-martir-da-fe-em-jesus-cristo\/","url":"https:\/\/www.oarcanjo.net\/site\/paulo-martir-da-fe-em-jesus-cristo\/","name":"Paulo, m\u00e1rtir da F\u00e9 em Jesus Cristo! - O Arcanjo no ar","isPartOf":{"@id":"https:\/\/www.oarcanjo.net\/site\/#website"},"datePublished":"2009-01-24T10:53:50+00:00","dateModified":"2009-01-25T04:30:58+00:00","breadcrumb":{"@id":"https:\/\/www.oarcanjo.net\/site\/paulo-martir-da-fe-em-jesus-cristo\/#breadcrumb"},"inLanguage":"pt-BR","potentialAction":[{"@type":"ReadAction","target":["https:\/\/www.oarcanjo.net\/site\/paulo-martir-da-fe-em-jesus-cristo\/"]}]},{"@type":"BreadcrumbList","@id":"https:\/\/www.oarcanjo.net\/site\/paulo-martir-da-fe-em-jesus-cristo\/#breadcrumb","itemListElement":[{"@type":"ListItem","position":1,"name":"In\u00edcio","item":"https:\/\/www.oarcanjo.net\/site\/"},{"@type":"ListItem","position":2,"name":"Paulo, m\u00e1rtir da F\u00e9 em Jesus Cristo!"}]},{"@type":"WebSite","@id":"https:\/\/www.oarcanjo.net\/site\/#website","url":"https:\/\/www.oarcanjo.net\/site\/","name":"O Arcanjo no ar","description":"Site da Par\u00f3quia S\u00e3o Miguel Arcanjo (Arquidiocese de SP)","publisher":{"@id":"https:\/\/www.oarcanjo.net\/site\/#organization"},"potentialAction":[{"@type":"SearchAction","target":{"@type":"EntryPoint","urlTemplate":"https:\/\/www.oarcanjo.net\/site\/?s={search_term_string}"},"query-input":{"@type":"PropertyValueSpecification","valueRequired":true,"valueName":"search_term_string"}}],"inLanguage":"pt-BR"},{"@type":"Organization","@id":"https:\/\/www.oarcanjo.net\/site\/#organization","name":"Par\u00f3quia S\u00e3o Miguel Arcanjo","url":"https:\/\/www.oarcanjo.net\/site\/","logo":{"@type":"ImageObject","inLanguage":"pt-BR","@id":"https:\/\/www.oarcanjo.net\/site\/#\/schema\/logo\/image\/","url":"https:\/\/www.oarcanjo.net\/site\/wp-content\/uploads\/LogoOArcanjo.png","contentUrl":"https:\/\/www.oarcanjo.net\/site\/wp-content\/uploads\/LogoOArcanjo.png","width":319,"height":99,"caption":"Par\u00f3quia S\u00e3o Miguel Arcanjo"},"image":{"@id":"https:\/\/www.oarcanjo.net\/site\/#\/schema\/logo\/image\/"},"sameAs":["https:\/\/www.facebook.com\/OArcanjoNoAr\/"]},{"@type":"Person","@id":"https:\/\/www.oarcanjo.net\/site\/#\/schema\/person\/d78ea01c648c91e29c364b516767079e","name":"julio","sameAs":["http:\/\/www.oarcanjo.net"]}]}},"publishpress_future_action":{"enabled":false,"date":"2026-05-07 15:48:52","action":"category","newStatus":"draft","terms":[],"taxonomy":"category"},"publishpress_future_workflow_manual_trigger":{"enabledWorkflows":[]},"_links":{"self":[{"href":"https:\/\/www.oarcanjo.net\/site\/wp-json\/wp\/v2\/posts\/1566"}],"collection":[{"href":"https:\/\/www.oarcanjo.net\/site\/wp-json\/wp\/v2\/posts"}],"about":[{"href":"https:\/\/www.oarcanjo.net\/site\/wp-json\/wp\/v2\/types\/post"}],"author":[{"embeddable":true,"href":"https:\/\/www.oarcanjo.net\/site\/wp-json\/wp\/v2\/users\/4"}],"replies":[{"embeddable":true,"href":"https:\/\/www.oarcanjo.net\/site\/wp-json\/wp\/v2\/comments?post=1566"}],"version-history":[{"count":0,"href":"https:\/\/www.oarcanjo.net\/site\/wp-json\/wp\/v2\/posts\/1566\/revisions"}],"wp:attachment":[{"href":"https:\/\/www.oarcanjo.net\/site\/wp-json\/wp\/v2\/media?parent=1566"}],"wp:term":[{"taxonomy":"category","embeddable":true,"href":"https:\/\/www.oarcanjo.net\/site\/wp-json\/wp\/v2\/categories?post=1566"},{"taxonomy":"post_tag","embeddable":true,"href":"https:\/\/www.oarcanjo.net\/site\/wp-json\/wp\/v2\/tags?post=1566"}],"curies":[{"name":"wp","href":"https:\/\/api.w.org\/{rel}","templated":true}]}}