
{"id":15717,"date":"2011-09-05T23:20:34","date_gmt":"2011-09-06T02:20:34","guid":{"rendered":"http:\/\/www.oarcanjo.net\/site\/?p=15717"},"modified":"2011-09-05T23:24:06","modified_gmt":"2011-09-06T02:24:06","slug":"igreja-de-sao-paulo-lanca-campanha-solidariedade-africa","status":"publish","type":"post","link":"https:\/\/www.oarcanjo.net\/site\/igreja-de-sao-paulo-lanca-campanha-solidariedade-africa\/","title":{"rendered":"Igreja de S\u00e3o Paulo lan\u00e7a campanha &#8220;Solidariedade \u00c1frica&#8221;"},"content":{"rendered":"<p>A Pastoral do Menor da Arquidiocese de S\u00e3o Paulo e a Caritas Arquidiocesana de S\u00e3o Paulo lan\u00e7aram a Campanha &#8220;<strong>Solidariedade \u00c1frica<\/strong>&#8220;, que prop\u00f5e um testemunho concreto das crian\u00e7as em apoio \u00e0s crian\u00e7as da Africa.<\/p>\n<p>Com esta campanha, a Igreja de S\u00e3o Paulo se une \u00e0 Caritas Nacional, que lan\u00e7ou um apelo \u00e0 solidariedade de milh\u00f5es de pessoas na \u00c1frica Oriental (Eti\u00f3pia, Som\u00e1lia, Eritr\u00e9ia, entre outros pa\u00edses).<\/p>\n<p>\u201cTodos somos chamados a nos mobilizar, neste momento dram\u00e1tico da vida destes povos\u201d, afirmou o arcebispo de S\u00e3o Paulo, em carta enviada aos padres, col\u00e9gios cat\u00f3licos, entidades, associa\u00e7\u00f5es, movimentos e pastorais da Arquidiocese.<\/p>\n<p>A campanha sugere que al\u00e9m dos adultos, tamb\u00e9m as crian\u00e7as e jovens das comunidades, grupos catequese, escola e outros, fa\u00e7am um gesto de solidariedade ofertando algum valor, mesmo que pequeno, para as crian\u00e7as da \u00c1frica Oriental.<\/p>\n<p>\u201cAs crian\u00e7as e jovens poderiam oferecer o valor de um lanche, ou de um refrigerante, ou pelo menos R$ 1,00. Assim ajudar\u00e3o a matar a fome e a sede de alguma crian\u00e7a africana\u201d, explica a carta.<\/p>\n<p>\u201cA proposta \u00e9 que com este gesto de amor nossas crian\u00e7as e adolescentes testemunhem que a solidariedade n\u00e3o t\u00eam fronteiras e que ningu\u00e9m \u00e9 t\u00e3o pobre que n\u00e3o tenha nada a ofertar. Educar nossas crian\u00e7as que a solidariedade deve ir al\u00e9m das fronteiras, al\u00e9m da realidade que presenciamos em nosso pa\u00eds \u00e9 extremamente importante para a forma\u00e7\u00e3o do adulto consciente de amanh\u00e3\u201d, afirmou Sueli Camargo, coordenadora da Pastoral do Menor Arquidiocesana.<\/p>\n<p>Os valores recolhidos devem ser depositados na Conta da Caritas Arquidiocesana de S\u00e3o Paulo:<\/p>\n<p><strong>Banco Ita\u00fa<\/strong><br \/>\n<strong>Ag\u00eancia 7657<\/strong><br \/>\n<strong>Conta Corrente 10834-1<\/strong><br \/>\n<strong>CNPJ: 62.021.308\/0001-70<\/strong><\/p>\n<p>A campanha para doa\u00e7\u00f5es ficar\u00e1 aberta at\u00e9 12 de outubro (Dia da Crian\u00e7a).<\/p>\n<p><em>Clique <a href=\"http:\/\/www.oarcanjo.net\/site\/wp-content\/uploads\/SOS_Africa.pdf\" target=\"_blank\">aqui para ler a carta de D. Odilo<\/a> sobre a campanha de solidariedade \u00e0s crian\u00e7as da \u00c1frica<\/em><\/p>\n<div id=\"themify_builder_content-15717\" data-postid=\"15717\" class=\"themify_builder_content themify_builder_content-15717 themify_builder themify_builder_front\">\n\t<\/div>\n<!-- \/themify_builder_content -->","protected":false},"excerpt":{"rendered":"<p>A Pastoral do Menor da Arquidiocese de S\u00e3o Paulo e a Caritas Arquidiocesana de S\u00e3o Paulo lan\u00e7aram a Campanha &#8220;Solidariedade \u00c1frica&#8220;, que prop\u00f5e um testemunho concreto das crian\u00e7as em apoio \u00e0s crian\u00e7as da Africa. Com esta campanha, a Igreja de S\u00e3o Paulo se une \u00e0 Caritas Nacional, que lan\u00e7ou um apelo \u00e0 solidariedade de milh\u00f5es [&hellip;]<\/p>\n","protected":false},"author":5,"featured_media":0,"comment_status":"open","ping_status":"open","sticky":false,"template":"","format":"standard","meta":{"ngg_post_thumbnail":0,"footnotes":""},"categories":[2022,8],"tags":[1636,90,466,38,88],"yoast_head":"<!-- This site is optimized with the Yoast SEO plugin v23.5 - https:\/\/yoast.com\/wordpress\/plugins\/seo\/ -->\n<title>Igreja de S\u00e3o Paulo lan\u00e7a campanha &quot;Solidariedade \u00c1frica&quot; - O Arcanjo no ar<\/title>\n<meta name=\"robots\" content=\"index, follow, max-snippet:-1, max-image-preview:large, max-video-preview:-1\" \/>\n<link rel=\"canonical\" href=\"https:\/\/www.oarcanjo.net\/site\/igreja-de-sao-paulo-lanca-campanha-solidariedade-africa\/\" \/>\n<meta property=\"og:locale\" content=\"pt_BR\" \/>\n<meta property=\"og:type\" content=\"article\" \/>\n<meta property=\"og:title\" content=\"Igreja de S\u00e3o Paulo lan\u00e7a campanha &quot;Solidariedade \u00c1frica&quot; - O Arcanjo no ar\" \/>\n<meta property=\"og:description\" content=\"A Pastoral do Menor da Arquidiocese de S\u00e3o Paulo e a Caritas Arquidiocesana de S\u00e3o Paulo lan\u00e7aram a Campanha &#8220;Solidariedade \u00c1frica&#8220;, que prop\u00f5e um testemunho concreto das crian\u00e7as em apoio \u00e0s crian\u00e7as da Africa. Com esta campanha, a Igreja de S\u00e3o Paulo se une \u00e0 Caritas Nacional, que lan\u00e7ou um apelo \u00e0 solidariedade de milh\u00f5es [&hellip;]\" \/>\n<meta property=\"og:url\" content=\"https:\/\/www.oarcanjo.net\/site\/igreja-de-sao-paulo-lanca-campanha-solidariedade-africa\/\" \/>\n<meta property=\"og:site_name\" content=\"O Arcanjo no ar\" \/>\n<meta property=\"article:publisher\" content=\"https:\/\/www.facebook.com\/OArcanjoNoAr\/\" \/>\n<meta property=\"article:published_time\" content=\"2011-09-06T02:20:34+00:00\" \/>\n<meta property=\"article:modified_time\" content=\"2011-09-06T02:24:06+00:00\" \/>\n<meta property=\"og:image\" content=\"https:\/\/www.oarcanjo.net\/site\/wp-content\/uploads\/logo-o-arcanjo-no-ar-facebook.png\" \/>\n\t<meta property=\"og:image:width\" content=\"300\" \/>\n\t<meta property=\"og:image:height\" content=\"300\" \/>\n\t<meta property=\"og:image:type\" content=\"image\/png\" \/>\n<meta name=\"author\" content=\"editor\" \/>\n<meta name=\"twitter:card\" content=\"summary_large_image\" \/>\n<meta name=\"twitter:label1\" content=\"Escrito por\" \/>\n\t<meta name=\"twitter:data1\" content=\"editor\" \/>\n\t<meta name=\"twitter:label2\" content=\"Est. tempo de leitura\" \/>\n\t<meta name=\"twitter:data2\" content=\"2 minutos\" \/>\n<script type=\"application\/ld+json\" class=\"yoast-schema-graph\">{\"@context\":\"https:\/\/schema.org\",\"@graph\":[{\"@type\":\"Article\",\"@id\":\"https:\/\/www.oarcanjo.net\/site\/igreja-de-sao-paulo-lanca-campanha-solidariedade-africa\/#article\",\"isPartOf\":{\"@id\":\"https:\/\/www.oarcanjo.net\/site\/igreja-de-sao-paulo-lanca-campanha-solidariedade-africa\/\"},\"author\":{\"name\":\"editor\",\"@id\":\"https:\/\/www.oarcanjo.net\/site\/#\/schema\/person\/f7024d007863202483a31326673a0838\"},\"headline\":\"Igreja de S\u00e3o Paulo lan\u00e7a campanha &#8220;Solidariedade \u00c1frica&#8221;\",\"datePublished\":\"2011-09-06T02:20:34+00:00\",\"dateModified\":\"2011-09-06T02:24:06+00:00\",\"mainEntityOfPage\":{\"@id\":\"https:\/\/www.oarcanjo.net\/site\/igreja-de-sao-paulo-lanca-campanha-solidariedade-africa\/\"},\"wordCount\":340,\"commentCount\":1,\"publisher\":{\"@id\":\"https:\/\/www.oarcanjo.net\/site\/#organization\"},\"keywords\":[\"\u00c1frica\",\"C\u00e1ritas\",\"exclus\u00e3o\",\"fome\",\"solidariedade\"],\"articleSection\":[\"Fome na \u00c1frica\",\"Not\u00edcias\"],\"inLanguage\":\"pt-BR\",\"potentialAction\":[{\"@type\":\"CommentAction\",\"name\":\"Comment\",\"target\":[\"https:\/\/www.oarcanjo.net\/site\/igreja-de-sao-paulo-lanca-campanha-solidariedade-africa\/#respond\"]}]},{\"@type\":\"WebPage\",\"@id\":\"https:\/\/www.oarcanjo.net\/site\/igreja-de-sao-paulo-lanca-campanha-solidariedade-africa\/\",\"url\":\"https:\/\/www.oarcanjo.net\/site\/igreja-de-sao-paulo-lanca-campanha-solidariedade-africa\/\",\"name\":\"Igreja de S\u00e3o Paulo lan\u00e7a campanha \\\"Solidariedade \u00c1frica\\\" - O Arcanjo no ar\",\"isPartOf\":{\"@id\":\"https:\/\/www.oarcanjo.net\/site\/#website\"},\"datePublished\":\"2011-09-06T02:20:34+00:00\",\"dateModified\":\"2011-09-06T02:24:06+00:00\",\"breadcrumb\":{\"@id\":\"https:\/\/www.oarcanjo.net\/site\/igreja-de-sao-paulo-lanca-campanha-solidariedade-africa\/#breadcrumb\"},\"inLanguage\":\"pt-BR\",\"potentialAction\":[{\"@type\":\"ReadAction\",\"target\":[\"https:\/\/www.oarcanjo.net\/site\/igreja-de-sao-paulo-lanca-campanha-solidariedade-africa\/\"]}]},{\"@type\":\"BreadcrumbList\",\"@id\":\"https:\/\/www.oarcanjo.net\/site\/igreja-de-sao-paulo-lanca-campanha-solidariedade-africa\/#breadcrumb\",\"itemListElement\":[{\"@type\":\"ListItem\",\"position\":1,\"name\":\"In\u00edcio\",\"item\":\"https:\/\/www.oarcanjo.net\/site\/\"},{\"@type\":\"ListItem\",\"position\":2,\"name\":\"Igreja de S\u00e3o Paulo lan\u00e7a campanha &#8220;Solidariedade \u00c1frica&#8221;\"}]},{\"@type\":\"WebSite\",\"@id\":\"https:\/\/www.oarcanjo.net\/site\/#website\",\"url\":\"https:\/\/www.oarcanjo.net\/site\/\",\"name\":\"O Arcanjo no ar\",\"description\":\"Site da Par\u00f3quia S\u00e3o Miguel Arcanjo (Arquidiocese de SP)\",\"publisher\":{\"@id\":\"https:\/\/www.oarcanjo.net\/site\/#organization\"},\"potentialAction\":[{\"@type\":\"SearchAction\",\"target\":{\"@type\":\"EntryPoint\",\"urlTemplate\":\"https:\/\/www.oarcanjo.net\/site\/?s={search_term_string}\"},\"query-input\":{\"@type\":\"PropertyValueSpecification\",\"valueRequired\":true,\"valueName\":\"search_term_string\"}}],\"inLanguage\":\"pt-BR\"},{\"@type\":\"Organization\",\"@id\":\"https:\/\/www.oarcanjo.net\/site\/#organization\",\"name\":\"Par\u00f3quia S\u00e3o Miguel Arcanjo\",\"url\":\"https:\/\/www.oarcanjo.net\/site\/\",\"logo\":{\"@type\":\"ImageObject\",\"inLanguage\":\"pt-BR\",\"@id\":\"https:\/\/www.oarcanjo.net\/site\/#\/schema\/logo\/image\/\",\"url\":\"https:\/\/www.oarcanjo.net\/site\/wp-content\/uploads\/LogoOArcanjo.png\",\"contentUrl\":\"https:\/\/www.oarcanjo.net\/site\/wp-content\/uploads\/LogoOArcanjo.png\",\"width\":319,\"height\":99,\"caption\":\"Par\u00f3quia S\u00e3o Miguel Arcanjo\"},\"image\":{\"@id\":\"https:\/\/www.oarcanjo.net\/site\/#\/schema\/logo\/image\/\"},\"sameAs\":[\"https:\/\/www.facebook.com\/OArcanjoNoAr\/\"]},{\"@type\":\"Person\",\"@id\":\"https:\/\/www.oarcanjo.net\/site\/#\/schema\/person\/f7024d007863202483a31326673a0838\",\"name\":\"editor\",\"sameAs\":[\"http:\/\/www.oarcanjo.net\"]}]}<\/script>\n<!-- \/ Yoast SEO plugin. -->","yoast_head_json":{"title":"Igreja de S\u00e3o Paulo lan\u00e7a campanha \"Solidariedade \u00c1frica\" - O Arcanjo no ar","robots":{"index":"index","follow":"follow","max-snippet":"max-snippet:-1","max-image-preview":"max-image-preview:large","max-video-preview":"max-video-preview:-1"},"canonical":"https:\/\/www.oarcanjo.net\/site\/igreja-de-sao-paulo-lanca-campanha-solidariedade-africa\/","og_locale":"pt_BR","og_type":"article","og_title":"Igreja de S\u00e3o Paulo lan\u00e7a campanha \"Solidariedade \u00c1frica\" - O Arcanjo no ar","og_description":"A Pastoral do Menor da Arquidiocese de S\u00e3o Paulo e a Caritas Arquidiocesana de S\u00e3o Paulo lan\u00e7aram a Campanha &#8220;Solidariedade \u00c1frica&#8220;, que prop\u00f5e um testemunho concreto das crian\u00e7as em apoio \u00e0s crian\u00e7as da Africa. Com esta campanha, a Igreja de S\u00e3o Paulo se une \u00e0 Caritas Nacional, que lan\u00e7ou um apelo \u00e0 solidariedade de milh\u00f5es [&hellip;]","og_url":"https:\/\/www.oarcanjo.net\/site\/igreja-de-sao-paulo-lanca-campanha-solidariedade-africa\/","og_site_name":"O Arcanjo no ar","article_publisher":"https:\/\/www.facebook.com\/OArcanjoNoAr\/","article_published_time":"2011-09-06T02:20:34+00:00","article_modified_time":"2011-09-06T02:24:06+00:00","og_image":[{"width":300,"height":300,"url":"https:\/\/www.oarcanjo.net\/site\/wp-content\/uploads\/logo-o-arcanjo-no-ar-facebook.png","type":"image\/png"}],"author":"editor","twitter_card":"summary_large_image","twitter_misc":{"Escrito por":"editor","Est. tempo de leitura":"2 minutos"},"schema":{"@context":"https:\/\/schema.org","@graph":[{"@type":"Article","@id":"https:\/\/www.oarcanjo.net\/site\/igreja-de-sao-paulo-lanca-campanha-solidariedade-africa\/#article","isPartOf":{"@id":"https:\/\/www.oarcanjo.net\/site\/igreja-de-sao-paulo-lanca-campanha-solidariedade-africa\/"},"author":{"name":"editor","@id":"https:\/\/www.oarcanjo.net\/site\/#\/schema\/person\/f7024d007863202483a31326673a0838"},"headline":"Igreja de S\u00e3o Paulo lan\u00e7a campanha &#8220;Solidariedade \u00c1frica&#8221;","datePublished":"2011-09-06T02:20:34+00:00","dateModified":"2011-09-06T02:24:06+00:00","mainEntityOfPage":{"@id":"https:\/\/www.oarcanjo.net\/site\/igreja-de-sao-paulo-lanca-campanha-solidariedade-africa\/"},"wordCount":340,"commentCount":1,"publisher":{"@id":"https:\/\/www.oarcanjo.net\/site\/#organization"},"keywords":["\u00c1frica","C\u00e1ritas","exclus\u00e3o","fome","solidariedade"],"articleSection":["Fome na \u00c1frica","Not\u00edcias"],"inLanguage":"pt-BR","potentialAction":[{"@type":"CommentAction","name":"Comment","target":["https:\/\/www.oarcanjo.net\/site\/igreja-de-sao-paulo-lanca-campanha-solidariedade-africa\/#respond"]}]},{"@type":"WebPage","@id":"https:\/\/www.oarcanjo.net\/site\/igreja-de-sao-paulo-lanca-campanha-solidariedade-africa\/","url":"https:\/\/www.oarcanjo.net\/site\/igreja-de-sao-paulo-lanca-campanha-solidariedade-africa\/","name":"Igreja de S\u00e3o Paulo lan\u00e7a campanha \"Solidariedade \u00c1frica\" - O Arcanjo no ar","isPartOf":{"@id":"https:\/\/www.oarcanjo.net\/site\/#website"},"datePublished":"2011-09-06T02:20:34+00:00","dateModified":"2011-09-06T02:24:06+00:00","breadcrumb":{"@id":"https:\/\/www.oarcanjo.net\/site\/igreja-de-sao-paulo-lanca-campanha-solidariedade-africa\/#breadcrumb"},"inLanguage":"pt-BR","potentialAction":[{"@type":"ReadAction","target":["https:\/\/www.oarcanjo.net\/site\/igreja-de-sao-paulo-lanca-campanha-solidariedade-africa\/"]}]},{"@type":"BreadcrumbList","@id":"https:\/\/www.oarcanjo.net\/site\/igreja-de-sao-paulo-lanca-campanha-solidariedade-africa\/#breadcrumb","itemListElement":[{"@type":"ListItem","position":1,"name":"In\u00edcio","item":"https:\/\/www.oarcanjo.net\/site\/"},{"@type":"ListItem","position":2,"name":"Igreja de S\u00e3o Paulo lan\u00e7a campanha &#8220;Solidariedade \u00c1frica&#8221;"}]},{"@type":"WebSite","@id":"https:\/\/www.oarcanjo.net\/site\/#website","url":"https:\/\/www.oarcanjo.net\/site\/","name":"O Arcanjo no ar","description":"Site da Par\u00f3quia S\u00e3o Miguel Arcanjo (Arquidiocese de SP)","publisher":{"@id":"https:\/\/www.oarcanjo.net\/site\/#organization"},"potentialAction":[{"@type":"SearchAction","target":{"@type":"EntryPoint","urlTemplate":"https:\/\/www.oarcanjo.net\/site\/?s={search_term_string}"},"query-input":{"@type":"PropertyValueSpecification","valueRequired":true,"valueName":"search_term_string"}}],"inLanguage":"pt-BR"},{"@type":"Organization","@id":"https:\/\/www.oarcanjo.net\/site\/#organization","name":"Par\u00f3quia S\u00e3o Miguel Arcanjo","url":"https:\/\/www.oarcanjo.net\/site\/","logo":{"@type":"ImageObject","inLanguage":"pt-BR","@id":"https:\/\/www.oarcanjo.net\/site\/#\/schema\/logo\/image\/","url":"https:\/\/www.oarcanjo.net\/site\/wp-content\/uploads\/LogoOArcanjo.png","contentUrl":"https:\/\/www.oarcanjo.net\/site\/wp-content\/uploads\/LogoOArcanjo.png","width":319,"height":99,"caption":"Par\u00f3quia S\u00e3o Miguel Arcanjo"},"image":{"@id":"https:\/\/www.oarcanjo.net\/site\/#\/schema\/logo\/image\/"},"sameAs":["https:\/\/www.facebook.com\/OArcanjoNoAr\/"]},{"@type":"Person","@id":"https:\/\/www.oarcanjo.net\/site\/#\/schema\/person\/f7024d007863202483a31326673a0838","name":"editor","sameAs":["http:\/\/www.oarcanjo.net"]}]}},"publishpress_future_action":{"enabled":false,"date":"2026-05-09 09:04:30","action":"category","newStatus":"draft","terms":[],"taxonomy":"category"},"publishpress_future_workflow_manual_trigger":{"enabledWorkflows":[]},"_links":{"self":[{"href":"https:\/\/www.oarcanjo.net\/site\/wp-json\/wp\/v2\/posts\/15717"}],"collection":[{"href":"https:\/\/www.oarcanjo.net\/site\/wp-json\/wp\/v2\/posts"}],"about":[{"href":"https:\/\/www.oarcanjo.net\/site\/wp-json\/wp\/v2\/types\/post"}],"author":[{"embeddable":true,"href":"https:\/\/www.oarcanjo.net\/site\/wp-json\/wp\/v2\/users\/5"}],"replies":[{"embeddable":true,"href":"https:\/\/www.oarcanjo.net\/site\/wp-json\/wp\/v2\/comments?post=15717"}],"version-history":[{"count":0,"href":"https:\/\/www.oarcanjo.net\/site\/wp-json\/wp\/v2\/posts\/15717\/revisions"}],"wp:attachment":[{"href":"https:\/\/www.oarcanjo.net\/site\/wp-json\/wp\/v2\/media?parent=15717"}],"wp:term":[{"taxonomy":"category","embeddable":true,"href":"https:\/\/www.oarcanjo.net\/site\/wp-json\/wp\/v2\/categories?post=15717"},{"taxonomy":"post_tag","embeddable":true,"href":"https:\/\/www.oarcanjo.net\/site\/wp-json\/wp\/v2\/tags?post=15717"}],"curies":[{"name":"wp","href":"https:\/\/api.w.org\/{rel}","templated":true}]}}