
{"id":15723,"date":"2011-10-14T20:13:23","date_gmt":"2011-10-14T23:13:23","guid":{"rendered":"http:\/\/www.oarcanjo.net\/site\/?p=15723"},"modified":"2011-10-17T22:07:47","modified_gmt":"2011-10-18T00:07:47","slug":"entrega-dos-crachas-aos-dirigentes-do-1-e-c-c-da-sao-miguel","status":"publish","type":"post","link":"https:\/\/www.oarcanjo.net\/site\/entrega-dos-crachas-aos-dirigentes-do-1-e-c-c-da-sao-miguel\/","title":{"rendered":"Entrega dos Crach\u00e1s aos dirigentes do 1\u00ba E.C.C. da S\u00e3o Miguel"},"content":{"rendered":"<div id=\"attachment_15726\" style=\"width: 310px\" class=\"wp-caption alignleft\"><a href=\"http:\/\/www.oarcanjo.net\/site\/wp-content\/uploads\/DSC015231.jpg\"><br \/>\n<img loading=\"lazy\" decoding=\"async\" aria-describedby=\"caption-attachment-15726\" class=\"size-medium wp-image-15726\" title=\"Pe. J\u00falio com a Imagem de Nossa Senhora Menina\" src=\"http:\/\/www.oarcanjo.net\/site\/wp-content\/uploads\/DSC015231-300x225.jpg\" alt=\"\" width=\"300\" height=\"225\" srcset=\"https:\/\/www.oarcanjo.net\/site\/wp-content\/uploads\/DSC015231-300x225.jpg 300w, https:\/\/www.oarcanjo.net\/site\/wp-content\/uploads\/DSC015231.jpg 640w\" sizes=\"(max-width: 300px) 100vw, 300px\" \/><\/a><p id=\"caption-attachment-15726\" class=\"wp-caption-text\">Pe. J\u00falio com a Imagem de Nossa Senhora Menina<\/p><\/div>\n<p style=\"text-align: justify;\">Na noite do dia 08, dia de Nossa Sra. Menina, o Pe. J\u00falio\u00a0aben\u00e7oou\u00a0e fez a entrega dos crach\u00e1s aos dirigentes do <strong>1\u00ba E.C.C. &#8211; Encontro de Casais com Cristo<\/strong> da Par\u00f3quia S\u00e3o Miguel Arcanjo que ser\u00e1 realizado nos dias <strong>18, 19 e 20 de novembro<\/strong>. Vale lembrar que todos os casais est\u00e3o convidados para este Encontro, que \u00e9 um movimento oficial de nossa Igreja e que, quem j\u00e1 fez, sabe como \u00e9 gratificante participar. Mais informa\u00e7\u00f5es de como participar com o casais Oct\u00e1vio e Noeli e Alexandre Leone e Ang\u00e9lica.<\/p>\n<p>&nbsp;<\/p>\n<div id=\"attachment_15733\" style=\"width: 310px\" class=\"wp-caption alignleft\"><a href=\"http:\/\/www.oarcanjo.net\/site\/wp-content\/uploads\/DSC015091.jpg\"><img loading=\"lazy\" decoding=\"async\" aria-describedby=\"caption-attachment-15733\" class=\"size-medium wp-image-15733\" title=\"Alexandre Leone e Ang\u00e9lica - Casal P\u00f3s Encontro\" src=\"http:\/\/www.oarcanjo.net\/site\/wp-content\/uploads\/DSC015091-300x225.jpg\" alt=\"\" width=\"300\" height=\"225\" srcset=\"https:\/\/www.oarcanjo.net\/site\/wp-content\/uploads\/DSC015091-300x225.jpg 300w, https:\/\/www.oarcanjo.net\/site\/wp-content\/uploads\/DSC015091.jpg 640w\" sizes=\"(max-width: 300px) 100vw, 300px\" \/><\/a><p id=\"caption-attachment-15733\" class=\"wp-caption-text\">Alexandre Leone e Ang\u00e9lica - Casal P\u00f3s Encontro<\/p><\/div>\n<div id=\"attachment_15734\" style=\"width: 310px\" class=\"wp-caption alignnone\"><a href=\"http:\/\/www.oarcanjo.net\/site\/wp-content\/uploads\/DSC01510.jpg\"><img loading=\"lazy\" decoding=\"async\" aria-describedby=\"caption-attachment-15734\" class=\"size-medium wp-image-15734\" title=\"M\u00e1rio e Andr\u00e9a - Casal Montagem\" src=\"http:\/\/www.oarcanjo.net\/site\/wp-content\/uploads\/DSC01510-300x225.jpg\" alt=\"\" width=\"300\" height=\"225\" srcset=\"https:\/\/www.oarcanjo.net\/site\/wp-content\/uploads\/DSC01510-300x225.jpg 300w, https:\/\/www.oarcanjo.net\/site\/wp-content\/uploads\/DSC01510.jpg 640w\" sizes=\"(max-width: 300px) 100vw, 300px\" \/><\/a><p id=\"caption-attachment-15734\" class=\"wp-caption-text\">M\u00e1rio e Andr\u00e9a - Casal Montagem<\/p><\/div>\n<div id=\"attachment_15736\" style=\"width: 310px\" class=\"wp-caption alignnone\"><a href=\"http:\/\/www.oarcanjo.net\/site\/wp-content\/uploads\/DSC01512.jpg\"><img loading=\"lazy\" decoding=\"async\" aria-describedby=\"caption-attachment-15736\" class=\"size-medium wp-image-15736\" title=\"Alexandre Nunes e Alessandra - Casal Finan\u00e7as\" src=\"http:\/\/www.oarcanjo.net\/site\/wp-content\/uploads\/DSC01512-300x279.jpg\" alt=\"\" width=\"300\" height=\"279\" srcset=\"https:\/\/www.oarcanjo.net\/site\/wp-content\/uploads\/DSC01512-300x279.jpg 300w, https:\/\/www.oarcanjo.net\/site\/wp-content\/uploads\/DSC01512.jpg 515w\" sizes=\"(max-width: 300px) 100vw, 300px\" \/><\/a><p id=\"caption-attachment-15736\" class=\"wp-caption-text\">Alexandre Nunes e Alessandra - Casal Finan\u00e7as<\/p><\/div>\n<div id=\"attachment_15738\" style=\"width: 310px\" class=\"wp-caption alignnone\"><a href=\"http:\/\/www.oarcanjo.net\/site\/wp-content\/uploads\/DSC01515.jpg\"><img loading=\"lazy\" decoding=\"async\" aria-describedby=\"caption-attachment-15738\" class=\"size-medium wp-image-15738\" title=\"Ot\u00e1vio e Noeli - Casal Fichas\" src=\"http:\/\/www.oarcanjo.net\/site\/wp-content\/uploads\/DSC01515-300x225.jpg\" alt=\"\" width=\"300\" height=\"225\" srcset=\"https:\/\/www.oarcanjo.net\/site\/wp-content\/uploads\/DSC01515-300x225.jpg 300w, https:\/\/www.oarcanjo.net\/site\/wp-content\/uploads\/DSC01515.jpg 640w\" sizes=\"(max-width: 300px) 100vw, 300px\" \/><\/a><p id=\"caption-attachment-15738\" class=\"wp-caption-text\">Oct\u00e1vio e Noeli - Casal Fichas<\/p><\/div>\n<div id=\"attachment_15739\" style=\"width: 310px\" class=\"wp-caption alignnone\"><a href=\"http:\/\/www.oarcanjo.net\/site\/wp-content\/uploads\/DSC01511.jpg\"><img loading=\"lazy\" decoding=\"async\" aria-describedby=\"caption-attachment-15739\" class=\"size-medium wp-image-15739 \" title=\"V\u00e1lter e Everi - Casal Palestra\" src=\"http:\/\/www.oarcanjo.net\/site\/wp-content\/uploads\/DSC01511-300x225.jpg\" alt=\"\" width=\"300\" height=\"225\" srcset=\"https:\/\/www.oarcanjo.net\/site\/wp-content\/uploads\/DSC01511-300x225.jpg 300w, https:\/\/www.oarcanjo.net\/site\/wp-content\/uploads\/DSC01511.jpg 640w\" sizes=\"(max-width: 300px) 100vw, 300px\" \/><\/a><p id=\"caption-attachment-15739\" class=\"wp-caption-text\">V\u00e1lter e Everi - Casal Palestra<\/p><\/div>\n<div class=\"mceTemp\" style=\"text-align: center;\"><span style=\"font-size: 11px; line-height: 17px;\"><br \/>\n<\/span><\/div>\n<div id=\"themify_builder_content-15723\" data-postid=\"15723\" class=\"themify_builder_content themify_builder_content-15723 themify_builder themify_builder_front\">\n\t<\/div>\n<!-- \/themify_builder_content -->","protected":false},"excerpt":{"rendered":"<p>Na noite do dia 08, dia de Nossa Sra. Menina, o Pe. J\u00falio\u00a0aben\u00e7oou\u00a0e fez a entrega dos crach\u00e1s aos dirigentes do 1\u00ba E.C.C. &#8211; Encontro de Casais com Cristo da Par\u00f3quia S\u00e3o Miguel Arcanjo que ser\u00e1 realizado nos dias 18, 19 e 20 de novembro. Vale lembrar que todos os casais est\u00e3o convidados para este [&hellip;]<\/p>\n","protected":false},"author":15,"featured_media":0,"comment_status":"open","ping_status":"open","sticky":false,"template":"","format":"standard","meta":{"ngg_post_thumbnail":0,"footnotes":""},"categories":[8],"tags":[2059],"yoast_head":"<!-- This site is optimized with the Yoast SEO plugin v23.5 - https:\/\/yoast.com\/wordpress\/plugins\/seo\/ -->\n<title>Entrega dos Crach\u00e1s aos dirigentes do 1\u00ba E.C.C. da S\u00e3o Miguel - O Arcanjo no ar<\/title>\n<meta name=\"robots\" content=\"index, follow, max-snippet:-1, max-image-preview:large, max-video-preview:-1\" \/>\n<link rel=\"canonical\" href=\"https:\/\/www.oarcanjo.net\/site\/entrega-dos-crachas-aos-dirigentes-do-1-e-c-c-da-sao-miguel\/\" \/>\n<meta property=\"og:locale\" content=\"pt_BR\" \/>\n<meta property=\"og:type\" content=\"article\" \/>\n<meta property=\"og:title\" content=\"Entrega dos Crach\u00e1s aos dirigentes do 1\u00ba E.C.C. da S\u00e3o Miguel - O Arcanjo no ar\" \/>\n<meta property=\"og:description\" content=\"Na noite do dia 08, dia de Nossa Sra. Menina, o Pe. J\u00falio\u00a0aben\u00e7oou\u00a0e fez a entrega dos crach\u00e1s aos dirigentes do 1\u00ba E.C.C. &#8211; Encontro de Casais com Cristo da Par\u00f3quia S\u00e3o Miguel Arcanjo que ser\u00e1 realizado nos dias 18, 19 e 20 de novembro. Vale lembrar que todos os casais est\u00e3o convidados para este [&hellip;]\" \/>\n<meta property=\"og:url\" content=\"https:\/\/www.oarcanjo.net\/site\/entrega-dos-crachas-aos-dirigentes-do-1-e-c-c-da-sao-miguel\/\" \/>\n<meta property=\"og:site_name\" content=\"O Arcanjo no ar\" \/>\n<meta property=\"article:publisher\" content=\"https:\/\/www.facebook.com\/OArcanjoNoAr\/\" \/>\n<meta property=\"article:published_time\" content=\"2011-10-14T23:13:23+00:00\" \/>\n<meta property=\"article:modified_time\" content=\"2011-10-18T00:07:47+00:00\" \/>\n<meta property=\"og:image\" content=\"http:\/\/www.oarcanjo.net\/site\/wp-content\/uploads\/DSC015231-300x225.jpg\" \/>\n<meta name=\"author\" content=\"Alexandre Nunes\" \/>\n<meta name=\"twitter:card\" content=\"summary_large_image\" \/>\n<meta name=\"twitter:label1\" content=\"Escrito por\" \/>\n\t<meta name=\"twitter:data1\" content=\"Alexandre Nunes\" \/>\n\t<meta name=\"twitter:label2\" content=\"Est. tempo de leitura\" \/>\n\t<meta name=\"twitter:data2\" content=\"1 minuto\" \/>\n<script type=\"application\/ld+json\" class=\"yoast-schema-graph\">{\"@context\":\"https:\/\/schema.org\",\"@graph\":[{\"@type\":\"Article\",\"@id\":\"https:\/\/www.oarcanjo.net\/site\/entrega-dos-crachas-aos-dirigentes-do-1-e-c-c-da-sao-miguel\/#article\",\"isPartOf\":{\"@id\":\"https:\/\/www.oarcanjo.net\/site\/entrega-dos-crachas-aos-dirigentes-do-1-e-c-c-da-sao-miguel\/\"},\"author\":{\"name\":\"Alexandre Nunes\",\"@id\":\"https:\/\/www.oarcanjo.net\/site\/#\/schema\/person\/0a2ae077c1a09b69d29928e3b9f1c0d1\"},\"headline\":\"Entrega dos Crach\u00e1s aos dirigentes do 1\u00ba E.C.C. da S\u00e3o Miguel\",\"datePublished\":\"2011-10-14T23:13:23+00:00\",\"dateModified\":\"2011-10-18T00:07:47+00:00\",\"mainEntityOfPage\":{\"@id\":\"https:\/\/www.oarcanjo.net\/site\/entrega-dos-crachas-aos-dirigentes-do-1-e-c-c-da-sao-miguel\/\"},\"wordCount\":209,\"commentCount\":0,\"publisher\":{\"@id\":\"https:\/\/www.oarcanjo.net\/site\/#organization\"},\"image\":{\"@id\":\"https:\/\/www.oarcanjo.net\/site\/entrega-dos-crachas-aos-dirigentes-do-1-e-c-c-da-sao-miguel\/#primaryimage\"},\"thumbnailUrl\":\"http:\/\/www.oarcanjo.net\/site\/wp-content\/uploads\/DSC015231-300x225.jpg\",\"keywords\":[\"E.C.C.\"],\"articleSection\":[\"Not\u00edcias\"],\"inLanguage\":\"pt-BR\",\"potentialAction\":[{\"@type\":\"CommentAction\",\"name\":\"Comment\",\"target\":[\"https:\/\/www.oarcanjo.net\/site\/entrega-dos-crachas-aos-dirigentes-do-1-e-c-c-da-sao-miguel\/#respond\"]}]},{\"@type\":\"WebPage\",\"@id\":\"https:\/\/www.oarcanjo.net\/site\/entrega-dos-crachas-aos-dirigentes-do-1-e-c-c-da-sao-miguel\/\",\"url\":\"https:\/\/www.oarcanjo.net\/site\/entrega-dos-crachas-aos-dirigentes-do-1-e-c-c-da-sao-miguel\/\",\"name\":\"Entrega dos Crach\u00e1s aos dirigentes do 1\u00ba E.C.C. da S\u00e3o Miguel - O Arcanjo no ar\",\"isPartOf\":{\"@id\":\"https:\/\/www.oarcanjo.net\/site\/#website\"},\"primaryImageOfPage\":{\"@id\":\"https:\/\/www.oarcanjo.net\/site\/entrega-dos-crachas-aos-dirigentes-do-1-e-c-c-da-sao-miguel\/#primaryimage\"},\"image\":{\"@id\":\"https:\/\/www.oarcanjo.net\/site\/entrega-dos-crachas-aos-dirigentes-do-1-e-c-c-da-sao-miguel\/#primaryimage\"},\"thumbnailUrl\":\"http:\/\/www.oarcanjo.net\/site\/wp-content\/uploads\/DSC015231-300x225.jpg\",\"datePublished\":\"2011-10-14T23:13:23+00:00\",\"dateModified\":\"2011-10-18T00:07:47+00:00\",\"breadcrumb\":{\"@id\":\"https:\/\/www.oarcanjo.net\/site\/entrega-dos-crachas-aos-dirigentes-do-1-e-c-c-da-sao-miguel\/#breadcrumb\"},\"inLanguage\":\"pt-BR\",\"potentialAction\":[{\"@type\":\"ReadAction\",\"target\":[\"https:\/\/www.oarcanjo.net\/site\/entrega-dos-crachas-aos-dirigentes-do-1-e-c-c-da-sao-miguel\/\"]}]},{\"@type\":\"ImageObject\",\"inLanguage\":\"pt-BR\",\"@id\":\"https:\/\/www.oarcanjo.net\/site\/entrega-dos-crachas-aos-dirigentes-do-1-e-c-c-da-sao-miguel\/#primaryimage\",\"url\":\"https:\/\/www.oarcanjo.net\/site\/wp-content\/uploads\/DSC015231.jpg\",\"contentUrl\":\"https:\/\/www.oarcanjo.net\/site\/wp-content\/uploads\/DSC015231.jpg\",\"width\":\"640\",\"height\":\"480\",\"caption\":\"Pe. J\u00falio com a Imagem de Nossa Senhora Menina\"},{\"@type\":\"BreadcrumbList\",\"@id\":\"https:\/\/www.oarcanjo.net\/site\/entrega-dos-crachas-aos-dirigentes-do-1-e-c-c-da-sao-miguel\/#breadcrumb\",\"itemListElement\":[{\"@type\":\"ListItem\",\"position\":1,\"name\":\"In\u00edcio\",\"item\":\"https:\/\/www.oarcanjo.net\/site\/\"},{\"@type\":\"ListItem\",\"position\":2,\"name\":\"Entrega dos Crach\u00e1s aos dirigentes do 1\u00ba E.C.C. da S\u00e3o Miguel\"}]},{\"@type\":\"WebSite\",\"@id\":\"https:\/\/www.oarcanjo.net\/site\/#website\",\"url\":\"https:\/\/www.oarcanjo.net\/site\/\",\"name\":\"O Arcanjo no ar\",\"description\":\"Site da Par\u00f3quia S\u00e3o Miguel Arcanjo (Arquidiocese de SP)\",\"publisher\":{\"@id\":\"https:\/\/www.oarcanjo.net\/site\/#organization\"},\"potentialAction\":[{\"@type\":\"SearchAction\",\"target\":{\"@type\":\"EntryPoint\",\"urlTemplate\":\"https:\/\/www.oarcanjo.net\/site\/?s={search_term_string}\"},\"query-input\":{\"@type\":\"PropertyValueSpecification\",\"valueRequired\":true,\"valueName\":\"search_term_string\"}}],\"inLanguage\":\"pt-BR\"},{\"@type\":\"Organization\",\"@id\":\"https:\/\/www.oarcanjo.net\/site\/#organization\",\"name\":\"Par\u00f3quia S\u00e3o Miguel Arcanjo\",\"url\":\"https:\/\/www.oarcanjo.net\/site\/\",\"logo\":{\"@type\":\"ImageObject\",\"inLanguage\":\"pt-BR\",\"@id\":\"https:\/\/www.oarcanjo.net\/site\/#\/schema\/logo\/image\/\",\"url\":\"https:\/\/www.oarcanjo.net\/site\/wp-content\/uploads\/LogoOArcanjo.png\",\"contentUrl\":\"https:\/\/www.oarcanjo.net\/site\/wp-content\/uploads\/LogoOArcanjo.png\",\"width\":319,\"height\":99,\"caption\":\"Par\u00f3quia S\u00e3o Miguel Arcanjo\"},\"image\":{\"@id\":\"https:\/\/www.oarcanjo.net\/site\/#\/schema\/logo\/image\/\"},\"sameAs\":[\"https:\/\/www.facebook.com\/OArcanjoNoAr\/\"]},{\"@type\":\"Person\",\"@id\":\"https:\/\/www.oarcanjo.net\/site\/#\/schema\/person\/0a2ae077c1a09b69d29928e3b9f1c0d1\",\"name\":\"Alexandre Nunes\",\"sameAs\":[\"http:\/\/alexandrenu.com\"]}]}<\/script>\n<!-- \/ Yoast SEO plugin. -->","yoast_head_json":{"title":"Entrega dos Crach\u00e1s aos dirigentes do 1\u00ba E.C.C. da S\u00e3o Miguel - O Arcanjo no ar","robots":{"index":"index","follow":"follow","max-snippet":"max-snippet:-1","max-image-preview":"max-image-preview:large","max-video-preview":"max-video-preview:-1"},"canonical":"https:\/\/www.oarcanjo.net\/site\/entrega-dos-crachas-aos-dirigentes-do-1-e-c-c-da-sao-miguel\/","og_locale":"pt_BR","og_type":"article","og_title":"Entrega dos Crach\u00e1s aos dirigentes do 1\u00ba E.C.C. da S\u00e3o Miguel - O Arcanjo no ar","og_description":"Na noite do dia 08, dia de Nossa Sra. Menina, o Pe. J\u00falio\u00a0aben\u00e7oou\u00a0e fez a entrega dos crach\u00e1s aos dirigentes do 1\u00ba E.C.C. &#8211; Encontro de Casais com Cristo da Par\u00f3quia S\u00e3o Miguel Arcanjo que ser\u00e1 realizado nos dias 18, 19 e 20 de novembro. Vale lembrar que todos os casais est\u00e3o convidados para este [&hellip;]","og_url":"https:\/\/www.oarcanjo.net\/site\/entrega-dos-crachas-aos-dirigentes-do-1-e-c-c-da-sao-miguel\/","og_site_name":"O Arcanjo no ar","article_publisher":"https:\/\/www.facebook.com\/OArcanjoNoAr\/","article_published_time":"2011-10-14T23:13:23+00:00","article_modified_time":"2011-10-18T00:07:47+00:00","og_image":[{"url":"http:\/\/www.oarcanjo.net\/site\/wp-content\/uploads\/DSC015231-300x225.jpg"}],"author":"Alexandre Nunes","twitter_card":"summary_large_image","twitter_misc":{"Escrito por":"Alexandre Nunes","Est. tempo de leitura":"1 minuto"},"schema":{"@context":"https:\/\/schema.org","@graph":[{"@type":"Article","@id":"https:\/\/www.oarcanjo.net\/site\/entrega-dos-crachas-aos-dirigentes-do-1-e-c-c-da-sao-miguel\/#article","isPartOf":{"@id":"https:\/\/www.oarcanjo.net\/site\/entrega-dos-crachas-aos-dirigentes-do-1-e-c-c-da-sao-miguel\/"},"author":{"name":"Alexandre Nunes","@id":"https:\/\/www.oarcanjo.net\/site\/#\/schema\/person\/0a2ae077c1a09b69d29928e3b9f1c0d1"},"headline":"Entrega dos Crach\u00e1s aos dirigentes do 1\u00ba E.C.C. da S\u00e3o Miguel","datePublished":"2011-10-14T23:13:23+00:00","dateModified":"2011-10-18T00:07:47+00:00","mainEntityOfPage":{"@id":"https:\/\/www.oarcanjo.net\/site\/entrega-dos-crachas-aos-dirigentes-do-1-e-c-c-da-sao-miguel\/"},"wordCount":209,"commentCount":0,"publisher":{"@id":"https:\/\/www.oarcanjo.net\/site\/#organization"},"image":{"@id":"https:\/\/www.oarcanjo.net\/site\/entrega-dos-crachas-aos-dirigentes-do-1-e-c-c-da-sao-miguel\/#primaryimage"},"thumbnailUrl":"http:\/\/www.oarcanjo.net\/site\/wp-content\/uploads\/DSC015231-300x225.jpg","keywords":["E.C.C."],"articleSection":["Not\u00edcias"],"inLanguage":"pt-BR","potentialAction":[{"@type":"CommentAction","name":"Comment","target":["https:\/\/www.oarcanjo.net\/site\/entrega-dos-crachas-aos-dirigentes-do-1-e-c-c-da-sao-miguel\/#respond"]}]},{"@type":"WebPage","@id":"https:\/\/www.oarcanjo.net\/site\/entrega-dos-crachas-aos-dirigentes-do-1-e-c-c-da-sao-miguel\/","url":"https:\/\/www.oarcanjo.net\/site\/entrega-dos-crachas-aos-dirigentes-do-1-e-c-c-da-sao-miguel\/","name":"Entrega dos Crach\u00e1s aos dirigentes do 1\u00ba E.C.C. da S\u00e3o Miguel - O Arcanjo no ar","isPartOf":{"@id":"https:\/\/www.oarcanjo.net\/site\/#website"},"primaryImageOfPage":{"@id":"https:\/\/www.oarcanjo.net\/site\/entrega-dos-crachas-aos-dirigentes-do-1-e-c-c-da-sao-miguel\/#primaryimage"},"image":{"@id":"https:\/\/www.oarcanjo.net\/site\/entrega-dos-crachas-aos-dirigentes-do-1-e-c-c-da-sao-miguel\/#primaryimage"},"thumbnailUrl":"http:\/\/www.oarcanjo.net\/site\/wp-content\/uploads\/DSC015231-300x225.jpg","datePublished":"2011-10-14T23:13:23+00:00","dateModified":"2011-10-18T00:07:47+00:00","breadcrumb":{"@id":"https:\/\/www.oarcanjo.net\/site\/entrega-dos-crachas-aos-dirigentes-do-1-e-c-c-da-sao-miguel\/#breadcrumb"},"inLanguage":"pt-BR","potentialAction":[{"@type":"ReadAction","target":["https:\/\/www.oarcanjo.net\/site\/entrega-dos-crachas-aos-dirigentes-do-1-e-c-c-da-sao-miguel\/"]}]},{"@type":"ImageObject","inLanguage":"pt-BR","@id":"https:\/\/www.oarcanjo.net\/site\/entrega-dos-crachas-aos-dirigentes-do-1-e-c-c-da-sao-miguel\/#primaryimage","url":"https:\/\/www.oarcanjo.net\/site\/wp-content\/uploads\/DSC015231.jpg","contentUrl":"https:\/\/www.oarcanjo.net\/site\/wp-content\/uploads\/DSC015231.jpg","width":"640","height":"480","caption":"Pe. J\u00falio com a Imagem de Nossa Senhora Menina"},{"@type":"BreadcrumbList","@id":"https:\/\/www.oarcanjo.net\/site\/entrega-dos-crachas-aos-dirigentes-do-1-e-c-c-da-sao-miguel\/#breadcrumb","itemListElement":[{"@type":"ListItem","position":1,"name":"In\u00edcio","item":"https:\/\/www.oarcanjo.net\/site\/"},{"@type":"ListItem","position":2,"name":"Entrega dos Crach\u00e1s aos dirigentes do 1\u00ba E.C.C. da S\u00e3o Miguel"}]},{"@type":"WebSite","@id":"https:\/\/www.oarcanjo.net\/site\/#website","url":"https:\/\/www.oarcanjo.net\/site\/","name":"O Arcanjo no ar","description":"Site da Par\u00f3quia S\u00e3o Miguel Arcanjo (Arquidiocese de SP)","publisher":{"@id":"https:\/\/www.oarcanjo.net\/site\/#organization"},"potentialAction":[{"@type":"SearchAction","target":{"@type":"EntryPoint","urlTemplate":"https:\/\/www.oarcanjo.net\/site\/?s={search_term_string}"},"query-input":{"@type":"PropertyValueSpecification","valueRequired":true,"valueName":"search_term_string"}}],"inLanguage":"pt-BR"},{"@type":"Organization","@id":"https:\/\/www.oarcanjo.net\/site\/#organization","name":"Par\u00f3quia S\u00e3o Miguel Arcanjo","url":"https:\/\/www.oarcanjo.net\/site\/","logo":{"@type":"ImageObject","inLanguage":"pt-BR","@id":"https:\/\/www.oarcanjo.net\/site\/#\/schema\/logo\/image\/","url":"https:\/\/www.oarcanjo.net\/site\/wp-content\/uploads\/LogoOArcanjo.png","contentUrl":"https:\/\/www.oarcanjo.net\/site\/wp-content\/uploads\/LogoOArcanjo.png","width":319,"height":99,"caption":"Par\u00f3quia S\u00e3o Miguel Arcanjo"},"image":{"@id":"https:\/\/www.oarcanjo.net\/site\/#\/schema\/logo\/image\/"},"sameAs":["https:\/\/www.facebook.com\/OArcanjoNoAr\/"]},{"@type":"Person","@id":"https:\/\/www.oarcanjo.net\/site\/#\/schema\/person\/0a2ae077c1a09b69d29928e3b9f1c0d1","name":"Alexandre Nunes","sameAs":["http:\/\/alexandrenu.com"]}]}},"publishpress_future_action":{"enabled":false,"date":"2026-05-07 16:05:29","action":"category","newStatus":"draft","terms":[],"taxonomy":"category"},"publishpress_future_workflow_manual_trigger":{"enabledWorkflows":[]},"_links":{"self":[{"href":"https:\/\/www.oarcanjo.net\/site\/wp-json\/wp\/v2\/posts\/15723"}],"collection":[{"href":"https:\/\/www.oarcanjo.net\/site\/wp-json\/wp\/v2\/posts"}],"about":[{"href":"https:\/\/www.oarcanjo.net\/site\/wp-json\/wp\/v2\/types\/post"}],"author":[{"embeddable":true,"href":"https:\/\/www.oarcanjo.net\/site\/wp-json\/wp\/v2\/users\/15"}],"replies":[{"embeddable":true,"href":"https:\/\/www.oarcanjo.net\/site\/wp-json\/wp\/v2\/comments?post=15723"}],"version-history":[{"count":0,"href":"https:\/\/www.oarcanjo.net\/site\/wp-json\/wp\/v2\/posts\/15723\/revisions"}],"wp:attachment":[{"href":"https:\/\/www.oarcanjo.net\/site\/wp-json\/wp\/v2\/media?parent=15723"}],"wp:term":[{"taxonomy":"category","embeddable":true,"href":"https:\/\/www.oarcanjo.net\/site\/wp-json\/wp\/v2\/categories?post=15723"},{"taxonomy":"post_tag","embeddable":true,"href":"https:\/\/www.oarcanjo.net\/site\/wp-json\/wp\/v2\/tags?post=15723"}],"curies":[{"name":"wp","href":"https:\/\/api.w.org\/{rel}","templated":true}]}}