
{"id":15765,"date":"2011-09-11T12:30:19","date_gmt":"2011-09-11T15:30:19","guid":{"rendered":"http:\/\/www.oarcanjo.net\/site\/?p=15765"},"modified":"2014-09-28T22:25:03","modified_gmt":"2014-09-29T01:25:03","slug":"dom-paulo-evaristo-arns-90-anos","status":"publish","type":"post","link":"https:\/\/www.oarcanjo.net\/site\/dom-paulo-evaristo-arns-90-anos\/","title":{"rendered":"Dom Paulo Evaristo Arns, 90 anos"},"content":{"rendered":"<p><a href=\"http:\/\/www.oarcanjo.net\/site\/wp-content\/uploads\/B\u00ean\u00e7\u00e3oDPaulo.png\"><img loading=\"lazy\" decoding=\"async\" class=\"alignnone size-full wp-image-15767\" title=\"B\u00ean\u00e7\u00e3o Dom Paulo Evaristo Arns\" src=\"http:\/\/www.oarcanjo.net\/site\/wp-content\/uploads\/B\u00ean\u00e7\u00e3oDPaulo-e1315754972912.png\" alt=\"\" width=\"560\" height=\"421\" \/><\/a><\/p>\n<p>O franciscano Paulo Evaristo Arns, arcebispo em\u00e9rito de S\u00e3o Paulo, completou 90 anos na quarta-feira, 14 de setembro. O cardeal esteve \u00e0 frente da Arquidiocese de S\u00e3o Paulo de 1970 a 1998. Aposentou-se e desde\u00a02007 leva uma vida retirada, na Congrega\u00e7\u00e3o Franciscana &#8220;Fraternidade Nossa Senhora dos Anjos&#8221;, onde recebe aux\u00edlio de religiosas e religiosos para as atividades cotidianas. Sempre que tem disposi\u00e7\u00e3o mant\u00e9m h\u00e1bitos de leitura, inclusive em outros idiomas, e chega a traduzir textos.\u00a0Nos \u00faltimos anos, optou por uma agenda menos intensa e de raras apari\u00e7\u00f5es p\u00fablicas.<\/p>\n<p>Dom Paulo chegou a S\u00e3o Paulo em meio \u00e0 ditadura. Logo se colocou como autoridade moral contra a viola\u00e7\u00e3o de direitos humanos, com pris\u00f5es arbitr\u00e1rias e tortura, e deu respaldo para que grupos de resist\u00eancia pudessem existir.<\/p>\n<p>Nascido em Forquilinha, em Santa Catarina, no ano de 1921, Dom Paulo foi ordenado padre em 1945. Ap\u00f3s cursar letras na Universidade Sorbonne, na Fran\u00e7a, uma das mais renomadas da Europa, retornou ao Brasil e passou a atuar em Petr\u00f3polis (RJ), na serra fluminense, onde permaneceu durante dez anos. Foi a partir da d\u00e9cada de 1960, em S\u00e3o Paulo, que ganhou proje\u00e7\u00e3o como defensor dos trabalhadores.<\/p>\n<p>O Brasil, al\u00e9m da repress\u00e3o, passava por um momento de intensa migra\u00e7\u00e3o para as cidades, que se inchavam e n\u00e3o davam condi\u00e7\u00f5es dignas de vida \u00e0s massas. Nas periferias, o religioso incentivou a forma\u00e7\u00e3o e o fortalecimento das Comunidades Eclesiais de Base (CEBs), ressaltando a f\u00e9 de que a Igreja Cat\u00f3lica deve ser feita pelo povo, nas ruas, e n\u00e3o apenas nos templos.<\/p>\n<p>Consagrado bispo em 1966, foi elevado a arcebispo de S\u00e3o Paulo em 1970. At\u00e9 1998, permaneceu como principal refer\u00eancia na Arquidiocese paulistana.<\/p>\n<p>Ano passado, ao completar 65 anos de ordena\u00e7\u00e3o sacerdotal, Dom Paulo Evaristo Arns concedeu entrevista ao Pe. Cido Pereira, Vig\u00e1rio Episcopal para a Pastoral da Comunica\u00e7\u00e3o da Arquidiocese de S\u00e3o Paulo. Na grava\u00e7\u00e3o, ele conta como foi a vida de padre, o amor por S\u00e3o Paulo, a op\u00e7\u00e3o que fez pelos pobres e pela periferia, as qualidades que todo padre precisa ter e deixa uma mensagem de esperan\u00e7a:<\/p>\n<div class=\"post-video\"><iframe loading=\"lazy\" width=\"500\" height=\"375\" src=\"http:\/\/www.youtube.com\/embed\/tWErRCRJSvc?rel=0&#038;wmode=transparent&#038;fs=1\" frameborder=\"0\" allowfullscreen><\/iframe><\/div>\n<p><em>(com informa\u00e7\u00f5es da <a title=\"Reportagem sobre D. Paulo na Rede Brasil Atual\" href=\"http:\/\/www.redebrasilatual.com.br\/temas\/cidadania\/2011\/09\/2011\/09\/dom-paulo-evaristo-arns-dispensa-festas-no-aniversario-de-90-anos\" target=\"_blank\">Rede Brasil Atual<\/a>)<\/em><\/p>\n<div id=\"themify_builder_content-15765\" data-postid=\"15765\" class=\"themify_builder_content themify_builder_content-15765 themify_builder themify_builder_front\">\n\t<\/div>\n<!-- \/themify_builder_content -->","protected":false},"excerpt":{"rendered":"<p>O franciscano Paulo Evaristo Arns, arcebispo em\u00e9rito de S\u00e3o Paulo, completou 90 anos na quarta-feira, 14 de setembro. O cardeal esteve \u00e0 frente da Arquidiocese de S\u00e3o Paulo de 1970 a 1998. Aposentou-se e desde\u00a02007 leva uma vida retirada, na Congrega\u00e7\u00e3o Franciscana &#8220;Fraternidade Nossa Senhora dos Anjos&#8221;, onde recebe aux\u00edlio de religiosas e religiosos para [&hellip;]<\/p>\n","protected":false},"author":2,"featured_media":0,"comment_status":"open","ping_status":"open","sticky":false,"template":"","format":"standard","meta":{"ngg_post_thumbnail":0,"footnotes":""},"categories":[914,3,8,280],"tags":[1386,18,360,1554,473],"yoast_head":"<!-- This site is optimized with the Yoast SEO plugin v23.5 - https:\/\/yoast.com\/wordpress\/plugins\/seo\/ -->\n<title>Dom Paulo Evaristo Arns, 90 anos - O Arcanjo no ar<\/title>\n<meta name=\"robots\" content=\"index, follow, max-snippet:-1, max-image-preview:large, max-video-preview:-1\" \/>\n<link rel=\"canonical\" href=\"https:\/\/www.oarcanjo.net\/site\/dom-paulo-evaristo-arns-90-anos\/\" \/>\n<meta property=\"og:locale\" content=\"pt_BR\" \/>\n<meta property=\"og:type\" content=\"article\" \/>\n<meta property=\"og:title\" content=\"Dom Paulo Evaristo Arns, 90 anos - O Arcanjo no ar\" \/>\n<meta property=\"og:description\" content=\"O franciscano Paulo Evaristo Arns, arcebispo em\u00e9rito de S\u00e3o Paulo, completou 90 anos na quarta-feira, 14 de setembro. O cardeal esteve \u00e0 frente da Arquidiocese de S\u00e3o Paulo de 1970 a 1998. Aposentou-se e desde\u00a02007 leva uma vida retirada, na Congrega\u00e7\u00e3o Franciscana &#8220;Fraternidade Nossa Senhora dos Anjos&#8221;, onde recebe aux\u00edlio de religiosas e religiosos para [&hellip;]\" \/>\n<meta property=\"og:url\" content=\"https:\/\/www.oarcanjo.net\/site\/dom-paulo-evaristo-arns-90-anos\/\" \/>\n<meta property=\"og:site_name\" content=\"O Arcanjo no ar\" \/>\n<meta property=\"article:publisher\" content=\"https:\/\/www.facebook.com\/OArcanjoNoAr\/\" \/>\n<meta property=\"article:published_time\" content=\"2011-09-11T15:30:19+00:00\" \/>\n<meta property=\"article:modified_time\" content=\"2014-09-29T01:25:03+00:00\" \/>\n<meta property=\"og:image\" content=\"https:\/\/www.oarcanjo.net\/site\/wp-content\/uploads\/logo-o-arcanjo-no-ar-facebook.png\" \/>\n\t<meta property=\"og:image:width\" content=\"300\" \/>\n\t<meta property=\"og:image:height\" content=\"300\" \/>\n\t<meta property=\"og:image:type\" content=\"image\/png\" \/>\n<meta name=\"author\" content=\"rubens.meyer\" \/>\n<meta name=\"twitter:card\" content=\"summary_large_image\" \/>\n<meta name=\"twitter:label1\" content=\"Escrito por\" \/>\n\t<meta name=\"twitter:data1\" content=\"rubens.meyer\" \/>\n\t<meta name=\"twitter:label2\" content=\"Est. tempo de leitura\" \/>\n\t<meta name=\"twitter:data2\" content=\"2 minutos\" \/>\n<script type=\"application\/ld+json\" class=\"yoast-schema-graph\">{\"@context\":\"https:\/\/schema.org\",\"@graph\":[{\"@type\":\"Article\",\"@id\":\"https:\/\/www.oarcanjo.net\/site\/dom-paulo-evaristo-arns-90-anos\/#article\",\"isPartOf\":{\"@id\":\"https:\/\/www.oarcanjo.net\/site\/dom-paulo-evaristo-arns-90-anos\/\"},\"author\":{\"name\":\"rubens.meyer\",\"@id\":\"https:\/\/www.oarcanjo.net\/site\/#\/schema\/person\/8f702af457b0cfb4ac1a7228ee23f026\"},\"headline\":\"Dom Paulo Evaristo Arns, 90 anos\",\"datePublished\":\"2011-09-11T15:30:19+00:00\",\"dateModified\":\"2014-09-29T01:25:03+00:00\",\"mainEntityOfPage\":{\"@id\":\"https:\/\/www.oarcanjo.net\/site\/dom-paulo-evaristo-arns-90-anos\/\"},\"wordCount\":392,\"commentCount\":0,\"publisher\":{\"@id\":\"https:\/\/www.oarcanjo.net\/site\/#organization\"},\"keywords\":[\"Dom Paulo Evaristo Arns\",\"evangeliza\u00e7\u00e3o\",\"op\u00e7\u00e3o pelos pobres\",\"sacerd\u00f3cio\",\"testemunho\"],\"articleSection\":[\"D. Paulo Evaristo Arns\",\"Destaques\",\"Not\u00edcias\",\"V\u00eddeos\"],\"inLanguage\":\"pt-BR\",\"potentialAction\":[{\"@type\":\"CommentAction\",\"name\":\"Comment\",\"target\":[\"https:\/\/www.oarcanjo.net\/site\/dom-paulo-evaristo-arns-90-anos\/#respond\"]}]},{\"@type\":\"WebPage\",\"@id\":\"https:\/\/www.oarcanjo.net\/site\/dom-paulo-evaristo-arns-90-anos\/\",\"url\":\"https:\/\/www.oarcanjo.net\/site\/dom-paulo-evaristo-arns-90-anos\/\",\"name\":\"Dom Paulo Evaristo Arns, 90 anos - O Arcanjo no ar\",\"isPartOf\":{\"@id\":\"https:\/\/www.oarcanjo.net\/site\/#website\"},\"datePublished\":\"2011-09-11T15:30:19+00:00\",\"dateModified\":\"2014-09-29T01:25:03+00:00\",\"breadcrumb\":{\"@id\":\"https:\/\/www.oarcanjo.net\/site\/dom-paulo-evaristo-arns-90-anos\/#breadcrumb\"},\"inLanguage\":\"pt-BR\",\"potentialAction\":[{\"@type\":\"ReadAction\",\"target\":[\"https:\/\/www.oarcanjo.net\/site\/dom-paulo-evaristo-arns-90-anos\/\"]}]},{\"@type\":\"BreadcrumbList\",\"@id\":\"https:\/\/www.oarcanjo.net\/site\/dom-paulo-evaristo-arns-90-anos\/#breadcrumb\",\"itemListElement\":[{\"@type\":\"ListItem\",\"position\":1,\"name\":\"In\u00edcio\",\"item\":\"https:\/\/www.oarcanjo.net\/site\/\"},{\"@type\":\"ListItem\",\"position\":2,\"name\":\"Dom Paulo Evaristo Arns, 90 anos\"}]},{\"@type\":\"WebSite\",\"@id\":\"https:\/\/www.oarcanjo.net\/site\/#website\",\"url\":\"https:\/\/www.oarcanjo.net\/site\/\",\"name\":\"O Arcanjo no ar\",\"description\":\"Site da Par\u00f3quia S\u00e3o Miguel Arcanjo (Arquidiocese de SP)\",\"publisher\":{\"@id\":\"https:\/\/www.oarcanjo.net\/site\/#organization\"},\"potentialAction\":[{\"@type\":\"SearchAction\",\"target\":{\"@type\":\"EntryPoint\",\"urlTemplate\":\"https:\/\/www.oarcanjo.net\/site\/?s={search_term_string}\"},\"query-input\":{\"@type\":\"PropertyValueSpecification\",\"valueRequired\":true,\"valueName\":\"search_term_string\"}}],\"inLanguage\":\"pt-BR\"},{\"@type\":\"Organization\",\"@id\":\"https:\/\/www.oarcanjo.net\/site\/#organization\",\"name\":\"Par\u00f3quia S\u00e3o Miguel Arcanjo\",\"url\":\"https:\/\/www.oarcanjo.net\/site\/\",\"logo\":{\"@type\":\"ImageObject\",\"inLanguage\":\"pt-BR\",\"@id\":\"https:\/\/www.oarcanjo.net\/site\/#\/schema\/logo\/image\/\",\"url\":\"https:\/\/www.oarcanjo.net\/site\/wp-content\/uploads\/LogoOArcanjo.png\",\"contentUrl\":\"https:\/\/www.oarcanjo.net\/site\/wp-content\/uploads\/LogoOArcanjo.png\",\"width\":319,\"height\":99,\"caption\":\"Par\u00f3quia S\u00e3o Miguel Arcanjo\"},\"image\":{\"@id\":\"https:\/\/www.oarcanjo.net\/site\/#\/schema\/logo\/image\/\"},\"sameAs\":[\"https:\/\/www.facebook.com\/OArcanjoNoAr\/\"]},{\"@type\":\"Person\",\"@id\":\"https:\/\/www.oarcanjo.net\/site\/#\/schema\/person\/8f702af457b0cfb4ac1a7228ee23f026\",\"name\":\"rubens.meyer\"}]}<\/script>\n<!-- \/ Yoast SEO plugin. -->","yoast_head_json":{"title":"Dom Paulo Evaristo Arns, 90 anos - O Arcanjo no ar","robots":{"index":"index","follow":"follow","max-snippet":"max-snippet:-1","max-image-preview":"max-image-preview:large","max-video-preview":"max-video-preview:-1"},"canonical":"https:\/\/www.oarcanjo.net\/site\/dom-paulo-evaristo-arns-90-anos\/","og_locale":"pt_BR","og_type":"article","og_title":"Dom Paulo Evaristo Arns, 90 anos - O Arcanjo no ar","og_description":"O franciscano Paulo Evaristo Arns, arcebispo em\u00e9rito de S\u00e3o Paulo, completou 90 anos na quarta-feira, 14 de setembro. O cardeal esteve \u00e0 frente da Arquidiocese de S\u00e3o Paulo de 1970 a 1998. Aposentou-se e desde\u00a02007 leva uma vida retirada, na Congrega\u00e7\u00e3o Franciscana &#8220;Fraternidade Nossa Senhora dos Anjos&#8221;, onde recebe aux\u00edlio de religiosas e religiosos para [&hellip;]","og_url":"https:\/\/www.oarcanjo.net\/site\/dom-paulo-evaristo-arns-90-anos\/","og_site_name":"O Arcanjo no ar","article_publisher":"https:\/\/www.facebook.com\/OArcanjoNoAr\/","article_published_time":"2011-09-11T15:30:19+00:00","article_modified_time":"2014-09-29T01:25:03+00:00","og_image":[{"width":300,"height":300,"url":"https:\/\/www.oarcanjo.net\/site\/wp-content\/uploads\/logo-o-arcanjo-no-ar-facebook.png","type":"image\/png"}],"author":"rubens.meyer","twitter_card":"summary_large_image","twitter_misc":{"Escrito por":"rubens.meyer","Est. tempo de leitura":"2 minutos"},"schema":{"@context":"https:\/\/schema.org","@graph":[{"@type":"Article","@id":"https:\/\/www.oarcanjo.net\/site\/dom-paulo-evaristo-arns-90-anos\/#article","isPartOf":{"@id":"https:\/\/www.oarcanjo.net\/site\/dom-paulo-evaristo-arns-90-anos\/"},"author":{"name":"rubens.meyer","@id":"https:\/\/www.oarcanjo.net\/site\/#\/schema\/person\/8f702af457b0cfb4ac1a7228ee23f026"},"headline":"Dom Paulo Evaristo Arns, 90 anos","datePublished":"2011-09-11T15:30:19+00:00","dateModified":"2014-09-29T01:25:03+00:00","mainEntityOfPage":{"@id":"https:\/\/www.oarcanjo.net\/site\/dom-paulo-evaristo-arns-90-anos\/"},"wordCount":392,"commentCount":0,"publisher":{"@id":"https:\/\/www.oarcanjo.net\/site\/#organization"},"keywords":["Dom Paulo Evaristo Arns","evangeliza\u00e7\u00e3o","op\u00e7\u00e3o pelos pobres","sacerd\u00f3cio","testemunho"],"articleSection":["D. Paulo Evaristo Arns","Destaques","Not\u00edcias","V\u00eddeos"],"inLanguage":"pt-BR","potentialAction":[{"@type":"CommentAction","name":"Comment","target":["https:\/\/www.oarcanjo.net\/site\/dom-paulo-evaristo-arns-90-anos\/#respond"]}]},{"@type":"WebPage","@id":"https:\/\/www.oarcanjo.net\/site\/dom-paulo-evaristo-arns-90-anos\/","url":"https:\/\/www.oarcanjo.net\/site\/dom-paulo-evaristo-arns-90-anos\/","name":"Dom Paulo Evaristo Arns, 90 anos - O Arcanjo no ar","isPartOf":{"@id":"https:\/\/www.oarcanjo.net\/site\/#website"},"datePublished":"2011-09-11T15:30:19+00:00","dateModified":"2014-09-29T01:25:03+00:00","breadcrumb":{"@id":"https:\/\/www.oarcanjo.net\/site\/dom-paulo-evaristo-arns-90-anos\/#breadcrumb"},"inLanguage":"pt-BR","potentialAction":[{"@type":"ReadAction","target":["https:\/\/www.oarcanjo.net\/site\/dom-paulo-evaristo-arns-90-anos\/"]}]},{"@type":"BreadcrumbList","@id":"https:\/\/www.oarcanjo.net\/site\/dom-paulo-evaristo-arns-90-anos\/#breadcrumb","itemListElement":[{"@type":"ListItem","position":1,"name":"In\u00edcio","item":"https:\/\/www.oarcanjo.net\/site\/"},{"@type":"ListItem","position":2,"name":"Dom Paulo Evaristo Arns, 90 anos"}]},{"@type":"WebSite","@id":"https:\/\/www.oarcanjo.net\/site\/#website","url":"https:\/\/www.oarcanjo.net\/site\/","name":"O Arcanjo no ar","description":"Site da Par\u00f3quia S\u00e3o Miguel Arcanjo (Arquidiocese de SP)","publisher":{"@id":"https:\/\/www.oarcanjo.net\/site\/#organization"},"potentialAction":[{"@type":"SearchAction","target":{"@type":"EntryPoint","urlTemplate":"https:\/\/www.oarcanjo.net\/site\/?s={search_term_string}"},"query-input":{"@type":"PropertyValueSpecification","valueRequired":true,"valueName":"search_term_string"}}],"inLanguage":"pt-BR"},{"@type":"Organization","@id":"https:\/\/www.oarcanjo.net\/site\/#organization","name":"Par\u00f3quia S\u00e3o Miguel Arcanjo","url":"https:\/\/www.oarcanjo.net\/site\/","logo":{"@type":"ImageObject","inLanguage":"pt-BR","@id":"https:\/\/www.oarcanjo.net\/site\/#\/schema\/logo\/image\/","url":"https:\/\/www.oarcanjo.net\/site\/wp-content\/uploads\/LogoOArcanjo.png","contentUrl":"https:\/\/www.oarcanjo.net\/site\/wp-content\/uploads\/LogoOArcanjo.png","width":319,"height":99,"caption":"Par\u00f3quia S\u00e3o Miguel Arcanjo"},"image":{"@id":"https:\/\/www.oarcanjo.net\/site\/#\/schema\/logo\/image\/"},"sameAs":["https:\/\/www.facebook.com\/OArcanjoNoAr\/"]},{"@type":"Person","@id":"https:\/\/www.oarcanjo.net\/site\/#\/schema\/person\/8f702af457b0cfb4ac1a7228ee23f026","name":"rubens.meyer"}]}},"publishpress_future_action":{"enabled":false,"date":"2026-05-09 07:23:55","action":"category","newStatus":"draft","terms":[],"taxonomy":"category"},"publishpress_future_workflow_manual_trigger":{"enabledWorkflows":[]},"_links":{"self":[{"href":"https:\/\/www.oarcanjo.net\/site\/wp-json\/wp\/v2\/posts\/15765"}],"collection":[{"href":"https:\/\/www.oarcanjo.net\/site\/wp-json\/wp\/v2\/posts"}],"about":[{"href":"https:\/\/www.oarcanjo.net\/site\/wp-json\/wp\/v2\/types\/post"}],"author":[{"embeddable":true,"href":"https:\/\/www.oarcanjo.net\/site\/wp-json\/wp\/v2\/users\/2"}],"replies":[{"embeddable":true,"href":"https:\/\/www.oarcanjo.net\/site\/wp-json\/wp\/v2\/comments?post=15765"}],"version-history":[{"count":0,"href":"https:\/\/www.oarcanjo.net\/site\/wp-json\/wp\/v2\/posts\/15765\/revisions"}],"wp:attachment":[{"href":"https:\/\/www.oarcanjo.net\/site\/wp-json\/wp\/v2\/media?parent=15765"}],"wp:term":[{"taxonomy":"category","embeddable":true,"href":"https:\/\/www.oarcanjo.net\/site\/wp-json\/wp\/v2\/categories?post=15765"},{"taxonomy":"post_tag","embeddable":true,"href":"https:\/\/www.oarcanjo.net\/site\/wp-json\/wp\/v2\/tags?post=15765"}],"curies":[{"name":"wp","href":"https:\/\/api.w.org\/{rel}","templated":true}]}}