
{"id":15773,"date":"2011-09-11T15:13:54","date_gmt":"2011-09-11T18:13:54","guid":{"rendered":"http:\/\/www.oarcanjo.net\/site\/?p=15773"},"modified":"2011-09-11T22:01:13","modified_gmt":"2011-09-12T01:01:13","slug":"visitante-de-angola-participa-da-campanha-solidariedade-africa","status":"publish","type":"post","link":"https:\/\/www.oarcanjo.net\/site\/visitante-de-angola-participa-da-campanha-solidariedade-africa\/","title":{"rendered":"Visitante de Angola participa da Campanha Solidariedade \u00c1frica"},"content":{"rendered":"<p style=\"text-align: justify;\">Neste domingo, 11\/09\/11, o Paderson, visitante de Angola tamb\u00e9m levou um cofrinho para colaborar com a campanha &#8220;Solidariedade \u00c1frica&#8221;, \u00a0em favor dos irm\u00e3os da Eti\u00f3pia, Som\u00e1lia, Eritr\u00e9ia e de outros pa\u00edses da \u00c1frica.<\/p>\n<p style=\"text-align: justify;\">Na ajuda ao Povo da \u00c1frica, o Paderson, que veio de Luanda (Camama I), disse na Capela da Universidade S\u00e3o Judas sim para a Campanha e tamb\u00e9m pegou seu cofrinho. Ir\u00e1 juntar moedas para os irm\u00e3os do outro lado do Atl\u00e2ntico que est\u00e3o passando dificuldades. Ele veio ao Brasil para estudar e depois de formado retornar\u00e1 para Angola.<\/p>\n<p style=\"text-align: justify;\">O Padre J\u00falio acentuou que a entrega dos cofrinhos constitui um gesto de amor de nossas crian\u00e7as e adolescentes para a solidariedade, que \u00a0n\u00e3o t\u00eam fronteiras. A campanha nos diz que \u00e9 preciso e educar nossas crian\u00e7as, \u00a0que a solidariedade deve ir al\u00e9m das fronteiras, al\u00e9m da realidade que presenciamos em nosso Brasil.<\/p>\n<p style=\"text-align: justify;\">Fotos por Carlos Alberto Beatriz<\/p>\n<p><a href=\"http:\/\/www.oarcanjo.net\/site\/wp-content\/uploads\/01.jpg\"><img loading=\"lazy\" decoding=\"async\" class=\"alignright size-medium wp-image-15774\" title=\"01\" src=\"http:\/\/www.oarcanjo.net\/site\/wp-content\/uploads\/01-300x224.jpg\" alt=\"\" width=\"300\" height=\"224\" srcset=\"https:\/\/www.oarcanjo.net\/site\/wp-content\/uploads\/01-300x224.jpg 300w, https:\/\/www.oarcanjo.net\/site\/wp-content\/uploads\/01.jpg 575w\" sizes=\"(max-width: 300px) 100vw, 300px\" \/><\/a><\/p>\n<p><a href=\"http:\/\/www.oarcanjo.net\/site\/wp-content\/uploads\/05.jpg\"><img loading=\"lazy\" decoding=\"async\" class=\"alignleft size-medium wp-image-15775\" title=\"05\" src=\"http:\/\/www.oarcanjo.net\/site\/wp-content\/uploads\/05-300x224.jpg\" alt=\"\" width=\"300\" height=\"224\" srcset=\"https:\/\/www.oarcanjo.net\/site\/wp-content\/uploads\/05-300x224.jpg 300w, https:\/\/www.oarcanjo.net\/site\/wp-content\/uploads\/05.jpg 575w\" sizes=\"(max-width: 300px) 100vw, 300px\" \/><\/a><\/p>\n<div id=\"themify_builder_content-15773\" data-postid=\"15773\" class=\"themify_builder_content themify_builder_content-15773 themify_builder themify_builder_front\">\n\t<\/div>\n<!-- \/themify_builder_content -->","protected":false},"excerpt":{"rendered":"<p>Neste domingo, 11\/09\/11, o Paderson, visitante de Angola tamb\u00e9m levou um cofrinho para colaborar com a campanha &#8220;Solidariedade \u00c1frica&#8221;, \u00a0em favor dos irm\u00e3os da Eti\u00f3pia, Som\u00e1lia, Eritr\u00e9ia e de outros pa\u00edses da \u00c1frica. Na ajuda ao Povo da \u00c1frica, o Paderson, que veio de Luanda (Camama I), disse na Capela da Universidade S\u00e3o Judas sim [&hellip;]<\/p>\n","protected":false},"author":10,"featured_media":0,"comment_status":"open","ping_status":"open","sticky":false,"template":"","format":"standard","meta":{"ngg_post_thumbnail":0,"footnotes":""},"categories":[8,7],"tags":[],"yoast_head":"<!-- This site is optimized with the Yoast SEO plugin v23.5 - https:\/\/yoast.com\/wordpress\/plugins\/seo\/ -->\n<title>Visitante de Angola participa da Campanha Solidariedade \u00c1frica - O Arcanjo no ar<\/title>\n<meta name=\"robots\" content=\"index, follow, max-snippet:-1, max-image-preview:large, max-video-preview:-1\" \/>\n<link rel=\"canonical\" href=\"https:\/\/www.oarcanjo.net\/site\/visitante-de-angola-participa-da-campanha-solidariedade-africa\/\" \/>\n<meta property=\"og:locale\" content=\"pt_BR\" \/>\n<meta property=\"og:type\" content=\"article\" \/>\n<meta property=\"og:title\" content=\"Visitante de Angola participa da Campanha Solidariedade \u00c1frica - O Arcanjo no ar\" \/>\n<meta property=\"og:description\" content=\"Neste domingo, 11\/09\/11, o Paderson, visitante de Angola tamb\u00e9m levou um cofrinho para colaborar com a campanha &#8220;Solidariedade \u00c1frica&#8221;, \u00a0em favor dos irm\u00e3os da Eti\u00f3pia, Som\u00e1lia, Eritr\u00e9ia e de outros pa\u00edses da \u00c1frica. Na ajuda ao Povo da \u00c1frica, o Paderson, que veio de Luanda (Camama I), disse na Capela da Universidade S\u00e3o Judas sim [&hellip;]\" \/>\n<meta property=\"og:url\" content=\"https:\/\/www.oarcanjo.net\/site\/visitante-de-angola-participa-da-campanha-solidariedade-africa\/\" \/>\n<meta property=\"og:site_name\" content=\"O Arcanjo no ar\" \/>\n<meta property=\"article:publisher\" content=\"https:\/\/www.facebook.com\/OArcanjoNoAr\/\" \/>\n<meta property=\"article:published_time\" content=\"2011-09-11T18:13:54+00:00\" \/>\n<meta property=\"article:modified_time\" content=\"2011-09-12T01:01:13+00:00\" \/>\n<meta property=\"og:image\" content=\"http:\/\/www.oarcanjo.net\/site\/wp-content\/uploads\/01-300x224.jpg\" \/>\n<meta name=\"author\" content=\"carlos\" \/>\n<meta name=\"twitter:card\" content=\"summary_large_image\" \/>\n<meta name=\"twitter:label1\" content=\"Escrito por\" \/>\n\t<meta name=\"twitter:data1\" content=\"carlos\" \/>\n\t<meta name=\"twitter:label2\" content=\"Est. tempo de leitura\" \/>\n\t<meta name=\"twitter:data2\" content=\"1 minuto\" \/>\n<script type=\"application\/ld+json\" class=\"yoast-schema-graph\">{\"@context\":\"https:\/\/schema.org\",\"@graph\":[{\"@type\":\"Article\",\"@id\":\"https:\/\/www.oarcanjo.net\/site\/visitante-de-angola-participa-da-campanha-solidariedade-africa\/#article\",\"isPartOf\":{\"@id\":\"https:\/\/www.oarcanjo.net\/site\/visitante-de-angola-participa-da-campanha-solidariedade-africa\/\"},\"author\":{\"name\":\"carlos\",\"@id\":\"https:\/\/www.oarcanjo.net\/site\/#\/schema\/person\/f7870e710d8c8c30673de3a0ac2e451d\"},\"headline\":\"Visitante de Angola participa da Campanha Solidariedade \u00c1frica\",\"datePublished\":\"2011-09-11T18:13:54+00:00\",\"dateModified\":\"2011-09-12T01:01:13+00:00\",\"mainEntityOfPage\":{\"@id\":\"https:\/\/www.oarcanjo.net\/site\/visitante-de-angola-participa-da-campanha-solidariedade-africa\/\"},\"wordCount\":173,\"commentCount\":2,\"publisher\":{\"@id\":\"https:\/\/www.oarcanjo.net\/site\/#organization\"},\"image\":{\"@id\":\"https:\/\/www.oarcanjo.net\/site\/visitante-de-angola-participa-da-campanha-solidariedade-africa\/#primaryimage\"},\"thumbnailUrl\":\"http:\/\/www.oarcanjo.net\/site\/wp-content\/uploads\/01-300x224.jpg\",\"articleSection\":[\"Not\u00edcias\",\"Rosto da comunidade\"],\"inLanguage\":\"pt-BR\",\"potentialAction\":[{\"@type\":\"CommentAction\",\"name\":\"Comment\",\"target\":[\"https:\/\/www.oarcanjo.net\/site\/visitante-de-angola-participa-da-campanha-solidariedade-africa\/#respond\"]}]},{\"@type\":\"WebPage\",\"@id\":\"https:\/\/www.oarcanjo.net\/site\/visitante-de-angola-participa-da-campanha-solidariedade-africa\/\",\"url\":\"https:\/\/www.oarcanjo.net\/site\/visitante-de-angola-participa-da-campanha-solidariedade-africa\/\",\"name\":\"Visitante de Angola participa da Campanha Solidariedade \u00c1frica - O Arcanjo no ar\",\"isPartOf\":{\"@id\":\"https:\/\/www.oarcanjo.net\/site\/#website\"},\"primaryImageOfPage\":{\"@id\":\"https:\/\/www.oarcanjo.net\/site\/visitante-de-angola-participa-da-campanha-solidariedade-africa\/#primaryimage\"},\"image\":{\"@id\":\"https:\/\/www.oarcanjo.net\/site\/visitante-de-angola-participa-da-campanha-solidariedade-africa\/#primaryimage\"},\"thumbnailUrl\":\"http:\/\/www.oarcanjo.net\/site\/wp-content\/uploads\/01-300x224.jpg\",\"datePublished\":\"2011-09-11T18:13:54+00:00\",\"dateModified\":\"2011-09-12T01:01:13+00:00\",\"breadcrumb\":{\"@id\":\"https:\/\/www.oarcanjo.net\/site\/visitante-de-angola-participa-da-campanha-solidariedade-africa\/#breadcrumb\"},\"inLanguage\":\"pt-BR\",\"potentialAction\":[{\"@type\":\"ReadAction\",\"target\":[\"https:\/\/www.oarcanjo.net\/site\/visitante-de-angola-participa-da-campanha-solidariedade-africa\/\"]}]},{\"@type\":\"ImageObject\",\"inLanguage\":\"pt-BR\",\"@id\":\"https:\/\/www.oarcanjo.net\/site\/visitante-de-angola-participa-da-campanha-solidariedade-africa\/#primaryimage\",\"url\":\"https:\/\/www.oarcanjo.net\/site\/wp-content\/uploads\/01.jpg\",\"contentUrl\":\"https:\/\/www.oarcanjo.net\/site\/wp-content\/uploads\/01.jpg\",\"width\":\"575\",\"height\":\"431\"},{\"@type\":\"BreadcrumbList\",\"@id\":\"https:\/\/www.oarcanjo.net\/site\/visitante-de-angola-participa-da-campanha-solidariedade-africa\/#breadcrumb\",\"itemListElement\":[{\"@type\":\"ListItem\",\"position\":1,\"name\":\"In\u00edcio\",\"item\":\"https:\/\/www.oarcanjo.net\/site\/\"},{\"@type\":\"ListItem\",\"position\":2,\"name\":\"Visitante de Angola participa da Campanha Solidariedade \u00c1frica\"}]},{\"@type\":\"WebSite\",\"@id\":\"https:\/\/www.oarcanjo.net\/site\/#website\",\"url\":\"https:\/\/www.oarcanjo.net\/site\/\",\"name\":\"O Arcanjo no ar\",\"description\":\"Site da Par\u00f3quia S\u00e3o Miguel Arcanjo (Arquidiocese de SP)\",\"publisher\":{\"@id\":\"https:\/\/www.oarcanjo.net\/site\/#organization\"},\"potentialAction\":[{\"@type\":\"SearchAction\",\"target\":{\"@type\":\"EntryPoint\",\"urlTemplate\":\"https:\/\/www.oarcanjo.net\/site\/?s={search_term_string}\"},\"query-input\":{\"@type\":\"PropertyValueSpecification\",\"valueRequired\":true,\"valueName\":\"search_term_string\"}}],\"inLanguage\":\"pt-BR\"},{\"@type\":\"Organization\",\"@id\":\"https:\/\/www.oarcanjo.net\/site\/#organization\",\"name\":\"Par\u00f3quia S\u00e3o Miguel Arcanjo\",\"url\":\"https:\/\/www.oarcanjo.net\/site\/\",\"logo\":{\"@type\":\"ImageObject\",\"inLanguage\":\"pt-BR\",\"@id\":\"https:\/\/www.oarcanjo.net\/site\/#\/schema\/logo\/image\/\",\"url\":\"https:\/\/www.oarcanjo.net\/site\/wp-content\/uploads\/LogoOArcanjo.png\",\"contentUrl\":\"https:\/\/www.oarcanjo.net\/site\/wp-content\/uploads\/LogoOArcanjo.png\",\"width\":319,\"height\":99,\"caption\":\"Par\u00f3quia S\u00e3o Miguel Arcanjo\"},\"image\":{\"@id\":\"https:\/\/www.oarcanjo.net\/site\/#\/schema\/logo\/image\/\"},\"sameAs\":[\"https:\/\/www.facebook.com\/OArcanjoNoAr\/\"]},{\"@type\":\"Person\",\"@id\":\"https:\/\/www.oarcanjo.net\/site\/#\/schema\/person\/f7870e710d8c8c30673de3a0ac2e451d\",\"name\":\"carlos\"}]}<\/script>\n<!-- \/ Yoast SEO plugin. -->","yoast_head_json":{"title":"Visitante de Angola participa da Campanha Solidariedade \u00c1frica - O Arcanjo no ar","robots":{"index":"index","follow":"follow","max-snippet":"max-snippet:-1","max-image-preview":"max-image-preview:large","max-video-preview":"max-video-preview:-1"},"canonical":"https:\/\/www.oarcanjo.net\/site\/visitante-de-angola-participa-da-campanha-solidariedade-africa\/","og_locale":"pt_BR","og_type":"article","og_title":"Visitante de Angola participa da Campanha Solidariedade \u00c1frica - O Arcanjo no ar","og_description":"Neste domingo, 11\/09\/11, o Paderson, visitante de Angola tamb\u00e9m levou um cofrinho para colaborar com a campanha &#8220;Solidariedade \u00c1frica&#8221;, \u00a0em favor dos irm\u00e3os da Eti\u00f3pia, Som\u00e1lia, Eritr\u00e9ia e de outros pa\u00edses da \u00c1frica. Na ajuda ao Povo da \u00c1frica, o Paderson, que veio de Luanda (Camama I), disse na Capela da Universidade S\u00e3o Judas sim [&hellip;]","og_url":"https:\/\/www.oarcanjo.net\/site\/visitante-de-angola-participa-da-campanha-solidariedade-africa\/","og_site_name":"O Arcanjo no ar","article_publisher":"https:\/\/www.facebook.com\/OArcanjoNoAr\/","article_published_time":"2011-09-11T18:13:54+00:00","article_modified_time":"2011-09-12T01:01:13+00:00","og_image":[{"url":"http:\/\/www.oarcanjo.net\/site\/wp-content\/uploads\/01-300x224.jpg"}],"author":"carlos","twitter_card":"summary_large_image","twitter_misc":{"Escrito por":"carlos","Est. tempo de leitura":"1 minuto"},"schema":{"@context":"https:\/\/schema.org","@graph":[{"@type":"Article","@id":"https:\/\/www.oarcanjo.net\/site\/visitante-de-angola-participa-da-campanha-solidariedade-africa\/#article","isPartOf":{"@id":"https:\/\/www.oarcanjo.net\/site\/visitante-de-angola-participa-da-campanha-solidariedade-africa\/"},"author":{"name":"carlos","@id":"https:\/\/www.oarcanjo.net\/site\/#\/schema\/person\/f7870e710d8c8c30673de3a0ac2e451d"},"headline":"Visitante de Angola participa da Campanha Solidariedade \u00c1frica","datePublished":"2011-09-11T18:13:54+00:00","dateModified":"2011-09-12T01:01:13+00:00","mainEntityOfPage":{"@id":"https:\/\/www.oarcanjo.net\/site\/visitante-de-angola-participa-da-campanha-solidariedade-africa\/"},"wordCount":173,"commentCount":2,"publisher":{"@id":"https:\/\/www.oarcanjo.net\/site\/#organization"},"image":{"@id":"https:\/\/www.oarcanjo.net\/site\/visitante-de-angola-participa-da-campanha-solidariedade-africa\/#primaryimage"},"thumbnailUrl":"http:\/\/www.oarcanjo.net\/site\/wp-content\/uploads\/01-300x224.jpg","articleSection":["Not\u00edcias","Rosto da comunidade"],"inLanguage":"pt-BR","potentialAction":[{"@type":"CommentAction","name":"Comment","target":["https:\/\/www.oarcanjo.net\/site\/visitante-de-angola-participa-da-campanha-solidariedade-africa\/#respond"]}]},{"@type":"WebPage","@id":"https:\/\/www.oarcanjo.net\/site\/visitante-de-angola-participa-da-campanha-solidariedade-africa\/","url":"https:\/\/www.oarcanjo.net\/site\/visitante-de-angola-participa-da-campanha-solidariedade-africa\/","name":"Visitante de Angola participa da Campanha Solidariedade \u00c1frica - O Arcanjo no ar","isPartOf":{"@id":"https:\/\/www.oarcanjo.net\/site\/#website"},"primaryImageOfPage":{"@id":"https:\/\/www.oarcanjo.net\/site\/visitante-de-angola-participa-da-campanha-solidariedade-africa\/#primaryimage"},"image":{"@id":"https:\/\/www.oarcanjo.net\/site\/visitante-de-angola-participa-da-campanha-solidariedade-africa\/#primaryimage"},"thumbnailUrl":"http:\/\/www.oarcanjo.net\/site\/wp-content\/uploads\/01-300x224.jpg","datePublished":"2011-09-11T18:13:54+00:00","dateModified":"2011-09-12T01:01:13+00:00","breadcrumb":{"@id":"https:\/\/www.oarcanjo.net\/site\/visitante-de-angola-participa-da-campanha-solidariedade-africa\/#breadcrumb"},"inLanguage":"pt-BR","potentialAction":[{"@type":"ReadAction","target":["https:\/\/www.oarcanjo.net\/site\/visitante-de-angola-participa-da-campanha-solidariedade-africa\/"]}]},{"@type":"ImageObject","inLanguage":"pt-BR","@id":"https:\/\/www.oarcanjo.net\/site\/visitante-de-angola-participa-da-campanha-solidariedade-africa\/#primaryimage","url":"https:\/\/www.oarcanjo.net\/site\/wp-content\/uploads\/01.jpg","contentUrl":"https:\/\/www.oarcanjo.net\/site\/wp-content\/uploads\/01.jpg","width":"575","height":"431"},{"@type":"BreadcrumbList","@id":"https:\/\/www.oarcanjo.net\/site\/visitante-de-angola-participa-da-campanha-solidariedade-africa\/#breadcrumb","itemListElement":[{"@type":"ListItem","position":1,"name":"In\u00edcio","item":"https:\/\/www.oarcanjo.net\/site\/"},{"@type":"ListItem","position":2,"name":"Visitante de Angola participa da Campanha Solidariedade \u00c1frica"}]},{"@type":"WebSite","@id":"https:\/\/www.oarcanjo.net\/site\/#website","url":"https:\/\/www.oarcanjo.net\/site\/","name":"O Arcanjo no ar","description":"Site da Par\u00f3quia S\u00e3o Miguel Arcanjo (Arquidiocese de SP)","publisher":{"@id":"https:\/\/www.oarcanjo.net\/site\/#organization"},"potentialAction":[{"@type":"SearchAction","target":{"@type":"EntryPoint","urlTemplate":"https:\/\/www.oarcanjo.net\/site\/?s={search_term_string}"},"query-input":{"@type":"PropertyValueSpecification","valueRequired":true,"valueName":"search_term_string"}}],"inLanguage":"pt-BR"},{"@type":"Organization","@id":"https:\/\/www.oarcanjo.net\/site\/#organization","name":"Par\u00f3quia S\u00e3o Miguel Arcanjo","url":"https:\/\/www.oarcanjo.net\/site\/","logo":{"@type":"ImageObject","inLanguage":"pt-BR","@id":"https:\/\/www.oarcanjo.net\/site\/#\/schema\/logo\/image\/","url":"https:\/\/www.oarcanjo.net\/site\/wp-content\/uploads\/LogoOArcanjo.png","contentUrl":"https:\/\/www.oarcanjo.net\/site\/wp-content\/uploads\/LogoOArcanjo.png","width":319,"height":99,"caption":"Par\u00f3quia S\u00e3o Miguel Arcanjo"},"image":{"@id":"https:\/\/www.oarcanjo.net\/site\/#\/schema\/logo\/image\/"},"sameAs":["https:\/\/www.facebook.com\/OArcanjoNoAr\/"]},{"@type":"Person","@id":"https:\/\/www.oarcanjo.net\/site\/#\/schema\/person\/f7870e710d8c8c30673de3a0ac2e451d","name":"carlos"}]}},"publishpress_future_action":{"enabled":false,"date":"2026-05-09 10:25:11","action":"category","newStatus":"draft","terms":[],"taxonomy":"category"},"publishpress_future_workflow_manual_trigger":{"enabledWorkflows":[]},"_links":{"self":[{"href":"https:\/\/www.oarcanjo.net\/site\/wp-json\/wp\/v2\/posts\/15773"}],"collection":[{"href":"https:\/\/www.oarcanjo.net\/site\/wp-json\/wp\/v2\/posts"}],"about":[{"href":"https:\/\/www.oarcanjo.net\/site\/wp-json\/wp\/v2\/types\/post"}],"author":[{"embeddable":true,"href":"https:\/\/www.oarcanjo.net\/site\/wp-json\/wp\/v2\/users\/10"}],"replies":[{"embeddable":true,"href":"https:\/\/www.oarcanjo.net\/site\/wp-json\/wp\/v2\/comments?post=15773"}],"version-history":[{"count":0,"href":"https:\/\/www.oarcanjo.net\/site\/wp-json\/wp\/v2\/posts\/15773\/revisions"}],"wp:attachment":[{"href":"https:\/\/www.oarcanjo.net\/site\/wp-json\/wp\/v2\/media?parent=15773"}],"wp:term":[{"taxonomy":"category","embeddable":true,"href":"https:\/\/www.oarcanjo.net\/site\/wp-json\/wp\/v2\/categories?post=15773"},{"taxonomy":"post_tag","embeddable":true,"href":"https:\/\/www.oarcanjo.net\/site\/wp-json\/wp\/v2\/tags?post=15773"}],"curies":[{"name":"wp","href":"https:\/\/api.w.org\/{rel}","templated":true}]}}