
{"id":15783,"date":"2011-09-01T10:06:19","date_gmt":"2011-09-01T13:06:19","guid":{"rendered":"http:\/\/www.oarcanjo.net\/site\/?p=15783"},"modified":"2011-09-11T17:26:57","modified_gmt":"2011-09-11T20:26:57","slug":"leituras-do-domingo-04092011","status":"publish","type":"post","link":"https:\/\/www.oarcanjo.net\/site\/leituras-do-domingo-04092011\/","title":{"rendered":"Leituras do domingo 04\/09\/2011"},"content":{"rendered":"<div>\n<h4>23\u00ba Domingo Comum<\/h4>\n<p><strong>Primeira leitura (Ezequiel 33,7-9)<\/strong><\/p>\n<p>Leitura da Profecia de Ezequiel<strong><br \/>\n<\/strong><\/p>\n<p>Assim diz o Senhor:\u00a0<sup>7<\/sup>\u201cQuanto a ti, filho do homem, eu te estabeleci como vigia para a casa de Israel. Logo que ouvires alguma palavra de minha boca, tu os deves advertir em meu nome.<br \/>\n<sup>2<\/sup>Se eu disser ao \u00edmpio que ele vai morrer, e tu n\u00e3o lhe falares, advertindo-o a respeito de sua conduta, o \u00edmpio vai morrer por pr\u00f3pria culpa, mas eu te pedirei contas da sua morte.<br \/>\n<sup>9<\/sup>Mas, se advertires o \u00edmpio a respeito de sua conduta, para que se arrependa, e ele n\u00e3o se arrepender, o \u00edmpio morrer\u00e1 por pr\u00f3pria culpa, por\u00e9m, tu salvar\u00e1s a tua vida\u201d.<\/p>\n<p><strong>Salmo (Salmos 94)<\/strong><\/p>\n<p>\u2014 N\u00e3o fecheis o cora\u00e7\u00e3o, ouvi, hoje, a voz de Deus!<br \/>\n<strong>\u2014 N\u00e3o fecheis o cora\u00e7\u00e3o, ouvi, hoje, a voz de Deus!<\/strong><\/p>\n<p>\u2014 Vinde, exultemos de alegria no Senhor,\/ aclamemos o Rochedo que nos salva!\/ Ao seu encontro caminhemos com louvores,\/ e com cantos de alegria o celebremos!<br \/>\n\u2014 Vinde, adoremos e prostremo-nos por terra,\/ e ajoelhemos ante o Deus que nos criou!\/ Porque ele \u00e9 o nosso Deus, nosso Pastor,\/ e n\u00f3s somos o seu povo e seu rebanho,\/ as ovelhas que conduz com sua m\u00e3o.<br \/>\n\u2014 Oxal\u00e1 ouv\u00edsseis hoje a sua voz:\/ \u201cN\u00e3o fecheis os cora\u00e7\u00f5es como em Meriba,\/ como em Massa, no deserto, aquele dia,\/ em que outrora vossos pais me provocaram,\/ apesar de terem visto as minhas obras\u201d.<\/p>\n<p><strong>Segunda leitura (Romanos 13,8-10)<\/strong><\/p>\n<p>Leitura da Carta de S\u00e3o Paulo aos Romanos:<\/p>\n<p>Irm\u00e3os;\u00a0<sup>8<\/sup>N\u00e3o fiqueis devendo nada a ningu\u00e9m, a n\u00e3o ser o amor m\u00fatuo, pois quem ama o pr\u00f3ximo est\u00e1 cumprindo a Lei.<br \/>\n<sup>9<\/sup>De fato, os mandamentos: \u201cN\u00e3o cometer\u00e1s adult\u00e9rio\u201d, \u201cN\u00e3o matar\u00e1s\u201d, \u201cN\u00e3o roubar\u00e1s\u201d, \u201cN\u00e3o cobi\u00e7ar\u00e1s\u201d e qualquer outro mandamento se resumem neste: \u201cAmar\u00e1s ao teu pr\u00f3ximo como a ti mesmo\u201d.<br \/>\n<sup>10<\/sup>O amor n\u00e3o faz nenhum mal contra o pr\u00f3ximo. Portanto, o amor \u00e9 o cumprimento perfeito da Lei.<\/p>\n<p><strong>Evangelho (Mateus 18,15-20)<\/strong><\/p>\n<p>Naquele tempo, Jesus disse a seus disc\u00edpulos:<br \/>\n<sup>15<\/sup>\u201cSe o teu irm\u00e3o pecar contra ti, vai corrigi-lo, mas em particular, a s\u00f3s contigo! Se ele te ouvir, tu ganhaste o teu irm\u00e3o<br \/>\n<sup>16<\/sup>Se ele n\u00e3o te ouvir, toma contigo mais uma ou duas pessoas, para que toda a quest\u00e3o seja decidida sob a palavra de duas ou tr\u00eas testemunhas.<br \/>\n<sup>17<\/sup>Se ele n\u00e3o vos der ouvido, dize-o \u00e0 Igreja. Se nem mesmo \u00e0 Igreja ele ouvir, seja tratado como um pag\u00e3o ou um pecador p\u00fablico.<br \/>\n<sup>18<\/sup>Em verdade vos digo, tudo o que ligardes na terra ser\u00e1 ligado no c\u00e9u, e tudo o que desligardes na terra ser\u00e1 desligado no c\u00e9u.<br \/>\n<sup>19<\/sup>De novo, eu vos digo: se dois de v\u00f3s estiverem de acordo na terra sobre qualquer coisa que quiserem pedir, isso lhes ser\u00e1 concedido por meu Pai que est\u00e1 nos c\u00e9us.\u00a0<sup>20<\/sup>Pois, onde dois ou tr\u00eas estiverem reunidos em meu nome, eu estou a\u00ed, no meio deles\u201d.<\/p>\n<\/div>\n<div id=\"themify_builder_content-15783\" data-postid=\"15783\" class=\"themify_builder_content themify_builder_content-15783 themify_builder themify_builder_front\">\n\t<\/div>\n<!-- \/themify_builder_content -->","protected":false},"excerpt":{"rendered":"<p>23\u00ba Domingo Comum Primeira leitura (Ezequiel 33,7-9) Leitura da Profecia de Ezequiel Assim diz o Senhor:\u00a07\u201cQuanto a ti, filho do homem, eu te estabeleci como vigia para a casa de Israel. Logo que ouvires alguma palavra de minha boca, tu os deves advertir em meu nome. 2Se eu disser ao \u00edmpio que ele vai morrer, [&hellip;]<\/p>\n","protected":false},"author":5,"featured_media":0,"comment_status":"open","ping_status":"open","sticky":false,"template":"","format":"standard","meta":{"ngg_post_thumbnail":0,"footnotes":""},"categories":[109],"tags":[3204],"yoast_head":"<!-- This site is optimized with the Yoast SEO plugin v23.5 - https:\/\/yoast.com\/wordpress\/plugins\/seo\/ -->\n<title>Leituras do domingo 04\/09\/2011 - O Arcanjo no ar<\/title>\n<meta name=\"robots\" content=\"index, follow, max-snippet:-1, max-image-preview:large, max-video-preview:-1\" \/>\n<link rel=\"canonical\" href=\"https:\/\/www.oarcanjo.net\/site\/leituras-do-domingo-04092011\/\" \/>\n<meta property=\"og:locale\" content=\"pt_BR\" \/>\n<meta property=\"og:type\" content=\"article\" \/>\n<meta property=\"og:title\" content=\"Leituras do domingo 04\/09\/2011 - O Arcanjo no ar\" \/>\n<meta property=\"og:description\" content=\"23\u00ba Domingo Comum Primeira leitura (Ezequiel 33,7-9) Leitura da Profecia de Ezequiel Assim diz o Senhor:\u00a07\u201cQuanto a ti, filho do homem, eu te estabeleci como vigia para a casa de Israel. Logo que ouvires alguma palavra de minha boca, tu os deves advertir em meu nome. 2Se eu disser ao \u00edmpio que ele vai morrer, [&hellip;]\" \/>\n<meta property=\"og:url\" content=\"https:\/\/www.oarcanjo.net\/site\/leituras-do-domingo-04092011\/\" \/>\n<meta property=\"og:site_name\" content=\"O Arcanjo no ar\" \/>\n<meta property=\"article:publisher\" content=\"https:\/\/www.facebook.com\/OArcanjoNoAr\/\" \/>\n<meta property=\"article:published_time\" content=\"2011-09-01T13:06:19+00:00\" \/>\n<meta property=\"article:modified_time\" content=\"2011-09-11T20:26:57+00:00\" \/>\n<meta property=\"og:image\" content=\"https:\/\/www.oarcanjo.net\/site\/wp-content\/uploads\/logo-o-arcanjo-no-ar-facebook.png\" \/>\n\t<meta property=\"og:image:width\" content=\"300\" \/>\n\t<meta property=\"og:image:height\" content=\"300\" \/>\n\t<meta property=\"og:image:type\" content=\"image\/png\" \/>\n<meta name=\"author\" content=\"editor\" \/>\n<meta name=\"twitter:card\" content=\"summary_large_image\" \/>\n<meta name=\"twitter:label1\" content=\"Escrito por\" \/>\n\t<meta name=\"twitter:data1\" content=\"editor\" \/>\n\t<meta name=\"twitter:label2\" content=\"Est. tempo de leitura\" \/>\n\t<meta name=\"twitter:data2\" content=\"3 minutos\" \/>\n<script type=\"application\/ld+json\" class=\"yoast-schema-graph\">{\"@context\":\"https:\/\/schema.org\",\"@graph\":[{\"@type\":\"Article\",\"@id\":\"https:\/\/www.oarcanjo.net\/site\/leituras-do-domingo-04092011\/#article\",\"isPartOf\":{\"@id\":\"https:\/\/www.oarcanjo.net\/site\/leituras-do-domingo-04092011\/\"},\"author\":{\"name\":\"editor\",\"@id\":\"https:\/\/www.oarcanjo.net\/site\/#\/schema\/person\/f7024d007863202483a31326673a0838\"},\"headline\":\"Leituras do domingo 04\/09\/2011\",\"datePublished\":\"2011-09-01T13:06:19+00:00\",\"dateModified\":\"2011-09-11T20:26:57+00:00\",\"mainEntityOfPage\":{\"@id\":\"https:\/\/www.oarcanjo.net\/site\/leituras-do-domingo-04092011\/\"},\"wordCount\":519,\"commentCount\":0,\"publisher\":{\"@id\":\"https:\/\/www.oarcanjo.net\/site\/#organization\"},\"keywords\":[\"Liturgia\"],\"articleSection\":[\"Liturgia\"],\"inLanguage\":\"pt-BR\",\"potentialAction\":[{\"@type\":\"CommentAction\",\"name\":\"Comment\",\"target\":[\"https:\/\/www.oarcanjo.net\/site\/leituras-do-domingo-04092011\/#respond\"]}]},{\"@type\":\"WebPage\",\"@id\":\"https:\/\/www.oarcanjo.net\/site\/leituras-do-domingo-04092011\/\",\"url\":\"https:\/\/www.oarcanjo.net\/site\/leituras-do-domingo-04092011\/\",\"name\":\"Leituras do domingo 04\/09\/2011 - O Arcanjo no ar\",\"isPartOf\":{\"@id\":\"https:\/\/www.oarcanjo.net\/site\/#website\"},\"datePublished\":\"2011-09-01T13:06:19+00:00\",\"dateModified\":\"2011-09-11T20:26:57+00:00\",\"breadcrumb\":{\"@id\":\"https:\/\/www.oarcanjo.net\/site\/leituras-do-domingo-04092011\/#breadcrumb\"},\"inLanguage\":\"pt-BR\",\"potentialAction\":[{\"@type\":\"ReadAction\",\"target\":[\"https:\/\/www.oarcanjo.net\/site\/leituras-do-domingo-04092011\/\"]}]},{\"@type\":\"BreadcrumbList\",\"@id\":\"https:\/\/www.oarcanjo.net\/site\/leituras-do-domingo-04092011\/#breadcrumb\",\"itemListElement\":[{\"@type\":\"ListItem\",\"position\":1,\"name\":\"In\u00edcio\",\"item\":\"https:\/\/www.oarcanjo.net\/site\/\"},{\"@type\":\"ListItem\",\"position\":2,\"name\":\"Leituras do domingo 04\/09\/2011\"}]},{\"@type\":\"WebSite\",\"@id\":\"https:\/\/www.oarcanjo.net\/site\/#website\",\"url\":\"https:\/\/www.oarcanjo.net\/site\/\",\"name\":\"O Arcanjo no ar\",\"description\":\"Site da Par\u00f3quia S\u00e3o Miguel Arcanjo (Arquidiocese de SP)\",\"publisher\":{\"@id\":\"https:\/\/www.oarcanjo.net\/site\/#organization\"},\"potentialAction\":[{\"@type\":\"SearchAction\",\"target\":{\"@type\":\"EntryPoint\",\"urlTemplate\":\"https:\/\/www.oarcanjo.net\/site\/?s={search_term_string}\"},\"query-input\":{\"@type\":\"PropertyValueSpecification\",\"valueRequired\":true,\"valueName\":\"search_term_string\"}}],\"inLanguage\":\"pt-BR\"},{\"@type\":\"Organization\",\"@id\":\"https:\/\/www.oarcanjo.net\/site\/#organization\",\"name\":\"Par\u00f3quia S\u00e3o Miguel Arcanjo\",\"url\":\"https:\/\/www.oarcanjo.net\/site\/\",\"logo\":{\"@type\":\"ImageObject\",\"inLanguage\":\"pt-BR\",\"@id\":\"https:\/\/www.oarcanjo.net\/site\/#\/schema\/logo\/image\/\",\"url\":\"https:\/\/www.oarcanjo.net\/site\/wp-content\/uploads\/LogoOArcanjo.png\",\"contentUrl\":\"https:\/\/www.oarcanjo.net\/site\/wp-content\/uploads\/LogoOArcanjo.png\",\"width\":319,\"height\":99,\"caption\":\"Par\u00f3quia S\u00e3o Miguel Arcanjo\"},\"image\":{\"@id\":\"https:\/\/www.oarcanjo.net\/site\/#\/schema\/logo\/image\/\"},\"sameAs\":[\"https:\/\/www.facebook.com\/OArcanjoNoAr\/\"]},{\"@type\":\"Person\",\"@id\":\"https:\/\/www.oarcanjo.net\/site\/#\/schema\/person\/f7024d007863202483a31326673a0838\",\"name\":\"editor\",\"sameAs\":[\"http:\/\/www.oarcanjo.net\"]}]}<\/script>\n<!-- \/ Yoast SEO plugin. -->","yoast_head_json":{"title":"Leituras do domingo 04\/09\/2011 - O Arcanjo no ar","robots":{"index":"index","follow":"follow","max-snippet":"max-snippet:-1","max-image-preview":"max-image-preview:large","max-video-preview":"max-video-preview:-1"},"canonical":"https:\/\/www.oarcanjo.net\/site\/leituras-do-domingo-04092011\/","og_locale":"pt_BR","og_type":"article","og_title":"Leituras do domingo 04\/09\/2011 - O Arcanjo no ar","og_description":"23\u00ba Domingo Comum Primeira leitura (Ezequiel 33,7-9) Leitura da Profecia de Ezequiel Assim diz o Senhor:\u00a07\u201cQuanto a ti, filho do homem, eu te estabeleci como vigia para a casa de Israel. Logo que ouvires alguma palavra de minha boca, tu os deves advertir em meu nome. 2Se eu disser ao \u00edmpio que ele vai morrer, [&hellip;]","og_url":"https:\/\/www.oarcanjo.net\/site\/leituras-do-domingo-04092011\/","og_site_name":"O Arcanjo no ar","article_publisher":"https:\/\/www.facebook.com\/OArcanjoNoAr\/","article_published_time":"2011-09-01T13:06:19+00:00","article_modified_time":"2011-09-11T20:26:57+00:00","og_image":[{"width":300,"height":300,"url":"https:\/\/www.oarcanjo.net\/site\/wp-content\/uploads\/logo-o-arcanjo-no-ar-facebook.png","type":"image\/png"}],"author":"editor","twitter_card":"summary_large_image","twitter_misc":{"Escrito por":"editor","Est. tempo de leitura":"3 minutos"},"schema":{"@context":"https:\/\/schema.org","@graph":[{"@type":"Article","@id":"https:\/\/www.oarcanjo.net\/site\/leituras-do-domingo-04092011\/#article","isPartOf":{"@id":"https:\/\/www.oarcanjo.net\/site\/leituras-do-domingo-04092011\/"},"author":{"name":"editor","@id":"https:\/\/www.oarcanjo.net\/site\/#\/schema\/person\/f7024d007863202483a31326673a0838"},"headline":"Leituras do domingo 04\/09\/2011","datePublished":"2011-09-01T13:06:19+00:00","dateModified":"2011-09-11T20:26:57+00:00","mainEntityOfPage":{"@id":"https:\/\/www.oarcanjo.net\/site\/leituras-do-domingo-04092011\/"},"wordCount":519,"commentCount":0,"publisher":{"@id":"https:\/\/www.oarcanjo.net\/site\/#organization"},"keywords":["Liturgia"],"articleSection":["Liturgia"],"inLanguage":"pt-BR","potentialAction":[{"@type":"CommentAction","name":"Comment","target":["https:\/\/www.oarcanjo.net\/site\/leituras-do-domingo-04092011\/#respond"]}]},{"@type":"WebPage","@id":"https:\/\/www.oarcanjo.net\/site\/leituras-do-domingo-04092011\/","url":"https:\/\/www.oarcanjo.net\/site\/leituras-do-domingo-04092011\/","name":"Leituras do domingo 04\/09\/2011 - O Arcanjo no ar","isPartOf":{"@id":"https:\/\/www.oarcanjo.net\/site\/#website"},"datePublished":"2011-09-01T13:06:19+00:00","dateModified":"2011-09-11T20:26:57+00:00","breadcrumb":{"@id":"https:\/\/www.oarcanjo.net\/site\/leituras-do-domingo-04092011\/#breadcrumb"},"inLanguage":"pt-BR","potentialAction":[{"@type":"ReadAction","target":["https:\/\/www.oarcanjo.net\/site\/leituras-do-domingo-04092011\/"]}]},{"@type":"BreadcrumbList","@id":"https:\/\/www.oarcanjo.net\/site\/leituras-do-domingo-04092011\/#breadcrumb","itemListElement":[{"@type":"ListItem","position":1,"name":"In\u00edcio","item":"https:\/\/www.oarcanjo.net\/site\/"},{"@type":"ListItem","position":2,"name":"Leituras do domingo 04\/09\/2011"}]},{"@type":"WebSite","@id":"https:\/\/www.oarcanjo.net\/site\/#website","url":"https:\/\/www.oarcanjo.net\/site\/","name":"O Arcanjo no ar","description":"Site da Par\u00f3quia S\u00e3o Miguel Arcanjo (Arquidiocese de SP)","publisher":{"@id":"https:\/\/www.oarcanjo.net\/site\/#organization"},"potentialAction":[{"@type":"SearchAction","target":{"@type":"EntryPoint","urlTemplate":"https:\/\/www.oarcanjo.net\/site\/?s={search_term_string}"},"query-input":{"@type":"PropertyValueSpecification","valueRequired":true,"valueName":"search_term_string"}}],"inLanguage":"pt-BR"},{"@type":"Organization","@id":"https:\/\/www.oarcanjo.net\/site\/#organization","name":"Par\u00f3quia S\u00e3o Miguel Arcanjo","url":"https:\/\/www.oarcanjo.net\/site\/","logo":{"@type":"ImageObject","inLanguage":"pt-BR","@id":"https:\/\/www.oarcanjo.net\/site\/#\/schema\/logo\/image\/","url":"https:\/\/www.oarcanjo.net\/site\/wp-content\/uploads\/LogoOArcanjo.png","contentUrl":"https:\/\/www.oarcanjo.net\/site\/wp-content\/uploads\/LogoOArcanjo.png","width":319,"height":99,"caption":"Par\u00f3quia S\u00e3o Miguel Arcanjo"},"image":{"@id":"https:\/\/www.oarcanjo.net\/site\/#\/schema\/logo\/image\/"},"sameAs":["https:\/\/www.facebook.com\/OArcanjoNoAr\/"]},{"@type":"Person","@id":"https:\/\/www.oarcanjo.net\/site\/#\/schema\/person\/f7024d007863202483a31326673a0838","name":"editor","sameAs":["http:\/\/www.oarcanjo.net"]}]}},"publishpress_future_action":{"enabled":false,"date":"2026-05-09 00:30:03","action":"category","newStatus":"draft","terms":[],"taxonomy":"category"},"publishpress_future_workflow_manual_trigger":{"enabledWorkflows":[]},"_links":{"self":[{"href":"https:\/\/www.oarcanjo.net\/site\/wp-json\/wp\/v2\/posts\/15783"}],"collection":[{"href":"https:\/\/www.oarcanjo.net\/site\/wp-json\/wp\/v2\/posts"}],"about":[{"href":"https:\/\/www.oarcanjo.net\/site\/wp-json\/wp\/v2\/types\/post"}],"author":[{"embeddable":true,"href":"https:\/\/www.oarcanjo.net\/site\/wp-json\/wp\/v2\/users\/5"}],"replies":[{"embeddable":true,"href":"https:\/\/www.oarcanjo.net\/site\/wp-json\/wp\/v2\/comments?post=15783"}],"version-history":[{"count":0,"href":"https:\/\/www.oarcanjo.net\/site\/wp-json\/wp\/v2\/posts\/15783\/revisions"}],"wp:attachment":[{"href":"https:\/\/www.oarcanjo.net\/site\/wp-json\/wp\/v2\/media?parent=15783"}],"wp:term":[{"taxonomy":"category","embeddable":true,"href":"https:\/\/www.oarcanjo.net\/site\/wp-json\/wp\/v2\/categories?post=15783"},{"taxonomy":"post_tag","embeddable":true,"href":"https:\/\/www.oarcanjo.net\/site\/wp-json\/wp\/v2\/tags?post=15783"}],"curies":[{"name":"wp","href":"https:\/\/api.w.org\/{rel}","templated":true}]}}