
{"id":15785,"date":"2011-09-04T11:09:47","date_gmt":"2011-09-04T14:09:47","guid":{"rendered":"http:\/\/www.oarcanjo.net\/site\/?p=15785"},"modified":"2011-09-11T17:26:28","modified_gmt":"2011-09-11T20:26:28","slug":"leituras-do-domingo-11092011","status":"publish","type":"post","link":"https:\/\/www.oarcanjo.net\/site\/leituras-do-domingo-11092011\/","title":{"rendered":"Leituras do domingo 11\/09\/2011"},"content":{"rendered":"<div>\n<h4>24\u00ba Domingo Comum<\/h4>\n<p><strong>Primeira leitura (Eclesi\u00e1stico 27,33\u201428,9)<\/strong><\/p>\n<p>Leitura do Livro do Eclesi\u00e1stico:<\/p>\n<p><sup>33<\/sup>O rancor e a raiva s\u00e3o coisas detest\u00e1veis; at\u00e9 o pecador procura domin\u00e1-las.<br \/>\n<sup>28,1<\/sup>Quem se vingar encontrar\u00e1 a vingan\u00e7a do Senhor, que pedir\u00e1 severas contas dos seus pecados.<br \/>\n<sup>2<\/sup>Perdoa a injusti\u00e7a cometida por teu pr\u00f3ximo; assim, quando orares, teus pecados ser\u00e3o perdoados.<br \/>\n<sup>3<\/sup>Se algu\u00e9m guarda raiva contra o outro, como poder\u00e1 pedir a Deus a cura?\u00a0<sup>4<\/sup>Se n\u00e3o tem compaix\u00e3o do seu semelhante, como poder\u00e1 pedir perd\u00e3o dos seus pecados?\u00a0<sup>5<\/sup>Se ele, que \u00e9 um mortal, guarda rancor, quem \u00e9 que vai alcan\u00e7ar perd\u00e3o para seus pecados?<br \/>\n<sup>6<\/sup>Lembra-te do teu fim e deixa de odiar;\u00a0<sup>7<\/sup>pensa na destrui\u00e7\u00e3o e na morte, e persevera nos mandamentos.<br \/>\n<sup>8<\/sup>Pensa nos mandamentos, e n\u00e3o guardes rancor ao teu pr\u00f3ximo.<br \/>\n<sup>9<\/sup>Pensa na alian\u00e7a do Alt\u00edssimo, e n\u00e3o leves em conta a falta alheia!<\/p>\n<p><strong>Salmo (Salmos 102)<\/strong><\/p>\n<p>\u2014 O Senhor \u00e9 bondoso, compassivo e carinhoso.<br \/>\n<strong>\u2014 O Senhor \u00e9 bondoso, compassivo e carinhoso.<\/strong><\/p>\n<p>\u2014 Bendize, \u00f3 minha alma, ao Senhor,\/ e todo o meu ser, seu santo nome! Bendize, \u00f3 minha alma, ao Senhor,\/ n\u00e3o te esque\u00e7as de nenhum de seus favores!<br \/>\n\u2014 Pois ele te perdoa toda culpa,\/ e cura toda a tua enfermidade;\/ da sepultura ele salva a tua vida\/ e te cerca de carinho e compaix\u00e3o.<br \/>\n\u2014 N\u00e3o fica sempre repetindo as suas queixas,\/ nem guarda eternamente o seu rancor.\/ N\u00e3o nos trata como exigem nossas faltas,\/ nem nos pune em propor\u00e7\u00e3o \u00e0s nossas culpas.<br \/>\n\u2014 Quanto os c\u00e9us por sobre a terra se elevam,\/ tanto \u00e9 grande o seu amor aos que o temem;\/ quanto dista o nascente do poente,\/ tanto afasta para longe nossos crimes.<\/p>\n<p><strong>Segunda leitura (Romanos 14,7-9)<\/strong><\/p>\n<p>Leitura da Carta de S\u00e3o Paulo aos Romanos:<\/p>\n<p>Irm\u00e3os:\u00a0<sup>7<\/sup>Ningu\u00e9m dentre v\u00f3s vive para si mesmo ou morre para si mesmo.<br \/>\n<sup>8<\/sup>Se estamos vivos, \u00e9 para o Senhor que vivemos; se morremos, \u00e9 para o Senhor que morremos. Portanto, vivos ou mortos, pertencemos ao Senhor.<br \/>\n<sup>9<\/sup>Cristo morreu e ressuscitou exatamente para isto: para ser o Senhor dos mortos e dos vivos.<\/p>\n<p><strong>Evangelho (Mateus 18,21-35)<\/strong><\/p>\n<p>\u2014 O Senhor esteja convosco.<br \/>\n<strong>\u2014 Ele est\u00e1 no meio de n\u00f3s.<\/strong><br \/>\n\u2014 PROCLAMA\u00c7\u00c3O do Evangelho de Jesus Cristo, + segundo Mateus.<br \/>\n<strong>\u2014 Gl\u00f3ria a v\u00f3s, Senhor!<\/strong><\/p>\n<p>Naquele tempo,\u00a0<sup>21<\/sup>Pedro aproximou-se de Jesus e perguntou: \u201cSenhor, quantas vezes devo perdoar, se meu irm\u00e3o pecar contra mim? At\u00e9 sete vezes?\u201d<br \/>\n<sup>22<\/sup>Jesus respondeu: \u201cN\u00e3o te digo at\u00e9 sete vezes, mas at\u00e9 setenta vezes sete.\u00a0<sup>23<\/sup>Porque o Reino dos C\u00e9us \u00e9 como um rei que resolveu acertar as contas com seus empregados.<br \/>\n<sup>24<\/sup>Quando come\u00e7ou o acerto, levaram-lhe um que devia uma enorme fortuna.\u00a0<sup>25<\/sup>Como o empregado n\u00e3o tivesse com que pagar, o patr\u00e3o mandou que fosse vendido como escravo, junto com a mulher e os filhos e tudo o que possu\u00eda, para que pagasse a d\u00edvida.<br \/>\n<sup>26<\/sup>O empregado, por\u00e9m, caiu aos p\u00e9s do patr\u00e3o e, prostrado, suplicava: \u2018D\u00e1-me um prazo, e eu te pagarei tudo!\u2019\u00a0<sup>27<\/sup>Diante disso, o patr\u00e3o teve compaix\u00e3o, soltou o empregado e perdoou-lhe a d\u00edvida.<br \/>\n<sup>28<\/sup>Ao sair dali, aquele empregado encontrou um de seus companheiros que lhe devia apenas cem moedas. Ele o agarrou e come\u00e7ou a sufoc\u00e1-lo, dizendo: \u2018Paga o que me deves\u2019.<br \/>\n<sup>29<\/sup>O companheiro, caindo aos seus p\u00e9s, suplicava: \u2018D\u00e1-me um prazo, e eu te pagarei!\u2019<sup>30<\/sup>Mas o empregado n\u00e3o quis saber disso. Saiu e mandou jog\u00e1-lo na pris\u00e3o, at\u00e9 que pagasse o que devia.<br \/>\n<sup>31<\/sup>Vendo o que havia acontecido, os outros empregados ficaram muito tristes, procuraram o patr\u00e3o e lhe contaram tudo.<br \/>\n<sup>32<\/sup>Ent\u00e3o o patr\u00e3o mandou cham\u00e1-lo e lhe disse: \u2018Empregado perverso, eu te perdoei toda a tua d\u00edvida, porque tu me suplicaste.\u00a0<sup>33<\/sup>N\u00e3o devias tu tamb\u00e9m ter compaix\u00e3o do teu companheiro, como eu tive compaix\u00e3o de ti?\u2019<br \/>\n<sup>34<\/sup>O patr\u00e3o indignou-se e mandou entregar aquele empregado aos torturadores, at\u00e9 que pagasse toda a sua d\u00edvida.<br \/>\n<sup>35<\/sup>\u00c9 assim que o meu Pai que est\u00e1 nos c\u00e9us far\u00e1 convosco, se cada um n\u00e3o perdoar de cora\u00e7\u00e3o ao seu irm\u00e3o\u201d.<\/p>\n<\/div>\n<div id=\"themify_builder_content-15785\" data-postid=\"15785\" class=\"themify_builder_content themify_builder_content-15785 themify_builder themify_builder_front\">\n\t<\/div>\n<!-- \/themify_builder_content -->","protected":false},"excerpt":{"rendered":"<p>24\u00ba Domingo Comum Primeira leitura (Eclesi\u00e1stico 27,33\u201428,9) Leitura do Livro do Eclesi\u00e1stico: 33O rancor e a raiva s\u00e3o coisas detest\u00e1veis; at\u00e9 o pecador procura domin\u00e1-las. 28,1Quem se vingar encontrar\u00e1 a vingan\u00e7a do Senhor, que pedir\u00e1 severas contas dos seus pecados. 2Perdoa a injusti\u00e7a cometida por teu pr\u00f3ximo; assim, quando orares, teus pecados ser\u00e3o perdoados. 3Se [&hellip;]<\/p>\n","protected":false},"author":5,"featured_media":0,"comment_status":"open","ping_status":"open","sticky":false,"template":"","format":"standard","meta":{"ngg_post_thumbnail":0,"footnotes":""},"categories":[109],"tags":[3204],"yoast_head":"<!-- This site is optimized with the Yoast SEO plugin v23.5 - https:\/\/yoast.com\/wordpress\/plugins\/seo\/ -->\n<title>Leituras do domingo 11\/09\/2011 - O Arcanjo no ar<\/title>\n<meta name=\"robots\" content=\"index, follow, max-snippet:-1, max-image-preview:large, max-video-preview:-1\" \/>\n<link rel=\"canonical\" href=\"https:\/\/www.oarcanjo.net\/site\/leituras-do-domingo-11092011\/\" \/>\n<meta property=\"og:locale\" content=\"pt_BR\" \/>\n<meta property=\"og:type\" content=\"article\" \/>\n<meta property=\"og:title\" content=\"Leituras do domingo 11\/09\/2011 - O Arcanjo no ar\" \/>\n<meta property=\"og:description\" content=\"24\u00ba Domingo Comum Primeira leitura (Eclesi\u00e1stico 27,33\u201428,9) Leitura do Livro do Eclesi\u00e1stico: 33O rancor e a raiva s\u00e3o coisas detest\u00e1veis; at\u00e9 o pecador procura domin\u00e1-las. 28,1Quem se vingar encontrar\u00e1 a vingan\u00e7a do Senhor, que pedir\u00e1 severas contas dos seus pecados. 2Perdoa a injusti\u00e7a cometida por teu pr\u00f3ximo; assim, quando orares, teus pecados ser\u00e3o perdoados. 3Se [&hellip;]\" \/>\n<meta property=\"og:url\" content=\"https:\/\/www.oarcanjo.net\/site\/leituras-do-domingo-11092011\/\" \/>\n<meta property=\"og:site_name\" content=\"O Arcanjo no ar\" \/>\n<meta property=\"article:publisher\" content=\"https:\/\/www.facebook.com\/OArcanjoNoAr\/\" \/>\n<meta property=\"article:published_time\" content=\"2011-09-04T14:09:47+00:00\" \/>\n<meta property=\"article:modified_time\" content=\"2011-09-11T20:26:28+00:00\" \/>\n<meta property=\"og:image\" content=\"https:\/\/www.oarcanjo.net\/site\/wp-content\/uploads\/logo-o-arcanjo-no-ar-facebook.png\" \/>\n\t<meta property=\"og:image:width\" content=\"300\" \/>\n\t<meta property=\"og:image:height\" content=\"300\" \/>\n\t<meta property=\"og:image:type\" content=\"image\/png\" \/>\n<meta name=\"author\" content=\"editor\" \/>\n<meta name=\"twitter:card\" content=\"summary_large_image\" \/>\n<meta name=\"twitter:label1\" content=\"Escrito por\" \/>\n\t<meta name=\"twitter:data1\" content=\"editor\" \/>\n\t<meta name=\"twitter:label2\" content=\"Est. tempo de leitura\" \/>\n\t<meta name=\"twitter:data2\" content=\"4 minutos\" \/>\n<script type=\"application\/ld+json\" class=\"yoast-schema-graph\">{\"@context\":\"https:\/\/schema.org\",\"@graph\":[{\"@type\":\"Article\",\"@id\":\"https:\/\/www.oarcanjo.net\/site\/leituras-do-domingo-11092011\/#article\",\"isPartOf\":{\"@id\":\"https:\/\/www.oarcanjo.net\/site\/leituras-do-domingo-11092011\/\"},\"author\":{\"name\":\"editor\",\"@id\":\"https:\/\/www.oarcanjo.net\/site\/#\/schema\/person\/f7024d007863202483a31326673a0838\"},\"headline\":\"Leituras do domingo 11\/09\/2011\",\"datePublished\":\"2011-09-04T14:09:47+00:00\",\"dateModified\":\"2011-09-11T20:26:28+00:00\",\"mainEntityOfPage\":{\"@id\":\"https:\/\/www.oarcanjo.net\/site\/leituras-do-domingo-11092011\/\"},\"wordCount\":705,\"commentCount\":0,\"publisher\":{\"@id\":\"https:\/\/www.oarcanjo.net\/site\/#organization\"},\"keywords\":[\"Liturgia\"],\"articleSection\":[\"Liturgia\"],\"inLanguage\":\"pt-BR\",\"potentialAction\":[{\"@type\":\"CommentAction\",\"name\":\"Comment\",\"target\":[\"https:\/\/www.oarcanjo.net\/site\/leituras-do-domingo-11092011\/#respond\"]}]},{\"@type\":\"WebPage\",\"@id\":\"https:\/\/www.oarcanjo.net\/site\/leituras-do-domingo-11092011\/\",\"url\":\"https:\/\/www.oarcanjo.net\/site\/leituras-do-domingo-11092011\/\",\"name\":\"Leituras do domingo 11\/09\/2011 - O Arcanjo no ar\",\"isPartOf\":{\"@id\":\"https:\/\/www.oarcanjo.net\/site\/#website\"},\"datePublished\":\"2011-09-04T14:09:47+00:00\",\"dateModified\":\"2011-09-11T20:26:28+00:00\",\"breadcrumb\":{\"@id\":\"https:\/\/www.oarcanjo.net\/site\/leituras-do-domingo-11092011\/#breadcrumb\"},\"inLanguage\":\"pt-BR\",\"potentialAction\":[{\"@type\":\"ReadAction\",\"target\":[\"https:\/\/www.oarcanjo.net\/site\/leituras-do-domingo-11092011\/\"]}]},{\"@type\":\"BreadcrumbList\",\"@id\":\"https:\/\/www.oarcanjo.net\/site\/leituras-do-domingo-11092011\/#breadcrumb\",\"itemListElement\":[{\"@type\":\"ListItem\",\"position\":1,\"name\":\"In\u00edcio\",\"item\":\"https:\/\/www.oarcanjo.net\/site\/\"},{\"@type\":\"ListItem\",\"position\":2,\"name\":\"Leituras do domingo 11\/09\/2011\"}]},{\"@type\":\"WebSite\",\"@id\":\"https:\/\/www.oarcanjo.net\/site\/#website\",\"url\":\"https:\/\/www.oarcanjo.net\/site\/\",\"name\":\"O Arcanjo no ar\",\"description\":\"Site da Par\u00f3quia S\u00e3o Miguel Arcanjo (Arquidiocese de SP)\",\"publisher\":{\"@id\":\"https:\/\/www.oarcanjo.net\/site\/#organization\"},\"potentialAction\":[{\"@type\":\"SearchAction\",\"target\":{\"@type\":\"EntryPoint\",\"urlTemplate\":\"https:\/\/www.oarcanjo.net\/site\/?s={search_term_string}\"},\"query-input\":{\"@type\":\"PropertyValueSpecification\",\"valueRequired\":true,\"valueName\":\"search_term_string\"}}],\"inLanguage\":\"pt-BR\"},{\"@type\":\"Organization\",\"@id\":\"https:\/\/www.oarcanjo.net\/site\/#organization\",\"name\":\"Par\u00f3quia S\u00e3o Miguel Arcanjo\",\"url\":\"https:\/\/www.oarcanjo.net\/site\/\",\"logo\":{\"@type\":\"ImageObject\",\"inLanguage\":\"pt-BR\",\"@id\":\"https:\/\/www.oarcanjo.net\/site\/#\/schema\/logo\/image\/\",\"url\":\"https:\/\/www.oarcanjo.net\/site\/wp-content\/uploads\/LogoOArcanjo.png\",\"contentUrl\":\"https:\/\/www.oarcanjo.net\/site\/wp-content\/uploads\/LogoOArcanjo.png\",\"width\":319,\"height\":99,\"caption\":\"Par\u00f3quia S\u00e3o Miguel Arcanjo\"},\"image\":{\"@id\":\"https:\/\/www.oarcanjo.net\/site\/#\/schema\/logo\/image\/\"},\"sameAs\":[\"https:\/\/www.facebook.com\/OArcanjoNoAr\/\"]},{\"@type\":\"Person\",\"@id\":\"https:\/\/www.oarcanjo.net\/site\/#\/schema\/person\/f7024d007863202483a31326673a0838\",\"name\":\"editor\",\"sameAs\":[\"http:\/\/www.oarcanjo.net\"]}]}<\/script>\n<!-- \/ Yoast SEO plugin. -->","yoast_head_json":{"title":"Leituras do domingo 11\/09\/2011 - O Arcanjo no ar","robots":{"index":"index","follow":"follow","max-snippet":"max-snippet:-1","max-image-preview":"max-image-preview:large","max-video-preview":"max-video-preview:-1"},"canonical":"https:\/\/www.oarcanjo.net\/site\/leituras-do-domingo-11092011\/","og_locale":"pt_BR","og_type":"article","og_title":"Leituras do domingo 11\/09\/2011 - O Arcanjo no ar","og_description":"24\u00ba Domingo Comum Primeira leitura (Eclesi\u00e1stico 27,33\u201428,9) Leitura do Livro do Eclesi\u00e1stico: 33O rancor e a raiva s\u00e3o coisas detest\u00e1veis; at\u00e9 o pecador procura domin\u00e1-las. 28,1Quem se vingar encontrar\u00e1 a vingan\u00e7a do Senhor, que pedir\u00e1 severas contas dos seus pecados. 2Perdoa a injusti\u00e7a cometida por teu pr\u00f3ximo; assim, quando orares, teus pecados ser\u00e3o perdoados. 3Se [&hellip;]","og_url":"https:\/\/www.oarcanjo.net\/site\/leituras-do-domingo-11092011\/","og_site_name":"O Arcanjo no ar","article_publisher":"https:\/\/www.facebook.com\/OArcanjoNoAr\/","article_published_time":"2011-09-04T14:09:47+00:00","article_modified_time":"2011-09-11T20:26:28+00:00","og_image":[{"width":300,"height":300,"url":"https:\/\/www.oarcanjo.net\/site\/wp-content\/uploads\/logo-o-arcanjo-no-ar-facebook.png","type":"image\/png"}],"author":"editor","twitter_card":"summary_large_image","twitter_misc":{"Escrito por":"editor","Est. tempo de leitura":"4 minutos"},"schema":{"@context":"https:\/\/schema.org","@graph":[{"@type":"Article","@id":"https:\/\/www.oarcanjo.net\/site\/leituras-do-domingo-11092011\/#article","isPartOf":{"@id":"https:\/\/www.oarcanjo.net\/site\/leituras-do-domingo-11092011\/"},"author":{"name":"editor","@id":"https:\/\/www.oarcanjo.net\/site\/#\/schema\/person\/f7024d007863202483a31326673a0838"},"headline":"Leituras do domingo 11\/09\/2011","datePublished":"2011-09-04T14:09:47+00:00","dateModified":"2011-09-11T20:26:28+00:00","mainEntityOfPage":{"@id":"https:\/\/www.oarcanjo.net\/site\/leituras-do-domingo-11092011\/"},"wordCount":705,"commentCount":0,"publisher":{"@id":"https:\/\/www.oarcanjo.net\/site\/#organization"},"keywords":["Liturgia"],"articleSection":["Liturgia"],"inLanguage":"pt-BR","potentialAction":[{"@type":"CommentAction","name":"Comment","target":["https:\/\/www.oarcanjo.net\/site\/leituras-do-domingo-11092011\/#respond"]}]},{"@type":"WebPage","@id":"https:\/\/www.oarcanjo.net\/site\/leituras-do-domingo-11092011\/","url":"https:\/\/www.oarcanjo.net\/site\/leituras-do-domingo-11092011\/","name":"Leituras do domingo 11\/09\/2011 - O Arcanjo no ar","isPartOf":{"@id":"https:\/\/www.oarcanjo.net\/site\/#website"},"datePublished":"2011-09-04T14:09:47+00:00","dateModified":"2011-09-11T20:26:28+00:00","breadcrumb":{"@id":"https:\/\/www.oarcanjo.net\/site\/leituras-do-domingo-11092011\/#breadcrumb"},"inLanguage":"pt-BR","potentialAction":[{"@type":"ReadAction","target":["https:\/\/www.oarcanjo.net\/site\/leituras-do-domingo-11092011\/"]}]},{"@type":"BreadcrumbList","@id":"https:\/\/www.oarcanjo.net\/site\/leituras-do-domingo-11092011\/#breadcrumb","itemListElement":[{"@type":"ListItem","position":1,"name":"In\u00edcio","item":"https:\/\/www.oarcanjo.net\/site\/"},{"@type":"ListItem","position":2,"name":"Leituras do domingo 11\/09\/2011"}]},{"@type":"WebSite","@id":"https:\/\/www.oarcanjo.net\/site\/#website","url":"https:\/\/www.oarcanjo.net\/site\/","name":"O Arcanjo no ar","description":"Site da Par\u00f3quia S\u00e3o Miguel Arcanjo (Arquidiocese de SP)","publisher":{"@id":"https:\/\/www.oarcanjo.net\/site\/#organization"},"potentialAction":[{"@type":"SearchAction","target":{"@type":"EntryPoint","urlTemplate":"https:\/\/www.oarcanjo.net\/site\/?s={search_term_string}"},"query-input":{"@type":"PropertyValueSpecification","valueRequired":true,"valueName":"search_term_string"}}],"inLanguage":"pt-BR"},{"@type":"Organization","@id":"https:\/\/www.oarcanjo.net\/site\/#organization","name":"Par\u00f3quia S\u00e3o Miguel Arcanjo","url":"https:\/\/www.oarcanjo.net\/site\/","logo":{"@type":"ImageObject","inLanguage":"pt-BR","@id":"https:\/\/www.oarcanjo.net\/site\/#\/schema\/logo\/image\/","url":"https:\/\/www.oarcanjo.net\/site\/wp-content\/uploads\/LogoOArcanjo.png","contentUrl":"https:\/\/www.oarcanjo.net\/site\/wp-content\/uploads\/LogoOArcanjo.png","width":319,"height":99,"caption":"Par\u00f3quia S\u00e3o Miguel Arcanjo"},"image":{"@id":"https:\/\/www.oarcanjo.net\/site\/#\/schema\/logo\/image\/"},"sameAs":["https:\/\/www.facebook.com\/OArcanjoNoAr\/"]},{"@type":"Person","@id":"https:\/\/www.oarcanjo.net\/site\/#\/schema\/person\/f7024d007863202483a31326673a0838","name":"editor","sameAs":["http:\/\/www.oarcanjo.net"]}]}},"publishpress_future_action":{"enabled":false,"date":"2026-05-09 00:28:58","action":"category","newStatus":"draft","terms":[],"taxonomy":"category"},"publishpress_future_workflow_manual_trigger":{"enabledWorkflows":[]},"_links":{"self":[{"href":"https:\/\/www.oarcanjo.net\/site\/wp-json\/wp\/v2\/posts\/15785"}],"collection":[{"href":"https:\/\/www.oarcanjo.net\/site\/wp-json\/wp\/v2\/posts"}],"about":[{"href":"https:\/\/www.oarcanjo.net\/site\/wp-json\/wp\/v2\/types\/post"}],"author":[{"embeddable":true,"href":"https:\/\/www.oarcanjo.net\/site\/wp-json\/wp\/v2\/users\/5"}],"replies":[{"embeddable":true,"href":"https:\/\/www.oarcanjo.net\/site\/wp-json\/wp\/v2\/comments?post=15785"}],"version-history":[{"count":0,"href":"https:\/\/www.oarcanjo.net\/site\/wp-json\/wp\/v2\/posts\/15785\/revisions"}],"wp:attachment":[{"href":"https:\/\/www.oarcanjo.net\/site\/wp-json\/wp\/v2\/media?parent=15785"}],"wp:term":[{"taxonomy":"category","embeddable":true,"href":"https:\/\/www.oarcanjo.net\/site\/wp-json\/wp\/v2\/categories?post=15785"},{"taxonomy":"post_tag","embeddable":true,"href":"https:\/\/www.oarcanjo.net\/site\/wp-json\/wp\/v2\/tags?post=15785"}],"curies":[{"name":"wp","href":"https:\/\/api.w.org\/{rel}","templated":true}]}}