
{"id":15788,"date":"2011-09-11T17:18:33","date_gmt":"2011-09-11T20:18:33","guid":{"rendered":"http:\/\/www.oarcanjo.net\/site\/?p=15788"},"modified":"2011-09-11T17:31:48","modified_gmt":"2011-09-11T20:31:48","slug":"leituras-do-domingo-18092011","status":"publish","type":"post","link":"https:\/\/www.oarcanjo.net\/site\/leituras-do-domingo-18092011\/","title":{"rendered":"Leituras do domingo 18\/09\/2011"},"content":{"rendered":"<div>\n<h4>25\u00ba Domingo do Tempo Comum<\/h4>\n<p><strong>Primeira leitura (Isa\u00edas 55,6-9)<\/strong><\/p>\n<p>Leitura do Livro do profeta Isa\u00edas:<\/p>\n<p><sup>6<\/sup>Buscai o Senhor, enquanto pode ser achado; invocai-o, enquanto ele est\u00e1 perto.<br \/>\n<sup>7<\/sup>Abandone o \u00edmpio seu caminho, e o homem injusto, suas maquina\u00e7\u00f5es; volte para o Senhor, que ter\u00e1 piedade dele, volte para nosso Deus, que \u00e9 generoso no perd\u00e3o.<br \/>\n<sup>8<\/sup>Meus pensamentos n\u00e3o s\u00e3o como os vossos pensamentos, e vossos caminhos n\u00e3o como os meus caminhos, diz o Senhor.<br \/>\n<sup>9<\/sup>Est\u00e3o meus caminhos t\u00e3o acima dos vossos caminhos e meus pensamentos acima dos vossos pensamentos, quanto est\u00e1 o c\u00e9u acima da terra.<\/p>\n<p><strong>Salmo (Salmos 144)<\/strong><\/p>\n<p>\u2014 O Senhor est\u00e1 perto da pessoa que o invoca!<br \/>\n<strong>\u2014 O Senhor est\u00e1 perto da pessoa que o invoca!<\/strong><\/p>\n<p>\u2014 Todos os dias haverei de bendizer-vos,\/ hei de louvar o vosso nome para sempre.\/ Grande \u00e9 o Senhor e muito digno de louvores,\/ e ningu\u00e9m pode medir sua grandeza.<br \/>\n\u2014 Miseric\u00f3rdia e piedade \u00e9 o Senhor,\/ ele \u00e9 amor, \u00e9 paci\u00eancia, \u00e9 compaix\u00e3o.\/ O Senhor \u00e9 muito bom para com todos,\/ sua ternura abra\u00e7a toda criatura.<br \/>\n\u2014 \u00c9 justo o Senhor em seus caminhos,\/ \u00e9 santo em toda obra que ele faz.\/ Est\u00e1 perto da pessoa que o invoca,\/ de todo aquele que o invoca lealmente.<\/p>\n<p><strong>Segunda leitura (Filipenses 1,20c-24.27a)<\/strong><\/p>\n<p>Leitura da Carta de S\u00e3o Paulo aos Filipenses:<\/p>\n<p>Irm\u00e3os:\u00a0<sup>20c<\/sup>Cristo vai ser glorificado no meu corpo, seja pela minha vida, seja pela minha morte.<br \/>\n<sup>21<\/sup>Pois, para mim, o viver \u00e9 Cristo e o morrer \u00e9 lucro.<br \/>\n<sup>22<\/sup>Entretanto, se o viver na carne significa que meu trabalho ser\u00e1 frutuoso, neste caso, n\u00e3o sei o que escolher.<br \/>\n<sup>23<\/sup>Sinto-me atra\u00eddo para os dois lados: tenho o desejo de partir, para estar com Cristo \u2014 o que para mim seria de longe o melhor \u2014\u00a0<sup>24<\/sup>mas para v\u00f3s \u00e9 mais necess\u00e1rio que eu continue minha vida neste mundo.<br \/>\n<sup>27a<\/sup>S\u00f3 uma coisa importa: vivei \u00e0 altura do Evangelho de Cristo.<\/p>\n<p><strong>Evangelho (Mateus 20,1-16a)<\/strong><\/p>\n<p>\u2014 O Senhor esteja convosco.<br \/>\n<strong>\u2014 Ele est\u00e1 no meio de n\u00f3s.<\/strong><br \/>\n\u2014 PROCLAMA\u00c7\u00c3O do Evangelho de Jesus Cristo, + segundo Mateus.<br \/>\n<strong>\u2014 Gl\u00f3ria a v\u00f3s, Senhor!<\/strong><\/p>\n<p>Naquele tempo, Jesus contou esta par\u00e1bola a seus disc\u00edpulos:<br \/>\n<sup>1<\/sup>\u201cO Reino dos C\u00e9us \u00e9 como a hist\u00f3ria do patr\u00e3o que saiu de madrugada para contratar trabalhadores para a sua vinha.<br \/>\n<sup>2<\/sup>Combinou com os trabalhadores uma moeda de prata por dia, e os mandou para a vinha.<br \/>\n<sup>3<\/sup>\u00c0s nove horas da manh\u00e3, o patr\u00e3o saiu de novo, viu outros que estavam na pra\u00e7a, desocupados,\u00a0<sup>4<\/sup>e lhes disse: \u2018Ide tamb\u00e9m v\u00f3s para a minha vinha! Eu vos pagarei o que for justo\u2019.<br \/>\n<sup>5<\/sup>E eles foram. O patr\u00e3o saiu de novo ao meio-dia e \u00e0s tr\u00eas da tarde, e fez a mesma coisa.<br \/>\n<sup>6<\/sup>Saindo outra vez pelas cinco horas da tarde, encontrou outros que estavam na pra\u00e7a, e lhes disse: \u2018Por que estais a\u00ed o dia inteiro desocupados?\u2019\u00a0<sup>7<\/sup>Eles responderam: \u2018Porque ningu\u00e9m nos contratou\u2019. O patr\u00e3o lhes disse: \u2018Ide v\u00f3s tamb\u00e9m para a minha vinha\u2019.<br \/>\n<sup>8<\/sup>Quando chegou a tarde, o patr\u00e3o disse ao administrador: \u2018Chama os trabalhadores e paga-lhes uma di\u00e1ria a todos, come\u00e7ando pelos \u00faltimos at\u00e9 os primeiros!\u2019<br \/>\n<sup>9<\/sup>Vieram os que tinham sido contratados \u00e0s cinco da tarde e cada um recebeu uma moeda de prata.\u00a0<sup>10<\/sup>Em seguida vieram os que foram contratados primeiro, e pensavam que iam receber mais. Por\u00e9m, cada um deles tamb\u00e9m recebeu uma moeda de prata.<br \/>\n<sup>11<\/sup>Ao receberem o pagamento, come\u00e7aram a resmungar contra o patr\u00e3o:\u00a0<sup>12<\/sup>\u2018Estes \u00faltimos trabalharam uma hora s\u00f3, e tu os igualaste a n\u00f3s, que suportamos o cansa\u00e7o e o calor o dia inteiro\u2019.<br \/>\n<sup>13<\/sup>Ent\u00e3o o patr\u00e3o disse a um deles: \u2018Amigo, eu n\u00e3o fui injusto contigo. N\u00e3o combinamos uma moeda de prata?\u00a0<sup>14<\/sup>Toma o que \u00e9 teu e volta para casa! Eu quero dar a este que foi contratado por \u00faltimo o mesmo que dei a ti.\u00a0<sup>15<\/sup>Por acaso n\u00e3o tenho o direito de fazer o que quero com aquilo que me pertence? Ou est\u00e1s com inveja, porque estou sendo bom?\u2019<br \/>\n<sup>16a<\/sup>Assim, os \u00faltimos ser\u00e3o os primeiros e os primeiros ser\u00e3o os \u00faltimos\u201d.<\/p>\n<\/div>\n<div id=\"themify_builder_content-15788\" data-postid=\"15788\" class=\"themify_builder_content themify_builder_content-15788 themify_builder themify_builder_front\">\n\t<\/div>\n<!-- \/themify_builder_content -->","protected":false},"excerpt":{"rendered":"<p>25\u00ba Domingo do Tempo Comum Primeira leitura (Isa\u00edas 55,6-9) Leitura do Livro do profeta Isa\u00edas: 6Buscai o Senhor, enquanto pode ser achado; invocai-o, enquanto ele est\u00e1 perto. 7Abandone o \u00edmpio seu caminho, e o homem injusto, suas maquina\u00e7\u00f5es; volte para o Senhor, que ter\u00e1 piedade dele, volte para nosso Deus, que \u00e9 generoso no perd\u00e3o. [&hellip;]<\/p>\n","protected":false},"author":5,"featured_media":0,"comment_status":"open","ping_status":"open","sticky":false,"template":"","format":"standard","meta":{"ngg_post_thumbnail":0,"footnotes":""},"categories":[109],"tags":[3204],"yoast_head":"<!-- This site is optimized with the Yoast SEO plugin v23.5 - https:\/\/yoast.com\/wordpress\/plugins\/seo\/ -->\n<title>Leituras do domingo 18\/09\/2011 - O Arcanjo no ar<\/title>\n<meta name=\"robots\" content=\"index, follow, max-snippet:-1, max-image-preview:large, max-video-preview:-1\" \/>\n<link rel=\"canonical\" href=\"https:\/\/www.oarcanjo.net\/site\/leituras-do-domingo-18092011\/\" \/>\n<meta property=\"og:locale\" content=\"pt_BR\" \/>\n<meta property=\"og:type\" content=\"article\" \/>\n<meta property=\"og:title\" content=\"Leituras do domingo 18\/09\/2011 - O Arcanjo no ar\" \/>\n<meta property=\"og:description\" content=\"25\u00ba Domingo do Tempo Comum Primeira leitura (Isa\u00edas 55,6-9) Leitura do Livro do profeta Isa\u00edas: 6Buscai o Senhor, enquanto pode ser achado; invocai-o, enquanto ele est\u00e1 perto. 7Abandone o \u00edmpio seu caminho, e o homem injusto, suas maquina\u00e7\u00f5es; volte para o Senhor, que ter\u00e1 piedade dele, volte para nosso Deus, que \u00e9 generoso no perd\u00e3o. [&hellip;]\" \/>\n<meta property=\"og:url\" content=\"https:\/\/www.oarcanjo.net\/site\/leituras-do-domingo-18092011\/\" \/>\n<meta property=\"og:site_name\" content=\"O Arcanjo no ar\" \/>\n<meta property=\"article:publisher\" content=\"https:\/\/www.facebook.com\/OArcanjoNoAr\/\" \/>\n<meta property=\"article:published_time\" content=\"2011-09-11T20:18:33+00:00\" \/>\n<meta property=\"article:modified_time\" content=\"2011-09-11T20:31:48+00:00\" \/>\n<meta property=\"og:image\" content=\"https:\/\/www.oarcanjo.net\/site\/wp-content\/uploads\/logo-o-arcanjo-no-ar-facebook.png\" \/>\n\t<meta property=\"og:image:width\" content=\"300\" \/>\n\t<meta property=\"og:image:height\" content=\"300\" \/>\n\t<meta property=\"og:image:type\" content=\"image\/png\" \/>\n<meta name=\"author\" content=\"editor\" \/>\n<meta name=\"twitter:card\" content=\"summary_large_image\" \/>\n<meta name=\"twitter:label1\" content=\"Escrito por\" \/>\n\t<meta name=\"twitter:data1\" content=\"editor\" \/>\n\t<meta name=\"twitter:label2\" content=\"Est. tempo de leitura\" \/>\n\t<meta name=\"twitter:data2\" content=\"3 minutos\" \/>\n<script type=\"application\/ld+json\" class=\"yoast-schema-graph\">{\"@context\":\"https:\/\/schema.org\",\"@graph\":[{\"@type\":\"Article\",\"@id\":\"https:\/\/www.oarcanjo.net\/site\/leituras-do-domingo-18092011\/#article\",\"isPartOf\":{\"@id\":\"https:\/\/www.oarcanjo.net\/site\/leituras-do-domingo-18092011\/\"},\"author\":{\"name\":\"editor\",\"@id\":\"https:\/\/www.oarcanjo.net\/site\/#\/schema\/person\/f7024d007863202483a31326673a0838\"},\"headline\":\"Leituras do domingo 18\/09\/2011\",\"datePublished\":\"2011-09-11T20:18:33+00:00\",\"dateModified\":\"2011-09-11T20:31:48+00:00\",\"mainEntityOfPage\":{\"@id\":\"https:\/\/www.oarcanjo.net\/site\/leituras-do-domingo-18092011\/\"},\"wordCount\":699,\"commentCount\":0,\"publisher\":{\"@id\":\"https:\/\/www.oarcanjo.net\/site\/#organization\"},\"keywords\":[\"Liturgia\"],\"articleSection\":[\"Liturgia\"],\"inLanguage\":\"pt-BR\",\"potentialAction\":[{\"@type\":\"CommentAction\",\"name\":\"Comment\",\"target\":[\"https:\/\/www.oarcanjo.net\/site\/leituras-do-domingo-18092011\/#respond\"]}]},{\"@type\":\"WebPage\",\"@id\":\"https:\/\/www.oarcanjo.net\/site\/leituras-do-domingo-18092011\/\",\"url\":\"https:\/\/www.oarcanjo.net\/site\/leituras-do-domingo-18092011\/\",\"name\":\"Leituras do domingo 18\/09\/2011 - O Arcanjo no ar\",\"isPartOf\":{\"@id\":\"https:\/\/www.oarcanjo.net\/site\/#website\"},\"datePublished\":\"2011-09-11T20:18:33+00:00\",\"dateModified\":\"2011-09-11T20:31:48+00:00\",\"breadcrumb\":{\"@id\":\"https:\/\/www.oarcanjo.net\/site\/leituras-do-domingo-18092011\/#breadcrumb\"},\"inLanguage\":\"pt-BR\",\"potentialAction\":[{\"@type\":\"ReadAction\",\"target\":[\"https:\/\/www.oarcanjo.net\/site\/leituras-do-domingo-18092011\/\"]}]},{\"@type\":\"BreadcrumbList\",\"@id\":\"https:\/\/www.oarcanjo.net\/site\/leituras-do-domingo-18092011\/#breadcrumb\",\"itemListElement\":[{\"@type\":\"ListItem\",\"position\":1,\"name\":\"In\u00edcio\",\"item\":\"https:\/\/www.oarcanjo.net\/site\/\"},{\"@type\":\"ListItem\",\"position\":2,\"name\":\"Leituras do domingo 18\/09\/2011\"}]},{\"@type\":\"WebSite\",\"@id\":\"https:\/\/www.oarcanjo.net\/site\/#website\",\"url\":\"https:\/\/www.oarcanjo.net\/site\/\",\"name\":\"O Arcanjo no ar\",\"description\":\"Site da Par\u00f3quia S\u00e3o Miguel Arcanjo (Arquidiocese de SP)\",\"publisher\":{\"@id\":\"https:\/\/www.oarcanjo.net\/site\/#organization\"},\"potentialAction\":[{\"@type\":\"SearchAction\",\"target\":{\"@type\":\"EntryPoint\",\"urlTemplate\":\"https:\/\/www.oarcanjo.net\/site\/?s={search_term_string}\"},\"query-input\":{\"@type\":\"PropertyValueSpecification\",\"valueRequired\":true,\"valueName\":\"search_term_string\"}}],\"inLanguage\":\"pt-BR\"},{\"@type\":\"Organization\",\"@id\":\"https:\/\/www.oarcanjo.net\/site\/#organization\",\"name\":\"Par\u00f3quia S\u00e3o Miguel Arcanjo\",\"url\":\"https:\/\/www.oarcanjo.net\/site\/\",\"logo\":{\"@type\":\"ImageObject\",\"inLanguage\":\"pt-BR\",\"@id\":\"https:\/\/www.oarcanjo.net\/site\/#\/schema\/logo\/image\/\",\"url\":\"https:\/\/www.oarcanjo.net\/site\/wp-content\/uploads\/LogoOArcanjo.png\",\"contentUrl\":\"https:\/\/www.oarcanjo.net\/site\/wp-content\/uploads\/LogoOArcanjo.png\",\"width\":319,\"height\":99,\"caption\":\"Par\u00f3quia S\u00e3o Miguel Arcanjo\"},\"image\":{\"@id\":\"https:\/\/www.oarcanjo.net\/site\/#\/schema\/logo\/image\/\"},\"sameAs\":[\"https:\/\/www.facebook.com\/OArcanjoNoAr\/\"]},{\"@type\":\"Person\",\"@id\":\"https:\/\/www.oarcanjo.net\/site\/#\/schema\/person\/f7024d007863202483a31326673a0838\",\"name\":\"editor\",\"sameAs\":[\"http:\/\/www.oarcanjo.net\"]}]}<\/script>\n<!-- \/ Yoast SEO plugin. -->","yoast_head_json":{"title":"Leituras do domingo 18\/09\/2011 - O Arcanjo no ar","robots":{"index":"index","follow":"follow","max-snippet":"max-snippet:-1","max-image-preview":"max-image-preview:large","max-video-preview":"max-video-preview:-1"},"canonical":"https:\/\/www.oarcanjo.net\/site\/leituras-do-domingo-18092011\/","og_locale":"pt_BR","og_type":"article","og_title":"Leituras do domingo 18\/09\/2011 - O Arcanjo no ar","og_description":"25\u00ba Domingo do Tempo Comum Primeira leitura (Isa\u00edas 55,6-9) Leitura do Livro do profeta Isa\u00edas: 6Buscai o Senhor, enquanto pode ser achado; invocai-o, enquanto ele est\u00e1 perto. 7Abandone o \u00edmpio seu caminho, e o homem injusto, suas maquina\u00e7\u00f5es; volte para o Senhor, que ter\u00e1 piedade dele, volte para nosso Deus, que \u00e9 generoso no perd\u00e3o. [&hellip;]","og_url":"https:\/\/www.oarcanjo.net\/site\/leituras-do-domingo-18092011\/","og_site_name":"O Arcanjo no ar","article_publisher":"https:\/\/www.facebook.com\/OArcanjoNoAr\/","article_published_time":"2011-09-11T20:18:33+00:00","article_modified_time":"2011-09-11T20:31:48+00:00","og_image":[{"width":300,"height":300,"url":"https:\/\/www.oarcanjo.net\/site\/wp-content\/uploads\/logo-o-arcanjo-no-ar-facebook.png","type":"image\/png"}],"author":"editor","twitter_card":"summary_large_image","twitter_misc":{"Escrito por":"editor","Est. tempo de leitura":"3 minutos"},"schema":{"@context":"https:\/\/schema.org","@graph":[{"@type":"Article","@id":"https:\/\/www.oarcanjo.net\/site\/leituras-do-domingo-18092011\/#article","isPartOf":{"@id":"https:\/\/www.oarcanjo.net\/site\/leituras-do-domingo-18092011\/"},"author":{"name":"editor","@id":"https:\/\/www.oarcanjo.net\/site\/#\/schema\/person\/f7024d007863202483a31326673a0838"},"headline":"Leituras do domingo 18\/09\/2011","datePublished":"2011-09-11T20:18:33+00:00","dateModified":"2011-09-11T20:31:48+00:00","mainEntityOfPage":{"@id":"https:\/\/www.oarcanjo.net\/site\/leituras-do-domingo-18092011\/"},"wordCount":699,"commentCount":0,"publisher":{"@id":"https:\/\/www.oarcanjo.net\/site\/#organization"},"keywords":["Liturgia"],"articleSection":["Liturgia"],"inLanguage":"pt-BR","potentialAction":[{"@type":"CommentAction","name":"Comment","target":["https:\/\/www.oarcanjo.net\/site\/leituras-do-domingo-18092011\/#respond"]}]},{"@type":"WebPage","@id":"https:\/\/www.oarcanjo.net\/site\/leituras-do-domingo-18092011\/","url":"https:\/\/www.oarcanjo.net\/site\/leituras-do-domingo-18092011\/","name":"Leituras do domingo 18\/09\/2011 - O Arcanjo no ar","isPartOf":{"@id":"https:\/\/www.oarcanjo.net\/site\/#website"},"datePublished":"2011-09-11T20:18:33+00:00","dateModified":"2011-09-11T20:31:48+00:00","breadcrumb":{"@id":"https:\/\/www.oarcanjo.net\/site\/leituras-do-domingo-18092011\/#breadcrumb"},"inLanguage":"pt-BR","potentialAction":[{"@type":"ReadAction","target":["https:\/\/www.oarcanjo.net\/site\/leituras-do-domingo-18092011\/"]}]},{"@type":"BreadcrumbList","@id":"https:\/\/www.oarcanjo.net\/site\/leituras-do-domingo-18092011\/#breadcrumb","itemListElement":[{"@type":"ListItem","position":1,"name":"In\u00edcio","item":"https:\/\/www.oarcanjo.net\/site\/"},{"@type":"ListItem","position":2,"name":"Leituras do domingo 18\/09\/2011"}]},{"@type":"WebSite","@id":"https:\/\/www.oarcanjo.net\/site\/#website","url":"https:\/\/www.oarcanjo.net\/site\/","name":"O Arcanjo no ar","description":"Site da Par\u00f3quia S\u00e3o Miguel Arcanjo (Arquidiocese de SP)","publisher":{"@id":"https:\/\/www.oarcanjo.net\/site\/#organization"},"potentialAction":[{"@type":"SearchAction","target":{"@type":"EntryPoint","urlTemplate":"https:\/\/www.oarcanjo.net\/site\/?s={search_term_string}"},"query-input":{"@type":"PropertyValueSpecification","valueRequired":true,"valueName":"search_term_string"}}],"inLanguage":"pt-BR"},{"@type":"Organization","@id":"https:\/\/www.oarcanjo.net\/site\/#organization","name":"Par\u00f3quia S\u00e3o Miguel Arcanjo","url":"https:\/\/www.oarcanjo.net\/site\/","logo":{"@type":"ImageObject","inLanguage":"pt-BR","@id":"https:\/\/www.oarcanjo.net\/site\/#\/schema\/logo\/image\/","url":"https:\/\/www.oarcanjo.net\/site\/wp-content\/uploads\/LogoOArcanjo.png","contentUrl":"https:\/\/www.oarcanjo.net\/site\/wp-content\/uploads\/LogoOArcanjo.png","width":319,"height":99,"caption":"Par\u00f3quia S\u00e3o Miguel Arcanjo"},"image":{"@id":"https:\/\/www.oarcanjo.net\/site\/#\/schema\/logo\/image\/"},"sameAs":["https:\/\/www.facebook.com\/OArcanjoNoAr\/"]},{"@type":"Person","@id":"https:\/\/www.oarcanjo.net\/site\/#\/schema\/person\/f7024d007863202483a31326673a0838","name":"editor","sameAs":["http:\/\/www.oarcanjo.net"]}]}},"publishpress_future_action":{"enabled":false,"date":"2026-05-09 00:29:02","action":"category","newStatus":"draft","terms":[],"taxonomy":"category"},"publishpress_future_workflow_manual_trigger":{"enabledWorkflows":[]},"_links":{"self":[{"href":"https:\/\/www.oarcanjo.net\/site\/wp-json\/wp\/v2\/posts\/15788"}],"collection":[{"href":"https:\/\/www.oarcanjo.net\/site\/wp-json\/wp\/v2\/posts"}],"about":[{"href":"https:\/\/www.oarcanjo.net\/site\/wp-json\/wp\/v2\/types\/post"}],"author":[{"embeddable":true,"href":"https:\/\/www.oarcanjo.net\/site\/wp-json\/wp\/v2\/users\/5"}],"replies":[{"embeddable":true,"href":"https:\/\/www.oarcanjo.net\/site\/wp-json\/wp\/v2\/comments?post=15788"}],"version-history":[{"count":0,"href":"https:\/\/www.oarcanjo.net\/site\/wp-json\/wp\/v2\/posts\/15788\/revisions"}],"wp:attachment":[{"href":"https:\/\/www.oarcanjo.net\/site\/wp-json\/wp\/v2\/media?parent=15788"}],"wp:term":[{"taxonomy":"category","embeddable":true,"href":"https:\/\/www.oarcanjo.net\/site\/wp-json\/wp\/v2\/categories?post=15788"},{"taxonomy":"post_tag","embeddable":true,"href":"https:\/\/www.oarcanjo.net\/site\/wp-json\/wp\/v2\/tags?post=15788"}],"curies":[{"name":"wp","href":"https:\/\/api.w.org\/{rel}","templated":true}]}}