
{"id":15819,"date":"2011-09-12T08:02:12","date_gmt":"2011-09-12T11:02:12","guid":{"rendered":"http:\/\/www.oarcanjo.net\/site\/?p=15819"},"modified":"2011-09-12T08:02:12","modified_gmt":"2011-09-12T11:02:12","slug":"campanha-em-solidariedade-as-criancas-da-africa","status":"publish","type":"post","link":"https:\/\/www.oarcanjo.net\/site\/campanha-em-solidariedade-as-criancas-da-africa\/","title":{"rendered":"Campanha em solidariedade \u00e0s crian\u00e7as da \u00c1frica"},"content":{"rendered":"<p>A igreja S\u00e3o Miguel Arcanjo d\u00e1 continuidade \u00e0 campanha de solidariedade \u00e0s v\u00edtimas da fome na \u00c1frica. No domingo, 11\/09, foram distribu\u00eddos mais cofrinhos para as crian\u00e7as arrecadarem moedas que ser\u00e3o entregues \u00e0 C\u00e1ritas &#8211; veja nos avisos da semana:<\/p>\n<p>httpv:\/\/www.youtube.com\/watch?v=O5ONocpOJpo<\/p>\n<div id=\"themify_builder_content-15819\" data-postid=\"15819\" class=\"themify_builder_content themify_builder_content-15819 themify_builder themify_builder_front\">\n\t<\/div>\n<!-- \/themify_builder_content -->","protected":false},"excerpt":{"rendered":"<p>A igreja S\u00e3o Miguel Arcanjo d\u00e1 continuidade \u00e0 campanha de solidariedade \u00e0s v\u00edtimas da fome na \u00c1frica. No domingo, 11\/09, foram distribu\u00eddos mais cofrinhos para as crian\u00e7as arrecadarem moedas que ser\u00e3o entregues \u00e0 C\u00e1ritas &#8211; veja nos avisos da semana: httpv:\/\/www.youtube.com\/watch?v=O5ONocpOJpo<\/p>\n","protected":false},"author":5,"featured_media":0,"comment_status":"open","ping_status":"open","sticky":false,"template":"","format":"standard","meta":{"ngg_post_thumbnail":0,"footnotes":""},"categories":[476,8],"tags":[1636,2046,125,393,38,1937,1938,88],"yoast_head":"<!-- This site is optimized with the Yoast SEO plugin v23.5 - https:\/\/yoast.com\/wordpress\/plugins\/seo\/ -->\n<title>Campanha em solidariedade \u00e0s crian\u00e7as da \u00c1frica - O Arcanjo no ar<\/title>\n<meta name=\"robots\" content=\"index, follow, max-snippet:-1, max-image-preview:large, max-video-preview:-1\" \/>\n<link rel=\"canonical\" href=\"https:\/\/www.oarcanjo.net\/site\/campanha-em-solidariedade-as-criancas-da-africa\/\" \/>\n<meta property=\"og:locale\" content=\"pt_BR\" \/>\n<meta property=\"og:type\" content=\"article\" \/>\n<meta property=\"og:title\" content=\"Campanha em solidariedade \u00e0s crian\u00e7as da \u00c1frica - O Arcanjo no ar\" \/>\n<meta property=\"og:description\" content=\"A igreja S\u00e3o Miguel Arcanjo d\u00e1 continuidade \u00e0 campanha de solidariedade \u00e0s v\u00edtimas da fome na \u00c1frica. No domingo, 11\/09, foram distribu\u00eddos mais cofrinhos para as crian\u00e7as arrecadarem moedas que ser\u00e3o entregues \u00e0 C\u00e1ritas &#8211; veja nos avisos da semana: httpv:\/\/www.youtube.com\/watch?v=O5ONocpOJpo\" \/>\n<meta property=\"og:url\" content=\"https:\/\/www.oarcanjo.net\/site\/campanha-em-solidariedade-as-criancas-da-africa\/\" \/>\n<meta property=\"og:site_name\" content=\"O Arcanjo no ar\" \/>\n<meta property=\"article:publisher\" content=\"https:\/\/www.facebook.com\/OArcanjoNoAr\/\" \/>\n<meta property=\"article:published_time\" content=\"2011-09-12T11:02:12+00:00\" \/>\n<meta property=\"og:image\" content=\"https:\/\/www.oarcanjo.net\/site\/wp-content\/uploads\/logo-o-arcanjo-no-ar-facebook.png\" \/>\n\t<meta property=\"og:image:width\" content=\"300\" \/>\n\t<meta property=\"og:image:height\" content=\"300\" \/>\n\t<meta property=\"og:image:type\" content=\"image\/png\" \/>\n<meta name=\"author\" content=\"editor\" \/>\n<meta name=\"twitter:card\" content=\"summary_large_image\" \/>\n<meta name=\"twitter:label1\" content=\"Escrito por\" \/>\n\t<meta name=\"twitter:data1\" content=\"editor\" \/>\n<script type=\"application\/ld+json\" class=\"yoast-schema-graph\">{\"@context\":\"https:\/\/schema.org\",\"@graph\":[{\"@type\":\"Article\",\"@id\":\"https:\/\/www.oarcanjo.net\/site\/campanha-em-solidariedade-as-criancas-da-africa\/#article\",\"isPartOf\":{\"@id\":\"https:\/\/www.oarcanjo.net\/site\/campanha-em-solidariedade-as-criancas-da-africa\/\"},\"author\":{\"name\":\"editor\",\"@id\":\"https:\/\/www.oarcanjo.net\/site\/#\/schema\/person\/f7024d007863202483a31326673a0838\"},\"headline\":\"Campanha em solidariedade \u00e0s crian\u00e7as da \u00c1frica\",\"datePublished\":\"2011-09-12T11:02:12+00:00\",\"dateModified\":\"2011-09-12T11:02:12+00:00\",\"mainEntityOfPage\":{\"@id\":\"https:\/\/www.oarcanjo.net\/site\/campanha-em-solidariedade-as-criancas-da-africa\/\"},\"wordCount\":59,\"commentCount\":0,\"publisher\":{\"@id\":\"https:\/\/www.oarcanjo.net\/site\/#organization\"},\"keywords\":[\"\u00c1frica\",\"Bote F\u00e9\",\"crian\u00e7as\",\"Dom Luciano Mendes de Almeida\",\"fome\",\"JMJ\",\"Jornada Mundial da Juventude\",\"solidariedade\"],\"articleSection\":[\"Avisos\",\"Not\u00edcias\"],\"inLanguage\":\"pt-BR\",\"potentialAction\":[{\"@type\":\"CommentAction\",\"name\":\"Comment\",\"target\":[\"https:\/\/www.oarcanjo.net\/site\/campanha-em-solidariedade-as-criancas-da-africa\/#respond\"]}]},{\"@type\":\"WebPage\",\"@id\":\"https:\/\/www.oarcanjo.net\/site\/campanha-em-solidariedade-as-criancas-da-africa\/\",\"url\":\"https:\/\/www.oarcanjo.net\/site\/campanha-em-solidariedade-as-criancas-da-africa\/\",\"name\":\"Campanha em solidariedade \u00e0s crian\u00e7as da \u00c1frica - O Arcanjo no ar\",\"isPartOf\":{\"@id\":\"https:\/\/www.oarcanjo.net\/site\/#website\"},\"datePublished\":\"2011-09-12T11:02:12+00:00\",\"dateModified\":\"2011-09-12T11:02:12+00:00\",\"breadcrumb\":{\"@id\":\"https:\/\/www.oarcanjo.net\/site\/campanha-em-solidariedade-as-criancas-da-africa\/#breadcrumb\"},\"inLanguage\":\"pt-BR\",\"potentialAction\":[{\"@type\":\"ReadAction\",\"target\":[\"https:\/\/www.oarcanjo.net\/site\/campanha-em-solidariedade-as-criancas-da-africa\/\"]}]},{\"@type\":\"BreadcrumbList\",\"@id\":\"https:\/\/www.oarcanjo.net\/site\/campanha-em-solidariedade-as-criancas-da-africa\/#breadcrumb\",\"itemListElement\":[{\"@type\":\"ListItem\",\"position\":1,\"name\":\"In\u00edcio\",\"item\":\"https:\/\/www.oarcanjo.net\/site\/\"},{\"@type\":\"ListItem\",\"position\":2,\"name\":\"Campanha em solidariedade \u00e0s crian\u00e7as da \u00c1frica\"}]},{\"@type\":\"WebSite\",\"@id\":\"https:\/\/www.oarcanjo.net\/site\/#website\",\"url\":\"https:\/\/www.oarcanjo.net\/site\/\",\"name\":\"O Arcanjo no ar\",\"description\":\"Site da Par\u00f3quia S\u00e3o Miguel Arcanjo (Arquidiocese de SP)\",\"publisher\":{\"@id\":\"https:\/\/www.oarcanjo.net\/site\/#organization\"},\"potentialAction\":[{\"@type\":\"SearchAction\",\"target\":{\"@type\":\"EntryPoint\",\"urlTemplate\":\"https:\/\/www.oarcanjo.net\/site\/?s={search_term_string}\"},\"query-input\":{\"@type\":\"PropertyValueSpecification\",\"valueRequired\":true,\"valueName\":\"search_term_string\"}}],\"inLanguage\":\"pt-BR\"},{\"@type\":\"Organization\",\"@id\":\"https:\/\/www.oarcanjo.net\/site\/#organization\",\"name\":\"Par\u00f3quia S\u00e3o Miguel Arcanjo\",\"url\":\"https:\/\/www.oarcanjo.net\/site\/\",\"logo\":{\"@type\":\"ImageObject\",\"inLanguage\":\"pt-BR\",\"@id\":\"https:\/\/www.oarcanjo.net\/site\/#\/schema\/logo\/image\/\",\"url\":\"https:\/\/www.oarcanjo.net\/site\/wp-content\/uploads\/LogoOArcanjo.png\",\"contentUrl\":\"https:\/\/www.oarcanjo.net\/site\/wp-content\/uploads\/LogoOArcanjo.png\",\"width\":319,\"height\":99,\"caption\":\"Par\u00f3quia S\u00e3o Miguel Arcanjo\"},\"image\":{\"@id\":\"https:\/\/www.oarcanjo.net\/site\/#\/schema\/logo\/image\/\"},\"sameAs\":[\"https:\/\/www.facebook.com\/OArcanjoNoAr\/\"]},{\"@type\":\"Person\",\"@id\":\"https:\/\/www.oarcanjo.net\/site\/#\/schema\/person\/f7024d007863202483a31326673a0838\",\"name\":\"editor\",\"sameAs\":[\"http:\/\/www.oarcanjo.net\"]}]}<\/script>\n<!-- \/ Yoast SEO plugin. -->","yoast_head_json":{"title":"Campanha em solidariedade \u00e0s crian\u00e7as da \u00c1frica - O Arcanjo no ar","robots":{"index":"index","follow":"follow","max-snippet":"max-snippet:-1","max-image-preview":"max-image-preview:large","max-video-preview":"max-video-preview:-1"},"canonical":"https:\/\/www.oarcanjo.net\/site\/campanha-em-solidariedade-as-criancas-da-africa\/","og_locale":"pt_BR","og_type":"article","og_title":"Campanha em solidariedade \u00e0s crian\u00e7as da \u00c1frica - O Arcanjo no ar","og_description":"A igreja S\u00e3o Miguel Arcanjo d\u00e1 continuidade \u00e0 campanha de solidariedade \u00e0s v\u00edtimas da fome na \u00c1frica. No domingo, 11\/09, foram distribu\u00eddos mais cofrinhos para as crian\u00e7as arrecadarem moedas que ser\u00e3o entregues \u00e0 C\u00e1ritas &#8211; veja nos avisos da semana: httpv:\/\/www.youtube.com\/watch?v=O5ONocpOJpo","og_url":"https:\/\/www.oarcanjo.net\/site\/campanha-em-solidariedade-as-criancas-da-africa\/","og_site_name":"O Arcanjo no ar","article_publisher":"https:\/\/www.facebook.com\/OArcanjoNoAr\/","article_published_time":"2011-09-12T11:02:12+00:00","og_image":[{"width":300,"height":300,"url":"https:\/\/www.oarcanjo.net\/site\/wp-content\/uploads\/logo-o-arcanjo-no-ar-facebook.png","type":"image\/png"}],"author":"editor","twitter_card":"summary_large_image","twitter_misc":{"Escrito por":"editor"},"schema":{"@context":"https:\/\/schema.org","@graph":[{"@type":"Article","@id":"https:\/\/www.oarcanjo.net\/site\/campanha-em-solidariedade-as-criancas-da-africa\/#article","isPartOf":{"@id":"https:\/\/www.oarcanjo.net\/site\/campanha-em-solidariedade-as-criancas-da-africa\/"},"author":{"name":"editor","@id":"https:\/\/www.oarcanjo.net\/site\/#\/schema\/person\/f7024d007863202483a31326673a0838"},"headline":"Campanha em solidariedade \u00e0s crian\u00e7as da \u00c1frica","datePublished":"2011-09-12T11:02:12+00:00","dateModified":"2011-09-12T11:02:12+00:00","mainEntityOfPage":{"@id":"https:\/\/www.oarcanjo.net\/site\/campanha-em-solidariedade-as-criancas-da-africa\/"},"wordCount":59,"commentCount":0,"publisher":{"@id":"https:\/\/www.oarcanjo.net\/site\/#organization"},"keywords":["\u00c1frica","Bote F\u00e9","crian\u00e7as","Dom Luciano Mendes de Almeida","fome","JMJ","Jornada Mundial da Juventude","solidariedade"],"articleSection":["Avisos","Not\u00edcias"],"inLanguage":"pt-BR","potentialAction":[{"@type":"CommentAction","name":"Comment","target":["https:\/\/www.oarcanjo.net\/site\/campanha-em-solidariedade-as-criancas-da-africa\/#respond"]}]},{"@type":"WebPage","@id":"https:\/\/www.oarcanjo.net\/site\/campanha-em-solidariedade-as-criancas-da-africa\/","url":"https:\/\/www.oarcanjo.net\/site\/campanha-em-solidariedade-as-criancas-da-africa\/","name":"Campanha em solidariedade \u00e0s crian\u00e7as da \u00c1frica - O Arcanjo no ar","isPartOf":{"@id":"https:\/\/www.oarcanjo.net\/site\/#website"},"datePublished":"2011-09-12T11:02:12+00:00","dateModified":"2011-09-12T11:02:12+00:00","breadcrumb":{"@id":"https:\/\/www.oarcanjo.net\/site\/campanha-em-solidariedade-as-criancas-da-africa\/#breadcrumb"},"inLanguage":"pt-BR","potentialAction":[{"@type":"ReadAction","target":["https:\/\/www.oarcanjo.net\/site\/campanha-em-solidariedade-as-criancas-da-africa\/"]}]},{"@type":"BreadcrumbList","@id":"https:\/\/www.oarcanjo.net\/site\/campanha-em-solidariedade-as-criancas-da-africa\/#breadcrumb","itemListElement":[{"@type":"ListItem","position":1,"name":"In\u00edcio","item":"https:\/\/www.oarcanjo.net\/site\/"},{"@type":"ListItem","position":2,"name":"Campanha em solidariedade \u00e0s crian\u00e7as da \u00c1frica"}]},{"@type":"WebSite","@id":"https:\/\/www.oarcanjo.net\/site\/#website","url":"https:\/\/www.oarcanjo.net\/site\/","name":"O Arcanjo no ar","description":"Site da Par\u00f3quia S\u00e3o Miguel Arcanjo (Arquidiocese de SP)","publisher":{"@id":"https:\/\/www.oarcanjo.net\/site\/#organization"},"potentialAction":[{"@type":"SearchAction","target":{"@type":"EntryPoint","urlTemplate":"https:\/\/www.oarcanjo.net\/site\/?s={search_term_string}"},"query-input":{"@type":"PropertyValueSpecification","valueRequired":true,"valueName":"search_term_string"}}],"inLanguage":"pt-BR"},{"@type":"Organization","@id":"https:\/\/www.oarcanjo.net\/site\/#organization","name":"Par\u00f3quia S\u00e3o Miguel Arcanjo","url":"https:\/\/www.oarcanjo.net\/site\/","logo":{"@type":"ImageObject","inLanguage":"pt-BR","@id":"https:\/\/www.oarcanjo.net\/site\/#\/schema\/logo\/image\/","url":"https:\/\/www.oarcanjo.net\/site\/wp-content\/uploads\/LogoOArcanjo.png","contentUrl":"https:\/\/www.oarcanjo.net\/site\/wp-content\/uploads\/LogoOArcanjo.png","width":319,"height":99,"caption":"Par\u00f3quia S\u00e3o Miguel Arcanjo"},"image":{"@id":"https:\/\/www.oarcanjo.net\/site\/#\/schema\/logo\/image\/"},"sameAs":["https:\/\/www.facebook.com\/OArcanjoNoAr\/"]},{"@type":"Person","@id":"https:\/\/www.oarcanjo.net\/site\/#\/schema\/person\/f7024d007863202483a31326673a0838","name":"editor","sameAs":["http:\/\/www.oarcanjo.net"]}]}},"publishpress_future_action":{"enabled":false,"date":"2026-05-09 10:25:14","action":"category","newStatus":"draft","terms":[],"taxonomy":"category"},"publishpress_future_workflow_manual_trigger":{"enabledWorkflows":[]},"_links":{"self":[{"href":"https:\/\/www.oarcanjo.net\/site\/wp-json\/wp\/v2\/posts\/15819"}],"collection":[{"href":"https:\/\/www.oarcanjo.net\/site\/wp-json\/wp\/v2\/posts"}],"about":[{"href":"https:\/\/www.oarcanjo.net\/site\/wp-json\/wp\/v2\/types\/post"}],"author":[{"embeddable":true,"href":"https:\/\/www.oarcanjo.net\/site\/wp-json\/wp\/v2\/users\/5"}],"replies":[{"embeddable":true,"href":"https:\/\/www.oarcanjo.net\/site\/wp-json\/wp\/v2\/comments?post=15819"}],"version-history":[{"count":0,"href":"https:\/\/www.oarcanjo.net\/site\/wp-json\/wp\/v2\/posts\/15819\/revisions"}],"wp:attachment":[{"href":"https:\/\/www.oarcanjo.net\/site\/wp-json\/wp\/v2\/media?parent=15819"}],"wp:term":[{"taxonomy":"category","embeddable":true,"href":"https:\/\/www.oarcanjo.net\/site\/wp-json\/wp\/v2\/categories?post=15819"},{"taxonomy":"post_tag","embeddable":true,"href":"https:\/\/www.oarcanjo.net\/site\/wp-json\/wp\/v2\/tags?post=15819"}],"curies":[{"name":"wp","href":"https:\/\/api.w.org\/{rel}","templated":true}]}}