
{"id":1584,"date":"2009-01-25T12:31:13","date_gmt":"2009-01-25T14:31:13","guid":{"rendered":"http:\/\/www.oarcanjo.net\/site\/?p=1584"},"modified":"2009-02-08T15:24:14","modified_gmt":"2009-02-08T17:24:14","slug":"arquidiocese-lanca-10-plano-de-pastoral","status":"publish","type":"post","link":"https:\/\/www.oarcanjo.net\/site\/arquidiocese-lanca-10-plano-de-pastoral\/","title":{"rendered":"Arquidiocese lan\u00e7a 10\u00ba Plano de Pastoral"},"content":{"rendered":"<p><img loading=\"lazy\" decoding=\"async\" src=\"http:\/\/www.oarcanjo.net\/site\/wp-content\/uploads\/selo10plano.jpg\" alt=\"\" title=\"10\u00ba Plano de Pastoral Arquidiocese de S\u00e3o Paulo\" width=\"340\" height=\"112\" class=\"aligncenter size-full wp-image-1590\" srcset=\"https:\/\/www.oarcanjo.net\/site\/wp-content\/uploads\/selo10plano.jpg 340w, https:\/\/www.oarcanjo.net\/site\/wp-content\/uploads\/selo10plano-300x98.jpg 300w\" sizes=\"(max-width: 340px) 100vw, 340px\" \/><\/p>\n<p>Neste 25 de janeiro, dia da convers\u00e3o de Paulo, anivers\u00e1rio de 455 anos da capital paulista, a Arquidiocese de S\u00e3o Paulo lan\u00e7a o 10\u00ba Plano de Pastoral, que convoca os crist\u00e3os a serem &#8220;disc\u00edpulos mission\u00e1rios na cidade&#8221;.<\/p>\n<p>O novo Plano valer\u00e1 de 2009 a 2012 e lembra que a Igreja deve ser fiel \u00e0 miss\u00e3o que recebeu de Jesus em tr\u00eas \u00e2mbitos:<\/p>\n<p>* <strong>Pastoral <\/strong>&#8211; servir a Deus, especialmente nos pobres e sofredores<br \/>\n* <strong>Prof\u00e9tico <\/strong>&#8211; anunciar a Palavra de Deus e formar novos disc\u00edpulos mission\u00e1rios<br \/>\n* <strong>Sacerdotal <\/strong>&#8211; celebrar e santificar a vida das pessoas na comunidade e na cidade<\/p>\n<p>Para D. Odilo Scherer, cardeal arcebispo de S\u00e3o Paulo, &#8220;o 10\u00ba Plano \u00e9 uma tentativa de resposta aos apelos de Deus vindos atrav\u00e9s de diversas vozes: da cidade de S\u00e3o Paulo, com suas riquezas e suas mis\u00e9rias, que nos desafia a sermos corajosos disc\u00edpulos de Cristo e a darmos nesta metr\u00f3pole um testemunho renovado e vigoroso do Evangelho; da situa\u00e7\u00e3o de nossas comunidades eclesiais, muitas vezes cansadas e desmotivadas, que precisam recobrar coragem e rumo, olhando para Cristo. Vozes da Igreja, nas orienta\u00e7\u00f5es da Confer\u00eancia de Aparecida, que nos pede para sermos uma Igreja verdadeiramente disc\u00edpula de Jesus Cristo, em estado permanente de miss\u00e3o; das Diretrizes Gerais da A\u00e7\u00e3o Evangelizadora da Igreja no Brasil (2008-2010), aprovadas pela CNBB; do Magist\u00e9rio, especialmente dos Documentos Pontif\u00edcios mais recentes; do Ano Paulino e do fato de termos, agora, como Patrono o Ap\u00f3stolo S. Paulo.&#8221;<\/p>\n<p>O cardeal conclui: &#8220;o Plano nos estimula a sermos uma Igreja em estado permanente de miss\u00e3o na realidade urbana de S\u00e3o Paulo, onde h\u00e1 grandes desafios e problemas, mas tamb\u00e9m oportunidades extraordin\u00e1rias para a a\u00e7\u00e3o evangelizadora. Este \u00e9 o lugar de nossa miss\u00e3o! Deus habita esta cidade e ama seu povo! Somos enviados por Deus a esta metr\u00f3pole para testemunharmos isso, de muitas formas, com alegria e esperan\u00e7a.<\/p>\n<p><em>(Leia tamb\u00e9m: <a href=\"\/site\/index.php\/santos\/setor-belem-reflete-10-plano-de-pastoral\/\">Setor Bel\u00e9m reflete 10\u00ba Plano de Pastoral<\/a>)<\/em><\/p>\n<p>Clique <a href=\"\/site\/wp-content\/uploads\/10-Plano-de-Pastoral-Arquidiocese-de-S\u00e3o-Paulo.pdf\" target=\"_blank\">aqui<\/a> para copiar a \u00edntegra do <a href=\"\/site\/wp-content\/uploads\/10-Plano-de-Pastoral-Arquidiocese-de-S\u00e3o-Paulo.pdf\" target=\"_blank\">10\u00ba Plano de Pastoral<\/a> para o seu computador (arquivo no formato PDF)<\/p>\n<p>Assista abaixo ao programa &#8220;Palavra do Cardeal&#8221; sobre este 25 de janeiro de 2009:<\/p>\n<p><video style=\"width: 100%; height: auto; aspect-ratio: 480\/334; border: none; overflow: hidden;\" controls>\n                <source src=\"http:\/\/www.arquidiocesedesaopaulo.org.br\/video\/palavra_do_cardeal_dom_odilo_2009_janeiro_25.wmv\" type=\"video\/x-ms-wmv\">\n                <source src=\"http:\/\/www.arquidiocesedesaopaulo.org.br\/video\/palavra_do_cardeal_dom_odilo_2009_janeiro_25.wmv\" type=\"video\/wmv\">\n                Your browser does not support the video tag.\n            <\/video><\/p>\n<div id=\"themify_builder_content-1584\" data-postid=\"1584\" class=\"themify_builder_content themify_builder_content-1584 themify_builder themify_builder_front\">\n\t<\/div>\n<!-- \/themify_builder_content -->","protected":false},"excerpt":{"rendered":"<p>Neste 25 de janeiro, dia da convers\u00e3o de Paulo, anivers\u00e1rio de 455 anos da capital paulista, a Arquidiocese de S\u00e3o Paulo lan\u00e7a o 10\u00ba Plano de Pastoral, que convoca os crist\u00e3os a serem &#8220;disc\u00edpulos mission\u00e1rios na cidade&#8221;. O novo Plano valer\u00e1 de 2009 a 2012 e lembra que a Igreja deve ser fiel \u00e0 miss\u00e3o [&hellip;]<\/p>\n","protected":false},"author":2,"featured_media":0,"comment_status":"open","ping_status":"open","sticky":false,"template":"","format":"standard","meta":{"ngg_post_thumbnail":0,"footnotes":""},"categories":[8],"tags":[204,205,11],"yoast_head":"<!-- This site is optimized with the Yoast SEO plugin v23.5 - https:\/\/yoast.com\/wordpress\/plugins\/seo\/ -->\n<title>Arquidiocese lan\u00e7a 10\u00ba Plano de Pastoral - O Arcanjo no ar<\/title>\n<meta name=\"robots\" content=\"index, follow, max-snippet:-1, max-image-preview:large, max-video-preview:-1\" \/>\n<link rel=\"canonical\" href=\"https:\/\/www.oarcanjo.net\/site\/arquidiocese-lanca-10-plano-de-pastoral\/\" \/>\n<meta property=\"og:locale\" content=\"pt_BR\" \/>\n<meta property=\"og:type\" content=\"article\" \/>\n<meta property=\"og:title\" content=\"Arquidiocese lan\u00e7a 10\u00ba Plano de Pastoral - O Arcanjo no ar\" \/>\n<meta property=\"og:description\" content=\"Neste 25 de janeiro, dia da convers\u00e3o de Paulo, anivers\u00e1rio de 455 anos da capital paulista, a Arquidiocese de S\u00e3o Paulo lan\u00e7a o 10\u00ba Plano de Pastoral, que convoca os crist\u00e3os a serem &#8220;disc\u00edpulos mission\u00e1rios na cidade&#8221;. O novo Plano valer\u00e1 de 2009 a 2012 e lembra que a Igreja deve ser fiel \u00e0 miss\u00e3o [&hellip;]\" \/>\n<meta property=\"og:url\" content=\"https:\/\/www.oarcanjo.net\/site\/arquidiocese-lanca-10-plano-de-pastoral\/\" \/>\n<meta property=\"og:site_name\" content=\"O Arcanjo no ar\" \/>\n<meta property=\"article:publisher\" content=\"https:\/\/www.facebook.com\/OArcanjoNoAr\/\" \/>\n<meta property=\"article:published_time\" content=\"2009-01-25T14:31:13+00:00\" \/>\n<meta property=\"article:modified_time\" content=\"2009-02-08T17:24:14+00:00\" \/>\n<meta property=\"og:image\" content=\"http:\/\/www.oarcanjo.net\/site\/wp-content\/uploads\/selo10plano.jpg\" \/>\n<meta name=\"author\" content=\"rubens.meyer\" \/>\n<meta name=\"twitter:card\" content=\"summary_large_image\" \/>\n<meta name=\"twitter:label1\" content=\"Escrito por\" \/>\n\t<meta name=\"twitter:data1\" content=\"rubens.meyer\" \/>\n\t<meta name=\"twitter:label2\" content=\"Est. tempo de leitura\" \/>\n\t<meta name=\"twitter:data2\" content=\"2 minutos\" \/>\n<script type=\"application\/ld+json\" class=\"yoast-schema-graph\">{\"@context\":\"https:\/\/schema.org\",\"@graph\":[{\"@type\":\"Article\",\"@id\":\"https:\/\/www.oarcanjo.net\/site\/arquidiocese-lanca-10-plano-de-pastoral\/#article\",\"isPartOf\":{\"@id\":\"https:\/\/www.oarcanjo.net\/site\/arquidiocese-lanca-10-plano-de-pastoral\/\"},\"author\":{\"name\":\"rubens.meyer\",\"@id\":\"https:\/\/www.oarcanjo.net\/site\/#\/schema\/person\/8f702af457b0cfb4ac1a7228ee23f026\"},\"headline\":\"Arquidiocese lan\u00e7a 10\u00ba Plano de Pastoral\",\"datePublished\":\"2009-01-25T14:31:13+00:00\",\"dateModified\":\"2009-02-08T17:24:14+00:00\",\"mainEntityOfPage\":{\"@id\":\"https:\/\/www.oarcanjo.net\/site\/arquidiocese-lanca-10-plano-de-pastoral\/\"},\"wordCount\":394,\"commentCount\":0,\"publisher\":{\"@id\":\"https:\/\/www.oarcanjo.net\/site\/#organization\"},\"image\":{\"@id\":\"https:\/\/www.oarcanjo.net\/site\/arquidiocese-lanca-10-plano-de-pastoral\/#primaryimage\"},\"thumbnailUrl\":\"http:\/\/www.oarcanjo.net\/site\/wp-content\/uploads\/selo10plano.jpg\",\"keywords\":[\"Arquidiocese\",\"Plano de Pastoral\",\"S\u00e3o Paulo\"],\"articleSection\":[\"Not\u00edcias\"],\"inLanguage\":\"pt-BR\",\"potentialAction\":[{\"@type\":\"CommentAction\",\"name\":\"Comment\",\"target\":[\"https:\/\/www.oarcanjo.net\/site\/arquidiocese-lanca-10-plano-de-pastoral\/#respond\"]}]},{\"@type\":\"WebPage\",\"@id\":\"https:\/\/www.oarcanjo.net\/site\/arquidiocese-lanca-10-plano-de-pastoral\/\",\"url\":\"https:\/\/www.oarcanjo.net\/site\/arquidiocese-lanca-10-plano-de-pastoral\/\",\"name\":\"Arquidiocese lan\u00e7a 10\u00ba Plano de Pastoral - O Arcanjo no ar\",\"isPartOf\":{\"@id\":\"https:\/\/www.oarcanjo.net\/site\/#website\"},\"primaryImageOfPage\":{\"@id\":\"https:\/\/www.oarcanjo.net\/site\/arquidiocese-lanca-10-plano-de-pastoral\/#primaryimage\"},\"image\":{\"@id\":\"https:\/\/www.oarcanjo.net\/site\/arquidiocese-lanca-10-plano-de-pastoral\/#primaryimage\"},\"thumbnailUrl\":\"http:\/\/www.oarcanjo.net\/site\/wp-content\/uploads\/selo10plano.jpg\",\"datePublished\":\"2009-01-25T14:31:13+00:00\",\"dateModified\":\"2009-02-08T17:24:14+00:00\",\"breadcrumb\":{\"@id\":\"https:\/\/www.oarcanjo.net\/site\/arquidiocese-lanca-10-plano-de-pastoral\/#breadcrumb\"},\"inLanguage\":\"pt-BR\",\"potentialAction\":[{\"@type\":\"ReadAction\",\"target\":[\"https:\/\/www.oarcanjo.net\/site\/arquidiocese-lanca-10-plano-de-pastoral\/\"]}]},{\"@type\":\"ImageObject\",\"inLanguage\":\"pt-BR\",\"@id\":\"https:\/\/www.oarcanjo.net\/site\/arquidiocese-lanca-10-plano-de-pastoral\/#primaryimage\",\"url\":\"https:\/\/www.oarcanjo.net\/site\/wp-content\/uploads\/selo10plano.jpg\",\"contentUrl\":\"https:\/\/www.oarcanjo.net\/site\/wp-content\/uploads\/selo10plano.jpg\",\"width\":340,\"height\":112},{\"@type\":\"BreadcrumbList\",\"@id\":\"https:\/\/www.oarcanjo.net\/site\/arquidiocese-lanca-10-plano-de-pastoral\/#breadcrumb\",\"itemListElement\":[{\"@type\":\"ListItem\",\"position\":1,\"name\":\"In\u00edcio\",\"item\":\"https:\/\/www.oarcanjo.net\/site\/\"},{\"@type\":\"ListItem\",\"position\":2,\"name\":\"Arquidiocese lan\u00e7a 10\u00ba Plano de Pastoral\"}]},{\"@type\":\"WebSite\",\"@id\":\"https:\/\/www.oarcanjo.net\/site\/#website\",\"url\":\"https:\/\/www.oarcanjo.net\/site\/\",\"name\":\"O Arcanjo no ar\",\"description\":\"Site da Par\u00f3quia S\u00e3o Miguel Arcanjo (Arquidiocese de SP)\",\"publisher\":{\"@id\":\"https:\/\/www.oarcanjo.net\/site\/#organization\"},\"potentialAction\":[{\"@type\":\"SearchAction\",\"target\":{\"@type\":\"EntryPoint\",\"urlTemplate\":\"https:\/\/www.oarcanjo.net\/site\/?s={search_term_string}\"},\"query-input\":{\"@type\":\"PropertyValueSpecification\",\"valueRequired\":true,\"valueName\":\"search_term_string\"}}],\"inLanguage\":\"pt-BR\"},{\"@type\":\"Organization\",\"@id\":\"https:\/\/www.oarcanjo.net\/site\/#organization\",\"name\":\"Par\u00f3quia S\u00e3o Miguel Arcanjo\",\"url\":\"https:\/\/www.oarcanjo.net\/site\/\",\"logo\":{\"@type\":\"ImageObject\",\"inLanguage\":\"pt-BR\",\"@id\":\"https:\/\/www.oarcanjo.net\/site\/#\/schema\/logo\/image\/\",\"url\":\"https:\/\/www.oarcanjo.net\/site\/wp-content\/uploads\/LogoOArcanjo.png\",\"contentUrl\":\"https:\/\/www.oarcanjo.net\/site\/wp-content\/uploads\/LogoOArcanjo.png\",\"width\":319,\"height\":99,\"caption\":\"Par\u00f3quia S\u00e3o Miguel Arcanjo\"},\"image\":{\"@id\":\"https:\/\/www.oarcanjo.net\/site\/#\/schema\/logo\/image\/\"},\"sameAs\":[\"https:\/\/www.facebook.com\/OArcanjoNoAr\/\"]},{\"@type\":\"Person\",\"@id\":\"https:\/\/www.oarcanjo.net\/site\/#\/schema\/person\/8f702af457b0cfb4ac1a7228ee23f026\",\"name\":\"rubens.meyer\"}]}<\/script>\n<!-- \/ Yoast SEO plugin. -->","yoast_head_json":{"title":"Arquidiocese lan\u00e7a 10\u00ba Plano de Pastoral - O Arcanjo no ar","robots":{"index":"index","follow":"follow","max-snippet":"max-snippet:-1","max-image-preview":"max-image-preview:large","max-video-preview":"max-video-preview:-1"},"canonical":"https:\/\/www.oarcanjo.net\/site\/arquidiocese-lanca-10-plano-de-pastoral\/","og_locale":"pt_BR","og_type":"article","og_title":"Arquidiocese lan\u00e7a 10\u00ba Plano de Pastoral - O Arcanjo no ar","og_description":"Neste 25 de janeiro, dia da convers\u00e3o de Paulo, anivers\u00e1rio de 455 anos da capital paulista, a Arquidiocese de S\u00e3o Paulo lan\u00e7a o 10\u00ba Plano de Pastoral, que convoca os crist\u00e3os a serem &#8220;disc\u00edpulos mission\u00e1rios na cidade&#8221;. O novo Plano valer\u00e1 de 2009 a 2012 e lembra que a Igreja deve ser fiel \u00e0 miss\u00e3o [&hellip;]","og_url":"https:\/\/www.oarcanjo.net\/site\/arquidiocese-lanca-10-plano-de-pastoral\/","og_site_name":"O Arcanjo no ar","article_publisher":"https:\/\/www.facebook.com\/OArcanjoNoAr\/","article_published_time":"2009-01-25T14:31:13+00:00","article_modified_time":"2009-02-08T17:24:14+00:00","og_image":[{"url":"http:\/\/www.oarcanjo.net\/site\/wp-content\/uploads\/selo10plano.jpg"}],"author":"rubens.meyer","twitter_card":"summary_large_image","twitter_misc":{"Escrito por":"rubens.meyer","Est. tempo de leitura":"2 minutos"},"schema":{"@context":"https:\/\/schema.org","@graph":[{"@type":"Article","@id":"https:\/\/www.oarcanjo.net\/site\/arquidiocese-lanca-10-plano-de-pastoral\/#article","isPartOf":{"@id":"https:\/\/www.oarcanjo.net\/site\/arquidiocese-lanca-10-plano-de-pastoral\/"},"author":{"name":"rubens.meyer","@id":"https:\/\/www.oarcanjo.net\/site\/#\/schema\/person\/8f702af457b0cfb4ac1a7228ee23f026"},"headline":"Arquidiocese lan\u00e7a 10\u00ba Plano de Pastoral","datePublished":"2009-01-25T14:31:13+00:00","dateModified":"2009-02-08T17:24:14+00:00","mainEntityOfPage":{"@id":"https:\/\/www.oarcanjo.net\/site\/arquidiocese-lanca-10-plano-de-pastoral\/"},"wordCount":394,"commentCount":0,"publisher":{"@id":"https:\/\/www.oarcanjo.net\/site\/#organization"},"image":{"@id":"https:\/\/www.oarcanjo.net\/site\/arquidiocese-lanca-10-plano-de-pastoral\/#primaryimage"},"thumbnailUrl":"http:\/\/www.oarcanjo.net\/site\/wp-content\/uploads\/selo10plano.jpg","keywords":["Arquidiocese","Plano de Pastoral","S\u00e3o Paulo"],"articleSection":["Not\u00edcias"],"inLanguage":"pt-BR","potentialAction":[{"@type":"CommentAction","name":"Comment","target":["https:\/\/www.oarcanjo.net\/site\/arquidiocese-lanca-10-plano-de-pastoral\/#respond"]}]},{"@type":"WebPage","@id":"https:\/\/www.oarcanjo.net\/site\/arquidiocese-lanca-10-plano-de-pastoral\/","url":"https:\/\/www.oarcanjo.net\/site\/arquidiocese-lanca-10-plano-de-pastoral\/","name":"Arquidiocese lan\u00e7a 10\u00ba Plano de Pastoral - O Arcanjo no ar","isPartOf":{"@id":"https:\/\/www.oarcanjo.net\/site\/#website"},"primaryImageOfPage":{"@id":"https:\/\/www.oarcanjo.net\/site\/arquidiocese-lanca-10-plano-de-pastoral\/#primaryimage"},"image":{"@id":"https:\/\/www.oarcanjo.net\/site\/arquidiocese-lanca-10-plano-de-pastoral\/#primaryimage"},"thumbnailUrl":"http:\/\/www.oarcanjo.net\/site\/wp-content\/uploads\/selo10plano.jpg","datePublished":"2009-01-25T14:31:13+00:00","dateModified":"2009-02-08T17:24:14+00:00","breadcrumb":{"@id":"https:\/\/www.oarcanjo.net\/site\/arquidiocese-lanca-10-plano-de-pastoral\/#breadcrumb"},"inLanguage":"pt-BR","potentialAction":[{"@type":"ReadAction","target":["https:\/\/www.oarcanjo.net\/site\/arquidiocese-lanca-10-plano-de-pastoral\/"]}]},{"@type":"ImageObject","inLanguage":"pt-BR","@id":"https:\/\/www.oarcanjo.net\/site\/arquidiocese-lanca-10-plano-de-pastoral\/#primaryimage","url":"https:\/\/www.oarcanjo.net\/site\/wp-content\/uploads\/selo10plano.jpg","contentUrl":"https:\/\/www.oarcanjo.net\/site\/wp-content\/uploads\/selo10plano.jpg","width":340,"height":112},{"@type":"BreadcrumbList","@id":"https:\/\/www.oarcanjo.net\/site\/arquidiocese-lanca-10-plano-de-pastoral\/#breadcrumb","itemListElement":[{"@type":"ListItem","position":1,"name":"In\u00edcio","item":"https:\/\/www.oarcanjo.net\/site\/"},{"@type":"ListItem","position":2,"name":"Arquidiocese lan\u00e7a 10\u00ba Plano de Pastoral"}]},{"@type":"WebSite","@id":"https:\/\/www.oarcanjo.net\/site\/#website","url":"https:\/\/www.oarcanjo.net\/site\/","name":"O Arcanjo no ar","description":"Site da Par\u00f3quia S\u00e3o Miguel Arcanjo (Arquidiocese de SP)","publisher":{"@id":"https:\/\/www.oarcanjo.net\/site\/#organization"},"potentialAction":[{"@type":"SearchAction","target":{"@type":"EntryPoint","urlTemplate":"https:\/\/www.oarcanjo.net\/site\/?s={search_term_string}"},"query-input":{"@type":"PropertyValueSpecification","valueRequired":true,"valueName":"search_term_string"}}],"inLanguage":"pt-BR"},{"@type":"Organization","@id":"https:\/\/www.oarcanjo.net\/site\/#organization","name":"Par\u00f3quia S\u00e3o Miguel Arcanjo","url":"https:\/\/www.oarcanjo.net\/site\/","logo":{"@type":"ImageObject","inLanguage":"pt-BR","@id":"https:\/\/www.oarcanjo.net\/site\/#\/schema\/logo\/image\/","url":"https:\/\/www.oarcanjo.net\/site\/wp-content\/uploads\/LogoOArcanjo.png","contentUrl":"https:\/\/www.oarcanjo.net\/site\/wp-content\/uploads\/LogoOArcanjo.png","width":319,"height":99,"caption":"Par\u00f3quia S\u00e3o Miguel Arcanjo"},"image":{"@id":"https:\/\/www.oarcanjo.net\/site\/#\/schema\/logo\/image\/"},"sameAs":["https:\/\/www.facebook.com\/OArcanjoNoAr\/"]},{"@type":"Person","@id":"https:\/\/www.oarcanjo.net\/site\/#\/schema\/person\/8f702af457b0cfb4ac1a7228ee23f026","name":"rubens.meyer"}]}},"publishpress_future_action":{"enabled":false,"date":"2026-05-08 18:06:32","action":"category","newStatus":"draft","terms":[],"taxonomy":"category"},"publishpress_future_workflow_manual_trigger":{"enabledWorkflows":[]},"_links":{"self":[{"href":"https:\/\/www.oarcanjo.net\/site\/wp-json\/wp\/v2\/posts\/1584"}],"collection":[{"href":"https:\/\/www.oarcanjo.net\/site\/wp-json\/wp\/v2\/posts"}],"about":[{"href":"https:\/\/www.oarcanjo.net\/site\/wp-json\/wp\/v2\/types\/post"}],"author":[{"embeddable":true,"href":"https:\/\/www.oarcanjo.net\/site\/wp-json\/wp\/v2\/users\/2"}],"replies":[{"embeddable":true,"href":"https:\/\/www.oarcanjo.net\/site\/wp-json\/wp\/v2\/comments?post=1584"}],"version-history":[{"count":0,"href":"https:\/\/www.oarcanjo.net\/site\/wp-json\/wp\/v2\/posts\/1584\/revisions"}],"wp:attachment":[{"href":"https:\/\/www.oarcanjo.net\/site\/wp-json\/wp\/v2\/media?parent=1584"}],"wp:term":[{"taxonomy":"category","embeddable":true,"href":"https:\/\/www.oarcanjo.net\/site\/wp-json\/wp\/v2\/categories?post=1584"},{"taxonomy":"post_tag","embeddable":true,"href":"https:\/\/www.oarcanjo.net\/site\/wp-json\/wp\/v2\/tags?post=1584"}],"curies":[{"name":"wp","href":"https:\/\/api.w.org\/{rel}","templated":true}]}}